{"id":192395,"date":"2026-02-02T19:32:24","date_gmt":"2026-02-02T22:32:24","guid":{"rendered":"https:\/\/portaltela.pt\/noticias\/2026\/02\/02\/vida-anterior-do-instrutor-joaquim-antes-da-carreira-militar-e-revelada\/"},"modified":"2026-02-02T19:32:24","modified_gmt":"2026-02-02T22:32:24","slug":"vida-anterior-do-instrutor-joaquim-antes-da-carreira-militar-e-revelada","status":"publish","type":"post","link":"https:\/\/portaltela.pt\/noticias\/2026\/02\/02\/vida-anterior-do-instrutor-joaquim-antes-da-carreira-militar-e-revelada\/","title":{"rendered":"Vida anterior do instrutor Joaquim antes da carreira militar \u00e9 revelada"},"content":{"rendered":"<p>O instrutor Joaquim, conhecido pela sua carreira militar e pela presen\u00e7a em eventos de defesa pessoal, tem uma hist\u00f3ria pouco conhecida que come\u00e7a antes da for\u00e7a armada. O retrato mostra uma vida marcada por determina\u00e7\u00e3o e supera\u00e7\u00e3o.<\/p>\n<p>Desde jovem, revelou interesse por atividades f\u00edsicas e esportes de combate, o que o levou a procurar uma forma\u00e7\u00e3o s\u00f3lida na \u00e1rea de defesa pessoal. A sua trajet\u00f3ria come\u00e7ou numa pequena cidade do interior, onde aprendeu a valorizar a disciplina e o esfor\u00e7o di\u00e1rio.<\/p>\n<p>Durante a juventude enfrentou dificuldades financeiras e precisou trabalhar para apoiar a fam\u00edlia. Esses epis\u00f3dios ajudaram a moldar a perseveran\u00e7a e a resili\u00eancia que hoje definem a sua pr\u00e1tica como instrutor.<\/p>\n<p>Antes de se tornar figura p\u00fablica, Joaquim tentou seguir uma carreira acad\u00e9mica, mas acabou por se dedicar \u00e0s artes marciais. Decidiu investir na forma\u00e7\u00e3o de novos talentos no \u00e2mbito da defesa pessoal, com foco na transmiss\u00e3o de t\u00e9cnicas e na orienta\u00e7\u00e3o de alunos.<\/p>\n<p>Hoje, o instrutor \u00e9 reconhecido pela dedica\u00e7\u00e3o e pelo impacto positivo que gera na vida de muitos praticantes. A sua hist\u00f3ria, marcada por obst\u00e1culos superados, serve de refer\u00eancia para quem procura transformar a vida atrav\u00e9s do esfor\u00e7o.<\/p>\n","protected":false},"excerpt":{"rendered":"<ul>\n<li>O instrutor Joaquim \u00e9 conhecido pela carreira militar e pela presen\u00e7a em eventos de defesa pessoal.<\/li>\n<li>Desde jovem, mostrou interesse por atividades f\u00edsicas e esportes de combate, buscando uma forma\u00e7\u00e3o mais estruturada na \u00e1rea de defesa pessoal.<\/li>\n<li>A trajet\u00f3ria come\u00e7ou numa pequena cidade do interior, onde aprendeu a valorizar a disciplina e o esfor\u00e7o constante.<\/li>\n<li>Durante a juventude enfrentou dificuldades financeiras e precisou trabalhar para sustentar a fam\u00edlia, aprendendo perseveran\u00e7a e resili\u00eancia.<\/li>\n<li>Antes de se tornar figura p\u00fablica, tentou seguir uma carreira acad\u00e9mica, mas escolheu dedicar-se \u00e0s artes marciais, formando novos talentos; hoje \u00e9 reconhecido pela dedica\u00e7\u00e3o e pelo impacto positivo na vida de muitas pessoas.<\/li>\n<\/ul>\n","protected":false},"author":2,"featured_media":192400,"comment_status":"closed","ping_status":"closed","sticky":false,"template":"","format":"standard","meta":{"footnotes":""},"categories":[1],"tags":[4646,70,152,163],"class_list":["post-192395","post","type-post","status-publish","format-standard","has-post-thumbnail","hentry","category-noticias","tag-a-academia-militar","tag-arte","tag-desporto","tag-educacao"],"yoast_head":"<!-- This site is optimized with the Yoast SEO plugin v27.2 - https:\/\/yoast.com\/product\/yoast-seo-wordpress\/ -->\n<title>Vida anterior do instrutor Joaquim antes da carreira militar \u00e9 revelada - Portal Tela Portugal<\/title>\n<meta name=\"robots\" content=\"index, follow, max-snippet:-1, max-image-preview:large, max-video-preview:-1\" \/>\n<meta property=\"og:locale\" content=\"pt_PT\" \/>\n<meta property=\"og:type\" content=\"article\" \/>\n<meta property=\"og:title\" content=\"Vida anterior do instrutor Joaquim antes da carreira militar \u00e9 revelada - Portal Tela Portugal\" \/>\n<meta property=\"og:description\" content=\"O instrutor Joaquim \u00e9 conhecido pela carreira militar e pela presen\u00e7a em eventos de defesa pessoal. Desde jovem, mostrou interesse por atividades f\u00edsicas e esportes de combate, buscando uma forma\u00e7\u00e3o mais estruturada na \u00e1rea de defesa pessoal. A trajet\u00f3ria come\u00e7ou numa pequena cidade do interior, onde aprendeu a valorizar a disciplina e o esfor\u00e7o constante. Durante a juventude enfrentou dificuldades financeiras e precisou trabalhar para sustentar a fam\u00edlia, aprendendo perseveran\u00e7a e resili\u00eancia. Antes de se tornar figura p\u00fablica, tentou seguir uma carreira acad\u00e9mica, mas escolheu dedicar-se \u00e0s artes marciais, formando novos talentos; hoje \u00e9 reconhecido pela dedica\u00e7\u00e3o e pelo impacto positivo na vida de muitas pessoas.\" \/>\n<meta property=\"og:url\" content=\"https:\/\/portaltela.pt\/noticias\/2026\/02\/02\/vida-anterior-do-instrutor-joaquim-antes-da-carreira-militar-e-revelada\/\" \/>\n<meta property=\"og:site_name\" content=\"Portal Tela Portugal\" \/>\n<meta property=\"article:published_time\" content=\"2026-02-02T22:32:24+00:00\" \/>\n<meta name=\"author\" content=\"Telinha\" \/>\n<meta name=\"twitter:card\" content=\"summary_large_image\" \/>\n<meta name=\"twitter:label1\" content=\"Escrito por\" \/>\n\t<meta name=\"twitter:data1\" content=\"Telinha\" \/>\n\t<meta name=\"twitter:label2\" content=\"Tempo estimado de leitura\" \/>\n\t<meta name=\"twitter:data2\" content=\"1 minuto\" \/>\n<script type=\"application\/ld+json\" class=\"yoast-schema-graph\">{\"@context\":\"https:\/\/schema.org\",\"@graph\":[{\"@type\":\"Article\",\"@id\":\"https:\/\/portaltela.pt\/noticias\/2026\/02\/02\/vida-anterior-do-instrutor-joaquim-antes-da-carreira-militar-e-revelada\/#article\",\"isPartOf\":{\"@id\":\"https:\/\/portaltela.pt\/noticias\/2026\/02\/02\/vida-anterior-do-instrutor-joaquim-antes-da-carreira-militar-e-revelada\/\"},\"author\":{\"name\":\"Telinha\",\"@id\":\"https:\/\/portaltela.pt\/#\/schema\/person\/c4278d4a6028830caff9ee44b42d32ed\"},\"headline\":\"Vida anterior do instrutor Joaquim antes da carreira militar \u00e9 revelada\",\"datePublished\":\"2026-02-02T22:32:24+00:00\",\"mainEntityOfPage\":{\"@id\":\"https:\/\/portaltela.pt\/noticias\/2026\/02\/02\/vida-anterior-do-instrutor-joaquim-antes-da-carreira-militar-e-revelada\/\"},\"wordCount\":231,\"image\":{\"@id\":\"https:\/\/portaltela.pt\/noticias\/2026\/02\/02\/vida-anterior-do-instrutor-joaquim-antes-da-carreira-militar-e-revelada\/#primaryimage\"},\"thumbnailUrl\":\"https:\/\/portaltela.pt\/s.01k8rhncp4jt1\/2026\/02\/6103ce850cf279ce41d365c9-1.jpg\",\"keywords\":[\"A Academia Militar\",\"arte\",\"desporto\",\"educa\u00e7\u00e3o\"],\"articleSection\":[\"Not\u00edcias\"],\"inLanguage\":\"pt-PT\"},{\"@type\":\"WebPage\",\"@id\":\"https:\/\/portaltela.pt\/noticias\/2026\/02\/02\/vida-anterior-do-instrutor-joaquim-antes-da-carreira-militar-e-revelada\/\",\"url\":\"https:\/\/portaltela.pt\/noticias\/2026\/02\/02\/vida-anterior-do-instrutor-joaquim-antes-da-carreira-militar-e-revelada\/\",\"name\":\"Vida anterior do instrutor Joaquim antes da carreira militar \u00e9 revelada - Portal Tela Portugal\",\"isPartOf\":{\"@id\":\"https:\/\/portaltela.pt\/#website\"},\"primaryImageOfPage\":{\"@id\":\"https:\/\/portaltela.pt\/noticias\/2026\/02\/02\/vida-anterior-do-instrutor-joaquim-antes-da-carreira-militar-e-revelada\/#primaryimage\"},\"image\":{\"@id\":\"https:\/\/portaltela.pt\/noticias\/2026\/02\/02\/vida-anterior-do-instrutor-joaquim-antes-da-carreira-militar-e-revelada\/#primaryimage\"},\"thumbnailUrl\":\"https:\/\/portaltela.pt\/s.01k8rhncp4jt1\/2026\/02\/6103ce850cf279ce41d365c9-1.jpg\",\"datePublished\":\"2026-02-02T22:32:24+00:00\",\"author\":{\"@id\":\"https:\/\/portaltela.pt\/#\/schema\/person\/c4278d4a6028830caff9ee44b42d32ed\"},\"breadcrumb\":{\"@id\":\"https:\/\/portaltela.pt\/noticias\/2026\/02\/02\/vida-anterior-do-instrutor-joaquim-antes-da-carreira-militar-e-revelada\/#breadcrumb\"},\"inLanguage\":\"pt-PT\",\"potentialAction\":[{\"@type\":\"ReadAction\",\"target\":[\"https:\/\/portaltela.pt\/noticias\/2026\/02\/02\/vida-anterior-do-instrutor-joaquim-antes-da-carreira-militar-e-revelada\/\"]}]},{\"@type\":\"ImageObject\",\"inLanguage\":\"pt-PT\",\"@id\":\"https:\/\/portaltela.pt\/noticias\/2026\/02\/02\/vida-anterior-do-instrutor-joaquim-antes-da-carreira-militar-e-revelada\/#primaryimage\",\"url\":\"https:\/\/portaltela.pt\/s.01k8rhncp4jt1\/2026\/02\/6103ce850cf279ce41d365c9-1.jpg\",\"contentUrl\":\"https:\/\/portaltela.pt\/s.01k8rhncp4jt1\/2026\/02\/6103ce850cf279ce41d365c9-1.jpg\",\"width\":796,\"height\":448,\"caption\":\"Instrutor Joaquim durante uma sess\u00e3o de treinamento intensivo.\"},{\"@type\":\"BreadcrumbList\",\"@id\":\"https:\/\/portaltela.pt\/noticias\/2026\/02\/02\/vida-anterior-do-instrutor-joaquim-antes-da-carreira-militar-e-revelada\/#breadcrumb\",\"itemListElement\":[{\"@type\":\"ListItem\",\"position\":1,\"name\":\"In\u00edcio\",\"item\":\"https:\/\/portaltela.pt\/\"},{\"@type\":\"ListItem\",\"position\":2,\"name\":\"Vida anterior do instrutor Joaquim antes da carreira militar \u00e9 revelada\"}]},{\"@type\":\"WebSite\",\"@id\":\"https:\/\/portaltela.pt\/#website\",\"url\":\"https:\/\/portaltela.pt\/\",\"name\":\"Portal Tela Portugal\",\"description\":\"\",\"potentialAction\":[{\"@type\":\"SearchAction\",\"target\":{\"@type\":\"EntryPoint\",\"urlTemplate\":\"https:\/\/portaltela.pt\/?s={search_term_string}\"},\"query-input\":{\"@type\":\"PropertyValueSpecification\",\"valueRequired\":true,\"valueName\":\"search_term_string\"}}],\"inLanguage\":\"pt-PT\"},{\"@type\":\"Person\",\"@id\":\"https:\/\/portaltela.pt\/#\/schema\/person\/c4278d4a6028830caff9ee44b42d32ed\",\"name\":\"Telinha\",\"image\":{\"@type\":\"ImageObject\",\"inLanguage\":\"pt-PT\",\"@id\":\"https:\/\/portaltela.pt\/s.01k8rhncp4jt1\/2025\/11\/talking-bot-125x125.png\",\"url\":\"https:\/\/portaltela.pt\/s.01k8rhncp4jt1\/2025\/11\/talking-bot-125x125.png\",\"contentUrl\":\"https:\/\/portaltela.pt\/s.01k8rhncp4jt1\/2025\/11\/talking-bot-125x125.png\",\"caption\":\"Telinha\"},\"sameAs\":[\"https:\/\/portaltela.pt\/\"],\"url\":\"https:\/\/portaltela.pt\/por\/367410592786\/\"}]}<\/script>\n<!-- \/ Yoast SEO plugin. -->","yoast_head_json":{"title":"Vida anterior do instrutor Joaquim antes da carreira militar \u00e9 revelada - Portal Tela Portugal","robots":{"index":"index","follow":"follow","max-snippet":"max-snippet:-1","max-image-preview":"max-image-preview:large","max-video-preview":"max-video-preview:-1"},"og_locale":"pt_PT","og_type":"article","og_title":"Vida anterior do instrutor Joaquim antes da carreira militar \u00e9 revelada - Portal Tela Portugal","og_description":"O instrutor Joaquim \u00e9 conhecido pela carreira militar e pela presen\u00e7a em eventos de defesa pessoal. Desde jovem, mostrou interesse por atividades f\u00edsicas e esportes de combate, buscando uma forma\u00e7\u00e3o mais estruturada na \u00e1rea de defesa pessoal. A trajet\u00f3ria come\u00e7ou numa pequena cidade do interior, onde aprendeu a valorizar a disciplina e o esfor\u00e7o constante. Durante a juventude enfrentou dificuldades financeiras e precisou trabalhar para sustentar a fam\u00edlia, aprendendo perseveran\u00e7a e resili\u00eancia. Antes de se tornar figura p\u00fablica, tentou seguir uma carreira acad\u00e9mica, mas escolheu dedicar-se \u00e0s artes marciais, formando novos talentos; hoje \u00e9 reconhecido pela dedica\u00e7\u00e3o e pelo impacto positivo na vida de muitas pessoas.","og_url":"https:\/\/portaltela.pt\/noticias\/2026\/02\/02\/vida-anterior-do-instrutor-joaquim-antes-da-carreira-militar-e-revelada\/","og_site_name":"Portal Tela Portugal","article_published_time":"2026-02-02T22:32:24+00:00","author":"Telinha","twitter_card":"summary_large_image","twitter_misc":{"Escrito por":"Telinha","Tempo estimado de leitura":"1 minuto"},"schema":{"@context":"https:\/\/schema.org","@graph":[{"@type":"Article","@id":"https:\/\/portaltela.pt\/noticias\/2026\/02\/02\/vida-anterior-do-instrutor-joaquim-antes-da-carreira-militar-e-revelada\/#article","isPartOf":{"@id":"https:\/\/portaltela.pt\/noticias\/2026\/02\/02\/vida-anterior-do-instrutor-joaquim-antes-da-carreira-militar-e-revelada\/"},"author":{"name":"Telinha","@id":"https:\/\/portaltela.pt\/#\/schema\/person\/c4278d4a6028830caff9ee44b42d32ed"},"headline":"Vida anterior do instrutor Joaquim antes da carreira militar \u00e9 revelada","datePublished":"2026-02-02T22:32:24+00:00","mainEntityOfPage":{"@id":"https:\/\/portaltela.pt\/noticias\/2026\/02\/02\/vida-anterior-do-instrutor-joaquim-antes-da-carreira-militar-e-revelada\/"},"wordCount":231,"image":{"@id":"https:\/\/portaltela.pt\/noticias\/2026\/02\/02\/vida-anterior-do-instrutor-joaquim-antes-da-carreira-militar-e-revelada\/#primaryimage"},"thumbnailUrl":"https:\/\/portaltela.pt\/s.01k8rhncp4jt1\/2026\/02\/6103ce850cf279ce41d365c9-1.jpg","keywords":["A Academia Militar","arte","desporto","educa\u00e7\u00e3o"],"articleSection":["Not\u00edcias"],"inLanguage":"pt-PT"},{"@type":"WebPage","@id":"https:\/\/portaltela.pt\/noticias\/2026\/02\/02\/vida-anterior-do-instrutor-joaquim-antes-da-carreira-militar-e-revelada\/","url":"https:\/\/portaltela.pt\/noticias\/2026\/02\/02\/vida-anterior-do-instrutor-joaquim-antes-da-carreira-militar-e-revelada\/","name":"Vida anterior do instrutor Joaquim antes da carreira militar \u00e9 revelada - Portal Tela Portugal","isPartOf":{"@id":"https:\/\/portaltela.pt\/#website"},"primaryImageOfPage":{"@id":"https:\/\/portaltela.pt\/noticias\/2026\/02\/02\/vida-anterior-do-instrutor-joaquim-antes-da-carreira-militar-e-revelada\/#primaryimage"},"image":{"@id":"https:\/\/portaltela.pt\/noticias\/2026\/02\/02\/vida-anterior-do-instrutor-joaquim-antes-da-carreira-militar-e-revelada\/#primaryimage"},"thumbnailUrl":"https:\/\/portaltela.pt\/s.01k8rhncp4jt1\/2026\/02\/6103ce850cf279ce41d365c9-1.jpg","datePublished":"2026-02-02T22:32:24+00:00","author":{"@id":"https:\/\/portaltela.pt\/#\/schema\/person\/c4278d4a6028830caff9ee44b42d32ed"},"breadcrumb":{"@id":"https:\/\/portaltela.pt\/noticias\/2026\/02\/02\/vida-anterior-do-instrutor-joaquim-antes-da-carreira-militar-e-revelada\/#breadcrumb"},"inLanguage":"pt-PT","potentialAction":[{"@type":"ReadAction","target":["https:\/\/portaltela.pt\/noticias\/2026\/02\/02\/vida-anterior-do-instrutor-joaquim-antes-da-carreira-militar-e-revelada\/"]}]},{"@type":"ImageObject","inLanguage":"pt-PT","@id":"https:\/\/portaltela.pt\/noticias\/2026\/02\/02\/vida-anterior-do-instrutor-joaquim-antes-da-carreira-militar-e-revelada\/#primaryimage","url":"https:\/\/portaltela.pt\/s.01k8rhncp4jt1\/2026\/02\/6103ce850cf279ce41d365c9-1.jpg","contentUrl":"https:\/\/portaltela.pt\/s.01k8rhncp4jt1\/2026\/02\/6103ce850cf279ce41d365c9-1.jpg","width":796,"height":448,"caption":"Instrutor Joaquim durante uma sess\u00e3o de treinamento intensivo."},{"@type":"BreadcrumbList","@id":"https:\/\/portaltela.pt\/noticias\/2026\/02\/02\/vida-anterior-do-instrutor-joaquim-antes-da-carreira-militar-e-revelada\/#breadcrumb","itemListElement":[{"@type":"ListItem","position":1,"name":"In\u00edcio","item":"https:\/\/portaltela.pt\/"},{"@type":"ListItem","position":2,"name":"Vida anterior do instrutor Joaquim antes da carreira militar \u00e9 revelada"}]},{"@type":"WebSite","@id":"https:\/\/portaltela.pt\/#website","url":"https:\/\/portaltela.pt\/","name":"Portal Tela Portugal","description":"","potentialAction":[{"@type":"SearchAction","target":{"@type":"EntryPoint","urlTemplate":"https:\/\/portaltela.pt\/?s={search_term_string}"},"query-input":{"@type":"PropertyValueSpecification","valueRequired":true,"valueName":"search_term_string"}}],"inLanguage":"pt-PT"},{"@type":"Person","@id":"https:\/\/portaltela.pt\/#\/schema\/person\/c4278d4a6028830caff9ee44b42d32ed","name":"Telinha","image":{"@type":"ImageObject","inLanguage":"pt-PT","@id":"https:\/\/portaltela.pt\/s.01k8rhncp4jt1\/2025\/11\/talking-bot-125x125.png","url":"https:\/\/portaltela.pt\/s.01k8rhncp4jt1\/2025\/11\/talking-bot-125x125.png","contentUrl":"https:\/\/portaltela.pt\/s.01k8rhncp4jt1\/2025\/11\/talking-bot-125x125.png","caption":"Telinha"},"sameAs":["https:\/\/portaltela.pt\/"],"url":"https:\/\/portaltela.pt\/por\/367410592786\/"}]}},"_links":{"self":[{"href":"https:\/\/portaltela.pt\/api\/wp\/v2\/posts\/192395","targetHints":{"allow":["GET"]}}],"collection":[{"href":"https:\/\/portaltela.pt\/api\/wp\/v2\/posts"}],"about":[{"href":"https:\/\/portaltela.pt\/api\/wp\/v2\/types\/post"}],"author":[{"embeddable":true,"href":"https:\/\/portaltela.pt\/api\/wp\/v2\/users\/2"}],"replies":[{"embeddable":true,"href":"https:\/\/portaltela.pt\/api\/wp\/v2\/comments?post=192395"}],"version-history":[{"count":0,"href":"https:\/\/portaltela.pt\/api\/wp\/v2\/posts\/192395\/revisions"}],"wp:featuredmedia":[{"embeddable":true,"href":"https:\/\/portaltela.pt\/api\/wp\/v2\/media\/192400"}],"wp:attachment":[{"href":"https:\/\/portaltela.pt\/api\/wp\/v2\/media?parent=192395"}],"wp:term":[{"taxonomy":"category","embeddable":true,"href":"https:\/\/portaltela.pt\/api\/wp\/v2\/categories?post=192395"},{"taxonomy":"post_tag","embeddable":true,"href":"https:\/\/portaltela.pt\/api\/wp\/v2\/tags?post=192395"}],"curies":[{"name":"wp","href":"https:\/\/api.w.org\/{rel}","templated":true}]}}