{"id":192144,"date":"2026-02-02T17:29:00","date_gmt":"2026-02-02T20:29:00","guid":{"rendered":"https:\/\/portaltela.pt\/noticias\/2026\/02\/02\/maioria-das-escolas-de-leiria-deve-reabrir-na-quarta-feira\/"},"modified":"2026-02-02T17:29:00","modified_gmt":"2026-02-02T20:29:00","slug":"maioria-das-escolas-de-leiria-deve-reabrir-na-quarta-feira","status":"publish","type":"post","link":"https:\/\/portaltela.pt\/noticias\/2026\/02\/02\/maioria-das-escolas-de-leiria-deve-reabrir-na-quarta-feira\/","title":{"rendered":"Maioria das escolas de Leiria deve reabrir na quarta-feira"},"content":{"rendered":"<p>A maioria das escolas da regi\u00e3o de Leiria dever\u00e1 reabrir na quarta-feira, desde que estejam reunidas as condi\u00e7\u00f5es de seguran\u00e7a. O plano envolve a reafecta\u00e7\u00e3o de espa\u00e7os e a contrata\u00e7\u00e3o de monoblocos para substituir salas sem condi\u00e7\u00f5es. O transporte escolar deve ser assegurado pelas autarquias.<\/p>\n<p>O ministro da Educa\u00e7\u00e3o, Ci\u00eancia e Inova\u00e7\u00e3o, Fernando Alexandre, visitou Leiria e afirmou que n\u00e3o h\u00e1 n\u00fameros precisos sobre quantas escolas abrir\u00e3o j\u00e1 na quarta-feira, mas estima-se milhares de alunos afetados pelo encerramento. As aulas, mantendo-se em semestres, estavam em pausa lectiva.<\/p>\n<p>A prioridade \u00e9 o regresso presencial, ainda que possa haver exce\u00e7\u00f5es. Os centros educativos devem adaptar espa\u00e7os e garantir condi\u00e7\u00f5es adequadas para as aulas presenciais. O objetivo \u00e9 iniciar a frequ\u00eancia at\u00e9 ao in\u00edcio da pr\u00f3xima semana.<\/p>\n<p>Infraestruturas e log\u00edstica<\/p>\n<p>Vai ocorrer a coloca\u00e7\u00e3o tempor\u00e1ria de alunos em escolas que n\u00e3o reabram, com refor\u00e7o de transportes. A autarquia de Leiria j\u00e1 identificou necessidades de monoblocos e inicia a contrata\u00e7\u00e3o para acolher os alunos.<\/p>\n<p>Situa\u00e7\u00e3o energ\u00e9tica<\/p>\n<p>Foi acordada prioridade na garantia de acesso a geradores ou no restabelecimento da energia el\u00e9ctrica nas escolas da regi\u00e3o, v\u00e1rias delas em zonas afastadas. O objetivo \u00e9 assegurar a continuidade da actividade letiva.<\/p>\n<p>Recupera\u00e7\u00e3o de danos<\/p>\n<p>Ontem, o Governo confirmou que duas escolas de Leiria, em obras ao abrigo do PRR, ter\u00e3o os trabalhos conclu\u00eddos, mesmo que demore mais tempo. O Governo assegura que as verbas do PRR ser\u00e3o utilizadas para recuperar infraestruturas municipais afetadas pela tempestade Kristin.<\/p>\n","protected":false},"excerpt":{"rendered":"<ul>\n<li>A maioria das escolas da regi\u00e3o de Leiria deve reabrir na quarta-feira, caso cumpra as condi\u00e7\u00f5es de seguran\u00e7a.<\/li>\n<li>Vai haver reafecta\u00e7\u00e3o de espa\u00e7os e contrata\u00e7\u00e3o de monoblocos para substituir salas danificadas; o transporte ser\u00e1 assegurado pelas autarquias.<\/li>\n<li>O objetivo \u00e9 que os alunos regressem \u00e0s aulas presenciais at\u00e9 ao in\u00edcio da pr\u00f3xima semana; as aulas online ficam como exce\u00e7\u00e3o.<\/li>\n<li>Pode haver alunos ainda sem aulas numa semana, mas apenas alguns, com realoca\u00e7\u00e3o de alunos e apoio de transportes para manter as aulas.<\/li>\n<li>As duas escolas de Leiria em obras v\u00e3o ser conclu\u00eddas, com ou sem verbas do PRR; houve prioridade na recupera\u00e7\u00e3o de infraestruturas com apoio de 200 milh\u00f5es de euros.<\/li>\n<\/ul>\n","protected":false},"author":2,"featured_media":192155,"comment_status":"closed","ping_status":"closed","sticky":false,"template":"","format":"standard","meta":{"footnotes":""},"categories":[1],"tags":[163,174,101,258,1385,3912],"class_list":["post-192144","post","type-post","status-publish","format-standard","has-post-thumbnail","hentry","category-noticias","tag-educacao","tag-energia","tag-escolas","tag-infraestruturas","tag-leiria","tag-transporte-escolar"],"yoast_head":"<!-- This site is optimized with the Yoast SEO plugin v27.2 - https:\/\/yoast.com\/product\/yoast-seo-wordpress\/ -->\n<title>Maioria das escolas de Leiria deve reabrir na quarta-feira - Portal Tela Portugal<\/title>\n<meta name=\"robots\" content=\"index, follow, max-snippet:-1, max-image-preview:large, max-video-preview:-1\" \/>\n<meta property=\"og:locale\" content=\"pt_PT\" \/>\n<meta property=\"og:type\" content=\"article\" \/>\n<meta property=\"og:title\" content=\"Maioria das escolas de Leiria deve reabrir na quarta-feira - Portal Tela Portugal\" \/>\n<meta property=\"og:description\" content=\"A maioria das escolas da regi\u00e3o de Leiria deve reabrir na quarta-feira, caso cumpra as condi\u00e7\u00f5es de seguran\u00e7a. Vai haver reafecta\u00e7\u00e3o de espa\u00e7os e contrata\u00e7\u00e3o de monoblocos para substituir salas danificadas; o transporte ser\u00e1 assegurado pelas autarquias. O objetivo \u00e9 que os alunos regressem \u00e0s aulas presenciais at\u00e9 ao in\u00edcio da pr\u00f3xima semana; as aulas online ficam como exce\u00e7\u00e3o. Pode haver alunos ainda sem aulas numa semana, mas apenas alguns, com realoca\u00e7\u00e3o de alunos e apoio de transportes para manter as aulas. As duas escolas de Leiria em obras v\u00e3o ser conclu\u00eddas, com ou sem verbas do PRR; houve prioridade na recupera\u00e7\u00e3o de infraestruturas com apoio de 200 milh\u00f5es de euros.\" \/>\n<meta property=\"og:url\" content=\"https:\/\/portaltela.pt\/noticias\/2026\/02\/02\/maioria-das-escolas-de-leiria-deve-reabrir-na-quarta-feira\/\" \/>\n<meta property=\"og:site_name\" content=\"Portal Tela Portugal\" \/>\n<meta property=\"article:published_time\" content=\"2026-02-02T20:29:00+00:00\" \/>\n<meta name=\"author\" content=\"Telinha\" \/>\n<meta name=\"twitter:card\" content=\"summary_large_image\" \/>\n<meta name=\"twitter:label1\" content=\"Escrito por\" \/>\n\t<meta name=\"twitter:data1\" content=\"Telinha\" \/>\n\t<meta name=\"twitter:label2\" content=\"Tempo estimado de leitura\" \/>\n\t<meta name=\"twitter:data2\" content=\"1 minuto\" \/>\n<script type=\"application\/ld+json\" class=\"yoast-schema-graph\">{\"@context\":\"https:\/\/schema.org\",\"@graph\":[{\"@type\":\"Article\",\"@id\":\"https:\/\/portaltela.pt\/noticias\/2026\/02\/02\/maioria-das-escolas-de-leiria-deve-reabrir-na-quarta-feira\/#article\",\"isPartOf\":{\"@id\":\"https:\/\/portaltela.pt\/noticias\/2026\/02\/02\/maioria-das-escolas-de-leiria-deve-reabrir-na-quarta-feira\/\"},\"author\":{\"name\":\"Telinha\",\"@id\":\"https:\/\/portaltela.pt\/#\/schema\/person\/c4278d4a6028830caff9ee44b42d32ed\"},\"headline\":\"Maioria das escolas de Leiria deve reabrir na quarta-feira\",\"datePublished\":\"2026-02-02T20:29:00+00:00\",\"mainEntityOfPage\":{\"@id\":\"https:\/\/portaltela.pt\/noticias\/2026\/02\/02\/maioria-das-escolas-de-leiria-deve-reabrir-na-quarta-feira\/\"},\"wordCount\":280,\"image\":{\"@id\":\"https:\/\/portaltela.pt\/noticias\/2026\/02\/02\/maioria-das-escolas-de-leiria-deve-reabrir-na-quarta-feira\/#primaryimage\"},\"thumbnailUrl\":\"https:\/\/portaltela.pt\/s.01k8rhncp4jt1\/2026\/02\/2063814.jpg\",\"keywords\":[\"educa\u00e7\u00e3o\",\"energia\",\"escolas\",\"infraestruturas\",\"Leiria\",\"transporte escolar\"],\"articleSection\":[\"Not\u00edcias\"],\"inLanguage\":\"pt-PT\"},{\"@type\":\"WebPage\",\"@id\":\"https:\/\/portaltela.pt\/noticias\/2026\/02\/02\/maioria-das-escolas-de-leiria-deve-reabrir-na-quarta-feira\/\",\"url\":\"https:\/\/portaltela.pt\/noticias\/2026\/02\/02\/maioria-das-escolas-de-leiria-deve-reabrir-na-quarta-feira\/\",\"name\":\"Maioria das escolas de Leiria deve reabrir na quarta-feira - Portal Tela Portugal\",\"isPartOf\":{\"@id\":\"https:\/\/portaltela.pt\/#website\"},\"primaryImageOfPage\":{\"@id\":\"https:\/\/portaltela.pt\/noticias\/2026\/02\/02\/maioria-das-escolas-de-leiria-deve-reabrir-na-quarta-feira\/#primaryimage\"},\"image\":{\"@id\":\"https:\/\/portaltela.pt\/noticias\/2026\/02\/02\/maioria-das-escolas-de-leiria-deve-reabrir-na-quarta-feira\/#primaryimage\"},\"thumbnailUrl\":\"https:\/\/portaltela.pt\/s.01k8rhncp4jt1\/2026\/02\/2063814.jpg\",\"datePublished\":\"2026-02-02T20:29:00+00:00\",\"author\":{\"@id\":\"https:\/\/portaltela.pt\/#\/schema\/person\/c4278d4a6028830caff9ee44b42d32ed\"},\"breadcrumb\":{\"@id\":\"https:\/\/portaltela.pt\/noticias\/2026\/02\/02\/maioria-das-escolas-de-leiria-deve-reabrir-na-quarta-feira\/#breadcrumb\"},\"inLanguage\":\"pt-PT\",\"potentialAction\":[{\"@type\":\"ReadAction\",\"target\":[\"https:\/\/portaltela.pt\/noticias\/2026\/02\/02\/maioria-das-escolas-de-leiria-deve-reabrir-na-quarta-feira\/\"]}]},{\"@type\":\"ImageObject\",\"inLanguage\":\"pt-PT\",\"@id\":\"https:\/\/portaltela.pt\/noticias\/2026\/02\/02\/maioria-das-escolas-de-leiria-deve-reabrir-na-quarta-feira\/#primaryimage\",\"url\":\"https:\/\/portaltela.pt\/s.01k8rhncp4jt1\/2026\/02\/2063814.jpg\",\"contentUrl\":\"https:\/\/portaltela.pt\/s.01k8rhncp4jt1\/2026\/02\/2063814.jpg\",\"width\":796,\"height\":448,\"caption\":\"Ministro diz que h\u00e1 \\\"milhares os alunos\\\" afectados pelo encerramento for\u00e7ado das escolas\"},{\"@type\":\"BreadcrumbList\",\"@id\":\"https:\/\/portaltela.pt\/noticias\/2026\/02\/02\/maioria-das-escolas-de-leiria-deve-reabrir-na-quarta-feira\/#breadcrumb\",\"itemListElement\":[{\"@type\":\"ListItem\",\"position\":1,\"name\":\"In\u00edcio\",\"item\":\"https:\/\/portaltela.pt\/\"},{\"@type\":\"ListItem\",\"position\":2,\"name\":\"Maioria das escolas de Leiria deve reabrir na quarta-feira\"}]},{\"@type\":\"WebSite\",\"@id\":\"https:\/\/portaltela.pt\/#website\",\"url\":\"https:\/\/portaltela.pt\/\",\"name\":\"Portal Tela Portugal\",\"description\":\"\",\"potentialAction\":[{\"@type\":\"SearchAction\",\"target\":{\"@type\":\"EntryPoint\",\"urlTemplate\":\"https:\/\/portaltela.pt\/?s={search_term_string}\"},\"query-input\":{\"@type\":\"PropertyValueSpecification\",\"valueRequired\":true,\"valueName\":\"search_term_string\"}}],\"inLanguage\":\"pt-PT\"},{\"@type\":\"Person\",\"@id\":\"https:\/\/portaltela.pt\/#\/schema\/person\/c4278d4a6028830caff9ee44b42d32ed\",\"name\":\"Telinha\",\"image\":{\"@type\":\"ImageObject\",\"inLanguage\":\"pt-PT\",\"@id\":\"https:\/\/portaltela.pt\/s.01k8rhncp4jt1\/2025\/11\/talking-bot-125x125.png\",\"url\":\"https:\/\/portaltela.pt\/s.01k8rhncp4jt1\/2025\/11\/talking-bot-125x125.png\",\"contentUrl\":\"https:\/\/portaltela.pt\/s.01k8rhncp4jt1\/2025\/11\/talking-bot-125x125.png\",\"caption\":\"Telinha\"},\"sameAs\":[\"https:\/\/portaltela.pt\/\"],\"url\":\"https:\/\/portaltela.pt\/por\/367410592786\/\"}]}<\/script>\n<!-- \/ Yoast SEO plugin. -->","yoast_head_json":{"title":"Maioria das escolas de Leiria deve reabrir na quarta-feira - Portal Tela Portugal","robots":{"index":"index","follow":"follow","max-snippet":"max-snippet:-1","max-image-preview":"max-image-preview:large","max-video-preview":"max-video-preview:-1"},"og_locale":"pt_PT","og_type":"article","og_title":"Maioria das escolas de Leiria deve reabrir na quarta-feira - Portal Tela Portugal","og_description":"A maioria das escolas da regi\u00e3o de Leiria deve reabrir na quarta-feira, caso cumpra as condi\u00e7\u00f5es de seguran\u00e7a. Vai haver reafecta\u00e7\u00e3o de espa\u00e7os e contrata\u00e7\u00e3o de monoblocos para substituir salas danificadas; o transporte ser\u00e1 assegurado pelas autarquias. O objetivo \u00e9 que os alunos regressem \u00e0s aulas presenciais at\u00e9 ao in\u00edcio da pr\u00f3xima semana; as aulas online ficam como exce\u00e7\u00e3o. Pode haver alunos ainda sem aulas numa semana, mas apenas alguns, com realoca\u00e7\u00e3o de alunos e apoio de transportes para manter as aulas. As duas escolas de Leiria em obras v\u00e3o ser conclu\u00eddas, com ou sem verbas do PRR; houve prioridade na recupera\u00e7\u00e3o de infraestruturas com apoio de 200 milh\u00f5es de euros.","og_url":"https:\/\/portaltela.pt\/noticias\/2026\/02\/02\/maioria-das-escolas-de-leiria-deve-reabrir-na-quarta-feira\/","og_site_name":"Portal Tela Portugal","article_published_time":"2026-02-02T20:29:00+00:00","author":"Telinha","twitter_card":"summary_large_image","twitter_misc":{"Escrito por":"Telinha","Tempo estimado de leitura":"1 minuto"},"schema":{"@context":"https:\/\/schema.org","@graph":[{"@type":"Article","@id":"https:\/\/portaltela.pt\/noticias\/2026\/02\/02\/maioria-das-escolas-de-leiria-deve-reabrir-na-quarta-feira\/#article","isPartOf":{"@id":"https:\/\/portaltela.pt\/noticias\/2026\/02\/02\/maioria-das-escolas-de-leiria-deve-reabrir-na-quarta-feira\/"},"author":{"name":"Telinha","@id":"https:\/\/portaltela.pt\/#\/schema\/person\/c4278d4a6028830caff9ee44b42d32ed"},"headline":"Maioria das escolas de Leiria deve reabrir na quarta-feira","datePublished":"2026-02-02T20:29:00+00:00","mainEntityOfPage":{"@id":"https:\/\/portaltela.pt\/noticias\/2026\/02\/02\/maioria-das-escolas-de-leiria-deve-reabrir-na-quarta-feira\/"},"wordCount":280,"image":{"@id":"https:\/\/portaltela.pt\/noticias\/2026\/02\/02\/maioria-das-escolas-de-leiria-deve-reabrir-na-quarta-feira\/#primaryimage"},"thumbnailUrl":"https:\/\/portaltela.pt\/s.01k8rhncp4jt1\/2026\/02\/2063814.jpg","keywords":["educa\u00e7\u00e3o","energia","escolas","infraestruturas","Leiria","transporte escolar"],"articleSection":["Not\u00edcias"],"inLanguage":"pt-PT"},{"@type":"WebPage","@id":"https:\/\/portaltela.pt\/noticias\/2026\/02\/02\/maioria-das-escolas-de-leiria-deve-reabrir-na-quarta-feira\/","url":"https:\/\/portaltela.pt\/noticias\/2026\/02\/02\/maioria-das-escolas-de-leiria-deve-reabrir-na-quarta-feira\/","name":"Maioria das escolas de Leiria deve reabrir na quarta-feira - Portal Tela Portugal","isPartOf":{"@id":"https:\/\/portaltela.pt\/#website"},"primaryImageOfPage":{"@id":"https:\/\/portaltela.pt\/noticias\/2026\/02\/02\/maioria-das-escolas-de-leiria-deve-reabrir-na-quarta-feira\/#primaryimage"},"image":{"@id":"https:\/\/portaltela.pt\/noticias\/2026\/02\/02\/maioria-das-escolas-de-leiria-deve-reabrir-na-quarta-feira\/#primaryimage"},"thumbnailUrl":"https:\/\/portaltela.pt\/s.01k8rhncp4jt1\/2026\/02\/2063814.jpg","datePublished":"2026-02-02T20:29:00+00:00","author":{"@id":"https:\/\/portaltela.pt\/#\/schema\/person\/c4278d4a6028830caff9ee44b42d32ed"},"breadcrumb":{"@id":"https:\/\/portaltela.pt\/noticias\/2026\/02\/02\/maioria-das-escolas-de-leiria-deve-reabrir-na-quarta-feira\/#breadcrumb"},"inLanguage":"pt-PT","potentialAction":[{"@type":"ReadAction","target":["https:\/\/portaltela.pt\/noticias\/2026\/02\/02\/maioria-das-escolas-de-leiria-deve-reabrir-na-quarta-feira\/"]}]},{"@type":"ImageObject","inLanguage":"pt-PT","@id":"https:\/\/portaltela.pt\/noticias\/2026\/02\/02\/maioria-das-escolas-de-leiria-deve-reabrir-na-quarta-feira\/#primaryimage","url":"https:\/\/portaltela.pt\/s.01k8rhncp4jt1\/2026\/02\/2063814.jpg","contentUrl":"https:\/\/portaltela.pt\/s.01k8rhncp4jt1\/2026\/02\/2063814.jpg","width":796,"height":448,"caption":"Ministro diz que h\u00e1 \"milhares os alunos\" afectados pelo encerramento for\u00e7ado das escolas"},{"@type":"BreadcrumbList","@id":"https:\/\/portaltela.pt\/noticias\/2026\/02\/02\/maioria-das-escolas-de-leiria-deve-reabrir-na-quarta-feira\/#breadcrumb","itemListElement":[{"@type":"ListItem","position":1,"name":"In\u00edcio","item":"https:\/\/portaltela.pt\/"},{"@type":"ListItem","position":2,"name":"Maioria das escolas de Leiria deve reabrir na quarta-feira"}]},{"@type":"WebSite","@id":"https:\/\/portaltela.pt\/#website","url":"https:\/\/portaltela.pt\/","name":"Portal Tela Portugal","description":"","potentialAction":[{"@type":"SearchAction","target":{"@type":"EntryPoint","urlTemplate":"https:\/\/portaltela.pt\/?s={search_term_string}"},"query-input":{"@type":"PropertyValueSpecification","valueRequired":true,"valueName":"search_term_string"}}],"inLanguage":"pt-PT"},{"@type":"Person","@id":"https:\/\/portaltela.pt\/#\/schema\/person\/c4278d4a6028830caff9ee44b42d32ed","name":"Telinha","image":{"@type":"ImageObject","inLanguage":"pt-PT","@id":"https:\/\/portaltela.pt\/s.01k8rhncp4jt1\/2025\/11\/talking-bot-125x125.png","url":"https:\/\/portaltela.pt\/s.01k8rhncp4jt1\/2025\/11\/talking-bot-125x125.png","contentUrl":"https:\/\/portaltela.pt\/s.01k8rhncp4jt1\/2025\/11\/talking-bot-125x125.png","caption":"Telinha"},"sameAs":["https:\/\/portaltela.pt\/"],"url":"https:\/\/portaltela.pt\/por\/367410592786\/"}]}},"_links":{"self":[{"href":"https:\/\/portaltela.pt\/api\/wp\/v2\/posts\/192144","targetHints":{"allow":["GET"]}}],"collection":[{"href":"https:\/\/portaltela.pt\/api\/wp\/v2\/posts"}],"about":[{"href":"https:\/\/portaltela.pt\/api\/wp\/v2\/types\/post"}],"author":[{"embeddable":true,"href":"https:\/\/portaltela.pt\/api\/wp\/v2\/users\/2"}],"replies":[{"embeddable":true,"href":"https:\/\/portaltela.pt\/api\/wp\/v2\/comments?post=192144"}],"version-history":[{"count":0,"href":"https:\/\/portaltela.pt\/api\/wp\/v2\/posts\/192144\/revisions"}],"wp:featuredmedia":[{"embeddable":true,"href":"https:\/\/portaltela.pt\/api\/wp\/v2\/media\/192155"}],"wp:attachment":[{"href":"https:\/\/portaltela.pt\/api\/wp\/v2\/media?parent=192144"}],"wp:term":[{"taxonomy":"category","embeddable":true,"href":"https:\/\/portaltela.pt\/api\/wp\/v2\/categories?post=192144"},{"taxonomy":"post_tag","embeddable":true,"href":"https:\/\/portaltela.pt\/api\/wp\/v2\/tags?post=192144"}],"curies":[{"name":"wp","href":"https:\/\/api.w.org\/{rel}","templated":true}]}}