{"id":192072,"date":"2026-02-02T17:08:00","date_gmt":"2026-02-02T20:08:00","guid":{"rendered":"https:\/\/portaltela.pt\/noticias\/2026\/02\/02\/f-c-porto-sem-froholdt-no-onze-diante-do-casa-pia\/"},"modified":"2026-02-02T17:08:00","modified_gmt":"2026-02-02T20:08:00","slug":"f-c-porto-sem-froholdt-no-onze-diante-do-casa-pia","status":"publish","type":"post","link":"https:\/\/portaltela.pt\/desporto\/futebol\/2026\/02\/02\/f-c-porto-sem-froholdt-no-onze-diante-do-casa-pia\/","title":{"rendered":"F. C. Porto sem Froholdt no onze diante do Casa Pia"},"content":{"rendered":"<p>O duelo entre Casa Pia e F C Porto decorre esta segunda-feira, em Rio Maior, a fechar a 20\u00aa jornada da Liga portuguesa. Froholdt est\u00e1 fora do conjunto inicial, ocupando o banco, ap\u00f3s decis\u00e3o do treinador Francesco Farioli. O ataque azul e branco fica completo com Pep\u00ea, Borja Sainz e Samu entre os titulares.<\/p>\n<p>O onze do F C Porto fica assim: Diogo Costa entre os postes; defesa com Martim Fernandes, Thiago Silva, Bednarek e Francisco Moura; meio-campo com Alan Varela, Pablo Rosario e Gabri Veiga; e o trio atacante composto por Pep\u00ea, Borja Sainz e Samu. Os suplentes incluem Cl\u00e1udio Ramos, Jakub Kiwior, William Gomes, Victor Froholdt, Alberto Costa, Dominik Prpic, Deniz G\u00fcl, Pietuszewski e Rodrigo Mora.<\/p>\n<p>Para o Casa Pia, o 11 inicial apresenta Patrick Sequeira na baliza, defesa com Domingos Bandeira, Jo\u00e3o Goulart, Abdu Cont\u00e9, Rafael Brito e Tiago Morais; meio-campo com Livolant, David Albino, Larrazabal, Lawrence Ofori e Cassiano. A lista de suplentes contempla Ivan Mandic, Kelian Saka, Livramento, Jo\u00e3o Marques, Osundina, Andr\u00e9 Geraldes, Kevin Machado, Mohamed e Clau Mendes.<\/p>\n","protected":false},"excerpt":{"rendered":"<ul>\n<li>O F. C. Porto enfrenta o Casa Pia na jornada 20 da Liga portuguesa, em Rio Maior, esta segunda-feira.<\/li>\n<li>Froholdt fica no banco, saindo das op\u00e7\u00f5es iniciais do t\u00e9cnico Francesco Farioli.<\/li>\n<li>Onze do F. C. Porto: Diogo Costa; Martim Fernandes, Thiago Silva, Bednarek e Francisco Moura; Alan Varela, Pablo Rosario e Gabri Veiga; Pep\u00ea, Borja Sainz e Samu.<\/li>\n<li>Supplentes do F. C. Porto: Cl\u00e1udio Ramos, Jakub Kiwior, William Gomes, Victor Froholdt, Alberto Costa, Dominik Prpic, Deniz G\u00fcl, Pietuszewski e Rodrigo Mora.<\/li>\n<li>Onze do Casa Pia: Patrick Sequeira; Domingos Bandeira, Jo\u00e3o Goulart, Abdu Cont\u00e9, Rafael Brito, Tiago Morais, Livolant, David Albino, Larrazabal, Lawrence Ofori e Cassiano.<\/li>\n<\/ul>\n","protected":false},"author":2,"featured_media":192076,"comment_status":"closed","ping_status":"closed","sticky":false,"template":"","format":"standard","meta":{"footnotes":""},"categories":[21,24],"tags":[5180,5176,2028,32,3154,3606],"class_list":["post-192072","post","type-post","status-publish","format-standard","has-post-thumbnail","hentry","category-desporto","category-futebol","tag-borja-sainz","tag-casa-pia","tag-fc-porto","tag-futebol","tag-gabri-veiga","tag-pepe"],"yoast_head":"<!-- This site is optimized with the Yoast SEO plugin v27.2 - https:\/\/yoast.com\/product\/yoast-seo-wordpress\/ -->\n<title>F. C. Porto sem Froholdt no onze diante do Casa Pia - Portal Tela Portugal<\/title>\n<meta name=\"robots\" content=\"index, follow, max-snippet:-1, max-image-preview:large, max-video-preview:-1\" \/>\n<meta property=\"og:locale\" content=\"pt_PT\" \/>\n<meta property=\"og:type\" content=\"article\" \/>\n<meta property=\"og:title\" content=\"F. C. Porto sem Froholdt no onze diante do Casa Pia - Portal Tela Portugal\" \/>\n<meta property=\"og:description\" content=\"O F. C. Porto enfrenta o Casa Pia na jornada 20 da Liga portuguesa, em Rio Maior, esta segunda-feira. Froholdt fica no banco, saindo das op\u00e7\u00f5es iniciais do t\u00e9cnico Francesco Farioli. Onze do F. C. Porto: Diogo Costa; Martim Fernandes, Thiago Silva, Bednarek e Francisco Moura; Alan Varela, Pablo Rosario e Gabri Veiga; Pep\u00ea, Borja Sainz e Samu. Supplentes do F. C. Porto: Cl\u00e1udio Ramos, Jakub Kiwior, William Gomes, Victor Froholdt, Alberto Costa, Dominik Prpic, Deniz G\u00fcl, Pietuszewski e Rodrigo Mora. Onze do Casa Pia: Patrick Sequeira; Domingos Bandeira, Jo\u00e3o Goulart, Abdu Cont\u00e9, Rafael Brito, Tiago Morais, Livolant, David Albino, Larrazabal, Lawrence Ofori e Cassiano.\" \/>\n<meta property=\"og:url\" content=\"https:\/\/portaltela.pt\/noticias\/2026\/02\/02\/f-c-porto-sem-froholdt-no-onze-diante-do-casa-pia\/\" \/>\n<meta property=\"og:site_name\" content=\"Portal Tela Portugal\" \/>\n<meta property=\"article:published_time\" content=\"2026-02-02T20:08:00+00:00\" \/>\n<meta name=\"author\" content=\"Telinha\" \/>\n<meta name=\"twitter:card\" content=\"summary_large_image\" \/>\n<meta name=\"twitter:label1\" content=\"Escrito por\" \/>\n\t<meta name=\"twitter:data1\" content=\"Telinha\" \/>\n\t<meta name=\"twitter:label2\" content=\"Tempo estimado de leitura\" \/>\n\t<meta name=\"twitter:data2\" content=\"1 minuto\" \/>\n<script type=\"application\/ld+json\" class=\"yoast-schema-graph\">{\"@context\":\"https:\/\/schema.org\",\"@graph\":[{\"@type\":\"Article\",\"@id\":\"https:\/\/portaltela.pt\/noticias\/2026\/02\/02\/f-c-porto-sem-froholdt-no-onze-diante-do-casa-pia\/#article\",\"isPartOf\":{\"@id\":\"https:\/\/portaltela.pt\/noticias\/2026\/02\/02\/f-c-porto-sem-froholdt-no-onze-diante-do-casa-pia\/\"},\"author\":{\"name\":\"Telinha\",\"@id\":\"https:\/\/portaltela.pt\/#\/schema\/person\/c4278d4a6028830caff9ee44b42d32ed\"},\"headline\":\"F. C. Porto sem Froholdt no onze diante do Casa Pia\",\"datePublished\":\"2026-02-02T20:08:00+00:00\",\"mainEntityOfPage\":{\"@id\":\"https:\/\/portaltela.pt\/noticias\/2026\/02\/02\/f-c-porto-sem-froholdt-no-onze-diante-do-casa-pia\/\"},\"wordCount\":189,\"image\":{\"@id\":\"https:\/\/portaltela.pt\/noticias\/2026\/02\/02\/f-c-porto-sem-froholdt-no-onze-diante-do-casa-pia\/#primaryimage\"},\"thumbnailUrl\":\"https:\/\/portaltela.pt\/s.01k8rhncp4jt1\/2026\/02\/8c7d5b48-3375-4f12-8977-ebc6c7d51806_1200x675.jpg\",\"keywords\":[\"Borja Sainz\",\"Casa Pia\",\"FC Porto\",\"futebol\",\"Gabri Veiga\",\"Pep\u00ea\"],\"articleSection\":[\"Desporto\",\"Futebol\"],\"inLanguage\":\"pt-PT\"},{\"@type\":\"WebPage\",\"@id\":\"https:\/\/portaltela.pt\/noticias\/2026\/02\/02\/f-c-porto-sem-froholdt-no-onze-diante-do-casa-pia\/\",\"url\":\"https:\/\/portaltela.pt\/noticias\/2026\/02\/02\/f-c-porto-sem-froholdt-no-onze-diante-do-casa-pia\/\",\"name\":\"F. C. Porto sem Froholdt no onze diante do Casa Pia - Portal Tela Portugal\",\"isPartOf\":{\"@id\":\"https:\/\/portaltela.pt\/#website\"},\"primaryImageOfPage\":{\"@id\":\"https:\/\/portaltela.pt\/noticias\/2026\/02\/02\/f-c-porto-sem-froholdt-no-onze-diante-do-casa-pia\/#primaryimage\"},\"image\":{\"@id\":\"https:\/\/portaltela.pt\/noticias\/2026\/02\/02\/f-c-porto-sem-froholdt-no-onze-diante-do-casa-pia\/#primaryimage\"},\"thumbnailUrl\":\"https:\/\/portaltela.pt\/s.01k8rhncp4jt1\/2026\/02\/8c7d5b48-3375-4f12-8977-ebc6c7d51806_1200x675.jpg\",\"datePublished\":\"2026-02-02T20:08:00+00:00\",\"author\":{\"@id\":\"https:\/\/portaltela.pt\/#\/schema\/person\/c4278d4a6028830caff9ee44b42d32ed\"},\"breadcrumb\":{\"@id\":\"https:\/\/portaltela.pt\/noticias\/2026\/02\/02\/f-c-porto-sem-froholdt-no-onze-diante-do-casa-pia\/#breadcrumb\"},\"inLanguage\":\"pt-PT\",\"potentialAction\":[{\"@type\":\"ReadAction\",\"target\":[\"https:\/\/portaltela.pt\/noticias\/2026\/02\/02\/f-c-porto-sem-froholdt-no-onze-diante-do-casa-pia\/\"]}]},{\"@type\":\"ImageObject\",\"inLanguage\":\"pt-PT\",\"@id\":\"https:\/\/portaltela.pt\/noticias\/2026\/02\/02\/f-c-porto-sem-froholdt-no-onze-diante-do-casa-pia\/#primaryimage\",\"url\":\"https:\/\/portaltela.pt\/s.01k8rhncp4jt1\/2026\/02\/8c7d5b48-3375-4f12-8977-ebc6c7d51806_1200x675.jpg\",\"contentUrl\":\"https:\/\/portaltela.pt\/s.01k8rhncp4jt1\/2026\/02\/8c7d5b48-3375-4f12-8977-ebc6c7d51806_1200x675.jpg\",\"width\":796,\"height\":448,\"caption\":\"Drag\u00f5es preparam-se em Rio Maior\"},{\"@type\":\"BreadcrumbList\",\"@id\":\"https:\/\/portaltela.pt\/noticias\/2026\/02\/02\/f-c-porto-sem-froholdt-no-onze-diante-do-casa-pia\/#breadcrumb\",\"itemListElement\":[{\"@type\":\"ListItem\",\"position\":1,\"name\":\"In\u00edcio\",\"item\":\"https:\/\/portaltela.pt\/\"},{\"@type\":\"ListItem\",\"position\":2,\"name\":\"F. C. Porto sem Froholdt no onze diante do Casa Pia\"}]},{\"@type\":\"WebSite\",\"@id\":\"https:\/\/portaltela.pt\/#website\",\"url\":\"https:\/\/portaltela.pt\/\",\"name\":\"Portal Tela Portugal\",\"description\":\"\",\"potentialAction\":[{\"@type\":\"SearchAction\",\"target\":{\"@type\":\"EntryPoint\",\"urlTemplate\":\"https:\/\/portaltela.pt\/?s={search_term_string}\"},\"query-input\":{\"@type\":\"PropertyValueSpecification\",\"valueRequired\":true,\"valueName\":\"search_term_string\"}}],\"inLanguage\":\"pt-PT\"},{\"@type\":\"Person\",\"@id\":\"https:\/\/portaltela.pt\/#\/schema\/person\/c4278d4a6028830caff9ee44b42d32ed\",\"name\":\"Telinha\",\"image\":{\"@type\":\"ImageObject\",\"inLanguage\":\"pt-PT\",\"@id\":\"https:\/\/portaltela.pt\/s.01k8rhncp4jt1\/2025\/11\/talking-bot-125x125.png\",\"url\":\"https:\/\/portaltela.pt\/s.01k8rhncp4jt1\/2025\/11\/talking-bot-125x125.png\",\"contentUrl\":\"https:\/\/portaltela.pt\/s.01k8rhncp4jt1\/2025\/11\/talking-bot-125x125.png\",\"caption\":\"Telinha\"},\"sameAs\":[\"https:\/\/portaltela.pt\/\"],\"url\":\"https:\/\/portaltela.pt\/por\/367410592786\/\"}]}<\/script>\n<!-- \/ Yoast SEO plugin. -->","yoast_head_json":{"title":"F. C. Porto sem Froholdt no onze diante do Casa Pia - Portal Tela Portugal","robots":{"index":"index","follow":"follow","max-snippet":"max-snippet:-1","max-image-preview":"max-image-preview:large","max-video-preview":"max-video-preview:-1"},"og_locale":"pt_PT","og_type":"article","og_title":"F. C. Porto sem Froholdt no onze diante do Casa Pia - Portal Tela Portugal","og_description":"O F. C. Porto enfrenta o Casa Pia na jornada 20 da Liga portuguesa, em Rio Maior, esta segunda-feira. Froholdt fica no banco, saindo das op\u00e7\u00f5es iniciais do t\u00e9cnico Francesco Farioli. Onze do F. C. Porto: Diogo Costa; Martim Fernandes, Thiago Silva, Bednarek e Francisco Moura; Alan Varela, Pablo Rosario e Gabri Veiga; Pep\u00ea, Borja Sainz e Samu. Supplentes do F. C. Porto: Cl\u00e1udio Ramos, Jakub Kiwior, William Gomes, Victor Froholdt, Alberto Costa, Dominik Prpic, Deniz G\u00fcl, Pietuszewski e Rodrigo Mora. Onze do Casa Pia: Patrick Sequeira; Domingos Bandeira, Jo\u00e3o Goulart, Abdu Cont\u00e9, Rafael Brito, Tiago Morais, Livolant, David Albino, Larrazabal, Lawrence Ofori e Cassiano.","og_url":"https:\/\/portaltela.pt\/noticias\/2026\/02\/02\/f-c-porto-sem-froholdt-no-onze-diante-do-casa-pia\/","og_site_name":"Portal Tela Portugal","article_published_time":"2026-02-02T20:08:00+00:00","author":"Telinha","twitter_card":"summary_large_image","twitter_misc":{"Escrito por":"Telinha","Tempo estimado de leitura":"1 minuto"},"schema":{"@context":"https:\/\/schema.org","@graph":[{"@type":"Article","@id":"https:\/\/portaltela.pt\/noticias\/2026\/02\/02\/f-c-porto-sem-froholdt-no-onze-diante-do-casa-pia\/#article","isPartOf":{"@id":"https:\/\/portaltela.pt\/noticias\/2026\/02\/02\/f-c-porto-sem-froholdt-no-onze-diante-do-casa-pia\/"},"author":{"name":"Telinha","@id":"https:\/\/portaltela.pt\/#\/schema\/person\/c4278d4a6028830caff9ee44b42d32ed"},"headline":"F. C. Porto sem Froholdt no onze diante do Casa Pia","datePublished":"2026-02-02T20:08:00+00:00","mainEntityOfPage":{"@id":"https:\/\/portaltela.pt\/noticias\/2026\/02\/02\/f-c-porto-sem-froholdt-no-onze-diante-do-casa-pia\/"},"wordCount":189,"image":{"@id":"https:\/\/portaltela.pt\/noticias\/2026\/02\/02\/f-c-porto-sem-froholdt-no-onze-diante-do-casa-pia\/#primaryimage"},"thumbnailUrl":"https:\/\/portaltela.pt\/s.01k8rhncp4jt1\/2026\/02\/8c7d5b48-3375-4f12-8977-ebc6c7d51806_1200x675.jpg","keywords":["Borja Sainz","Casa Pia","FC Porto","futebol","Gabri Veiga","Pep\u00ea"],"articleSection":["Desporto","Futebol"],"inLanguage":"pt-PT"},{"@type":"WebPage","@id":"https:\/\/portaltela.pt\/noticias\/2026\/02\/02\/f-c-porto-sem-froholdt-no-onze-diante-do-casa-pia\/","url":"https:\/\/portaltela.pt\/noticias\/2026\/02\/02\/f-c-porto-sem-froholdt-no-onze-diante-do-casa-pia\/","name":"F. C. Porto sem Froholdt no onze diante do Casa Pia - Portal Tela Portugal","isPartOf":{"@id":"https:\/\/portaltela.pt\/#website"},"primaryImageOfPage":{"@id":"https:\/\/portaltela.pt\/noticias\/2026\/02\/02\/f-c-porto-sem-froholdt-no-onze-diante-do-casa-pia\/#primaryimage"},"image":{"@id":"https:\/\/portaltela.pt\/noticias\/2026\/02\/02\/f-c-porto-sem-froholdt-no-onze-diante-do-casa-pia\/#primaryimage"},"thumbnailUrl":"https:\/\/portaltela.pt\/s.01k8rhncp4jt1\/2026\/02\/8c7d5b48-3375-4f12-8977-ebc6c7d51806_1200x675.jpg","datePublished":"2026-02-02T20:08:00+00:00","author":{"@id":"https:\/\/portaltela.pt\/#\/schema\/person\/c4278d4a6028830caff9ee44b42d32ed"},"breadcrumb":{"@id":"https:\/\/portaltela.pt\/noticias\/2026\/02\/02\/f-c-porto-sem-froholdt-no-onze-diante-do-casa-pia\/#breadcrumb"},"inLanguage":"pt-PT","potentialAction":[{"@type":"ReadAction","target":["https:\/\/portaltela.pt\/noticias\/2026\/02\/02\/f-c-porto-sem-froholdt-no-onze-diante-do-casa-pia\/"]}]},{"@type":"ImageObject","inLanguage":"pt-PT","@id":"https:\/\/portaltela.pt\/noticias\/2026\/02\/02\/f-c-porto-sem-froholdt-no-onze-diante-do-casa-pia\/#primaryimage","url":"https:\/\/portaltela.pt\/s.01k8rhncp4jt1\/2026\/02\/8c7d5b48-3375-4f12-8977-ebc6c7d51806_1200x675.jpg","contentUrl":"https:\/\/portaltela.pt\/s.01k8rhncp4jt1\/2026\/02\/8c7d5b48-3375-4f12-8977-ebc6c7d51806_1200x675.jpg","width":796,"height":448,"caption":"Drag\u00f5es preparam-se em Rio Maior"},{"@type":"BreadcrumbList","@id":"https:\/\/portaltela.pt\/noticias\/2026\/02\/02\/f-c-porto-sem-froholdt-no-onze-diante-do-casa-pia\/#breadcrumb","itemListElement":[{"@type":"ListItem","position":1,"name":"In\u00edcio","item":"https:\/\/portaltela.pt\/"},{"@type":"ListItem","position":2,"name":"F. C. Porto sem Froholdt no onze diante do Casa Pia"}]},{"@type":"WebSite","@id":"https:\/\/portaltela.pt\/#website","url":"https:\/\/portaltela.pt\/","name":"Portal Tela Portugal","description":"","potentialAction":[{"@type":"SearchAction","target":{"@type":"EntryPoint","urlTemplate":"https:\/\/portaltela.pt\/?s={search_term_string}"},"query-input":{"@type":"PropertyValueSpecification","valueRequired":true,"valueName":"search_term_string"}}],"inLanguage":"pt-PT"},{"@type":"Person","@id":"https:\/\/portaltela.pt\/#\/schema\/person\/c4278d4a6028830caff9ee44b42d32ed","name":"Telinha","image":{"@type":"ImageObject","inLanguage":"pt-PT","@id":"https:\/\/portaltela.pt\/s.01k8rhncp4jt1\/2025\/11\/talking-bot-125x125.png","url":"https:\/\/portaltela.pt\/s.01k8rhncp4jt1\/2025\/11\/talking-bot-125x125.png","contentUrl":"https:\/\/portaltela.pt\/s.01k8rhncp4jt1\/2025\/11\/talking-bot-125x125.png","caption":"Telinha"},"sameAs":["https:\/\/portaltela.pt\/"],"url":"https:\/\/portaltela.pt\/por\/367410592786\/"}]}},"_links":{"self":[{"href":"https:\/\/portaltela.pt\/api\/wp\/v2\/posts\/192072","targetHints":{"allow":["GET"]}}],"collection":[{"href":"https:\/\/portaltela.pt\/api\/wp\/v2\/posts"}],"about":[{"href":"https:\/\/portaltela.pt\/api\/wp\/v2\/types\/post"}],"author":[{"embeddable":true,"href":"https:\/\/portaltela.pt\/api\/wp\/v2\/users\/2"}],"replies":[{"embeddable":true,"href":"https:\/\/portaltela.pt\/api\/wp\/v2\/comments?post=192072"}],"version-history":[{"count":0,"href":"https:\/\/portaltela.pt\/api\/wp\/v2\/posts\/192072\/revisions"}],"wp:featuredmedia":[{"embeddable":true,"href":"https:\/\/portaltela.pt\/api\/wp\/v2\/media\/192076"}],"wp:attachment":[{"href":"https:\/\/portaltela.pt\/api\/wp\/v2\/media?parent=192072"}],"wp:term":[{"taxonomy":"category","embeddable":true,"href":"https:\/\/portaltela.pt\/api\/wp\/v2\/categories?post=192072"},{"taxonomy":"post_tag","embeddable":true,"href":"https:\/\/portaltela.pt\/api\/wp\/v2\/tags?post=192072"}],"curies":[{"name":"wp","href":"https:\/\/api.w.org\/{rel}","templated":true}]}}