{"id":191610,"date":"2026-02-02T14:38:00","date_gmt":"2026-02-02T17:38:00","guid":{"rendered":"https:\/\/portaltela.pt\/noticias\/2026\/02\/02\/prisao-preventiva-para-homem-que-assassinou-a-filha-da-atriz-delfina-cruz\/"},"modified":"2026-02-02T14:38:00","modified_gmt":"2026-02-02T17:38:00","slug":"prisao-preventiva-para-homem-que-assassinou-a-filha-da-atriz-delfina-cruz","status":"publish","type":"post","link":"https:\/\/portaltela.pt\/noticias\/2026\/02\/02\/prisao-preventiva-para-homem-que-assassinou-a-filha-da-atriz-delfina-cruz\/","title":{"rendered":"Pris\u00e3o preventiva para homem que assassinou a filha da atriz Delfina Cruz"},"content":{"rendered":"<p>Foi decretada a pris\u00e3o preventiva de um homem de 35 anos, principal suspeito de ter morto Maria Cust\u00f3dia Amaral, filha da atriz Delfina Cruz. O suspeito j\u00e1 confessou o crime \u00e0s autoridades e indicou o local onde ter\u00e1 deixado o corpo, na Lagoa de \u00d2bidos.<\/p>\n<p>A v\u00edtima, Maria Cust\u00f3dia Amaral, era agente imobili\u00e1ria. O crime ocorreu de forma recente, e a confiss\u00e3o facilitou a localiza\u00e7\u00e3o de parte da evid\u00eancia, segundo as informa\u00e7\u00f5es dispon\u00edveis junto das autoridades.<\/p>\n<p>A investiga\u00e7\u00e3o continua em curso, com a Pol\u00edcia a confirmar a deten\u00e7\u00e3o preventiva do suspeito e a recolha de provas. O corpo n\u00e3o foi recuperado oficialmente, enquanto os investigadores seguem para confirmar circunst\u00e2ncias, motiva\u00e7\u00e3o e eventuais c\u00famplices.<\/p>\n<p>Fonte: CM Jornal<\/p>\n","protected":false},"excerpt":{"rendered":"<ul>\n<li>Fica em pris\u00e3o preventiva o principal suspeito de matar Maria Cust\u00f3dia Amaral, filha da atriz Delfina Cruz.<\/li>\n<li>O suspeito \u00e9 um homem de 35 anos que j\u00e1 confessou o crime \u00e0s autoridades.<\/li>\n<li>Jos\u00e9 indicou o local onde deixou o corpo da v\u00edtima, na Lagoa de \u00d3bidos.<\/li>\n<li>Maria Cust\u00f3dia Amaral era filha da atriz Delfina Cruz.<\/li>\n<\/ul>\n","protected":false},"author":2,"featured_media":191615,"comment_status":"closed","ping_status":"closed","sticky":false,"template":"","format":"standard","meta":{"footnotes":""},"categories":[1],"tags":[147,1345,217,2419,1280,4343],"class_list":["post-191610","post","type-post","status-publish","format-standard","has-post-thumbnail","hentry","category-noticias","tag-crime","tag-homicidio","tag-investigacao-criminal","tag-lagoa","tag-obidos","tag-prisoes"],"yoast_head":"<!-- This site is optimized with the Yoast SEO plugin v27.2 - https:\/\/yoast.com\/product\/yoast-seo-wordpress\/ -->\n<title>Pris\u00e3o preventiva para homem que assassinou a filha da atriz Delfina Cruz - Portal Tela Portugal<\/title>\n<meta name=\"robots\" content=\"index, follow, max-snippet:-1, max-image-preview:large, max-video-preview:-1\" \/>\n<meta property=\"og:locale\" content=\"pt_PT\" \/>\n<meta property=\"og:type\" content=\"article\" \/>\n<meta property=\"og:title\" content=\"Pris\u00e3o preventiva para homem que assassinou a filha da atriz Delfina Cruz - Portal Tela Portugal\" \/>\n<meta property=\"og:description\" content=\"Fica em pris\u00e3o preventiva o principal suspeito de matar Maria Cust\u00f3dia Amaral, filha da atriz Delfina Cruz. O suspeito \u00e9 um homem de 35 anos que j\u00e1 confessou o crime \u00e0s autoridades. Jos\u00e9 indicou o local onde deixou o corpo da v\u00edtima, na Lagoa de \u00d3bidos. Maria Cust\u00f3dia Amaral era filha da atriz Delfina Cruz.\" \/>\n<meta property=\"og:url\" content=\"https:\/\/portaltela.pt\/noticias\/2026\/02\/02\/prisao-preventiva-para-homem-que-assassinou-a-filha-da-atriz-delfina-cruz\/\" \/>\n<meta property=\"og:site_name\" content=\"Portal Tela Portugal\" \/>\n<meta property=\"article:published_time\" content=\"2026-02-02T17:38:00+00:00\" \/>\n<meta name=\"author\" content=\"Telinha\" \/>\n<meta name=\"twitter:card\" content=\"summary_large_image\" \/>\n<meta name=\"twitter:label1\" content=\"Escrito por\" \/>\n\t<meta name=\"twitter:data1\" content=\"Telinha\" \/>\n\t<meta name=\"twitter:label2\" content=\"Tempo estimado de leitura\" \/>\n\t<meta name=\"twitter:data2\" content=\"1 minuto\" \/>\n<script type=\"application\/ld+json\" class=\"yoast-schema-graph\">{\"@context\":\"https:\/\/schema.org\",\"@graph\":[{\"@type\":\"Article\",\"@id\":\"https:\/\/portaltela.pt\/noticias\/2026\/02\/02\/prisao-preventiva-para-homem-que-assassinou-a-filha-da-atriz-delfina-cruz\/#article\",\"isPartOf\":{\"@id\":\"https:\/\/portaltela.pt\/noticias\/2026\/02\/02\/prisao-preventiva-para-homem-que-assassinou-a-filha-da-atriz-delfina-cruz\/\"},\"author\":{\"name\":\"Telinha\",\"@id\":\"https:\/\/portaltela.pt\/#\/schema\/person\/c4278d4a6028830caff9ee44b42d32ed\"},\"headline\":\"Pris\u00e3o preventiva para homem que assassinou a filha da atriz Delfina Cruz\",\"datePublished\":\"2026-02-02T17:38:00+00:00\",\"mainEntityOfPage\":{\"@id\":\"https:\/\/portaltela.pt\/noticias\/2026\/02\/02\/prisao-preventiva-para-homem-que-assassinou-a-filha-da-atriz-delfina-cruz\/\"},\"wordCount\":145,\"image\":{\"@id\":\"https:\/\/portaltela.pt\/noticias\/2026\/02\/02\/prisao-preventiva-para-homem-que-assassinou-a-filha-da-atriz-delfina-cruz\/#primaryimage\"},\"thumbnailUrl\":\"https:\/\/portaltela.pt\/s.01k8rhncp4jt1\/2026\/02\/img_1500x1000uu2026-01-23-21-30-23-2262207.jpg\",\"keywords\":[\"crime\",\"homic\u00eddio\",\"investiga\u00e7\u00e3o criminal\",\"Lagoa\",\"\u00d3bidos\",\"pris\u00f5es\"],\"articleSection\":[\"Not\u00edcias\"],\"inLanguage\":\"pt-PT\"},{\"@type\":\"WebPage\",\"@id\":\"https:\/\/portaltela.pt\/noticias\/2026\/02\/02\/prisao-preventiva-para-homem-que-assassinou-a-filha-da-atriz-delfina-cruz\/\",\"url\":\"https:\/\/portaltela.pt\/noticias\/2026\/02\/02\/prisao-preventiva-para-homem-que-assassinou-a-filha-da-atriz-delfina-cruz\/\",\"name\":\"Pris\u00e3o preventiva para homem que assassinou a filha da atriz Delfina Cruz - Portal Tela Portugal\",\"isPartOf\":{\"@id\":\"https:\/\/portaltela.pt\/#website\"},\"primaryImageOfPage\":{\"@id\":\"https:\/\/portaltela.pt\/noticias\/2026\/02\/02\/prisao-preventiva-para-homem-que-assassinou-a-filha-da-atriz-delfina-cruz\/#primaryimage\"},\"image\":{\"@id\":\"https:\/\/portaltela.pt\/noticias\/2026\/02\/02\/prisao-preventiva-para-homem-que-assassinou-a-filha-da-atriz-delfina-cruz\/#primaryimage\"},\"thumbnailUrl\":\"https:\/\/portaltela.pt\/s.01k8rhncp4jt1\/2026\/02\/img_1500x1000uu2026-01-23-21-30-23-2262207.jpg\",\"datePublished\":\"2026-02-02T17:38:00+00:00\",\"author\":{\"@id\":\"https:\/\/portaltela.pt\/#\/schema\/person\/c4278d4a6028830caff9ee44b42d32ed\"},\"breadcrumb\":{\"@id\":\"https:\/\/portaltela.pt\/noticias\/2026\/02\/02\/prisao-preventiva-para-homem-que-assassinou-a-filha-da-atriz-delfina-cruz\/#breadcrumb\"},\"inLanguage\":\"pt-PT\",\"potentialAction\":[{\"@type\":\"ReadAction\",\"target\":[\"https:\/\/portaltela.pt\/noticias\/2026\/02\/02\/prisao-preventiva-para-homem-que-assassinou-a-filha-da-atriz-delfina-cruz\/\"]}]},{\"@type\":\"ImageObject\",\"inLanguage\":\"pt-PT\",\"@id\":\"https:\/\/portaltela.pt\/noticias\/2026\/02\/02\/prisao-preventiva-para-homem-que-assassinou-a-filha-da-atriz-delfina-cruz\/#primaryimage\",\"url\":\"https:\/\/portaltela.pt\/s.01k8rhncp4jt1\/2026\/02\/img_1500x1000uu2026-01-23-21-30-23-2262207.jpg\",\"contentUrl\":\"https:\/\/portaltela.pt\/s.01k8rhncp4jt1\/2026\/02\/img_1500x1000uu2026-01-23-21-30-23-2262207.jpg\",\"width\":796,\"height\":448,\"caption\":\"Maria Cust\u00f3dia Amaral\"},{\"@type\":\"BreadcrumbList\",\"@id\":\"https:\/\/portaltela.pt\/noticias\/2026\/02\/02\/prisao-preventiva-para-homem-que-assassinou-a-filha-da-atriz-delfina-cruz\/#breadcrumb\",\"itemListElement\":[{\"@type\":\"ListItem\",\"position\":1,\"name\":\"In\u00edcio\",\"item\":\"https:\/\/portaltela.pt\/\"},{\"@type\":\"ListItem\",\"position\":2,\"name\":\"Pris\u00e3o preventiva para homem que assassinou a filha da atriz Delfina Cruz\"}]},{\"@type\":\"WebSite\",\"@id\":\"https:\/\/portaltela.pt\/#website\",\"url\":\"https:\/\/portaltela.pt\/\",\"name\":\"Portal Tela Portugal\",\"description\":\"\",\"potentialAction\":[{\"@type\":\"SearchAction\",\"target\":{\"@type\":\"EntryPoint\",\"urlTemplate\":\"https:\/\/portaltela.pt\/?s={search_term_string}\"},\"query-input\":{\"@type\":\"PropertyValueSpecification\",\"valueRequired\":true,\"valueName\":\"search_term_string\"}}],\"inLanguage\":\"pt-PT\"},{\"@type\":\"Person\",\"@id\":\"https:\/\/portaltela.pt\/#\/schema\/person\/c4278d4a6028830caff9ee44b42d32ed\",\"name\":\"Telinha\",\"image\":{\"@type\":\"ImageObject\",\"inLanguage\":\"pt-PT\",\"@id\":\"https:\/\/portaltela.pt\/s.01k8rhncp4jt1\/2025\/11\/talking-bot-125x125.png\",\"url\":\"https:\/\/portaltela.pt\/s.01k8rhncp4jt1\/2025\/11\/talking-bot-125x125.png\",\"contentUrl\":\"https:\/\/portaltela.pt\/s.01k8rhncp4jt1\/2025\/11\/talking-bot-125x125.png\",\"caption\":\"Telinha\"},\"sameAs\":[\"https:\/\/portaltela.pt\/\"],\"url\":\"https:\/\/portaltela.pt\/por\/367410592786\/\"}]}<\/script>\n<!-- \/ Yoast SEO plugin. -->","yoast_head_json":{"title":"Pris\u00e3o preventiva para homem que assassinou a filha da atriz Delfina Cruz - Portal Tela Portugal","robots":{"index":"index","follow":"follow","max-snippet":"max-snippet:-1","max-image-preview":"max-image-preview:large","max-video-preview":"max-video-preview:-1"},"og_locale":"pt_PT","og_type":"article","og_title":"Pris\u00e3o preventiva para homem que assassinou a filha da atriz Delfina Cruz - Portal Tela Portugal","og_description":"Fica em pris\u00e3o preventiva o principal suspeito de matar Maria Cust\u00f3dia Amaral, filha da atriz Delfina Cruz. O suspeito \u00e9 um homem de 35 anos que j\u00e1 confessou o crime \u00e0s autoridades. Jos\u00e9 indicou o local onde deixou o corpo da v\u00edtima, na Lagoa de \u00d3bidos. Maria Cust\u00f3dia Amaral era filha da atriz Delfina Cruz.","og_url":"https:\/\/portaltela.pt\/noticias\/2026\/02\/02\/prisao-preventiva-para-homem-que-assassinou-a-filha-da-atriz-delfina-cruz\/","og_site_name":"Portal Tela Portugal","article_published_time":"2026-02-02T17:38:00+00:00","author":"Telinha","twitter_card":"summary_large_image","twitter_misc":{"Escrito por":"Telinha","Tempo estimado de leitura":"1 minuto"},"schema":{"@context":"https:\/\/schema.org","@graph":[{"@type":"Article","@id":"https:\/\/portaltela.pt\/noticias\/2026\/02\/02\/prisao-preventiva-para-homem-que-assassinou-a-filha-da-atriz-delfina-cruz\/#article","isPartOf":{"@id":"https:\/\/portaltela.pt\/noticias\/2026\/02\/02\/prisao-preventiva-para-homem-que-assassinou-a-filha-da-atriz-delfina-cruz\/"},"author":{"name":"Telinha","@id":"https:\/\/portaltela.pt\/#\/schema\/person\/c4278d4a6028830caff9ee44b42d32ed"},"headline":"Pris\u00e3o preventiva para homem que assassinou a filha da atriz Delfina Cruz","datePublished":"2026-02-02T17:38:00+00:00","mainEntityOfPage":{"@id":"https:\/\/portaltela.pt\/noticias\/2026\/02\/02\/prisao-preventiva-para-homem-que-assassinou-a-filha-da-atriz-delfina-cruz\/"},"wordCount":145,"image":{"@id":"https:\/\/portaltela.pt\/noticias\/2026\/02\/02\/prisao-preventiva-para-homem-que-assassinou-a-filha-da-atriz-delfina-cruz\/#primaryimage"},"thumbnailUrl":"https:\/\/portaltela.pt\/s.01k8rhncp4jt1\/2026\/02\/img_1500x1000uu2026-01-23-21-30-23-2262207.jpg","keywords":["crime","homic\u00eddio","investiga\u00e7\u00e3o criminal","Lagoa","\u00d3bidos","pris\u00f5es"],"articleSection":["Not\u00edcias"],"inLanguage":"pt-PT"},{"@type":"WebPage","@id":"https:\/\/portaltela.pt\/noticias\/2026\/02\/02\/prisao-preventiva-para-homem-que-assassinou-a-filha-da-atriz-delfina-cruz\/","url":"https:\/\/portaltela.pt\/noticias\/2026\/02\/02\/prisao-preventiva-para-homem-que-assassinou-a-filha-da-atriz-delfina-cruz\/","name":"Pris\u00e3o preventiva para homem que assassinou a filha da atriz Delfina Cruz - Portal Tela Portugal","isPartOf":{"@id":"https:\/\/portaltela.pt\/#website"},"primaryImageOfPage":{"@id":"https:\/\/portaltela.pt\/noticias\/2026\/02\/02\/prisao-preventiva-para-homem-que-assassinou-a-filha-da-atriz-delfina-cruz\/#primaryimage"},"image":{"@id":"https:\/\/portaltela.pt\/noticias\/2026\/02\/02\/prisao-preventiva-para-homem-que-assassinou-a-filha-da-atriz-delfina-cruz\/#primaryimage"},"thumbnailUrl":"https:\/\/portaltela.pt\/s.01k8rhncp4jt1\/2026\/02\/img_1500x1000uu2026-01-23-21-30-23-2262207.jpg","datePublished":"2026-02-02T17:38:00+00:00","author":{"@id":"https:\/\/portaltela.pt\/#\/schema\/person\/c4278d4a6028830caff9ee44b42d32ed"},"breadcrumb":{"@id":"https:\/\/portaltela.pt\/noticias\/2026\/02\/02\/prisao-preventiva-para-homem-que-assassinou-a-filha-da-atriz-delfina-cruz\/#breadcrumb"},"inLanguage":"pt-PT","potentialAction":[{"@type":"ReadAction","target":["https:\/\/portaltela.pt\/noticias\/2026\/02\/02\/prisao-preventiva-para-homem-que-assassinou-a-filha-da-atriz-delfina-cruz\/"]}]},{"@type":"ImageObject","inLanguage":"pt-PT","@id":"https:\/\/portaltela.pt\/noticias\/2026\/02\/02\/prisao-preventiva-para-homem-que-assassinou-a-filha-da-atriz-delfina-cruz\/#primaryimage","url":"https:\/\/portaltela.pt\/s.01k8rhncp4jt1\/2026\/02\/img_1500x1000uu2026-01-23-21-30-23-2262207.jpg","contentUrl":"https:\/\/portaltela.pt\/s.01k8rhncp4jt1\/2026\/02\/img_1500x1000uu2026-01-23-21-30-23-2262207.jpg","width":796,"height":448,"caption":"Maria Cust\u00f3dia Amaral"},{"@type":"BreadcrumbList","@id":"https:\/\/portaltela.pt\/noticias\/2026\/02\/02\/prisao-preventiva-para-homem-que-assassinou-a-filha-da-atriz-delfina-cruz\/#breadcrumb","itemListElement":[{"@type":"ListItem","position":1,"name":"In\u00edcio","item":"https:\/\/portaltela.pt\/"},{"@type":"ListItem","position":2,"name":"Pris\u00e3o preventiva para homem que assassinou a filha da atriz Delfina Cruz"}]},{"@type":"WebSite","@id":"https:\/\/portaltela.pt\/#website","url":"https:\/\/portaltela.pt\/","name":"Portal Tela Portugal","description":"","potentialAction":[{"@type":"SearchAction","target":{"@type":"EntryPoint","urlTemplate":"https:\/\/portaltela.pt\/?s={search_term_string}"},"query-input":{"@type":"PropertyValueSpecification","valueRequired":true,"valueName":"search_term_string"}}],"inLanguage":"pt-PT"},{"@type":"Person","@id":"https:\/\/portaltela.pt\/#\/schema\/person\/c4278d4a6028830caff9ee44b42d32ed","name":"Telinha","image":{"@type":"ImageObject","inLanguage":"pt-PT","@id":"https:\/\/portaltela.pt\/s.01k8rhncp4jt1\/2025\/11\/talking-bot-125x125.png","url":"https:\/\/portaltela.pt\/s.01k8rhncp4jt1\/2025\/11\/talking-bot-125x125.png","contentUrl":"https:\/\/portaltela.pt\/s.01k8rhncp4jt1\/2025\/11\/talking-bot-125x125.png","caption":"Telinha"},"sameAs":["https:\/\/portaltela.pt\/"],"url":"https:\/\/portaltela.pt\/por\/367410592786\/"}]}},"_links":{"self":[{"href":"https:\/\/portaltela.pt\/api\/wp\/v2\/posts\/191610","targetHints":{"allow":["GET"]}}],"collection":[{"href":"https:\/\/portaltela.pt\/api\/wp\/v2\/posts"}],"about":[{"href":"https:\/\/portaltela.pt\/api\/wp\/v2\/types\/post"}],"author":[{"embeddable":true,"href":"https:\/\/portaltela.pt\/api\/wp\/v2\/users\/2"}],"replies":[{"embeddable":true,"href":"https:\/\/portaltela.pt\/api\/wp\/v2\/comments?post=191610"}],"version-history":[{"count":0,"href":"https:\/\/portaltela.pt\/api\/wp\/v2\/posts\/191610\/revisions"}],"wp:featuredmedia":[{"embeddable":true,"href":"https:\/\/portaltela.pt\/api\/wp\/v2\/media\/191615"}],"wp:attachment":[{"href":"https:\/\/portaltela.pt\/api\/wp\/v2\/media?parent=191610"}],"wp:term":[{"taxonomy":"category","embeddable":true,"href":"https:\/\/portaltela.pt\/api\/wp\/v2\/categories?post=191610"},{"taxonomy":"post_tag","embeddable":true,"href":"https:\/\/portaltela.pt\/api\/wp\/v2\/tags?post=191610"}],"curies":[{"name":"wp","href":"https:\/\/api.w.org\/{rel}","templated":true}]}}