{"id":190773,"date":"2026-02-02T09:53:00","date_gmt":"2026-02-02T12:53:00","guid":{"rendered":"https:\/\/portaltela.pt\/noticias\/2026\/02\/02\/la-redoute-avisa-sobre-potenciais-atrasos-apos-destruicao-da-depressao-kristin\/"},"modified":"2026-02-02T09:53:00","modified_gmt":"2026-02-02T12:53:00","slug":"la-redoute-avisa-sobre-potenciais-atrasos-apos-destruicao-da-depressao-kristin","status":"publish","type":"post","link":"https:\/\/portaltela.pt\/noticias\/economia\/2026\/02\/02\/la-redoute-avisa-sobre-potenciais-atrasos-apos-destruicao-da-depressao-kristin\/","title":{"rendered":"La Redoute avisa sobre potenciais atrasos ap\u00f3s destrui\u00e7\u00e3o da depress\u00e3o Kristin"},"content":{"rendered":"<p>La Redoute, empresa de venda de moda e mobili\u00e1rio, alerta para potenciais atrasos nas entregas e respostas devido \u00e0 depress\u00e3o Kristin que atingiu os distritos de Leiria e Coimbra, na semana passada. A not\u00edcia foi comunicada aos clientes na segunda-feira, 2 de fevereiro, pela sede da marca, em Leiria.<\/p>\n<p>Segundo a comunica\u00e7\u00e3o oficial, a expedi\u00e7\u00e3o de encomendas decorre de forma normal, mas o processamento de trocas e devolu\u00e7\u00f5es enfrenta atrasos. O apoio ao cliente tamb\u00e9m est\u00e1 a sofrer impactos e pode haver demora nas respostas.<\/p>\n<p>A marca solicita compreens\u00e3o aos clientes e explica que os canais de contacto, incluindo redes sociais, podem estar sobrecarregados. Al\u00e9m disso, pode haver mensagens apagadas automaticamente devido \u00e0 limita\u00e7\u00e3o de reten\u00e7\u00e3o nos chats e no WhatsApp.<\/p>\n<h3>Impacto operacional<\/h3>\n<p>A organiza\u00e7\u00e3o refor\u00e7a o compromisso com o bem-estar das equipas e com o apoio \u00e0s pessoas afetadas pela situa\u00e7\u00e3o, mantendo a flexibilidade necess\u00e1ria para o atendimento aos clientes assim que poss\u00edvel.<\/p>\n","protected":false},"excerpt":{"rendered":"<ul>\n<li>A La Redoute avisa que podem ocorrer atrasos nas entregas e nas respostas devido aos impactos da depress\u00e3o Kristin, que afetou Leiria e Coimbra.<\/li>\n<li>A expedi\u00e7\u00e3o de encomendas continua a decorrer normalmente, mas trocas e devolu\u00e7\u00f5es podem ter atrasos.<\/li>\n<li>O Apoio ao Cliente tamb\u00e9m foi afetado, podendo haver atrasos nas respostas e nos canais de comunica\u00e7\u00e3o, incluindo redes sociais.<\/li>\n<li>Devido \u00e0 reten\u00e7\u00e3o de mensagens nos canais de Chat e WhatsApp, algumas mensagens podem ser apagadas automaticamente; a empresa pede que os utilizadores repitam o contacto.<\/li>\n<li>A empresa expressa solidariedade \u00e0s pessoas afetadas e refor\u00e7a o compromisso de manter a flexibilidade para o bem-estar dos colaboradores e o apoio \u00e0s pessoas impactadas.<\/li>\n<\/ul>\n","protected":false},"author":2,"featured_media":190777,"comment_status":"closed","ping_status":"closed","sticky":false,"template":"","format":"standard","meta":{"footnotes":""},"categories":[2,1],"tags":[3812,4818,1070,3983,1385,88],"class_list":["post-190773","post","type-post","status-publish","format-standard","has-post-thumbnail","hentry","category-economia","category-noticias","tag-alagamentos","tag-apoio-as-catastrofes-naturais","tag-coimbra","tag-entregas","tag-leiria","tag-redes-sociais"],"yoast_head":"<!-- This site is optimized with the Yoast SEO plugin v27.2 - https:\/\/yoast.com\/product\/yoast-seo-wordpress\/ -->\n<title>La Redoute avisa sobre potenciais atrasos ap\u00f3s destrui\u00e7\u00e3o da depress\u00e3o Kristin - Portal Tela Portugal<\/title>\n<meta name=\"robots\" content=\"index, follow, max-snippet:-1, max-image-preview:large, max-video-preview:-1\" \/>\n<meta property=\"og:locale\" content=\"pt_PT\" \/>\n<meta property=\"og:type\" content=\"article\" \/>\n<meta property=\"og:title\" content=\"La Redoute avisa sobre potenciais atrasos ap\u00f3s destrui\u00e7\u00e3o da depress\u00e3o Kristin - Portal Tela Portugal\" \/>\n<meta property=\"og:description\" content=\"A La Redoute avisa que podem ocorrer atrasos nas entregas e nas respostas devido aos impactos da depress\u00e3o Kristin, que afetou Leiria e Coimbra. A expedi\u00e7\u00e3o de encomendas continua a decorrer normalmente, mas trocas e devolu\u00e7\u00f5es podem ter atrasos. O Apoio ao Cliente tamb\u00e9m foi afetado, podendo haver atrasos nas respostas e nos canais de comunica\u00e7\u00e3o, incluindo redes sociais. Devido \u00e0 reten\u00e7\u00e3o de mensagens nos canais de Chat e WhatsApp, algumas mensagens podem ser apagadas automaticamente; a empresa pede que os utilizadores repitam o contacto. A empresa expressa solidariedade \u00e0s pessoas afetadas e refor\u00e7a o compromisso de manter a flexibilidade para o bem-estar dos colaboradores e o apoio \u00e0s pessoas impactadas.\" \/>\n<meta property=\"og:url\" content=\"https:\/\/portaltela.pt\/noticias\/2026\/02\/02\/la-redoute-avisa-sobre-potenciais-atrasos-apos-destruicao-da-depressao-kristin\/\" \/>\n<meta property=\"og:site_name\" content=\"Portal Tela Portugal\" \/>\n<meta property=\"article:published_time\" content=\"2026-02-02T12:53:00+00:00\" \/>\n<meta name=\"author\" content=\"Telinha\" \/>\n<meta name=\"twitter:card\" content=\"summary_large_image\" \/>\n<meta name=\"twitter:label1\" content=\"Escrito por\" \/>\n\t<meta name=\"twitter:data1\" content=\"Telinha\" \/>\n\t<meta name=\"twitter:label2\" content=\"Tempo estimado de leitura\" \/>\n\t<meta name=\"twitter:data2\" content=\"1 minuto\" \/>\n<script type=\"application\/ld+json\" class=\"yoast-schema-graph\">{\"@context\":\"https:\/\/schema.org\",\"@graph\":[{\"@type\":\"Article\",\"@id\":\"https:\/\/portaltela.pt\/noticias\/2026\/02\/02\/la-redoute-avisa-sobre-potenciais-atrasos-apos-destruicao-da-depressao-kristin\/#article\",\"isPartOf\":{\"@id\":\"https:\/\/portaltela.pt\/noticias\/2026\/02\/02\/la-redoute-avisa-sobre-potenciais-atrasos-apos-destruicao-da-depressao-kristin\/\"},\"author\":{\"name\":\"Telinha\",\"@id\":\"https:\/\/portaltela.pt\/#\/schema\/person\/c4278d4a6028830caff9ee44b42d32ed\"},\"headline\":\"La Redoute avisa sobre potenciais atrasos ap\u00f3s destrui\u00e7\u00e3o da depress\u00e3o Kristin\",\"datePublished\":\"2026-02-02T12:53:00+00:00\",\"mainEntityOfPage\":{\"@id\":\"https:\/\/portaltela.pt\/noticias\/2026\/02\/02\/la-redoute-avisa-sobre-potenciais-atrasos-apos-destruicao-da-depressao-kristin\/\"},\"wordCount\":181,\"image\":{\"@id\":\"https:\/\/portaltela.pt\/noticias\/2026\/02\/02\/la-redoute-avisa-sobre-potenciais-atrasos-apos-destruicao-da-depressao-kristin\/#primaryimage\"},\"thumbnailUrl\":\"https:\/\/portaltela.pt\/s.01k8rhncp4jt1\/2026\/02\/image-102.jpg\",\"keywords\":[\"alagamentos\",\"Apoio \u00e0s Cat\u00e1strofes Naturais\",\"Coimbra\",\"entregas\",\"Leiria\",\"redes sociais\"],\"articleSection\":[\"Economia\",\"Not\u00edcias\"],\"inLanguage\":\"pt-PT\"},{\"@type\":\"WebPage\",\"@id\":\"https:\/\/portaltela.pt\/noticias\/2026\/02\/02\/la-redoute-avisa-sobre-potenciais-atrasos-apos-destruicao-da-depressao-kristin\/\",\"url\":\"https:\/\/portaltela.pt\/noticias\/2026\/02\/02\/la-redoute-avisa-sobre-potenciais-atrasos-apos-destruicao-da-depressao-kristin\/\",\"name\":\"La Redoute avisa sobre potenciais atrasos ap\u00f3s destrui\u00e7\u00e3o da depress\u00e3o Kristin - Portal Tela Portugal\",\"isPartOf\":{\"@id\":\"https:\/\/portaltela.pt\/#website\"},\"primaryImageOfPage\":{\"@id\":\"https:\/\/portaltela.pt\/noticias\/2026\/02\/02\/la-redoute-avisa-sobre-potenciais-atrasos-apos-destruicao-da-depressao-kristin\/#primaryimage\"},\"image\":{\"@id\":\"https:\/\/portaltela.pt\/noticias\/2026\/02\/02\/la-redoute-avisa-sobre-potenciais-atrasos-apos-destruicao-da-depressao-kristin\/#primaryimage\"},\"thumbnailUrl\":\"https:\/\/portaltela.pt\/s.01k8rhncp4jt1\/2026\/02\/image-102.jpg\",\"datePublished\":\"2026-02-02T12:53:00+00:00\",\"author\":{\"@id\":\"https:\/\/portaltela.pt\/#\/schema\/person\/c4278d4a6028830caff9ee44b42d32ed\"},\"breadcrumb\":{\"@id\":\"https:\/\/portaltela.pt\/noticias\/2026\/02\/02\/la-redoute-avisa-sobre-potenciais-atrasos-apos-destruicao-da-depressao-kristin\/#breadcrumb\"},\"inLanguage\":\"pt-PT\",\"potentialAction\":[{\"@type\":\"ReadAction\",\"target\":[\"https:\/\/portaltela.pt\/noticias\/2026\/02\/02\/la-redoute-avisa-sobre-potenciais-atrasos-apos-destruicao-da-depressao-kristin\/\"]}]},{\"@type\":\"ImageObject\",\"inLanguage\":\"pt-PT\",\"@id\":\"https:\/\/portaltela.pt\/noticias\/2026\/02\/02\/la-redoute-avisa-sobre-potenciais-atrasos-apos-destruicao-da-depressao-kristin\/#primaryimage\",\"url\":\"https:\/\/portaltela.pt\/s.01k8rhncp4jt1\/2026\/02\/image-102.jpg\",\"contentUrl\":\"https:\/\/portaltela.pt\/s.01k8rhncp4jt1\/2026\/02\/image-102.jpg\",\"width\":796,\"height\":448,\"caption\":\"Imagem de contexto do artigo La Redoute avisa para eventuais atrasos ap\u00f3s destrui\u00e7\u00e3o da depress\u00e3o Kristin\"},{\"@type\":\"BreadcrumbList\",\"@id\":\"https:\/\/portaltela.pt\/noticias\/2026\/02\/02\/la-redoute-avisa-sobre-potenciais-atrasos-apos-destruicao-da-depressao-kristin\/#breadcrumb\",\"itemListElement\":[{\"@type\":\"ListItem\",\"position\":1,\"name\":\"In\u00edcio\",\"item\":\"https:\/\/portaltela.pt\/\"},{\"@type\":\"ListItem\",\"position\":2,\"name\":\"La Redoute avisa sobre potenciais atrasos ap\u00f3s destrui\u00e7\u00e3o da depress\u00e3o Kristin\"}]},{\"@type\":\"WebSite\",\"@id\":\"https:\/\/portaltela.pt\/#website\",\"url\":\"https:\/\/portaltela.pt\/\",\"name\":\"Portal Tela Portugal\",\"description\":\"\",\"potentialAction\":[{\"@type\":\"SearchAction\",\"target\":{\"@type\":\"EntryPoint\",\"urlTemplate\":\"https:\/\/portaltela.pt\/?s={search_term_string}\"},\"query-input\":{\"@type\":\"PropertyValueSpecification\",\"valueRequired\":true,\"valueName\":\"search_term_string\"}}],\"inLanguage\":\"pt-PT\"},{\"@type\":\"Person\",\"@id\":\"https:\/\/portaltela.pt\/#\/schema\/person\/c4278d4a6028830caff9ee44b42d32ed\",\"name\":\"Telinha\",\"image\":{\"@type\":\"ImageObject\",\"inLanguage\":\"pt-PT\",\"@id\":\"https:\/\/portaltela.pt\/s.01k8rhncp4jt1\/2025\/11\/talking-bot-125x125.png\",\"url\":\"https:\/\/portaltela.pt\/s.01k8rhncp4jt1\/2025\/11\/talking-bot-125x125.png\",\"contentUrl\":\"https:\/\/portaltela.pt\/s.01k8rhncp4jt1\/2025\/11\/talking-bot-125x125.png\",\"caption\":\"Telinha\"},\"sameAs\":[\"https:\/\/portaltela.pt\/\"],\"url\":\"https:\/\/portaltela.pt\/por\/367410592786\/\"}]}<\/script>\n<!-- \/ Yoast SEO plugin. -->","yoast_head_json":{"title":"La Redoute avisa sobre potenciais atrasos ap\u00f3s destrui\u00e7\u00e3o da depress\u00e3o Kristin - Portal Tela Portugal","robots":{"index":"index","follow":"follow","max-snippet":"max-snippet:-1","max-image-preview":"max-image-preview:large","max-video-preview":"max-video-preview:-1"},"og_locale":"pt_PT","og_type":"article","og_title":"La Redoute avisa sobre potenciais atrasos ap\u00f3s destrui\u00e7\u00e3o da depress\u00e3o Kristin - Portal Tela Portugal","og_description":"A La Redoute avisa que podem ocorrer atrasos nas entregas e nas respostas devido aos impactos da depress\u00e3o Kristin, que afetou Leiria e Coimbra. A expedi\u00e7\u00e3o de encomendas continua a decorrer normalmente, mas trocas e devolu\u00e7\u00f5es podem ter atrasos. O Apoio ao Cliente tamb\u00e9m foi afetado, podendo haver atrasos nas respostas e nos canais de comunica\u00e7\u00e3o, incluindo redes sociais. Devido \u00e0 reten\u00e7\u00e3o de mensagens nos canais de Chat e WhatsApp, algumas mensagens podem ser apagadas automaticamente; a empresa pede que os utilizadores repitam o contacto. A empresa expressa solidariedade \u00e0s pessoas afetadas e refor\u00e7a o compromisso de manter a flexibilidade para o bem-estar dos colaboradores e o apoio \u00e0s pessoas impactadas.","og_url":"https:\/\/portaltela.pt\/noticias\/2026\/02\/02\/la-redoute-avisa-sobre-potenciais-atrasos-apos-destruicao-da-depressao-kristin\/","og_site_name":"Portal Tela Portugal","article_published_time":"2026-02-02T12:53:00+00:00","author":"Telinha","twitter_card":"summary_large_image","twitter_misc":{"Escrito por":"Telinha","Tempo estimado de leitura":"1 minuto"},"schema":{"@context":"https:\/\/schema.org","@graph":[{"@type":"Article","@id":"https:\/\/portaltela.pt\/noticias\/2026\/02\/02\/la-redoute-avisa-sobre-potenciais-atrasos-apos-destruicao-da-depressao-kristin\/#article","isPartOf":{"@id":"https:\/\/portaltela.pt\/noticias\/2026\/02\/02\/la-redoute-avisa-sobre-potenciais-atrasos-apos-destruicao-da-depressao-kristin\/"},"author":{"name":"Telinha","@id":"https:\/\/portaltela.pt\/#\/schema\/person\/c4278d4a6028830caff9ee44b42d32ed"},"headline":"La Redoute avisa sobre potenciais atrasos ap\u00f3s destrui\u00e7\u00e3o da depress\u00e3o Kristin","datePublished":"2026-02-02T12:53:00+00:00","mainEntityOfPage":{"@id":"https:\/\/portaltela.pt\/noticias\/2026\/02\/02\/la-redoute-avisa-sobre-potenciais-atrasos-apos-destruicao-da-depressao-kristin\/"},"wordCount":181,"image":{"@id":"https:\/\/portaltela.pt\/noticias\/2026\/02\/02\/la-redoute-avisa-sobre-potenciais-atrasos-apos-destruicao-da-depressao-kristin\/#primaryimage"},"thumbnailUrl":"https:\/\/portaltela.pt\/s.01k8rhncp4jt1\/2026\/02\/image-102.jpg","keywords":["alagamentos","Apoio \u00e0s Cat\u00e1strofes Naturais","Coimbra","entregas","Leiria","redes sociais"],"articleSection":["Economia","Not\u00edcias"],"inLanguage":"pt-PT"},{"@type":"WebPage","@id":"https:\/\/portaltela.pt\/noticias\/2026\/02\/02\/la-redoute-avisa-sobre-potenciais-atrasos-apos-destruicao-da-depressao-kristin\/","url":"https:\/\/portaltela.pt\/noticias\/2026\/02\/02\/la-redoute-avisa-sobre-potenciais-atrasos-apos-destruicao-da-depressao-kristin\/","name":"La Redoute avisa sobre potenciais atrasos ap\u00f3s destrui\u00e7\u00e3o da depress\u00e3o Kristin - Portal Tela Portugal","isPartOf":{"@id":"https:\/\/portaltela.pt\/#website"},"primaryImageOfPage":{"@id":"https:\/\/portaltela.pt\/noticias\/2026\/02\/02\/la-redoute-avisa-sobre-potenciais-atrasos-apos-destruicao-da-depressao-kristin\/#primaryimage"},"image":{"@id":"https:\/\/portaltela.pt\/noticias\/2026\/02\/02\/la-redoute-avisa-sobre-potenciais-atrasos-apos-destruicao-da-depressao-kristin\/#primaryimage"},"thumbnailUrl":"https:\/\/portaltela.pt\/s.01k8rhncp4jt1\/2026\/02\/image-102.jpg","datePublished":"2026-02-02T12:53:00+00:00","author":{"@id":"https:\/\/portaltela.pt\/#\/schema\/person\/c4278d4a6028830caff9ee44b42d32ed"},"breadcrumb":{"@id":"https:\/\/portaltela.pt\/noticias\/2026\/02\/02\/la-redoute-avisa-sobre-potenciais-atrasos-apos-destruicao-da-depressao-kristin\/#breadcrumb"},"inLanguage":"pt-PT","potentialAction":[{"@type":"ReadAction","target":["https:\/\/portaltela.pt\/noticias\/2026\/02\/02\/la-redoute-avisa-sobre-potenciais-atrasos-apos-destruicao-da-depressao-kristin\/"]}]},{"@type":"ImageObject","inLanguage":"pt-PT","@id":"https:\/\/portaltela.pt\/noticias\/2026\/02\/02\/la-redoute-avisa-sobre-potenciais-atrasos-apos-destruicao-da-depressao-kristin\/#primaryimage","url":"https:\/\/portaltela.pt\/s.01k8rhncp4jt1\/2026\/02\/image-102.jpg","contentUrl":"https:\/\/portaltela.pt\/s.01k8rhncp4jt1\/2026\/02\/image-102.jpg","width":796,"height":448,"caption":"Imagem de contexto do artigo La Redoute avisa para eventuais atrasos ap\u00f3s destrui\u00e7\u00e3o da depress\u00e3o Kristin"},{"@type":"BreadcrumbList","@id":"https:\/\/portaltela.pt\/noticias\/2026\/02\/02\/la-redoute-avisa-sobre-potenciais-atrasos-apos-destruicao-da-depressao-kristin\/#breadcrumb","itemListElement":[{"@type":"ListItem","position":1,"name":"In\u00edcio","item":"https:\/\/portaltela.pt\/"},{"@type":"ListItem","position":2,"name":"La Redoute avisa sobre potenciais atrasos ap\u00f3s destrui\u00e7\u00e3o da depress\u00e3o Kristin"}]},{"@type":"WebSite","@id":"https:\/\/portaltela.pt\/#website","url":"https:\/\/portaltela.pt\/","name":"Portal Tela Portugal","description":"","potentialAction":[{"@type":"SearchAction","target":{"@type":"EntryPoint","urlTemplate":"https:\/\/portaltela.pt\/?s={search_term_string}"},"query-input":{"@type":"PropertyValueSpecification","valueRequired":true,"valueName":"search_term_string"}}],"inLanguage":"pt-PT"},{"@type":"Person","@id":"https:\/\/portaltela.pt\/#\/schema\/person\/c4278d4a6028830caff9ee44b42d32ed","name":"Telinha","image":{"@type":"ImageObject","inLanguage":"pt-PT","@id":"https:\/\/portaltela.pt\/s.01k8rhncp4jt1\/2025\/11\/talking-bot-125x125.png","url":"https:\/\/portaltela.pt\/s.01k8rhncp4jt1\/2025\/11\/talking-bot-125x125.png","contentUrl":"https:\/\/portaltela.pt\/s.01k8rhncp4jt1\/2025\/11\/talking-bot-125x125.png","caption":"Telinha"},"sameAs":["https:\/\/portaltela.pt\/"],"url":"https:\/\/portaltela.pt\/por\/367410592786\/"}]}},"_links":{"self":[{"href":"https:\/\/portaltela.pt\/api\/wp\/v2\/posts\/190773","targetHints":{"allow":["GET"]}}],"collection":[{"href":"https:\/\/portaltela.pt\/api\/wp\/v2\/posts"}],"about":[{"href":"https:\/\/portaltela.pt\/api\/wp\/v2\/types\/post"}],"author":[{"embeddable":true,"href":"https:\/\/portaltela.pt\/api\/wp\/v2\/users\/2"}],"replies":[{"embeddable":true,"href":"https:\/\/portaltela.pt\/api\/wp\/v2\/comments?post=190773"}],"version-history":[{"count":0,"href":"https:\/\/portaltela.pt\/api\/wp\/v2\/posts\/190773\/revisions"}],"wp:featuredmedia":[{"embeddable":true,"href":"https:\/\/portaltela.pt\/api\/wp\/v2\/media\/190777"}],"wp:attachment":[{"href":"https:\/\/portaltela.pt\/api\/wp\/v2\/media?parent=190773"}],"wp:term":[{"taxonomy":"category","embeddable":true,"href":"https:\/\/portaltela.pt\/api\/wp\/v2\/categories?post=190773"},{"taxonomy":"post_tag","embeddable":true,"href":"https:\/\/portaltela.pt\/api\/wp\/v2\/tags?post=190773"}],"curies":[{"name":"wp","href":"https:\/\/api.w.org\/{rel}","templated":true}]}}