{"id":190616,"date":"2026-02-02T09:02:34","date_gmt":"2026-02-02T12:02:34","guid":{"rendered":"https:\/\/portaltela.pt\/noticias\/2026\/02\/02\/tres-cruzeiros-irao-gerar-perto-de-700-mil-euros-na-economia-regional\/"},"modified":"2026-02-02T09:02:34","modified_gmt":"2026-02-02T12:02:34","slug":"tres-cruzeiros-irao-gerar-perto-de-700-mil-euros-na-economia-regional","status":"publish","type":"post","link":"https:\/\/portaltela.pt\/noticias\/2026\/02\/02\/tres-cruzeiros-irao-gerar-perto-de-700-mil-euros-na-economia-regional\/","title":{"rendered":"Tr\u00eas cruzeiros ir\u00e3o gerar perto de 700 mil euros na economia regional"},"content":{"rendered":"<p>O porto do Funchal recebe esta segunda-feira a passagem de mais de 12 mil pessoas a bordo de tr\u00eas cruzeiros. A opera\u00e7\u00e3o gera um impacto econ\u00f3mico estimado em 738 mil euros na regi\u00e3o, conforme estudo da ACIF citado pela APRAM.<\/p>\n<p>Segundo o estudo, o gasto m\u00e9dio por passageiro ou tripulante \u00e9 de 61,40 euros. Este valor alimenta restaurantes, com\u00e9rcio, servi\u00e7os, anima\u00e7\u00e3o tur\u00edstica e transportes na cidade.<\/p>\n<p>Para al\u00e9m do impacto direto, entram cerca de 24 mil euros de receita de taxa tur\u00edstica nos cofres da C\u00e2mara Municipal do Funchal, associada \u00e0 escala.<\/p>\n<p>O Wind Star foi o primeiro a chegar, ainda na noite anterior, ao Cais 6. O navio traz 124 passageiros e 104 tripulantes, vindo de Santa Cruz de La Palma. A estadia \u00e9 at\u00e9 ter\u00e7a-feira.<\/p>\n<p>O Wind Star realiza um cruzeiro de 10 dias na rota CAI, com paragens em Tenerife, La Gomera, La Palma, Lanzarote e Gran Canaria, antes de seguir para o arquip\u00e9lago can\u00e1rio.<\/p>\n<p>O AIDAcosma juntou-se ao Wind Star por volta das 6h, vindo de Las Palmas. O navio leva 7.625 pessoas a bordo (6.191 passageiros e 1.434 tripulantes) e permanecer\u00e1 no Funchal at\u00e9 \u00e0s 22h30, depois segue para Tenerife.<\/p>\n<p>O AIDAcosma, que termina um cruzeiro de sete dias pela rota Cruise Atlantic Islands, iniciou em Tenerife a 28 de janeiro. Antes de chegar ao Funchal, visitou Fuertaventura, Lanzarote e Gran Canaria.<\/p>\n<p>O Azura chegou cerca de uma hora depois, oriundo de Santa Cruz de Tenerife, com 3.009 passageiros e 1.158 tripulantes. A escala no Funchal termina \u00e0s 22h, seguindo para Puerto del Rosario, Fuerteventura.<\/p>\n<p>At\u00e9 ao final de mar\u00e7o, o Azura manter\u00e1 cruzeiros de uma a duas semanas na rota CAI, com paragens por La Palma, Tenerife, Funchal e Fuerteventura.<\/p>\n","protected":false},"excerpt":{"rendered":"<ul>\n<li>O porto do Funchal recebeu esta segunda-feira mais de doze mil pessoas a bordo de tr\u00eas navios de cruzeiro \u2014 AIDAcosma, Azura e Wind Star \u2014 com impacto estimado na economia regional de cerca de 738 mil euros, segundo estudo da ACIF.<\/li>\n<li>De acordo com a APRAM, citando o estudo, h\u00e1 um gasto m\u00e9dio de 61,40 euros por passageiro\/tripulante, acrescentando perto de 24 mil euros de receita de taxa tur\u00edstica para a C\u00e2mara Municipal do Funchal.<\/li>\n<li>O Wind Star foi o primeiro a chegar, ficou no Cais 6 e transporta 124 passageiros e 104 tripulantes, vindos de Santa Cruz de La Palma; permanece at\u00e9 ter\u00e7a-feira, em cruzeiro de 10 dias pela rota CAI.<\/li>\n<li>O AIDAcosma chegou por volta das 6 horas, com 7.625 pessoas a bordo, fica at\u00e9 \u00e0s 22h30 e segue para Tenerife; realiza um cruzeiro de sete dias pela CAI, visitando Fuertventura, Lanzarote e Gran Canaria.<\/li>\n<li>O Azura chegou cerca de uma hora depois, com 3.009 passageiros e 1.158 tripulantes; permanece at\u00e9 \u00e0s 22h e segue para Puerto Del Rosario, Fuerteventura; at\u00e9 final de mar\u00e7o, cruzeiros de uma a duas semanas pela CAI, com paragens em La Palma, Tenerife, Funchal e Fuerteventura.<\/li>\n<\/ul>\n","protected":false},"author":2,"featured_media":190623,"comment_status":"closed","ping_status":"closed","sticky":false,"template":"","format":"standard","meta":{"footnotes":""},"categories":[1],"tags":[28,1120,859,3011,5013,169],"class_list":["post-190616","post","type-post","status-publish","format-standard","has-post-thumbnail","hentry","category-noticias","tag-economia","tag-funchal","tag-madeira","tag-madeira-sad","tag-portos","tag-turismo"],"yoast_head":"<!-- This site is optimized with the Yoast SEO plugin v27.2 - https:\/\/yoast.com\/product\/yoast-seo-wordpress\/ -->\n<title>Tr\u00eas cruzeiros ir\u00e3o gerar perto de 700 mil euros na economia regional - Portal Tela Portugal<\/title>\n<meta name=\"robots\" content=\"index, follow, max-snippet:-1, max-image-preview:large, max-video-preview:-1\" \/>\n<meta property=\"og:locale\" content=\"pt_PT\" \/>\n<meta property=\"og:type\" content=\"article\" \/>\n<meta property=\"og:title\" content=\"Tr\u00eas cruzeiros ir\u00e3o gerar perto de 700 mil euros na economia regional - Portal Tela Portugal\" \/>\n<meta property=\"og:description\" content=\"O porto do Funchal recebeu esta segunda-feira mais de doze mil pessoas a bordo de tr\u00eas navios de cruzeiro \u2014 AIDAcosma, Azura e Wind Star \u2014 com impacto estimado na economia regional de cerca de 738 mil euros, segundo estudo da ACIF. De acordo com a APRAM, citando o estudo, h\u00e1 um gasto m\u00e9dio de 61,40 euros por passageiro\/tripulante, acrescentando perto de 24 mil euros de receita de taxa tur\u00edstica para a C\u00e2mara Municipal do Funchal. O Wind Star foi o primeiro a chegar, ficou no Cais 6 e transporta 124 passageiros e 104 tripulantes, vindos de Santa Cruz de La Palma; permanece at\u00e9 ter\u00e7a-feira, em cruzeiro de 10 dias pela rota CAI. O AIDAcosma chegou por volta das 6 horas, com 7.625 pessoas a bordo, fica at\u00e9 \u00e0s 22h30 e segue para Tenerife; realiza um cruzeiro de sete dias pela CAI, visitando Fuertventura, Lanzarote e Gran Canaria. O Azura chegou cerca de uma hora depois, com 3.009 passageiros e 1.158 tripulantes; permanece at\u00e9 \u00e0s 22h e segue para Puerto Del Rosario, Fuerteventura; at\u00e9 final de mar\u00e7o, cruzeiros de uma a duas semanas pela CAI, com paragens em La Palma, Tenerife, Funchal e Fuerteventura.\" \/>\n<meta property=\"og:url\" content=\"https:\/\/portaltela.pt\/noticias\/2026\/02\/02\/tres-cruzeiros-irao-gerar-perto-de-700-mil-euros-na-economia-regional\/\" \/>\n<meta property=\"og:site_name\" content=\"Portal Tela Portugal\" \/>\n<meta property=\"article:published_time\" content=\"2026-02-02T12:02:34+00:00\" \/>\n<meta name=\"author\" content=\"Telinha\" \/>\n<meta name=\"twitter:card\" content=\"summary_large_image\" \/>\n<meta name=\"twitter:label1\" content=\"Escrito por\" \/>\n\t<meta name=\"twitter:data1\" content=\"Telinha\" \/>\n\t<meta name=\"twitter:label2\" content=\"Tempo estimado de leitura\" \/>\n\t<meta name=\"twitter:data2\" content=\"1 minuto\" \/>\n<script type=\"application\/ld+json\" class=\"yoast-schema-graph\">{\"@context\":\"https:\/\/schema.org\",\"@graph\":[{\"@type\":\"Article\",\"@id\":\"https:\/\/portaltela.pt\/noticias\/2026\/02\/02\/tres-cruzeiros-irao-gerar-perto-de-700-mil-euros-na-economia-regional\/#article\",\"isPartOf\":{\"@id\":\"https:\/\/portaltela.pt\/noticias\/2026\/02\/02\/tres-cruzeiros-irao-gerar-perto-de-700-mil-euros-na-economia-regional\/\"},\"author\":{\"name\":\"Telinha\",\"@id\":\"https:\/\/portaltela.pt\/#\/schema\/person\/c4278d4a6028830caff9ee44b42d32ed\"},\"headline\":\"Tr\u00eas cruzeiros ir\u00e3o gerar perto de 700 mil euros na economia regional\",\"datePublished\":\"2026-02-02T12:02:34+00:00\",\"mainEntityOfPage\":{\"@id\":\"https:\/\/portaltela.pt\/noticias\/2026\/02\/02\/tres-cruzeiros-irao-gerar-perto-de-700-mil-euros-na-economia-regional\/\"},\"wordCount\":298,\"image\":{\"@id\":\"https:\/\/portaltela.pt\/noticias\/2026\/02\/02\/tres-cruzeiros-irao-gerar-perto-de-700-mil-euros-na-economia-regional\/#primaryimage\"},\"thumbnailUrl\":\"https:\/\/portaltela.pt\/s.01k8rhncp4jt1\/2026\/02\/transferir_2_gy6HP7a.jpg\",\"keywords\":[\"economia\",\"Funchal\",\"Madeira\",\"Madeira SAD\",\"Portos\",\"turismo\"],\"articleSection\":[\"Not\u00edcias\"],\"inLanguage\":\"pt-PT\"},{\"@type\":\"WebPage\",\"@id\":\"https:\/\/portaltela.pt\/noticias\/2026\/02\/02\/tres-cruzeiros-irao-gerar-perto-de-700-mil-euros-na-economia-regional\/\",\"url\":\"https:\/\/portaltela.pt\/noticias\/2026\/02\/02\/tres-cruzeiros-irao-gerar-perto-de-700-mil-euros-na-economia-regional\/\",\"name\":\"Tr\u00eas cruzeiros ir\u00e3o gerar perto de 700 mil euros na economia regional - Portal Tela Portugal\",\"isPartOf\":{\"@id\":\"https:\/\/portaltela.pt\/#website\"},\"primaryImageOfPage\":{\"@id\":\"https:\/\/portaltela.pt\/noticias\/2026\/02\/02\/tres-cruzeiros-irao-gerar-perto-de-700-mil-euros-na-economia-regional\/#primaryimage\"},\"image\":{\"@id\":\"https:\/\/portaltela.pt\/noticias\/2026\/02\/02\/tres-cruzeiros-irao-gerar-perto-de-700-mil-euros-na-economia-regional\/#primaryimage\"},\"thumbnailUrl\":\"https:\/\/portaltela.pt\/s.01k8rhncp4jt1\/2026\/02\/transferir_2_gy6HP7a.jpg\",\"datePublished\":\"2026-02-02T12:02:34+00:00\",\"author\":{\"@id\":\"https:\/\/portaltela.pt\/#\/schema\/person\/c4278d4a6028830caff9ee44b42d32ed\"},\"breadcrumb\":{\"@id\":\"https:\/\/portaltela.pt\/noticias\/2026\/02\/02\/tres-cruzeiros-irao-gerar-perto-de-700-mil-euros-na-economia-regional\/#breadcrumb\"},\"inLanguage\":\"pt-PT\",\"potentialAction\":[{\"@type\":\"ReadAction\",\"target\":[\"https:\/\/portaltela.pt\/noticias\/2026\/02\/02\/tres-cruzeiros-irao-gerar-perto-de-700-mil-euros-na-economia-regional\/\"]}]},{\"@type\":\"ImageObject\",\"inLanguage\":\"pt-PT\",\"@id\":\"https:\/\/portaltela.pt\/noticias\/2026\/02\/02\/tres-cruzeiros-irao-gerar-perto-de-700-mil-euros-na-economia-regional\/#primaryimage\",\"url\":\"https:\/\/portaltela.pt\/s.01k8rhncp4jt1\/2026\/02\/transferir_2_gy6HP7a.jpg\",\"contentUrl\":\"https:\/\/portaltela.pt\/s.01k8rhncp4jt1\/2026\/02\/transferir_2_gy6HP7a.jpg\",\"width\":796,\"height\":448,\"caption\":\"Tr\u00eas cruzeiros v\u00e3o deixar perto de 700 mil euros na economia regional\"},{\"@type\":\"BreadcrumbList\",\"@id\":\"https:\/\/portaltela.pt\/noticias\/2026\/02\/02\/tres-cruzeiros-irao-gerar-perto-de-700-mil-euros-na-economia-regional\/#breadcrumb\",\"itemListElement\":[{\"@type\":\"ListItem\",\"position\":1,\"name\":\"In\u00edcio\",\"item\":\"https:\/\/portaltela.pt\/\"},{\"@type\":\"ListItem\",\"position\":2,\"name\":\"Tr\u00eas cruzeiros ir\u00e3o gerar perto de 700 mil euros na economia regional\"}]},{\"@type\":\"WebSite\",\"@id\":\"https:\/\/portaltela.pt\/#website\",\"url\":\"https:\/\/portaltela.pt\/\",\"name\":\"Portal Tela Portugal\",\"description\":\"\",\"potentialAction\":[{\"@type\":\"SearchAction\",\"target\":{\"@type\":\"EntryPoint\",\"urlTemplate\":\"https:\/\/portaltela.pt\/?s={search_term_string}\"},\"query-input\":{\"@type\":\"PropertyValueSpecification\",\"valueRequired\":true,\"valueName\":\"search_term_string\"}}],\"inLanguage\":\"pt-PT\"},{\"@type\":\"Person\",\"@id\":\"https:\/\/portaltela.pt\/#\/schema\/person\/c4278d4a6028830caff9ee44b42d32ed\",\"name\":\"Telinha\",\"image\":{\"@type\":\"ImageObject\",\"inLanguage\":\"pt-PT\",\"@id\":\"https:\/\/portaltela.pt\/s.01k8rhncp4jt1\/2025\/11\/talking-bot-125x125.png\",\"url\":\"https:\/\/portaltela.pt\/s.01k8rhncp4jt1\/2025\/11\/talking-bot-125x125.png\",\"contentUrl\":\"https:\/\/portaltela.pt\/s.01k8rhncp4jt1\/2025\/11\/talking-bot-125x125.png\",\"caption\":\"Telinha\"},\"sameAs\":[\"https:\/\/portaltela.pt\/\"],\"url\":\"https:\/\/portaltela.pt\/por\/367410592786\/\"}]}<\/script>\n<!-- \/ Yoast SEO plugin. -->","yoast_head_json":{"title":"Tr\u00eas cruzeiros ir\u00e3o gerar perto de 700 mil euros na economia regional - Portal Tela Portugal","robots":{"index":"index","follow":"follow","max-snippet":"max-snippet:-1","max-image-preview":"max-image-preview:large","max-video-preview":"max-video-preview:-1"},"og_locale":"pt_PT","og_type":"article","og_title":"Tr\u00eas cruzeiros ir\u00e3o gerar perto de 700 mil euros na economia regional - Portal Tela Portugal","og_description":"O porto do Funchal recebeu esta segunda-feira mais de doze mil pessoas a bordo de tr\u00eas navios de cruzeiro \u2014 AIDAcosma, Azura e Wind Star \u2014 com impacto estimado na economia regional de cerca de 738 mil euros, segundo estudo da ACIF. De acordo com a APRAM, citando o estudo, h\u00e1 um gasto m\u00e9dio de 61,40 euros por passageiro\/tripulante, acrescentando perto de 24 mil euros de receita de taxa tur\u00edstica para a C\u00e2mara Municipal do Funchal. O Wind Star foi o primeiro a chegar, ficou no Cais 6 e transporta 124 passageiros e 104 tripulantes, vindos de Santa Cruz de La Palma; permanece at\u00e9 ter\u00e7a-feira, em cruzeiro de 10 dias pela rota CAI. O AIDAcosma chegou por volta das 6 horas, com 7.625 pessoas a bordo, fica at\u00e9 \u00e0s 22h30 e segue para Tenerife; realiza um cruzeiro de sete dias pela CAI, visitando Fuertventura, Lanzarote e Gran Canaria. O Azura chegou cerca de uma hora depois, com 3.009 passageiros e 1.158 tripulantes; permanece at\u00e9 \u00e0s 22h e segue para Puerto Del Rosario, Fuerteventura; at\u00e9 final de mar\u00e7o, cruzeiros de uma a duas semanas pela CAI, com paragens em La Palma, Tenerife, Funchal e Fuerteventura.","og_url":"https:\/\/portaltela.pt\/noticias\/2026\/02\/02\/tres-cruzeiros-irao-gerar-perto-de-700-mil-euros-na-economia-regional\/","og_site_name":"Portal Tela Portugal","article_published_time":"2026-02-02T12:02:34+00:00","author":"Telinha","twitter_card":"summary_large_image","twitter_misc":{"Escrito por":"Telinha","Tempo estimado de leitura":"1 minuto"},"schema":{"@context":"https:\/\/schema.org","@graph":[{"@type":"Article","@id":"https:\/\/portaltela.pt\/noticias\/2026\/02\/02\/tres-cruzeiros-irao-gerar-perto-de-700-mil-euros-na-economia-regional\/#article","isPartOf":{"@id":"https:\/\/portaltela.pt\/noticias\/2026\/02\/02\/tres-cruzeiros-irao-gerar-perto-de-700-mil-euros-na-economia-regional\/"},"author":{"name":"Telinha","@id":"https:\/\/portaltela.pt\/#\/schema\/person\/c4278d4a6028830caff9ee44b42d32ed"},"headline":"Tr\u00eas cruzeiros ir\u00e3o gerar perto de 700 mil euros na economia regional","datePublished":"2026-02-02T12:02:34+00:00","mainEntityOfPage":{"@id":"https:\/\/portaltela.pt\/noticias\/2026\/02\/02\/tres-cruzeiros-irao-gerar-perto-de-700-mil-euros-na-economia-regional\/"},"wordCount":298,"image":{"@id":"https:\/\/portaltela.pt\/noticias\/2026\/02\/02\/tres-cruzeiros-irao-gerar-perto-de-700-mil-euros-na-economia-regional\/#primaryimage"},"thumbnailUrl":"https:\/\/portaltela.pt\/s.01k8rhncp4jt1\/2026\/02\/transferir_2_gy6HP7a.jpg","keywords":["economia","Funchal","Madeira","Madeira SAD","Portos","turismo"],"articleSection":["Not\u00edcias"],"inLanguage":"pt-PT"},{"@type":"WebPage","@id":"https:\/\/portaltela.pt\/noticias\/2026\/02\/02\/tres-cruzeiros-irao-gerar-perto-de-700-mil-euros-na-economia-regional\/","url":"https:\/\/portaltela.pt\/noticias\/2026\/02\/02\/tres-cruzeiros-irao-gerar-perto-de-700-mil-euros-na-economia-regional\/","name":"Tr\u00eas cruzeiros ir\u00e3o gerar perto de 700 mil euros na economia regional - Portal Tela Portugal","isPartOf":{"@id":"https:\/\/portaltela.pt\/#website"},"primaryImageOfPage":{"@id":"https:\/\/portaltela.pt\/noticias\/2026\/02\/02\/tres-cruzeiros-irao-gerar-perto-de-700-mil-euros-na-economia-regional\/#primaryimage"},"image":{"@id":"https:\/\/portaltela.pt\/noticias\/2026\/02\/02\/tres-cruzeiros-irao-gerar-perto-de-700-mil-euros-na-economia-regional\/#primaryimage"},"thumbnailUrl":"https:\/\/portaltela.pt\/s.01k8rhncp4jt1\/2026\/02\/transferir_2_gy6HP7a.jpg","datePublished":"2026-02-02T12:02:34+00:00","author":{"@id":"https:\/\/portaltela.pt\/#\/schema\/person\/c4278d4a6028830caff9ee44b42d32ed"},"breadcrumb":{"@id":"https:\/\/portaltela.pt\/noticias\/2026\/02\/02\/tres-cruzeiros-irao-gerar-perto-de-700-mil-euros-na-economia-regional\/#breadcrumb"},"inLanguage":"pt-PT","potentialAction":[{"@type":"ReadAction","target":["https:\/\/portaltela.pt\/noticias\/2026\/02\/02\/tres-cruzeiros-irao-gerar-perto-de-700-mil-euros-na-economia-regional\/"]}]},{"@type":"ImageObject","inLanguage":"pt-PT","@id":"https:\/\/portaltela.pt\/noticias\/2026\/02\/02\/tres-cruzeiros-irao-gerar-perto-de-700-mil-euros-na-economia-regional\/#primaryimage","url":"https:\/\/portaltela.pt\/s.01k8rhncp4jt1\/2026\/02\/transferir_2_gy6HP7a.jpg","contentUrl":"https:\/\/portaltela.pt\/s.01k8rhncp4jt1\/2026\/02\/transferir_2_gy6HP7a.jpg","width":796,"height":448,"caption":"Tr\u00eas cruzeiros v\u00e3o deixar perto de 700 mil euros na economia regional"},{"@type":"BreadcrumbList","@id":"https:\/\/portaltela.pt\/noticias\/2026\/02\/02\/tres-cruzeiros-irao-gerar-perto-de-700-mil-euros-na-economia-regional\/#breadcrumb","itemListElement":[{"@type":"ListItem","position":1,"name":"In\u00edcio","item":"https:\/\/portaltela.pt\/"},{"@type":"ListItem","position":2,"name":"Tr\u00eas cruzeiros ir\u00e3o gerar perto de 700 mil euros na economia regional"}]},{"@type":"WebSite","@id":"https:\/\/portaltela.pt\/#website","url":"https:\/\/portaltela.pt\/","name":"Portal Tela Portugal","description":"","potentialAction":[{"@type":"SearchAction","target":{"@type":"EntryPoint","urlTemplate":"https:\/\/portaltela.pt\/?s={search_term_string}"},"query-input":{"@type":"PropertyValueSpecification","valueRequired":true,"valueName":"search_term_string"}}],"inLanguage":"pt-PT"},{"@type":"Person","@id":"https:\/\/portaltela.pt\/#\/schema\/person\/c4278d4a6028830caff9ee44b42d32ed","name":"Telinha","image":{"@type":"ImageObject","inLanguage":"pt-PT","@id":"https:\/\/portaltela.pt\/s.01k8rhncp4jt1\/2025\/11\/talking-bot-125x125.png","url":"https:\/\/portaltela.pt\/s.01k8rhncp4jt1\/2025\/11\/talking-bot-125x125.png","contentUrl":"https:\/\/portaltela.pt\/s.01k8rhncp4jt1\/2025\/11\/talking-bot-125x125.png","caption":"Telinha"},"sameAs":["https:\/\/portaltela.pt\/"],"url":"https:\/\/portaltela.pt\/por\/367410592786\/"}]}},"_links":{"self":[{"href":"https:\/\/portaltela.pt\/api\/wp\/v2\/posts\/190616","targetHints":{"allow":["GET"]}}],"collection":[{"href":"https:\/\/portaltela.pt\/api\/wp\/v2\/posts"}],"about":[{"href":"https:\/\/portaltela.pt\/api\/wp\/v2\/types\/post"}],"author":[{"embeddable":true,"href":"https:\/\/portaltela.pt\/api\/wp\/v2\/users\/2"}],"replies":[{"embeddable":true,"href":"https:\/\/portaltela.pt\/api\/wp\/v2\/comments?post=190616"}],"version-history":[{"count":0,"href":"https:\/\/portaltela.pt\/api\/wp\/v2\/posts\/190616\/revisions"}],"wp:featuredmedia":[{"embeddable":true,"href":"https:\/\/portaltela.pt\/api\/wp\/v2\/media\/190623"}],"wp:attachment":[{"href":"https:\/\/portaltela.pt\/api\/wp\/v2\/media?parent=190616"}],"wp:term":[{"taxonomy":"category","embeddable":true,"href":"https:\/\/portaltela.pt\/api\/wp\/v2\/categories?post=190616"},{"taxonomy":"post_tag","embeddable":true,"href":"https:\/\/portaltela.pt\/api\/wp\/v2\/tags?post=190616"}],"curies":[{"name":"wp","href":"https:\/\/api.w.org\/{rel}","templated":true}]}}