{"id":190571,"date":"2026-02-02T08:45:00","date_gmt":"2026-02-02T11:45:00","guid":{"rendered":"https:\/\/portaltela.pt\/noticias\/2026\/02\/02\/portel-reforca-lideranca-nos-distritais-da-af-evora-estremoz-goleia\/"},"modified":"2026-02-02T08:45:00","modified_gmt":"2026-02-02T11:45:00","slug":"portel-reforca-lideranca-nos-distritais-da-af-evora-estremoz-goleia","status":"publish","type":"post","link":"https:\/\/portaltela.pt\/desporto\/futebol\/2026\/02\/02\/portel-reforca-lideranca-nos-distritais-da-af-evora-estremoz-goleia\/","title":{"rendered":"Portel refor\u00e7a lideran\u00e7a nos distritais da AF \u00c9vora; Estremoz goleia"},"content":{"rendered":"<p>Na jornada dos campeonatos distritais da Associa\u00e7\u00e3o de Futebol de \u00c9vora, disputada neste fim de semana, houve mudan\u00e7as relevantes na tabela, em especial na Divis\u00e3o Elite e na Divis\u00e3o de Honra, com v\u00e1rias partidas a marcar o andamento da prova.<\/p>\n<p>O GD Portel manteve a lideran\u00e7a da Divis\u00e3o Elite ao vencer o Grupo Uni\u00e3o Sport por 1-0, somando 29 pontos. O Lusitano GC B triunfou em Escoural por 0-1 e assegurou o 3\u00ba lugar com 22 pontos. A jornada contou ainda com triunfos de Sp. Viana, Monte Trigo, Redondense e Arcoense.<\/p>\n<p>Com estes resultados, o GD Portel mant\u00e9m a lideran\u00e7a isolada, enquanto o Grupo Uni\u00e3o Sport segue no 2.\u00ba posto. A closely followed pela luta pela frente da tabela permanece vol\u00e1til, com v\u00e1rias equipas ainda na corrida.<\/p>\n<h3>Divis\u00e3o Elite<\/h3>\n<p>GDR Canaviais mant\u00e9m-se na lideran\u00e7a da S\u00e9rie A da Divis\u00e3o de Honra, com 27 pontos, seguido pelo Bencatelense com 25. Destaque para a goleada do CF Estremoz sobre AD Vera Cruz, por 8-0, um dos\/ dos resultados mais expressivos do fim de semana.<\/p>\n<p>O Bencatelense venceu fora o Atl\u00e9tico de Reguengos B por 1-6, enquanto o Borbense derrotou o Calipolense por 1-2. A luta pelo topo continua apertada, com tr\u00eas equipas separadas por apenas tr\u00eas pontos.<\/p>\n<h3>Divis\u00e3o Honra &#8211; S\u00e9rie B<\/h3>\n<p>Na S\u00e9rie B, o Arraiolense lidera com 22 pontos, apesar de ter perdido em casa frente ao Foros Vale Figueira por 1-2. O Santana do Campo aproximou-se ao vencer Corti\u00e7adense por 3-2, somando 20 pontos. O Alc\u00e1\u00e7ovense, com vit\u00f3ria sobre Fazendas do Corti\u00e7o por 4-2, segue em 3.\u00ba com 18 pontos.<\/p>\n","protected":false},"excerpt":{"rendered":"<ul>\n<li>GD Portel mant\u00e9m a lideran\u00e7a da Divis\u00e3o Elite com 29 pontos ap\u00f3s vencer o Grupo Uni\u00e3o Sport por 1-0; Grupo Uni\u00e3o Sport permanece no segundo posto.<\/li>\n<li>Lusitano GC B, terceiro classificado, venceu fora o Escouralense por 0-1, mantendo-se com 22 pontos.<\/li>\n<li>CF Estremoz goleia a AD Vera Cruz por 8-0 na Divis\u00e3o de Honra, S\u00e9rie A; GDR Canaviais lidera a S\u00e9rie A com 27 pontos, seguido pelo Bencatelense com 25.<\/li>\n<li>Na S\u00e9rie A, o Bencatelense venceu fora o Atl\u00e9tico de Reguengos B por 1-6 e o Borbense triunfou sobre o Calipolense por 1-2.<\/li>\n<li>Na S\u00e9rie B, o Arraiolense continua na lideran\u00e7a com 22 pontos; Santana do Campo aproxima-se ao vencer o Corti\u00e7adense por 3-2; Alc\u00e1\u00e7ovense permanece com 18 pontos.<\/li>\n<\/ul>\n","protected":false},"author":2,"featured_media":190575,"comment_status":"closed","ping_status":"closed","sticky":false,"template":"","format":"standard","meta":{"footnotes":""},"categories":[21,24],"tags":[5101,1267,5100,1098,1074,32],"class_list":["post-190571","post","type-post","status-publish","format-standard","has-post-thumbnail","hentry","category-desporto","category-futebol","tag-arraiolense","tag-divisao-elite","tag-divisao-honra-serie-b","tag-estremoz","tag-evora","tag-futebol"],"yoast_head":"<!-- This site is optimized with the Yoast SEO plugin v27.2 - https:\/\/yoast.com\/product\/yoast-seo-wordpress\/ -->\n<title>Portel refor\u00e7a lideran\u00e7a nos distritais da AF \u00c9vora; Estremoz goleia - Portal Tela Portugal<\/title>\n<meta name=\"robots\" content=\"index, follow, max-snippet:-1, max-image-preview:large, max-video-preview:-1\" \/>\n<meta property=\"og:locale\" content=\"pt_PT\" \/>\n<meta property=\"og:type\" content=\"article\" \/>\n<meta property=\"og:title\" content=\"Portel refor\u00e7a lideran\u00e7a nos distritais da AF \u00c9vora; Estremoz goleia - Portal Tela Portugal\" \/>\n<meta property=\"og:description\" content=\"GD Portel mant\u00e9m a lideran\u00e7a da Divis\u00e3o Elite com 29 pontos ap\u00f3s vencer o Grupo Uni\u00e3o Sport por 1-0; Grupo Uni\u00e3o Sport permanece no segundo posto. Lusitano GC B, terceiro classificado, venceu fora o Escouralense por 0-1, mantendo-se com 22 pontos. CF Estremoz goleia a AD Vera Cruz por 8-0 na Divis\u00e3o de Honra, S\u00e9rie A; GDR Canaviais lidera a S\u00e9rie A com 27 pontos, seguido pelo Bencatelense com 25. Na S\u00e9rie A, o Bencatelense venceu fora o Atl\u00e9tico de Reguengos B por 1-6 e o Borbense triunfou sobre o Calipolense por 1-2. Na S\u00e9rie B, o Arraiolense continua na lideran\u00e7a com 22 pontos; Santana do Campo aproxima-se ao vencer o Corti\u00e7adense por 3-2; Alc\u00e1\u00e7ovense permanece com 18 pontos.\" \/>\n<meta property=\"og:url\" content=\"https:\/\/portaltela.pt\/noticias\/2026\/02\/02\/portel-reforca-lideranca-nos-distritais-da-af-evora-estremoz-goleia\/\" \/>\n<meta property=\"og:site_name\" content=\"Portal Tela Portugal\" \/>\n<meta property=\"article:published_time\" content=\"2026-02-02T11:45:00+00:00\" \/>\n<meta name=\"author\" content=\"Telinha\" \/>\n<meta name=\"twitter:card\" content=\"summary_large_image\" \/>\n<meta name=\"twitter:label1\" content=\"Escrito por\" \/>\n\t<meta name=\"twitter:data1\" content=\"Telinha\" \/>\n\t<meta name=\"twitter:label2\" content=\"Tempo estimado de leitura\" \/>\n\t<meta name=\"twitter:data2\" content=\"1 minuto\" \/>\n<script type=\"application\/ld+json\" class=\"yoast-schema-graph\">{\"@context\":\"https:\/\/schema.org\",\"@graph\":[{\"@type\":\"Article\",\"@id\":\"https:\/\/portaltela.pt\/noticias\/2026\/02\/02\/portel-reforca-lideranca-nos-distritais-da-af-evora-estremoz-goleia\/#article\",\"isPartOf\":{\"@id\":\"https:\/\/portaltela.pt\/noticias\/2026\/02\/02\/portel-reforca-lideranca-nos-distritais-da-af-evora-estremoz-goleia\/\"},\"author\":{\"name\":\"Telinha\",\"@id\":\"https:\/\/portaltela.pt\/#\/schema\/person\/c4278d4a6028830caff9ee44b42d32ed\"},\"headline\":\"Portel refor\u00e7a lideran\u00e7a nos distritais da AF \u00c9vora; Estremoz goleia\",\"datePublished\":\"2026-02-02T11:45:00+00:00\",\"mainEntityOfPage\":{\"@id\":\"https:\/\/portaltela.pt\/noticias\/2026\/02\/02\/portel-reforca-lideranca-nos-distritais-da-af-evora-estremoz-goleia\/\"},\"wordCount\":291,\"image\":{\"@id\":\"https:\/\/portaltela.pt\/noticias\/2026\/02\/02\/portel-reforca-lideranca-nos-distritais-da-af-evora-estremoz-goleia\/#primaryimage\"},\"thumbnailUrl\":\"https:\/\/portaltela.pt\/s.01k8rhncp4jt1\/2026\/02\/White-Minimalist-Blog-Post-Linkedin-Article-Cover-6.jpg\",\"keywords\":[\"Arraiolense\",\"Divis\u00e3o Elite\",\"Divis\u00e3o Honra \u2014 S\u00e9rie B\",\"Estremoz\",\"\u00c9vora\",\"futebol\"],\"articleSection\":[\"Desporto\",\"Futebol\"],\"inLanguage\":\"pt-PT\"},{\"@type\":\"WebPage\",\"@id\":\"https:\/\/portaltela.pt\/noticias\/2026\/02\/02\/portel-reforca-lideranca-nos-distritais-da-af-evora-estremoz-goleia\/\",\"url\":\"https:\/\/portaltela.pt\/noticias\/2026\/02\/02\/portel-reforca-lideranca-nos-distritais-da-af-evora-estremoz-goleia\/\",\"name\":\"Portel refor\u00e7a lideran\u00e7a nos distritais da AF \u00c9vora; Estremoz goleia - Portal Tela Portugal\",\"isPartOf\":{\"@id\":\"https:\/\/portaltela.pt\/#website\"},\"primaryImageOfPage\":{\"@id\":\"https:\/\/portaltela.pt\/noticias\/2026\/02\/02\/portel-reforca-lideranca-nos-distritais-da-af-evora-estremoz-goleia\/#primaryimage\"},\"image\":{\"@id\":\"https:\/\/portaltela.pt\/noticias\/2026\/02\/02\/portel-reforca-lideranca-nos-distritais-da-af-evora-estremoz-goleia\/#primaryimage\"},\"thumbnailUrl\":\"https:\/\/portaltela.pt\/s.01k8rhncp4jt1\/2026\/02\/White-Minimalist-Blog-Post-Linkedin-Article-Cover-6.jpg\",\"datePublished\":\"2026-02-02T11:45:00+00:00\",\"author\":{\"@id\":\"https:\/\/portaltela.pt\/#\/schema\/person\/c4278d4a6028830caff9ee44b42d32ed\"},\"breadcrumb\":{\"@id\":\"https:\/\/portaltela.pt\/noticias\/2026\/02\/02\/portel-reforca-lideranca-nos-distritais-da-af-evora-estremoz-goleia\/#breadcrumb\"},\"inLanguage\":\"pt-PT\",\"potentialAction\":[{\"@type\":\"ReadAction\",\"target\":[\"https:\/\/portaltela.pt\/noticias\/2026\/02\/02\/portel-reforca-lideranca-nos-distritais-da-af-evora-estremoz-goleia\/\"]}]},{\"@type\":\"ImageObject\",\"inLanguage\":\"pt-PT\",\"@id\":\"https:\/\/portaltela.pt\/noticias\/2026\/02\/02\/portel-reforca-lideranca-nos-distritais-da-af-evora-estremoz-goleia\/#primaryimage\",\"url\":\"https:\/\/portaltela.pt\/s.01k8rhncp4jt1\/2026\/02\/White-Minimalist-Blog-Post-Linkedin-Article-Cover-6.jpg\",\"contentUrl\":\"https:\/\/portaltela.pt\/s.01k8rhncp4jt1\/2026\/02\/White-Minimalist-Blog-Post-Linkedin-Article-Cover-6.jpg\",\"width\":796,\"height\":448,\"caption\":\"Campeonato de Portugal: Contas feitas, alentejanos campe\u00f5es, mas s\u00f3 dois apurados\"},{\"@type\":\"BreadcrumbList\",\"@id\":\"https:\/\/portaltela.pt\/noticias\/2026\/02\/02\/portel-reforca-lideranca-nos-distritais-da-af-evora-estremoz-goleia\/#breadcrumb\",\"itemListElement\":[{\"@type\":\"ListItem\",\"position\":1,\"name\":\"In\u00edcio\",\"item\":\"https:\/\/portaltela.pt\/\"},{\"@type\":\"ListItem\",\"position\":2,\"name\":\"Portel refor\u00e7a lideran\u00e7a nos distritais da AF \u00c9vora; Estremoz goleia\"}]},{\"@type\":\"WebSite\",\"@id\":\"https:\/\/portaltela.pt\/#website\",\"url\":\"https:\/\/portaltela.pt\/\",\"name\":\"Portal Tela Portugal\",\"description\":\"\",\"potentialAction\":[{\"@type\":\"SearchAction\",\"target\":{\"@type\":\"EntryPoint\",\"urlTemplate\":\"https:\/\/portaltela.pt\/?s={search_term_string}\"},\"query-input\":{\"@type\":\"PropertyValueSpecification\",\"valueRequired\":true,\"valueName\":\"search_term_string\"}}],\"inLanguage\":\"pt-PT\"},{\"@type\":\"Person\",\"@id\":\"https:\/\/portaltela.pt\/#\/schema\/person\/c4278d4a6028830caff9ee44b42d32ed\",\"name\":\"Telinha\",\"image\":{\"@type\":\"ImageObject\",\"inLanguage\":\"pt-PT\",\"@id\":\"https:\/\/portaltela.pt\/s.01k8rhncp4jt1\/2025\/11\/talking-bot-125x125.png\",\"url\":\"https:\/\/portaltela.pt\/s.01k8rhncp4jt1\/2025\/11\/talking-bot-125x125.png\",\"contentUrl\":\"https:\/\/portaltela.pt\/s.01k8rhncp4jt1\/2025\/11\/talking-bot-125x125.png\",\"caption\":\"Telinha\"},\"sameAs\":[\"https:\/\/portaltela.pt\/\"],\"url\":\"https:\/\/portaltela.pt\/por\/367410592786\/\"}]}<\/script>\n<!-- \/ Yoast SEO plugin. -->","yoast_head_json":{"title":"Portel refor\u00e7a lideran\u00e7a nos distritais da AF \u00c9vora; Estremoz goleia - Portal Tela Portugal","robots":{"index":"index","follow":"follow","max-snippet":"max-snippet:-1","max-image-preview":"max-image-preview:large","max-video-preview":"max-video-preview:-1"},"og_locale":"pt_PT","og_type":"article","og_title":"Portel refor\u00e7a lideran\u00e7a nos distritais da AF \u00c9vora; Estremoz goleia - Portal Tela Portugal","og_description":"GD Portel mant\u00e9m a lideran\u00e7a da Divis\u00e3o Elite com 29 pontos ap\u00f3s vencer o Grupo Uni\u00e3o Sport por 1-0; Grupo Uni\u00e3o Sport permanece no segundo posto. Lusitano GC B, terceiro classificado, venceu fora o Escouralense por 0-1, mantendo-se com 22 pontos. CF Estremoz goleia a AD Vera Cruz por 8-0 na Divis\u00e3o de Honra, S\u00e9rie A; GDR Canaviais lidera a S\u00e9rie A com 27 pontos, seguido pelo Bencatelense com 25. Na S\u00e9rie A, o Bencatelense venceu fora o Atl\u00e9tico de Reguengos B por 1-6 e o Borbense triunfou sobre o Calipolense por 1-2. Na S\u00e9rie B, o Arraiolense continua na lideran\u00e7a com 22 pontos; Santana do Campo aproxima-se ao vencer o Corti\u00e7adense por 3-2; Alc\u00e1\u00e7ovense permanece com 18 pontos.","og_url":"https:\/\/portaltela.pt\/noticias\/2026\/02\/02\/portel-reforca-lideranca-nos-distritais-da-af-evora-estremoz-goleia\/","og_site_name":"Portal Tela Portugal","article_published_time":"2026-02-02T11:45:00+00:00","author":"Telinha","twitter_card":"summary_large_image","twitter_misc":{"Escrito por":"Telinha","Tempo estimado de leitura":"1 minuto"},"schema":{"@context":"https:\/\/schema.org","@graph":[{"@type":"Article","@id":"https:\/\/portaltela.pt\/noticias\/2026\/02\/02\/portel-reforca-lideranca-nos-distritais-da-af-evora-estremoz-goleia\/#article","isPartOf":{"@id":"https:\/\/portaltela.pt\/noticias\/2026\/02\/02\/portel-reforca-lideranca-nos-distritais-da-af-evora-estremoz-goleia\/"},"author":{"name":"Telinha","@id":"https:\/\/portaltela.pt\/#\/schema\/person\/c4278d4a6028830caff9ee44b42d32ed"},"headline":"Portel refor\u00e7a lideran\u00e7a nos distritais da AF \u00c9vora; Estremoz goleia","datePublished":"2026-02-02T11:45:00+00:00","mainEntityOfPage":{"@id":"https:\/\/portaltela.pt\/noticias\/2026\/02\/02\/portel-reforca-lideranca-nos-distritais-da-af-evora-estremoz-goleia\/"},"wordCount":291,"image":{"@id":"https:\/\/portaltela.pt\/noticias\/2026\/02\/02\/portel-reforca-lideranca-nos-distritais-da-af-evora-estremoz-goleia\/#primaryimage"},"thumbnailUrl":"https:\/\/portaltela.pt\/s.01k8rhncp4jt1\/2026\/02\/White-Minimalist-Blog-Post-Linkedin-Article-Cover-6.jpg","keywords":["Arraiolense","Divis\u00e3o Elite","Divis\u00e3o Honra \u2014 S\u00e9rie B","Estremoz","\u00c9vora","futebol"],"articleSection":["Desporto","Futebol"],"inLanguage":"pt-PT"},{"@type":"WebPage","@id":"https:\/\/portaltela.pt\/noticias\/2026\/02\/02\/portel-reforca-lideranca-nos-distritais-da-af-evora-estremoz-goleia\/","url":"https:\/\/portaltela.pt\/noticias\/2026\/02\/02\/portel-reforca-lideranca-nos-distritais-da-af-evora-estremoz-goleia\/","name":"Portel refor\u00e7a lideran\u00e7a nos distritais da AF \u00c9vora; Estremoz goleia - Portal Tela Portugal","isPartOf":{"@id":"https:\/\/portaltela.pt\/#website"},"primaryImageOfPage":{"@id":"https:\/\/portaltela.pt\/noticias\/2026\/02\/02\/portel-reforca-lideranca-nos-distritais-da-af-evora-estremoz-goleia\/#primaryimage"},"image":{"@id":"https:\/\/portaltela.pt\/noticias\/2026\/02\/02\/portel-reforca-lideranca-nos-distritais-da-af-evora-estremoz-goleia\/#primaryimage"},"thumbnailUrl":"https:\/\/portaltela.pt\/s.01k8rhncp4jt1\/2026\/02\/White-Minimalist-Blog-Post-Linkedin-Article-Cover-6.jpg","datePublished":"2026-02-02T11:45:00+00:00","author":{"@id":"https:\/\/portaltela.pt\/#\/schema\/person\/c4278d4a6028830caff9ee44b42d32ed"},"breadcrumb":{"@id":"https:\/\/portaltela.pt\/noticias\/2026\/02\/02\/portel-reforca-lideranca-nos-distritais-da-af-evora-estremoz-goleia\/#breadcrumb"},"inLanguage":"pt-PT","potentialAction":[{"@type":"ReadAction","target":["https:\/\/portaltela.pt\/noticias\/2026\/02\/02\/portel-reforca-lideranca-nos-distritais-da-af-evora-estremoz-goleia\/"]}]},{"@type":"ImageObject","inLanguage":"pt-PT","@id":"https:\/\/portaltela.pt\/noticias\/2026\/02\/02\/portel-reforca-lideranca-nos-distritais-da-af-evora-estremoz-goleia\/#primaryimage","url":"https:\/\/portaltela.pt\/s.01k8rhncp4jt1\/2026\/02\/White-Minimalist-Blog-Post-Linkedin-Article-Cover-6.jpg","contentUrl":"https:\/\/portaltela.pt\/s.01k8rhncp4jt1\/2026\/02\/White-Minimalist-Blog-Post-Linkedin-Article-Cover-6.jpg","width":796,"height":448,"caption":"Campeonato de Portugal: Contas feitas, alentejanos campe\u00f5es, mas s\u00f3 dois apurados"},{"@type":"BreadcrumbList","@id":"https:\/\/portaltela.pt\/noticias\/2026\/02\/02\/portel-reforca-lideranca-nos-distritais-da-af-evora-estremoz-goleia\/#breadcrumb","itemListElement":[{"@type":"ListItem","position":1,"name":"In\u00edcio","item":"https:\/\/portaltela.pt\/"},{"@type":"ListItem","position":2,"name":"Portel refor\u00e7a lideran\u00e7a nos distritais da AF \u00c9vora; Estremoz goleia"}]},{"@type":"WebSite","@id":"https:\/\/portaltela.pt\/#website","url":"https:\/\/portaltela.pt\/","name":"Portal Tela Portugal","description":"","potentialAction":[{"@type":"SearchAction","target":{"@type":"EntryPoint","urlTemplate":"https:\/\/portaltela.pt\/?s={search_term_string}"},"query-input":{"@type":"PropertyValueSpecification","valueRequired":true,"valueName":"search_term_string"}}],"inLanguage":"pt-PT"},{"@type":"Person","@id":"https:\/\/portaltela.pt\/#\/schema\/person\/c4278d4a6028830caff9ee44b42d32ed","name":"Telinha","image":{"@type":"ImageObject","inLanguage":"pt-PT","@id":"https:\/\/portaltela.pt\/s.01k8rhncp4jt1\/2025\/11\/talking-bot-125x125.png","url":"https:\/\/portaltela.pt\/s.01k8rhncp4jt1\/2025\/11\/talking-bot-125x125.png","contentUrl":"https:\/\/portaltela.pt\/s.01k8rhncp4jt1\/2025\/11\/talking-bot-125x125.png","caption":"Telinha"},"sameAs":["https:\/\/portaltela.pt\/"],"url":"https:\/\/portaltela.pt\/por\/367410592786\/"}]}},"_links":{"self":[{"href":"https:\/\/portaltela.pt\/api\/wp\/v2\/posts\/190571","targetHints":{"allow":["GET"]}}],"collection":[{"href":"https:\/\/portaltela.pt\/api\/wp\/v2\/posts"}],"about":[{"href":"https:\/\/portaltela.pt\/api\/wp\/v2\/types\/post"}],"author":[{"embeddable":true,"href":"https:\/\/portaltela.pt\/api\/wp\/v2\/users\/2"}],"replies":[{"embeddable":true,"href":"https:\/\/portaltela.pt\/api\/wp\/v2\/comments?post=190571"}],"version-history":[{"count":0,"href":"https:\/\/portaltela.pt\/api\/wp\/v2\/posts\/190571\/revisions"}],"wp:featuredmedia":[{"embeddable":true,"href":"https:\/\/portaltela.pt\/api\/wp\/v2\/media\/190575"}],"wp:attachment":[{"href":"https:\/\/portaltela.pt\/api\/wp\/v2\/media?parent=190571"}],"wp:term":[{"taxonomy":"category","embeddable":true,"href":"https:\/\/portaltela.pt\/api\/wp\/v2\/categories?post=190571"},{"taxonomy":"post_tag","embeddable":true,"href":"https:\/\/portaltela.pt\/api\/wp\/v2\/tags?post=190571"}],"curies":[{"name":"wp","href":"https:\/\/api.w.org\/{rel}","templated":true}]}}