{"id":190483,"date":"2026-02-02T08:18:00","date_gmt":"2026-02-02T11:18:00","guid":{"rendered":"https:\/\/portaltela.pt\/noticias\/2026\/02\/02\/oleiros-prioriza-reposicao-de-energia-e-comunicacoes\/"},"modified":"2026-02-02T08:18:00","modified_gmt":"2026-02-02T11:18:00","slug":"oleiros-prioriza-reposicao-de-energia-e-comunicacoes","status":"publish","type":"post","link":"https:\/\/portaltela.pt\/noticias\/2026\/02\/02\/oleiros-prioriza-reposicao-de-energia-e-comunicacoes\/","title":{"rendered":"Oleiros prioriza reposi\u00e7\u00e3o de energia e comunica\u00e7\u00f5es"},"content":{"rendered":"<p>O presidente da C\u00e2mara de Oleiros afirmou, nesta segunda-feira, que a prioridade \u00e9 restabelecer a energia e as comunica\u00e7\u00f5es no concelho. Cerca de 40% da popula\u00e7\u00e3o recorre a geradores que n\u00e3o chegam a atender mais de mil mun\u00edcipes.<\/p>\n<p>Miguel Marques revelou que o restabelecimento \u00e9 a prioridade absoluta e que tem ocorrido trabalho conjunto com a E-Redes. Foram mobilizados geradores de entidades como os Bombeiros Sapadores de Lisboa, o Ex\u00e9rcito, bem como empresas e privados.<\/p>\n<p>Apesar dos esfor\u00e7os, o autarca indicou que muitos postes de m\u00e9dia e baixa tens\u00e3o est\u00e3o partidos. Assim, mais de mil pessoas podem n\u00e3o ter energia el\u00e9trica, mesmo com a ajuda de geradores. Oleiros \u00e9 descrito como disperso, com v\u00e1rias aldeias sem acesso direto aos apoios.<\/p>\n<h3>Situa\u00e7\u00e3o de comunica\u00e7\u00f5es e danos<\/h3>\n<p>Persistem problemas nas comunica\u00e7\u00f5es, com a rede a apresentar instabilidade e freguesias sem sinal. O munic\u00edpio tamb\u00e9m n\u00e3o consegue estimar ainda os preju\u00edzos monet\u00e1rios globais.<\/p>\n<p>Danos em habita\u00e7\u00f5es pr\u00f3prias s\u00e3o especialmente vis\u00edveis nas coberturas, com preju\u00edzos no interior das casas. O executivo municipal n\u00e3o realojou pessoas, que ficaram a viver com familiares ou vizinhos.<\/p>\n<p>A C\u00e2mara de Oleiros tamb\u00e9m registou danos em edif\u00edcios p\u00fablicos, incluindo a C\u00e2mara Municipal, onde parte da cobertura cedeu e entram precipita\u00e7\u00f5es nos gabinetes, incluindo no gabinete do presidente.<\/p>\n<h3>Contexto regional e previs\u00f5es<\/h3>\n<p>O concelho regista ainda danos em equipamentos desportivos, passadi\u00e7os e v\u00e1rias estruturas p\u00fablicas, bem como explora\u00e7\u00f5es florestais e agr\u00edcolas devastadas. A meteorologia aponta chuva intensa e ventos fortes para a semana.<\/p>\n<p>Portugal continental viu, na quarta-feira, a depress\u00e3o Kristin provocar v\u00e1rias v\u00edtimas e preju\u00edzos. O Governo j\u00e1 decretou situa\u00e7\u00e3o de calamidade, com extens\u00e3o at\u00e9 dia 8 de fevereiro. Em Oleiros, as autoridades continuam a avaliar estragos e a coordenar a resposta de emerg\u00eancia.<\/p>\n","protected":false},"excerpt":{"rendered":"<ul>\n<li>O presidente da C\u00e2mara de Oleiros afirma que a maior urg\u00eancia \u00e9 restabelecer energia el\u00e9ctrica e comunica\u00e7\u00f5es; cerca de quarenta por cento do concelho est\u00e1 sem energia.<\/li>\n<li>Generators est\u00e3o a ser usados e h\u00e1 colabora\u00e7\u00e3o com a E-Redes; recebem apoios de entidades como os Bombeiros Sapadores de Lisboa, o Ex\u00e9rcito, empresas e particulares.<\/li>\n<li>Ainda existem muitos postes de m\u00e9dia e baixa tens\u00e3o partidos; seguramente mais de mil pessoas continuam sem energia, mesmo com o uso de geradores.<\/li>\n<li>O concelho \u00e9 muito disperso, com muitas aldeias sem acesso aos geradores e com rede de comunica\u00e7\u00f5es inst\u00e1vel em v\u00e1rias freguesias.<\/li>\n<li>Os danos abrangem habita\u00e7\u00e3o, coberturas de casas e edif\u00edcios p\u00fablicos, incluindo a C\u00e2mara Municipal de Oleiros; h\u00e1 previs\u00f5es de chuva intensa e ventos fortes nesta semana, com precau\u00e7\u00e3o necess\u00e1ria.<\/li>\n<\/ul>\n","protected":false},"author":2,"featured_media":190485,"comment_status":"closed","ping_status":"closed","sticky":false,"template":"","format":"standard","meta":{"footnotes":""},"categories":[1],"tags":[4729,4687,2206,174,2387,4327],"class_list":["post-190483","post","type-post","status-publish","format-standard","has-post-thumbnail","hentry","category-noticias","tag-abastecimento-de-energia","tag-calamidade-publica","tag-comunicacoes","tag-energia","tag-oleiros","tag-rede-eletrica"],"yoast_head":"<!-- This site is optimized with the Yoast SEO plugin v27.2 - https:\/\/yoast.com\/product\/yoast-seo-wordpress\/ -->\n<title>Oleiros prioriza reposi\u00e7\u00e3o de energia e comunica\u00e7\u00f5es - Portal Tela Portugal<\/title>\n<meta name=\"robots\" content=\"index, follow, max-snippet:-1, max-image-preview:large, max-video-preview:-1\" \/>\n<meta property=\"og:locale\" content=\"pt_PT\" \/>\n<meta property=\"og:type\" content=\"article\" \/>\n<meta property=\"og:title\" content=\"Oleiros prioriza reposi\u00e7\u00e3o de energia e comunica\u00e7\u00f5es - Portal Tela Portugal\" \/>\n<meta property=\"og:description\" content=\"O presidente da C\u00e2mara de Oleiros afirma que a maior urg\u00eancia \u00e9 restabelecer energia el\u00e9ctrica e comunica\u00e7\u00f5es; cerca de quarenta por cento do concelho est\u00e1 sem energia. Generators est\u00e3o a ser usados e h\u00e1 colabora\u00e7\u00e3o com a E-Redes; recebem apoios de entidades como os Bombeiros Sapadores de Lisboa, o Ex\u00e9rcito, empresas e particulares. Ainda existem muitos postes de m\u00e9dia e baixa tens\u00e3o partidos; seguramente mais de mil pessoas continuam sem energia, mesmo com o uso de geradores. O concelho \u00e9 muito disperso, com muitas aldeias sem acesso aos geradores e com rede de comunica\u00e7\u00f5es inst\u00e1vel em v\u00e1rias freguesias. Os danos abrangem habita\u00e7\u00e3o, coberturas de casas e edif\u00edcios p\u00fablicos, incluindo a C\u00e2mara Municipal de Oleiros; h\u00e1 previs\u00f5es de chuva intensa e ventos fortes nesta semana, com precau\u00e7\u00e3o necess\u00e1ria.\" \/>\n<meta property=\"og:url\" content=\"https:\/\/portaltela.pt\/noticias\/2026\/02\/02\/oleiros-prioriza-reposicao-de-energia-e-comunicacoes\/\" \/>\n<meta property=\"og:site_name\" content=\"Portal Tela Portugal\" \/>\n<meta property=\"article:published_time\" content=\"2026-02-02T11:18:00+00:00\" \/>\n<meta name=\"author\" content=\"Telinha\" \/>\n<meta name=\"twitter:card\" content=\"summary_large_image\" \/>\n<meta name=\"twitter:label1\" content=\"Escrito por\" \/>\n\t<meta name=\"twitter:data1\" content=\"Telinha\" \/>\n\t<meta name=\"twitter:label2\" content=\"Tempo estimado de leitura\" \/>\n\t<meta name=\"twitter:data2\" content=\"2 minutos\" \/>\n<script type=\"application\/ld+json\" class=\"yoast-schema-graph\">{\"@context\":\"https:\/\/schema.org\",\"@graph\":[{\"@type\":\"Article\",\"@id\":\"https:\/\/portaltela.pt\/noticias\/2026\/02\/02\/oleiros-prioriza-reposicao-de-energia-e-comunicacoes\/#article\",\"isPartOf\":{\"@id\":\"https:\/\/portaltela.pt\/noticias\/2026\/02\/02\/oleiros-prioriza-reposicao-de-energia-e-comunicacoes\/\"},\"author\":{\"name\":\"Telinha\",\"@id\":\"https:\/\/portaltela.pt\/#\/schema\/person\/c4278d4a6028830caff9ee44b42d32ed\"},\"headline\":\"Oleiros prioriza reposi\u00e7\u00e3o de energia e comunica\u00e7\u00f5es\",\"datePublished\":\"2026-02-02T11:18:00+00:00\",\"mainEntityOfPage\":{\"@id\":\"https:\/\/portaltela.pt\/noticias\/2026\/02\/02\/oleiros-prioriza-reposicao-de-energia-e-comunicacoes\/\"},\"wordCount\":335,\"image\":{\"@id\":\"https:\/\/portaltela.pt\/noticias\/2026\/02\/02\/oleiros-prioriza-reposicao-de-energia-e-comunicacoes\/#primaryimage\"},\"thumbnailUrl\":\"https:\/\/portaltela.pt\/s.01k8rhncp4jt1\/2026\/02\/img_1500x1000uu2026-01-31-11-43-00-2263744.jpg\",\"keywords\":[\"abastecimento de energia\",\"calamidade p\u00fablica\",\"comunica\u00e7\u00f5es\",\"energia\",\"Oleiros\",\"rede el\u00e9trica\"],\"articleSection\":[\"Not\u00edcias\"],\"inLanguage\":\"pt-PT\"},{\"@type\":\"WebPage\",\"@id\":\"https:\/\/portaltela.pt\/noticias\/2026\/02\/02\/oleiros-prioriza-reposicao-de-energia-e-comunicacoes\/\",\"url\":\"https:\/\/portaltela.pt\/noticias\/2026\/02\/02\/oleiros-prioriza-reposicao-de-energia-e-comunicacoes\/\",\"name\":\"Oleiros prioriza reposi\u00e7\u00e3o de energia e comunica\u00e7\u00f5es - Portal Tela Portugal\",\"isPartOf\":{\"@id\":\"https:\/\/portaltela.pt\/#website\"},\"primaryImageOfPage\":{\"@id\":\"https:\/\/portaltela.pt\/noticias\/2026\/02\/02\/oleiros-prioriza-reposicao-de-energia-e-comunicacoes\/#primaryimage\"},\"image\":{\"@id\":\"https:\/\/portaltela.pt\/noticias\/2026\/02\/02\/oleiros-prioriza-reposicao-de-energia-e-comunicacoes\/#primaryimage\"},\"thumbnailUrl\":\"https:\/\/portaltela.pt\/s.01k8rhncp4jt1\/2026\/02\/img_1500x1000uu2026-01-31-11-43-00-2263744.jpg\",\"datePublished\":\"2026-02-02T11:18:00+00:00\",\"author\":{\"@id\":\"https:\/\/portaltela.pt\/#\/schema\/person\/c4278d4a6028830caff9ee44b42d32ed\"},\"breadcrumb\":{\"@id\":\"https:\/\/portaltela.pt\/noticias\/2026\/02\/02\/oleiros-prioriza-reposicao-de-energia-e-comunicacoes\/#breadcrumb\"},\"inLanguage\":\"pt-PT\",\"potentialAction\":[{\"@type\":\"ReadAction\",\"target\":[\"https:\/\/portaltela.pt\/noticias\/2026\/02\/02\/oleiros-prioriza-reposicao-de-energia-e-comunicacoes\/\"]}]},{\"@type\":\"ImageObject\",\"inLanguage\":\"pt-PT\",\"@id\":\"https:\/\/portaltela.pt\/noticias\/2026\/02\/02\/oleiros-prioriza-reposicao-de-energia-e-comunicacoes\/#primaryimage\",\"url\":\"https:\/\/portaltela.pt\/s.01k8rhncp4jt1\/2026\/02\/img_1500x1000uu2026-01-31-11-43-00-2263744.jpg\",\"contentUrl\":\"https:\/\/portaltela.pt\/s.01k8rhncp4jt1\/2026\/02\/img_1500x1000uu2026-01-31-11-43-00-2263744.jpg\",\"width\":796,\"height\":448,\"caption\":\"C\u00e2mara Municipal de Oleiros\"},{\"@type\":\"BreadcrumbList\",\"@id\":\"https:\/\/portaltela.pt\/noticias\/2026\/02\/02\/oleiros-prioriza-reposicao-de-energia-e-comunicacoes\/#breadcrumb\",\"itemListElement\":[{\"@type\":\"ListItem\",\"position\":1,\"name\":\"In\u00edcio\",\"item\":\"https:\/\/portaltela.pt\/\"},{\"@type\":\"ListItem\",\"position\":2,\"name\":\"Oleiros prioriza reposi\u00e7\u00e3o de energia e comunica\u00e7\u00f5es\"}]},{\"@type\":\"WebSite\",\"@id\":\"https:\/\/portaltela.pt\/#website\",\"url\":\"https:\/\/portaltela.pt\/\",\"name\":\"Portal Tela Portugal\",\"description\":\"\",\"potentialAction\":[{\"@type\":\"SearchAction\",\"target\":{\"@type\":\"EntryPoint\",\"urlTemplate\":\"https:\/\/portaltela.pt\/?s={search_term_string}\"},\"query-input\":{\"@type\":\"PropertyValueSpecification\",\"valueRequired\":true,\"valueName\":\"search_term_string\"}}],\"inLanguage\":\"pt-PT\"},{\"@type\":\"Person\",\"@id\":\"https:\/\/portaltela.pt\/#\/schema\/person\/c4278d4a6028830caff9ee44b42d32ed\",\"name\":\"Telinha\",\"image\":{\"@type\":\"ImageObject\",\"inLanguage\":\"pt-PT\",\"@id\":\"https:\/\/portaltela.pt\/s.01k8rhncp4jt1\/2025\/11\/talking-bot-125x125.png\",\"url\":\"https:\/\/portaltela.pt\/s.01k8rhncp4jt1\/2025\/11\/talking-bot-125x125.png\",\"contentUrl\":\"https:\/\/portaltela.pt\/s.01k8rhncp4jt1\/2025\/11\/talking-bot-125x125.png\",\"caption\":\"Telinha\"},\"sameAs\":[\"https:\/\/portaltela.pt\/\"],\"url\":\"https:\/\/portaltela.pt\/por\/367410592786\/\"}]}<\/script>\n<!-- \/ Yoast SEO plugin. -->","yoast_head_json":{"title":"Oleiros prioriza reposi\u00e7\u00e3o de energia e comunica\u00e7\u00f5es - Portal Tela Portugal","robots":{"index":"index","follow":"follow","max-snippet":"max-snippet:-1","max-image-preview":"max-image-preview:large","max-video-preview":"max-video-preview:-1"},"og_locale":"pt_PT","og_type":"article","og_title":"Oleiros prioriza reposi\u00e7\u00e3o de energia e comunica\u00e7\u00f5es - Portal Tela Portugal","og_description":"O presidente da C\u00e2mara de Oleiros afirma que a maior urg\u00eancia \u00e9 restabelecer energia el\u00e9ctrica e comunica\u00e7\u00f5es; cerca de quarenta por cento do concelho est\u00e1 sem energia. Generators est\u00e3o a ser usados e h\u00e1 colabora\u00e7\u00e3o com a E-Redes; recebem apoios de entidades como os Bombeiros Sapadores de Lisboa, o Ex\u00e9rcito, empresas e particulares. Ainda existem muitos postes de m\u00e9dia e baixa tens\u00e3o partidos; seguramente mais de mil pessoas continuam sem energia, mesmo com o uso de geradores. O concelho \u00e9 muito disperso, com muitas aldeias sem acesso aos geradores e com rede de comunica\u00e7\u00f5es inst\u00e1vel em v\u00e1rias freguesias. Os danos abrangem habita\u00e7\u00e3o, coberturas de casas e edif\u00edcios p\u00fablicos, incluindo a C\u00e2mara Municipal de Oleiros; h\u00e1 previs\u00f5es de chuva intensa e ventos fortes nesta semana, com precau\u00e7\u00e3o necess\u00e1ria.","og_url":"https:\/\/portaltela.pt\/noticias\/2026\/02\/02\/oleiros-prioriza-reposicao-de-energia-e-comunicacoes\/","og_site_name":"Portal Tela Portugal","article_published_time":"2026-02-02T11:18:00+00:00","author":"Telinha","twitter_card":"summary_large_image","twitter_misc":{"Escrito por":"Telinha","Tempo estimado de leitura":"2 minutos"},"schema":{"@context":"https:\/\/schema.org","@graph":[{"@type":"Article","@id":"https:\/\/portaltela.pt\/noticias\/2026\/02\/02\/oleiros-prioriza-reposicao-de-energia-e-comunicacoes\/#article","isPartOf":{"@id":"https:\/\/portaltela.pt\/noticias\/2026\/02\/02\/oleiros-prioriza-reposicao-de-energia-e-comunicacoes\/"},"author":{"name":"Telinha","@id":"https:\/\/portaltela.pt\/#\/schema\/person\/c4278d4a6028830caff9ee44b42d32ed"},"headline":"Oleiros prioriza reposi\u00e7\u00e3o de energia e comunica\u00e7\u00f5es","datePublished":"2026-02-02T11:18:00+00:00","mainEntityOfPage":{"@id":"https:\/\/portaltela.pt\/noticias\/2026\/02\/02\/oleiros-prioriza-reposicao-de-energia-e-comunicacoes\/"},"wordCount":335,"image":{"@id":"https:\/\/portaltela.pt\/noticias\/2026\/02\/02\/oleiros-prioriza-reposicao-de-energia-e-comunicacoes\/#primaryimage"},"thumbnailUrl":"https:\/\/portaltela.pt\/s.01k8rhncp4jt1\/2026\/02\/img_1500x1000uu2026-01-31-11-43-00-2263744.jpg","keywords":["abastecimento de energia","calamidade p\u00fablica","comunica\u00e7\u00f5es","energia","Oleiros","rede el\u00e9trica"],"articleSection":["Not\u00edcias"],"inLanguage":"pt-PT"},{"@type":"WebPage","@id":"https:\/\/portaltela.pt\/noticias\/2026\/02\/02\/oleiros-prioriza-reposicao-de-energia-e-comunicacoes\/","url":"https:\/\/portaltela.pt\/noticias\/2026\/02\/02\/oleiros-prioriza-reposicao-de-energia-e-comunicacoes\/","name":"Oleiros prioriza reposi\u00e7\u00e3o de energia e comunica\u00e7\u00f5es - Portal Tela Portugal","isPartOf":{"@id":"https:\/\/portaltela.pt\/#website"},"primaryImageOfPage":{"@id":"https:\/\/portaltela.pt\/noticias\/2026\/02\/02\/oleiros-prioriza-reposicao-de-energia-e-comunicacoes\/#primaryimage"},"image":{"@id":"https:\/\/portaltela.pt\/noticias\/2026\/02\/02\/oleiros-prioriza-reposicao-de-energia-e-comunicacoes\/#primaryimage"},"thumbnailUrl":"https:\/\/portaltela.pt\/s.01k8rhncp4jt1\/2026\/02\/img_1500x1000uu2026-01-31-11-43-00-2263744.jpg","datePublished":"2026-02-02T11:18:00+00:00","author":{"@id":"https:\/\/portaltela.pt\/#\/schema\/person\/c4278d4a6028830caff9ee44b42d32ed"},"breadcrumb":{"@id":"https:\/\/portaltela.pt\/noticias\/2026\/02\/02\/oleiros-prioriza-reposicao-de-energia-e-comunicacoes\/#breadcrumb"},"inLanguage":"pt-PT","potentialAction":[{"@type":"ReadAction","target":["https:\/\/portaltela.pt\/noticias\/2026\/02\/02\/oleiros-prioriza-reposicao-de-energia-e-comunicacoes\/"]}]},{"@type":"ImageObject","inLanguage":"pt-PT","@id":"https:\/\/portaltela.pt\/noticias\/2026\/02\/02\/oleiros-prioriza-reposicao-de-energia-e-comunicacoes\/#primaryimage","url":"https:\/\/portaltela.pt\/s.01k8rhncp4jt1\/2026\/02\/img_1500x1000uu2026-01-31-11-43-00-2263744.jpg","contentUrl":"https:\/\/portaltela.pt\/s.01k8rhncp4jt1\/2026\/02\/img_1500x1000uu2026-01-31-11-43-00-2263744.jpg","width":796,"height":448,"caption":"C\u00e2mara Municipal de Oleiros"},{"@type":"BreadcrumbList","@id":"https:\/\/portaltela.pt\/noticias\/2026\/02\/02\/oleiros-prioriza-reposicao-de-energia-e-comunicacoes\/#breadcrumb","itemListElement":[{"@type":"ListItem","position":1,"name":"In\u00edcio","item":"https:\/\/portaltela.pt\/"},{"@type":"ListItem","position":2,"name":"Oleiros prioriza reposi\u00e7\u00e3o de energia e comunica\u00e7\u00f5es"}]},{"@type":"WebSite","@id":"https:\/\/portaltela.pt\/#website","url":"https:\/\/portaltela.pt\/","name":"Portal Tela Portugal","description":"","potentialAction":[{"@type":"SearchAction","target":{"@type":"EntryPoint","urlTemplate":"https:\/\/portaltela.pt\/?s={search_term_string}"},"query-input":{"@type":"PropertyValueSpecification","valueRequired":true,"valueName":"search_term_string"}}],"inLanguage":"pt-PT"},{"@type":"Person","@id":"https:\/\/portaltela.pt\/#\/schema\/person\/c4278d4a6028830caff9ee44b42d32ed","name":"Telinha","image":{"@type":"ImageObject","inLanguage":"pt-PT","@id":"https:\/\/portaltela.pt\/s.01k8rhncp4jt1\/2025\/11\/talking-bot-125x125.png","url":"https:\/\/portaltela.pt\/s.01k8rhncp4jt1\/2025\/11\/talking-bot-125x125.png","contentUrl":"https:\/\/portaltela.pt\/s.01k8rhncp4jt1\/2025\/11\/talking-bot-125x125.png","caption":"Telinha"},"sameAs":["https:\/\/portaltela.pt\/"],"url":"https:\/\/portaltela.pt\/por\/367410592786\/"}]}},"_links":{"self":[{"href":"https:\/\/portaltela.pt\/api\/wp\/v2\/posts\/190483","targetHints":{"allow":["GET"]}}],"collection":[{"href":"https:\/\/portaltela.pt\/api\/wp\/v2\/posts"}],"about":[{"href":"https:\/\/portaltela.pt\/api\/wp\/v2\/types\/post"}],"author":[{"embeddable":true,"href":"https:\/\/portaltela.pt\/api\/wp\/v2\/users\/2"}],"replies":[{"embeddable":true,"href":"https:\/\/portaltela.pt\/api\/wp\/v2\/comments?post=190483"}],"version-history":[{"count":0,"href":"https:\/\/portaltela.pt\/api\/wp\/v2\/posts\/190483\/revisions"}],"wp:featuredmedia":[{"embeddable":true,"href":"https:\/\/portaltela.pt\/api\/wp\/v2\/media\/190485"}],"wp:attachment":[{"href":"https:\/\/portaltela.pt\/api\/wp\/v2\/media?parent=190483"}],"wp:term":[{"taxonomy":"category","embeddable":true,"href":"https:\/\/portaltela.pt\/api\/wp\/v2\/categories?post=190483"},{"taxonomy":"post_tag","embeddable":true,"href":"https:\/\/portaltela.pt\/api\/wp\/v2\/tags?post=190483"}],"curies":[{"name":"wp","href":"https:\/\/api.w.org\/{rel}","templated":true}]}}