{"id":190215,"date":"2026-02-02T06:35:00","date_gmt":"2026-02-02T09:35:00","guid":{"rendered":"https:\/\/portaltela.pt\/noticias\/2026\/02\/02\/municipio-reforca-compromisso-com-protecao-infantil-e-inclusao-social\/"},"modified":"2026-02-02T06:35:00","modified_gmt":"2026-02-02T09:35:00","slug":"municipio-reforca-compromisso-com-protecao-infantil-e-inclusao-social","status":"publish","type":"post","link":"https:\/\/portaltela.pt\/noticias\/2026\/02\/02\/municipio-reforca-compromisso-com-protecao-infantil-e-inclusao-social\/","title":{"rendered":"Munic\u00edpio refor\u00e7a compromisso com prote\u00e7\u00e3o infantil e inclus\u00e3o social"},"content":{"rendered":"<p>O Conselho Local de A\u00e7\u00e3o Social (CLAS) de Matosinhos realizou o 45.\u00ba Plen\u00e1rio, reunindo parceiros da Rede Social para apresentar, refletir e deliberar sobre a a\u00e7\u00e3o social, prote\u00e7\u00e3o das crian\u00e7as e coes\u00e3o territorial. A sess\u00e3o ocorreu na semana passada.<\/p>\n<p>Entre os assuntos em foco, ficou a Estrat\u00e9gia Municipal de Promo\u00e7\u00e3o dos Direitos e Prote\u00e7\u00e3o das Crian\u00e7as, que est\u00e1 a ser desenvolvida pelo Munic\u00edpio em parceria com o CESIS. A coordena\u00e7\u00e3o est\u00e1 a cargo de Ana Cardoso, com foco nos direitos da crian\u00e7a.<\/p>\n<p>A estrat\u00e9gia organiza-se atrav\u00e9s de planos locais e das Comiss\u00f5es de Prote\u00e7\u00e3o de Crian\u00e7as e Jovens (CPCJ), com quatro eixos: sobreviv\u00eancia, desenvolvimento, prote\u00e7\u00e3o e participa\u00e7\u00e3o. Inclui diagn\u00f3stico de vulnerabilidades, preven\u00e7\u00e3o da viol\u00eancia e participa\u00e7\u00e3o infantil.<\/p>\n<p>O N\u00facleo Local da Garantia para a Inf\u00e2ncia (NLGPI) foi apresentado como forma de combater pobreza infantil e exclus\u00e3o social. Coordena-se pela C\u00e2mara Municipal e envolve v\u00e1rias entidades, assegurando respostas integradas \u00e0s necessidades das crian\u00e7as e fam\u00edlias.<\/p>\n<p>Foi apresentado o projeto internacional SAFE IN TOWN, no qual Matosinhos \u00e9 a primeira cidade portuguesa a aderir. Participam It\u00e1lia, Gr\u00e9cia, Chipre e Portugal e o objetivo \u00e9 refor\u00e7ar a salvaguarda de crian\u00e7as e jovens com abordagem multidisciplinar.<\/p>\n<p>No \u00e2mbito do SAFE IN TOWN, anunciou-se a elabora\u00e7\u00e3o de um Protocolo Municipal de Salvaguarda das Crian\u00e7as. O documento interno definir\u00e1 princ\u00edpios e procedimentos, com apresenta\u00e7\u00e3o do primeiro esbo\u00e7o em mar\u00e7o aos parceiros.<\/p>\n<p>Tamb\u00e9m foi aprovada, por unanimidade, a prorroga\u00e7\u00e3o do prazo de execu\u00e7\u00e3o f\u00edsica do projeto Radar Social at\u00e9 30 de junho de 2026. O objetivo \u00e9 consolidar o diagn\u00f3stico social e a elabora\u00e7\u00e3o de um novo Plano de Desenvolvimento Social.<\/p>\n<p>O plen\u00e1rio terminou com o balan\u00e7o do PAOITI, apresentado pelo vice-presidente da C\u00e2mara, Carlos Mouta. Foram entregues \u00e0s entidades parceiras os Guias de Pr\u00e1ticas Promissoras e da Igualdade, desenvolvidos no \u00e2mbito do PAOITI, com foco em inclus\u00e3o social e sustentabilidade.<\/p>\n","protected":false},"excerpt":{"rendered":"<ul>\n<li>O Conselho Local de A\u00e7\u00e3o Social de Matosinhos realizou o 45.\u00ba Plen\u00e1rio, discutindo a Estrat\u00e9gia Municipal de Promo\u00e7\u00e3o dos Direitos das Crian\u00e7as e a prote\u00e7\u00e3o infantil.<\/li>\n<li>A estrat\u00e9gia, em desenvolvimento com parceiros locais e coordenada pelo CESIS, organiza-se em quatro eixos: sobreviv\u00eancia, desenvolvimento, prote\u00e7\u00e3o e participa\u00e7\u00e3o, com foco em preven\u00e7\u00e3o e direitos da crian\u00e7a.<\/li>\n<li>Inclui o NLGPI (N\u00facleo Local da Garantia para a Inf\u00e2ncia), visando prevenir pobreza infantil e assegurar acesso a educa\u00e7\u00e3o, sa\u00fade, alimenta\u00e7\u00e3o e habita\u00e7\u00e3o, em parceria com v\u00e1rias entidades.<\/li>\n<li>Matosinhos tornou-se o primeiro munic\u00edpio portugu\u00eas a integrar o projeto europeu SAFE IN TOWN, que visa fortalecer a salvaguarda de crian\u00e7as e jovens e envolve pol\u00edticas multidisciplinares com participa\u00e7\u00e3o infantil, devendo ser elaborado um Protocolo Municipal de Salvaguarda a apresentar em mar\u00e7o.<\/li>\n<li>O plen\u00e1rio aprovou, por unanimidade, a prorroga\u00e7\u00e3o do Radar Social at\u00e9 30 de junho de 2026, para mapear vulnerabilidades e recursos locais e apoiar a elabora\u00e7\u00e3o de um novo Plano de Desenvolvimento Social; foi ainda feito o balan\u00e7o final do PAOITI com entrega de guias \u00e0s entidades parceiras.<\/li>\n<\/ul>\n","protected":false},"author":2,"featured_media":190224,"comment_status":"closed","ping_status":"closed","sticky":false,"template":"","format":"standard","meta":{"footnotes":""},"categories":[1],"tags":[4074,1709,5076,2181,173,2484],"class_list":["post-190215","post","type-post","status-publish","format-standard","has-post-thumbnail","hentry","category-noticias","tag-inclusao-social","tag-matosinhos","tag-paoiti","tag-protecao-de-menores","tag-protecao-social","tag-radar-social"],"yoast_head":"<!-- This site is optimized with the Yoast SEO plugin v27.2 - https:\/\/yoast.com\/product\/yoast-seo-wordpress\/ -->\n<title>Munic\u00edpio refor\u00e7a compromisso com prote\u00e7\u00e3o infantil e inclus\u00e3o social - Portal Tela Portugal<\/title>\n<meta name=\"robots\" content=\"index, follow, max-snippet:-1, max-image-preview:large, max-video-preview:-1\" \/>\n<meta property=\"og:locale\" content=\"pt_PT\" \/>\n<meta property=\"og:type\" content=\"article\" \/>\n<meta property=\"og:title\" content=\"Munic\u00edpio refor\u00e7a compromisso com prote\u00e7\u00e3o infantil e inclus\u00e3o social - Portal Tela Portugal\" \/>\n<meta property=\"og:description\" content=\"O Conselho Local de A\u00e7\u00e3o Social de Matosinhos realizou o 45.\u00ba Plen\u00e1rio, discutindo a Estrat\u00e9gia Municipal de Promo\u00e7\u00e3o dos Direitos das Crian\u00e7as e a prote\u00e7\u00e3o infantil. A estrat\u00e9gia, em desenvolvimento com parceiros locais e coordenada pelo CESIS, organiza-se em quatro eixos: sobreviv\u00eancia, desenvolvimento, prote\u00e7\u00e3o e participa\u00e7\u00e3o, com foco em preven\u00e7\u00e3o e direitos da crian\u00e7a. Inclui o NLGPI (N\u00facleo Local da Garantia para a Inf\u00e2ncia), visando prevenir pobreza infantil e assegurar acesso a educa\u00e7\u00e3o, sa\u00fade, alimenta\u00e7\u00e3o e habita\u00e7\u00e3o, em parceria com v\u00e1rias entidades. Matosinhos tornou-se o primeiro munic\u00edpio portugu\u00eas a integrar o projeto europeu SAFE IN TOWN, que visa fortalecer a salvaguarda de crian\u00e7as e jovens e envolve pol\u00edticas multidisciplinares com participa\u00e7\u00e3o infantil, devendo ser elaborado um Protocolo Municipal de Salvaguarda a apresentar em mar\u00e7o. O plen\u00e1rio aprovou, por unanimidade, a prorroga\u00e7\u00e3o do Radar Social at\u00e9 30 de junho de 2026, para mapear vulnerabilidades e recursos locais e apoiar a elabora\u00e7\u00e3o de um novo Plano de Desenvolvimento Social; foi ainda feito o balan\u00e7o final do PAOITI com entrega de guias \u00e0s entidades parceiras.\" \/>\n<meta property=\"og:url\" content=\"https:\/\/portaltela.pt\/noticias\/2026\/02\/02\/municipio-reforca-compromisso-com-protecao-infantil-e-inclusao-social\/\" \/>\n<meta property=\"og:site_name\" content=\"Portal Tela Portugal\" \/>\n<meta property=\"article:published_time\" content=\"2026-02-02T09:35:00+00:00\" \/>\n<meta name=\"author\" content=\"Telinha\" \/>\n<meta name=\"twitter:card\" content=\"summary_large_image\" \/>\n<meta name=\"twitter:label1\" content=\"Escrito por\" \/>\n\t<meta name=\"twitter:data1\" content=\"Telinha\" \/>\n\t<meta name=\"twitter:label2\" content=\"Tempo estimado de leitura\" \/>\n\t<meta name=\"twitter:data2\" content=\"2 minutos\" \/>\n<script type=\"application\/ld+json\" class=\"yoast-schema-graph\">{\"@context\":\"https:\/\/schema.org\",\"@graph\":[{\"@type\":\"Article\",\"@id\":\"https:\/\/portaltela.pt\/noticias\/2026\/02\/02\/municipio-reforca-compromisso-com-protecao-infantil-e-inclusao-social\/#article\",\"isPartOf\":{\"@id\":\"https:\/\/portaltela.pt\/noticias\/2026\/02\/02\/municipio-reforca-compromisso-com-protecao-infantil-e-inclusao-social\/\"},\"author\":{\"name\":\"Telinha\",\"@id\":\"https:\/\/portaltela.pt\/#\/schema\/person\/c4278d4a6028830caff9ee44b42d32ed\"},\"headline\":\"Munic\u00edpio refor\u00e7a compromisso com prote\u00e7\u00e3o infantil e inclus\u00e3o social\",\"datePublished\":\"2026-02-02T09:35:00+00:00\",\"mainEntityOfPage\":{\"@id\":\"https:\/\/portaltela.pt\/noticias\/2026\/02\/02\/municipio-reforca-compromisso-com-protecao-infantil-e-inclusao-social\/\"},\"wordCount\":365,\"image\":{\"@id\":\"https:\/\/portaltela.pt\/noticias\/2026\/02\/02\/municipio-reforca-compromisso-com-protecao-infantil-e-inclusao-social\/#primaryimage\"},\"thumbnailUrl\":\"https:\/\/portaltela.pt\/s.01k8rhncp4jt1\/2026\/02\/unnamed-file-310.jpg\",\"keywords\":[\"inclus\u00e3o social\",\"Matosinhos\",\"PAOITI\",\"prote\u00e7\u00e3o de menores\",\"prote\u00e7\u00e3o social\",\"Radar Social\"],\"articleSection\":[\"Not\u00edcias\"],\"inLanguage\":\"pt-PT\"},{\"@type\":\"WebPage\",\"@id\":\"https:\/\/portaltela.pt\/noticias\/2026\/02\/02\/municipio-reforca-compromisso-com-protecao-infantil-e-inclusao-social\/\",\"url\":\"https:\/\/portaltela.pt\/noticias\/2026\/02\/02\/municipio-reforca-compromisso-com-protecao-infantil-e-inclusao-social\/\",\"name\":\"Munic\u00edpio refor\u00e7a compromisso com prote\u00e7\u00e3o infantil e inclus\u00e3o social - Portal Tela Portugal\",\"isPartOf\":{\"@id\":\"https:\/\/portaltela.pt\/#website\"},\"primaryImageOfPage\":{\"@id\":\"https:\/\/portaltela.pt\/noticias\/2026\/02\/02\/municipio-reforca-compromisso-com-protecao-infantil-e-inclusao-social\/#primaryimage\"},\"image\":{\"@id\":\"https:\/\/portaltela.pt\/noticias\/2026\/02\/02\/municipio-reforca-compromisso-com-protecao-infantil-e-inclusao-social\/#primaryimage\"},\"thumbnailUrl\":\"https:\/\/portaltela.pt\/s.01k8rhncp4jt1\/2026\/02\/unnamed-file-310.jpg\",\"datePublished\":\"2026-02-02T09:35:00+00:00\",\"author\":{\"@id\":\"https:\/\/portaltela.pt\/#\/schema\/person\/c4278d4a6028830caff9ee44b42d32ed\"},\"breadcrumb\":{\"@id\":\"https:\/\/portaltela.pt\/noticias\/2026\/02\/02\/municipio-reforca-compromisso-com-protecao-infantil-e-inclusao-social\/#breadcrumb\"},\"inLanguage\":\"pt-PT\",\"potentialAction\":[{\"@type\":\"ReadAction\",\"target\":[\"https:\/\/portaltela.pt\/noticias\/2026\/02\/02\/municipio-reforca-compromisso-com-protecao-infantil-e-inclusao-social\/\"]}]},{\"@type\":\"ImageObject\",\"inLanguage\":\"pt-PT\",\"@id\":\"https:\/\/portaltela.pt\/noticias\/2026\/02\/02\/municipio-reforca-compromisso-com-protecao-infantil-e-inclusao-social\/#primaryimage\",\"url\":\"https:\/\/portaltela.pt\/s.01k8rhncp4jt1\/2026\/02\/unnamed-file-310.jpg\",\"contentUrl\":\"https:\/\/portaltela.pt\/s.01k8rhncp4jt1\/2026\/02\/unnamed-file-310.jpg\",\"width\":796,\"height\":448,\"caption\":\"Munic\u00edpio refor\u00e7a compromisso com a prote\u00e7\u00e3o das crian\u00e7as e a inclus\u00e3o social\"},{\"@type\":\"BreadcrumbList\",\"@id\":\"https:\/\/portaltela.pt\/noticias\/2026\/02\/02\/municipio-reforca-compromisso-com-protecao-infantil-e-inclusao-social\/#breadcrumb\",\"itemListElement\":[{\"@type\":\"ListItem\",\"position\":1,\"name\":\"In\u00edcio\",\"item\":\"https:\/\/portaltela.pt\/\"},{\"@type\":\"ListItem\",\"position\":2,\"name\":\"Munic\u00edpio refor\u00e7a compromisso com prote\u00e7\u00e3o infantil e inclus\u00e3o social\"}]},{\"@type\":\"WebSite\",\"@id\":\"https:\/\/portaltela.pt\/#website\",\"url\":\"https:\/\/portaltela.pt\/\",\"name\":\"Portal Tela Portugal\",\"description\":\"\",\"potentialAction\":[{\"@type\":\"SearchAction\",\"target\":{\"@type\":\"EntryPoint\",\"urlTemplate\":\"https:\/\/portaltela.pt\/?s={search_term_string}\"},\"query-input\":{\"@type\":\"PropertyValueSpecification\",\"valueRequired\":true,\"valueName\":\"search_term_string\"}}],\"inLanguage\":\"pt-PT\"},{\"@type\":\"Person\",\"@id\":\"https:\/\/portaltela.pt\/#\/schema\/person\/c4278d4a6028830caff9ee44b42d32ed\",\"name\":\"Telinha\",\"image\":{\"@type\":\"ImageObject\",\"inLanguage\":\"pt-PT\",\"@id\":\"https:\/\/portaltela.pt\/s.01k8rhncp4jt1\/2025\/11\/talking-bot-125x125.png\",\"url\":\"https:\/\/portaltela.pt\/s.01k8rhncp4jt1\/2025\/11\/talking-bot-125x125.png\",\"contentUrl\":\"https:\/\/portaltela.pt\/s.01k8rhncp4jt1\/2025\/11\/talking-bot-125x125.png\",\"caption\":\"Telinha\"},\"sameAs\":[\"https:\/\/portaltela.pt\/\"],\"url\":\"https:\/\/portaltela.pt\/por\/367410592786\/\"}]}<\/script>\n<!-- \/ Yoast SEO plugin. -->","yoast_head_json":{"title":"Munic\u00edpio refor\u00e7a compromisso com prote\u00e7\u00e3o infantil e inclus\u00e3o social - Portal Tela Portugal","robots":{"index":"index","follow":"follow","max-snippet":"max-snippet:-1","max-image-preview":"max-image-preview:large","max-video-preview":"max-video-preview:-1"},"og_locale":"pt_PT","og_type":"article","og_title":"Munic\u00edpio refor\u00e7a compromisso com prote\u00e7\u00e3o infantil e inclus\u00e3o social - Portal Tela Portugal","og_description":"O Conselho Local de A\u00e7\u00e3o Social de Matosinhos realizou o 45.\u00ba Plen\u00e1rio, discutindo a Estrat\u00e9gia Municipal de Promo\u00e7\u00e3o dos Direitos das Crian\u00e7as e a prote\u00e7\u00e3o infantil. A estrat\u00e9gia, em desenvolvimento com parceiros locais e coordenada pelo CESIS, organiza-se em quatro eixos: sobreviv\u00eancia, desenvolvimento, prote\u00e7\u00e3o e participa\u00e7\u00e3o, com foco em preven\u00e7\u00e3o e direitos da crian\u00e7a. Inclui o NLGPI (N\u00facleo Local da Garantia para a Inf\u00e2ncia), visando prevenir pobreza infantil e assegurar acesso a educa\u00e7\u00e3o, sa\u00fade, alimenta\u00e7\u00e3o e habita\u00e7\u00e3o, em parceria com v\u00e1rias entidades. Matosinhos tornou-se o primeiro munic\u00edpio portugu\u00eas a integrar o projeto europeu SAFE IN TOWN, que visa fortalecer a salvaguarda de crian\u00e7as e jovens e envolve pol\u00edticas multidisciplinares com participa\u00e7\u00e3o infantil, devendo ser elaborado um Protocolo Municipal de Salvaguarda a apresentar em mar\u00e7o. O plen\u00e1rio aprovou, por unanimidade, a prorroga\u00e7\u00e3o do Radar Social at\u00e9 30 de junho de 2026, para mapear vulnerabilidades e recursos locais e apoiar a elabora\u00e7\u00e3o de um novo Plano de Desenvolvimento Social; foi ainda feito o balan\u00e7o final do PAOITI com entrega de guias \u00e0s entidades parceiras.","og_url":"https:\/\/portaltela.pt\/noticias\/2026\/02\/02\/municipio-reforca-compromisso-com-protecao-infantil-e-inclusao-social\/","og_site_name":"Portal Tela Portugal","article_published_time":"2026-02-02T09:35:00+00:00","author":"Telinha","twitter_card":"summary_large_image","twitter_misc":{"Escrito por":"Telinha","Tempo estimado de leitura":"2 minutos"},"schema":{"@context":"https:\/\/schema.org","@graph":[{"@type":"Article","@id":"https:\/\/portaltela.pt\/noticias\/2026\/02\/02\/municipio-reforca-compromisso-com-protecao-infantil-e-inclusao-social\/#article","isPartOf":{"@id":"https:\/\/portaltela.pt\/noticias\/2026\/02\/02\/municipio-reforca-compromisso-com-protecao-infantil-e-inclusao-social\/"},"author":{"name":"Telinha","@id":"https:\/\/portaltela.pt\/#\/schema\/person\/c4278d4a6028830caff9ee44b42d32ed"},"headline":"Munic\u00edpio refor\u00e7a compromisso com prote\u00e7\u00e3o infantil e inclus\u00e3o social","datePublished":"2026-02-02T09:35:00+00:00","mainEntityOfPage":{"@id":"https:\/\/portaltela.pt\/noticias\/2026\/02\/02\/municipio-reforca-compromisso-com-protecao-infantil-e-inclusao-social\/"},"wordCount":365,"image":{"@id":"https:\/\/portaltela.pt\/noticias\/2026\/02\/02\/municipio-reforca-compromisso-com-protecao-infantil-e-inclusao-social\/#primaryimage"},"thumbnailUrl":"https:\/\/portaltela.pt\/s.01k8rhncp4jt1\/2026\/02\/unnamed-file-310.jpg","keywords":["inclus\u00e3o social","Matosinhos","PAOITI","prote\u00e7\u00e3o de menores","prote\u00e7\u00e3o social","Radar Social"],"articleSection":["Not\u00edcias"],"inLanguage":"pt-PT"},{"@type":"WebPage","@id":"https:\/\/portaltela.pt\/noticias\/2026\/02\/02\/municipio-reforca-compromisso-com-protecao-infantil-e-inclusao-social\/","url":"https:\/\/portaltela.pt\/noticias\/2026\/02\/02\/municipio-reforca-compromisso-com-protecao-infantil-e-inclusao-social\/","name":"Munic\u00edpio refor\u00e7a compromisso com prote\u00e7\u00e3o infantil e inclus\u00e3o social - Portal Tela Portugal","isPartOf":{"@id":"https:\/\/portaltela.pt\/#website"},"primaryImageOfPage":{"@id":"https:\/\/portaltela.pt\/noticias\/2026\/02\/02\/municipio-reforca-compromisso-com-protecao-infantil-e-inclusao-social\/#primaryimage"},"image":{"@id":"https:\/\/portaltela.pt\/noticias\/2026\/02\/02\/municipio-reforca-compromisso-com-protecao-infantil-e-inclusao-social\/#primaryimage"},"thumbnailUrl":"https:\/\/portaltela.pt\/s.01k8rhncp4jt1\/2026\/02\/unnamed-file-310.jpg","datePublished":"2026-02-02T09:35:00+00:00","author":{"@id":"https:\/\/portaltela.pt\/#\/schema\/person\/c4278d4a6028830caff9ee44b42d32ed"},"breadcrumb":{"@id":"https:\/\/portaltela.pt\/noticias\/2026\/02\/02\/municipio-reforca-compromisso-com-protecao-infantil-e-inclusao-social\/#breadcrumb"},"inLanguage":"pt-PT","potentialAction":[{"@type":"ReadAction","target":["https:\/\/portaltela.pt\/noticias\/2026\/02\/02\/municipio-reforca-compromisso-com-protecao-infantil-e-inclusao-social\/"]}]},{"@type":"ImageObject","inLanguage":"pt-PT","@id":"https:\/\/portaltela.pt\/noticias\/2026\/02\/02\/municipio-reforca-compromisso-com-protecao-infantil-e-inclusao-social\/#primaryimage","url":"https:\/\/portaltela.pt\/s.01k8rhncp4jt1\/2026\/02\/unnamed-file-310.jpg","contentUrl":"https:\/\/portaltela.pt\/s.01k8rhncp4jt1\/2026\/02\/unnamed-file-310.jpg","width":796,"height":448,"caption":"Munic\u00edpio refor\u00e7a compromisso com a prote\u00e7\u00e3o das crian\u00e7as e a inclus\u00e3o social"},{"@type":"BreadcrumbList","@id":"https:\/\/portaltela.pt\/noticias\/2026\/02\/02\/municipio-reforca-compromisso-com-protecao-infantil-e-inclusao-social\/#breadcrumb","itemListElement":[{"@type":"ListItem","position":1,"name":"In\u00edcio","item":"https:\/\/portaltela.pt\/"},{"@type":"ListItem","position":2,"name":"Munic\u00edpio refor\u00e7a compromisso com prote\u00e7\u00e3o infantil e inclus\u00e3o social"}]},{"@type":"WebSite","@id":"https:\/\/portaltela.pt\/#website","url":"https:\/\/portaltela.pt\/","name":"Portal Tela Portugal","description":"","potentialAction":[{"@type":"SearchAction","target":{"@type":"EntryPoint","urlTemplate":"https:\/\/portaltela.pt\/?s={search_term_string}"},"query-input":{"@type":"PropertyValueSpecification","valueRequired":true,"valueName":"search_term_string"}}],"inLanguage":"pt-PT"},{"@type":"Person","@id":"https:\/\/portaltela.pt\/#\/schema\/person\/c4278d4a6028830caff9ee44b42d32ed","name":"Telinha","image":{"@type":"ImageObject","inLanguage":"pt-PT","@id":"https:\/\/portaltela.pt\/s.01k8rhncp4jt1\/2025\/11\/talking-bot-125x125.png","url":"https:\/\/portaltela.pt\/s.01k8rhncp4jt1\/2025\/11\/talking-bot-125x125.png","contentUrl":"https:\/\/portaltela.pt\/s.01k8rhncp4jt1\/2025\/11\/talking-bot-125x125.png","caption":"Telinha"},"sameAs":["https:\/\/portaltela.pt\/"],"url":"https:\/\/portaltela.pt\/por\/367410592786\/"}]}},"_links":{"self":[{"href":"https:\/\/portaltela.pt\/api\/wp\/v2\/posts\/190215","targetHints":{"allow":["GET"]}}],"collection":[{"href":"https:\/\/portaltela.pt\/api\/wp\/v2\/posts"}],"about":[{"href":"https:\/\/portaltela.pt\/api\/wp\/v2\/types\/post"}],"author":[{"embeddable":true,"href":"https:\/\/portaltela.pt\/api\/wp\/v2\/users\/2"}],"replies":[{"embeddable":true,"href":"https:\/\/portaltela.pt\/api\/wp\/v2\/comments?post=190215"}],"version-history":[{"count":0,"href":"https:\/\/portaltela.pt\/api\/wp\/v2\/posts\/190215\/revisions"}],"wp:featuredmedia":[{"embeddable":true,"href":"https:\/\/portaltela.pt\/api\/wp\/v2\/media\/190224"}],"wp:attachment":[{"href":"https:\/\/portaltela.pt\/api\/wp\/v2\/media?parent=190215"}],"wp:term":[{"taxonomy":"category","embeddable":true,"href":"https:\/\/portaltela.pt\/api\/wp\/v2\/categories?post=190215"},{"taxonomy":"post_tag","embeddable":true,"href":"https:\/\/portaltela.pt\/api\/wp\/v2\/tags?post=190215"}],"curies":[{"name":"wp","href":"https:\/\/api.w.org\/{rel}","templated":true}]}}