{"id":189861,"date":"2026-02-02T03:27:22","date_gmt":"2026-02-02T06:27:22","guid":{"rendered":"https:\/\/portaltela.pt\/noticias\/2026\/02\/02\/mocambique-mira-vacinar-17-milhoes-contra-colera-nesta-semana\/"},"modified":"2026-02-02T03:27:22","modified_gmt":"2026-02-02T06:27:22","slug":"mocambique-mira-vacinar-17-milhoes-contra-colera-nesta-semana","status":"publish","type":"post","link":"https:\/\/portaltela.pt\/noticias\/2026\/02\/02\/mocambique-mira-vacinar-17-milhoes-contra-colera-nesta-semana\/","title":{"rendered":"Mo\u00e7ambique mira vacinar 1,7 milh\u00f5es contra c\u00f3lera nesta semana"},"content":{"rendered":"<p>Mo\u00e7ambique avan\u00e7a com uma campanha de vacina\u00e7\u00e3o contra a c\u00f3lera, destinada a mais de 1,7 milh\u00f5es de pessoas a partir de 4 de fevereiro at\u00e9 8 de fevereiro. A iniciativa ocorre em cinco distritos de quatro prov\u00edncias, com apoio de brigadas m\u00f3veis e unidades de sa\u00fade, para reduzir o impacto da doen\u00e7a.<\/p>\n<p>A vacina\u00e7\u00e3o abrange as prov\u00edncias de Niassa (Lago), Cabo Delgado (Metuge e Pemba), Zamb\u00e9zia (Quelimane) e Sofala (Beira). O objetivo \u00e9 cobrir pessoas com 1 ano ou mais de idade, incluindo a\u00e7\u00f5es nas comunidades.<\/p>\n<p>O Minist\u00e9rio da Sa\u00fade sublinha que a c\u00f3lera \u00e9 grave, transmitida por \u00e1gua ou comida contaminada, e pode ser fatal se n\u00e3o tratada rapidamente. A a\u00e7\u00e3o faz parte do Plano Nacional de Elimina\u00e7\u00e3o da C\u00f3lera (2025-2030).<\/p>\n<h3>Progresso da campanha<\/h3>\n<p>Em paralelo, o pa\u00eds regista aumento de casos e \u00f3bitos, com 95 novos casos e seis mortes reportadas em 24 horas. Ao todo, j\u00e1 morreram 55 pessoas desde o in\u00edcio do surto atual em setembro.<\/p>\n<p>Segundo o boletim de 30 de janeiro a 30 de janeiro, foram registados 3.725 casos no per\u00edodo, com Nampula a somar 1.621 casos e 21 \u00f3bitos, Tete 1.481 casos e 28 \u00f3bitos, e Cabo Delgado 566 casos com 6 mortos.<\/p>\n<p>O epicentro permanece em Tete, com 87 casos novos e letalidade de 1,9%. Em Cabo Delgado houve surgimento de um novo surto em Mecufi e Montepuez, al\u00e9m de Pemba e Metuge.<\/p>\n<p>Outro lote de dados revela que, no surto anterior, entre outubro de 2024 e julho de 2025, houve 4.420 infec\u00e7\u00f5es, sendo a maioria na Nampula, com 3.590 casos e 64 mortes no total.<\/p>\n<p>O ministro da Sa\u00fade, Ussene Isse, j\u00e1 indicou que, em 2025, cerca de 169 mo\u00e7ambicanos morreram por c\u00f3lera, num ano com aproximadamente 40 mil casos. O apelo \u00e9 para higiene individual e coletiva.<\/p>\n","protected":false},"excerpt":{"rendered":"<ul>\n<li>Mo\u00e7ambique pretende vacinar esta semana contra a c\u00f3lera mais de 1,7 milh\u00f5es de pessoas com idade igual ou superior a um ano, entre quatro e oito de fevereiro, em quatro prov\u00edncias.<\/li>\n<li>A vacina\u00e7\u00e3o decorre em cinco distritos das prov\u00edncias de Niassa (Lago), Cabo Delgado (Metuge e Pemba), Zamb\u00e9zia (Quelimane) e Sofala (Beira), com brigadas m\u00f3veis nas unidades de sa\u00fade e comunidades.<\/li>\n<li>O objetivo \u00e9 abranger 1.757.229 pessoas, utilizando uma combina\u00e7\u00e3o de atividades nas unidades sanit\u00e1rias e nas comunidades.<\/li>\n<li>A janela de vacina\u00e7\u00e3o integra o Plano Nacional de Elimina\u00e7\u00e3o da C\u00f3lera para 2025-2030, e a doen\u00e7a \u00e9 transmitida por \u00e1gua ou alimentos contaminados, com maior express\u00e3o na \u00e9poca chuvosa.<\/li>\n<li>No balan\u00e7o atual, registaram-se 95 novos casos e seis \u00f3bitos em 24 horas, totalizando cinquenta e cinco \u00d3bitos desde setembro, com o epicentro em Tete e surtos tamb\u00e9m em Cabo Delgado.<\/li>\n<\/ul>\n","protected":false},"author":2,"featured_media":189864,"comment_status":"closed","ping_status":"closed","sticky":false,"template":"","format":"standard","meta":{"footnotes":""},"categories":[1],"tags":[2049,1911,2232,271,3441,4792],"class_list":["post-189861","post","type-post","status-publish","format-standard","has-post-thumbnail","hentry","category-noticias","tag-cabo-delgado","tag-mocambique","tag-niassa","tag-saude-publica","tag-sofala","tag-zambezia"],"yoast_head":"<!-- This site is optimized with the Yoast SEO plugin v27.2 - https:\/\/yoast.com\/product\/yoast-seo-wordpress\/ -->\n<title>Mo\u00e7ambique mira vacinar 1,7 milh\u00f5es contra c\u00f3lera nesta semana - Portal Tela Portugal<\/title>\n<meta name=\"robots\" content=\"index, follow, max-snippet:-1, max-image-preview:large, max-video-preview:-1\" \/>\n<meta property=\"og:locale\" content=\"pt_PT\" \/>\n<meta property=\"og:type\" content=\"article\" \/>\n<meta property=\"og:title\" content=\"Mo\u00e7ambique mira vacinar 1,7 milh\u00f5es contra c\u00f3lera nesta semana - Portal Tela Portugal\" \/>\n<meta property=\"og:description\" content=\"Mo\u00e7ambique pretende vacinar esta semana contra a c\u00f3lera mais de 1,7 milh\u00f5es de pessoas com idade igual ou superior a um ano, entre quatro e oito de fevereiro, em quatro prov\u00edncias. A vacina\u00e7\u00e3o decorre em cinco distritos das prov\u00edncias de Niassa (Lago), Cabo Delgado (Metuge e Pemba), Zamb\u00e9zia (Quelimane) e Sofala (Beira), com brigadas m\u00f3veis nas unidades de sa\u00fade e comunidades. O objetivo \u00e9 abranger 1.757.229 pessoas, utilizando uma combina\u00e7\u00e3o de atividades nas unidades sanit\u00e1rias e nas comunidades. A janela de vacina\u00e7\u00e3o integra o Plano Nacional de Elimina\u00e7\u00e3o da C\u00f3lera para 2025-2030, e a doen\u00e7a \u00e9 transmitida por \u00e1gua ou alimentos contaminados, com maior express\u00e3o na \u00e9poca chuvosa. No balan\u00e7o atual, registaram-se 95 novos casos e seis \u00f3bitos em 24 horas, totalizando cinquenta e cinco \u00d3bitos desde setembro, com o epicentro em Tete e surtos tamb\u00e9m em Cabo Delgado.\" \/>\n<meta property=\"og:url\" content=\"https:\/\/portaltela.pt\/noticias\/2026\/02\/02\/mocambique-mira-vacinar-17-milhoes-contra-colera-nesta-semana\/\" \/>\n<meta property=\"og:site_name\" content=\"Portal Tela Portugal\" \/>\n<meta property=\"article:published_time\" content=\"2026-02-02T06:27:22+00:00\" \/>\n<meta name=\"author\" content=\"Telinha\" \/>\n<meta name=\"twitter:card\" content=\"summary_large_image\" \/>\n<meta name=\"twitter:label1\" content=\"Escrito por\" \/>\n\t<meta name=\"twitter:data1\" content=\"Telinha\" \/>\n\t<meta name=\"twitter:label2\" content=\"Tempo estimado de leitura\" \/>\n\t<meta name=\"twitter:data2\" content=\"1 minuto\" \/>\n<script type=\"application\/ld+json\" class=\"yoast-schema-graph\">{\"@context\":\"https:\/\/schema.org\",\"@graph\":[{\"@type\":\"Article\",\"@id\":\"https:\/\/portaltela.pt\/noticias\/2026\/02\/02\/mocambique-mira-vacinar-17-milhoes-contra-colera-nesta-semana\/#article\",\"isPartOf\":{\"@id\":\"https:\/\/portaltela.pt\/noticias\/2026\/02\/02\/mocambique-mira-vacinar-17-milhoes-contra-colera-nesta-semana\/\"},\"author\":{\"name\":\"Telinha\",\"@id\":\"https:\/\/portaltela.pt\/#\/schema\/person\/c4278d4a6028830caff9ee44b42d32ed\"},\"headline\":\"Mo\u00e7ambique mira vacinar 1,7 milh\u00f5es contra c\u00f3lera nesta semana\",\"datePublished\":\"2026-02-02T06:27:22+00:00\",\"mainEntityOfPage\":{\"@id\":\"https:\/\/portaltela.pt\/noticias\/2026\/02\/02\/mocambique-mira-vacinar-17-milhoes-contra-colera-nesta-semana\/\"},\"wordCount\":307,\"image\":{\"@id\":\"https:\/\/portaltela.pt\/noticias\/2026\/02\/02\/mocambique-mira-vacinar-17-milhoes-contra-colera-nesta-semana\/#primaryimage\"},\"thumbnailUrl\":\"https:\/\/portaltela.pt\/s.01k8rhncp4jt1\/2026\/02\/unnamed-file-254.jpg\",\"keywords\":[\"Cabo Delgado\",\"Mo\u00e7ambique\",\"Niassa\",\"sa\u00fade p\u00fablica\",\"Sofala\",\"Zamb\u00e9zia\"],\"articleSection\":[\"Not\u00edcias\"],\"inLanguage\":\"pt-PT\"},{\"@type\":\"WebPage\",\"@id\":\"https:\/\/portaltela.pt\/noticias\/2026\/02\/02\/mocambique-mira-vacinar-17-milhoes-contra-colera-nesta-semana\/\",\"url\":\"https:\/\/portaltela.pt\/noticias\/2026\/02\/02\/mocambique-mira-vacinar-17-milhoes-contra-colera-nesta-semana\/\",\"name\":\"Mo\u00e7ambique mira vacinar 1,7 milh\u00f5es contra c\u00f3lera nesta semana - Portal Tela Portugal\",\"isPartOf\":{\"@id\":\"https:\/\/portaltela.pt\/#website\"},\"primaryImageOfPage\":{\"@id\":\"https:\/\/portaltela.pt\/noticias\/2026\/02\/02\/mocambique-mira-vacinar-17-milhoes-contra-colera-nesta-semana\/#primaryimage\"},\"image\":{\"@id\":\"https:\/\/portaltela.pt\/noticias\/2026\/02\/02\/mocambique-mira-vacinar-17-milhoes-contra-colera-nesta-semana\/#primaryimage\"},\"thumbnailUrl\":\"https:\/\/portaltela.pt\/s.01k8rhncp4jt1\/2026\/02\/unnamed-file-254.jpg\",\"datePublished\":\"2026-02-02T06:27:22+00:00\",\"author\":{\"@id\":\"https:\/\/portaltela.pt\/#\/schema\/person\/c4278d4a6028830caff9ee44b42d32ed\"},\"breadcrumb\":{\"@id\":\"https:\/\/portaltela.pt\/noticias\/2026\/02\/02\/mocambique-mira-vacinar-17-milhoes-contra-colera-nesta-semana\/#breadcrumb\"},\"inLanguage\":\"pt-PT\",\"potentialAction\":[{\"@type\":\"ReadAction\",\"target\":[\"https:\/\/portaltela.pt\/noticias\/2026\/02\/02\/mocambique-mira-vacinar-17-milhoes-contra-colera-nesta-semana\/\"]}]},{\"@type\":\"ImageObject\",\"inLanguage\":\"pt-PT\",\"@id\":\"https:\/\/portaltela.pt\/noticias\/2026\/02\/02\/mocambique-mira-vacinar-17-milhoes-contra-colera-nesta-semana\/#primaryimage\",\"url\":\"https:\/\/portaltela.pt\/s.01k8rhncp4jt1\/2026\/02\/unnamed-file-254.jpg\",\"contentUrl\":\"https:\/\/portaltela.pt\/s.01k8rhncp4jt1\/2026\/02\/unnamed-file-254.jpg\",\"width\":796,\"height\":448,\"caption\":\"Mo\u00e7ambique quer vacinar 1,7 milh\u00f5es contra a c\u00f3lera esta semana\"},{\"@type\":\"BreadcrumbList\",\"@id\":\"https:\/\/portaltela.pt\/noticias\/2026\/02\/02\/mocambique-mira-vacinar-17-milhoes-contra-colera-nesta-semana\/#breadcrumb\",\"itemListElement\":[{\"@type\":\"ListItem\",\"position\":1,\"name\":\"In\u00edcio\",\"item\":\"https:\/\/portaltela.pt\/\"},{\"@type\":\"ListItem\",\"position\":2,\"name\":\"Mo\u00e7ambique mira vacinar 1,7 milh\u00f5es contra c\u00f3lera nesta semana\"}]},{\"@type\":\"WebSite\",\"@id\":\"https:\/\/portaltela.pt\/#website\",\"url\":\"https:\/\/portaltela.pt\/\",\"name\":\"Portal Tela Portugal\",\"description\":\"\",\"potentialAction\":[{\"@type\":\"SearchAction\",\"target\":{\"@type\":\"EntryPoint\",\"urlTemplate\":\"https:\/\/portaltela.pt\/?s={search_term_string}\"},\"query-input\":{\"@type\":\"PropertyValueSpecification\",\"valueRequired\":true,\"valueName\":\"search_term_string\"}}],\"inLanguage\":\"pt-PT\"},{\"@type\":\"Person\",\"@id\":\"https:\/\/portaltela.pt\/#\/schema\/person\/c4278d4a6028830caff9ee44b42d32ed\",\"name\":\"Telinha\",\"image\":{\"@type\":\"ImageObject\",\"inLanguage\":\"pt-PT\",\"@id\":\"https:\/\/portaltela.pt\/s.01k8rhncp4jt1\/2025\/11\/talking-bot-125x125.png\",\"url\":\"https:\/\/portaltela.pt\/s.01k8rhncp4jt1\/2025\/11\/talking-bot-125x125.png\",\"contentUrl\":\"https:\/\/portaltela.pt\/s.01k8rhncp4jt1\/2025\/11\/talking-bot-125x125.png\",\"caption\":\"Telinha\"},\"sameAs\":[\"https:\/\/portaltela.pt\/\"],\"url\":\"https:\/\/portaltela.pt\/por\/367410592786\/\"}]}<\/script>\n<!-- \/ Yoast SEO plugin. -->","yoast_head_json":{"title":"Mo\u00e7ambique mira vacinar 1,7 milh\u00f5es contra c\u00f3lera nesta semana - Portal Tela Portugal","robots":{"index":"index","follow":"follow","max-snippet":"max-snippet:-1","max-image-preview":"max-image-preview:large","max-video-preview":"max-video-preview:-1"},"og_locale":"pt_PT","og_type":"article","og_title":"Mo\u00e7ambique mira vacinar 1,7 milh\u00f5es contra c\u00f3lera nesta semana - Portal Tela Portugal","og_description":"Mo\u00e7ambique pretende vacinar esta semana contra a c\u00f3lera mais de 1,7 milh\u00f5es de pessoas com idade igual ou superior a um ano, entre quatro e oito de fevereiro, em quatro prov\u00edncias. A vacina\u00e7\u00e3o decorre em cinco distritos das prov\u00edncias de Niassa (Lago), Cabo Delgado (Metuge e Pemba), Zamb\u00e9zia (Quelimane) e Sofala (Beira), com brigadas m\u00f3veis nas unidades de sa\u00fade e comunidades. O objetivo \u00e9 abranger 1.757.229 pessoas, utilizando uma combina\u00e7\u00e3o de atividades nas unidades sanit\u00e1rias e nas comunidades. A janela de vacina\u00e7\u00e3o integra o Plano Nacional de Elimina\u00e7\u00e3o da C\u00f3lera para 2025-2030, e a doen\u00e7a \u00e9 transmitida por \u00e1gua ou alimentos contaminados, com maior express\u00e3o na \u00e9poca chuvosa. No balan\u00e7o atual, registaram-se 95 novos casos e seis \u00f3bitos em 24 horas, totalizando cinquenta e cinco \u00d3bitos desde setembro, com o epicentro em Tete e surtos tamb\u00e9m em Cabo Delgado.","og_url":"https:\/\/portaltela.pt\/noticias\/2026\/02\/02\/mocambique-mira-vacinar-17-milhoes-contra-colera-nesta-semana\/","og_site_name":"Portal Tela Portugal","article_published_time":"2026-02-02T06:27:22+00:00","author":"Telinha","twitter_card":"summary_large_image","twitter_misc":{"Escrito por":"Telinha","Tempo estimado de leitura":"1 minuto"},"schema":{"@context":"https:\/\/schema.org","@graph":[{"@type":"Article","@id":"https:\/\/portaltela.pt\/noticias\/2026\/02\/02\/mocambique-mira-vacinar-17-milhoes-contra-colera-nesta-semana\/#article","isPartOf":{"@id":"https:\/\/portaltela.pt\/noticias\/2026\/02\/02\/mocambique-mira-vacinar-17-milhoes-contra-colera-nesta-semana\/"},"author":{"name":"Telinha","@id":"https:\/\/portaltela.pt\/#\/schema\/person\/c4278d4a6028830caff9ee44b42d32ed"},"headline":"Mo\u00e7ambique mira vacinar 1,7 milh\u00f5es contra c\u00f3lera nesta semana","datePublished":"2026-02-02T06:27:22+00:00","mainEntityOfPage":{"@id":"https:\/\/portaltela.pt\/noticias\/2026\/02\/02\/mocambique-mira-vacinar-17-milhoes-contra-colera-nesta-semana\/"},"wordCount":307,"image":{"@id":"https:\/\/portaltela.pt\/noticias\/2026\/02\/02\/mocambique-mira-vacinar-17-milhoes-contra-colera-nesta-semana\/#primaryimage"},"thumbnailUrl":"https:\/\/portaltela.pt\/s.01k8rhncp4jt1\/2026\/02\/unnamed-file-254.jpg","keywords":["Cabo Delgado","Mo\u00e7ambique","Niassa","sa\u00fade p\u00fablica","Sofala","Zamb\u00e9zia"],"articleSection":["Not\u00edcias"],"inLanguage":"pt-PT"},{"@type":"WebPage","@id":"https:\/\/portaltela.pt\/noticias\/2026\/02\/02\/mocambique-mira-vacinar-17-milhoes-contra-colera-nesta-semana\/","url":"https:\/\/portaltela.pt\/noticias\/2026\/02\/02\/mocambique-mira-vacinar-17-milhoes-contra-colera-nesta-semana\/","name":"Mo\u00e7ambique mira vacinar 1,7 milh\u00f5es contra c\u00f3lera nesta semana - Portal Tela Portugal","isPartOf":{"@id":"https:\/\/portaltela.pt\/#website"},"primaryImageOfPage":{"@id":"https:\/\/portaltela.pt\/noticias\/2026\/02\/02\/mocambique-mira-vacinar-17-milhoes-contra-colera-nesta-semana\/#primaryimage"},"image":{"@id":"https:\/\/portaltela.pt\/noticias\/2026\/02\/02\/mocambique-mira-vacinar-17-milhoes-contra-colera-nesta-semana\/#primaryimage"},"thumbnailUrl":"https:\/\/portaltela.pt\/s.01k8rhncp4jt1\/2026\/02\/unnamed-file-254.jpg","datePublished":"2026-02-02T06:27:22+00:00","author":{"@id":"https:\/\/portaltela.pt\/#\/schema\/person\/c4278d4a6028830caff9ee44b42d32ed"},"breadcrumb":{"@id":"https:\/\/portaltela.pt\/noticias\/2026\/02\/02\/mocambique-mira-vacinar-17-milhoes-contra-colera-nesta-semana\/#breadcrumb"},"inLanguage":"pt-PT","potentialAction":[{"@type":"ReadAction","target":["https:\/\/portaltela.pt\/noticias\/2026\/02\/02\/mocambique-mira-vacinar-17-milhoes-contra-colera-nesta-semana\/"]}]},{"@type":"ImageObject","inLanguage":"pt-PT","@id":"https:\/\/portaltela.pt\/noticias\/2026\/02\/02\/mocambique-mira-vacinar-17-milhoes-contra-colera-nesta-semana\/#primaryimage","url":"https:\/\/portaltela.pt\/s.01k8rhncp4jt1\/2026\/02\/unnamed-file-254.jpg","contentUrl":"https:\/\/portaltela.pt\/s.01k8rhncp4jt1\/2026\/02\/unnamed-file-254.jpg","width":796,"height":448,"caption":"Mo\u00e7ambique quer vacinar 1,7 milh\u00f5es contra a c\u00f3lera esta semana"},{"@type":"BreadcrumbList","@id":"https:\/\/portaltela.pt\/noticias\/2026\/02\/02\/mocambique-mira-vacinar-17-milhoes-contra-colera-nesta-semana\/#breadcrumb","itemListElement":[{"@type":"ListItem","position":1,"name":"In\u00edcio","item":"https:\/\/portaltela.pt\/"},{"@type":"ListItem","position":2,"name":"Mo\u00e7ambique mira vacinar 1,7 milh\u00f5es contra c\u00f3lera nesta semana"}]},{"@type":"WebSite","@id":"https:\/\/portaltela.pt\/#website","url":"https:\/\/portaltela.pt\/","name":"Portal Tela Portugal","description":"","potentialAction":[{"@type":"SearchAction","target":{"@type":"EntryPoint","urlTemplate":"https:\/\/portaltela.pt\/?s={search_term_string}"},"query-input":{"@type":"PropertyValueSpecification","valueRequired":true,"valueName":"search_term_string"}}],"inLanguage":"pt-PT"},{"@type":"Person","@id":"https:\/\/portaltela.pt\/#\/schema\/person\/c4278d4a6028830caff9ee44b42d32ed","name":"Telinha","image":{"@type":"ImageObject","inLanguage":"pt-PT","@id":"https:\/\/portaltela.pt\/s.01k8rhncp4jt1\/2025\/11\/talking-bot-125x125.png","url":"https:\/\/portaltela.pt\/s.01k8rhncp4jt1\/2025\/11\/talking-bot-125x125.png","contentUrl":"https:\/\/portaltela.pt\/s.01k8rhncp4jt1\/2025\/11\/talking-bot-125x125.png","caption":"Telinha"},"sameAs":["https:\/\/portaltela.pt\/"],"url":"https:\/\/portaltela.pt\/por\/367410592786\/"}]}},"_links":{"self":[{"href":"https:\/\/portaltela.pt\/api\/wp\/v2\/posts\/189861","targetHints":{"allow":["GET"]}}],"collection":[{"href":"https:\/\/portaltela.pt\/api\/wp\/v2\/posts"}],"about":[{"href":"https:\/\/portaltela.pt\/api\/wp\/v2\/types\/post"}],"author":[{"embeddable":true,"href":"https:\/\/portaltela.pt\/api\/wp\/v2\/users\/2"}],"replies":[{"embeddable":true,"href":"https:\/\/portaltela.pt\/api\/wp\/v2\/comments?post=189861"}],"version-history":[{"count":0,"href":"https:\/\/portaltela.pt\/api\/wp\/v2\/posts\/189861\/revisions"}],"wp:featuredmedia":[{"embeddable":true,"href":"https:\/\/portaltela.pt\/api\/wp\/v2\/media\/189864"}],"wp:attachment":[{"href":"https:\/\/portaltela.pt\/api\/wp\/v2\/media?parent=189861"}],"wp:term":[{"taxonomy":"category","embeddable":true,"href":"https:\/\/portaltela.pt\/api\/wp\/v2\/categories?post=189861"},{"taxonomy":"post_tag","embeddable":true,"href":"https:\/\/portaltela.pt\/api\/wp\/v2\/tags?post=189861"}],"curies":[{"name":"wp","href":"https:\/\/api.w.org\/{rel}","templated":true}]}}