{"id":189766,"date":"2026-02-01T21:00:00","date_gmt":"2026-02-02T00:00:00","guid":{"rendered":"https:\/\/portaltela.pt\/noticias\/2026\/02\/01\/os-valores-da-social-democracia-na-politica-atual\/"},"modified":"2026-02-01T21:00:00","modified_gmt":"2026-02-02T00:00:00","slug":"os-valores-da-social-democracia-na-politica-atual","status":"publish","type":"post","link":"https:\/\/portaltela.pt\/noticias\/politica\/2026\/02\/01\/os-valores-da-social-democracia-na-politica-atual\/","title":{"rendered":"Os valores da social-democracia na pol\u00edtica atual"},"content":{"rendered":"<p>Andr\u00e9 Ventura publicou um texto em que defende os valores da social-democracia e critica o populismo. Afirma que a liberdade de uma sociedade depende de ningu\u00e9m ficar para tr\u00e1s, especialmente em tempos conturbados.<\/p>\n<p>O manifesto sustenta que investir em pol\u00edticas sociais fortalece a democracia. Cita creches, lares de idosos, comparticipa\u00e7\u00e3o de medicamentos, aquecimento de casas, bolsas de estudo e apoio a quem n\u00e3o pode pagar a universidade.<\/p>\n<p>A defesa \u00e9 de uma social-democracia que se baseia em decis\u00f5es concretas, corrige falhas e responde \u00e0s necessidades das pessoas. O autor aponta que a justi\u00e7a social evita o surgimento de radicalismos e slogans morais.<\/p>\n<h3>Resultados em Oeiras<\/h3>\n<p>Em Oeiras, Ventura registou a mais baixa vota\u00e7\u00e3o na primeira volta das presidenciais, cerca de 50% abaixo da m\u00e9dia nacional, segundo dados oficiais.<\/p>\n<p>O texto acrescenta que, para o autor, se governos nacionais atuassem como em Oeiras, o Chega n\u00e3o teria suporte suficiente para avan\u00e7ar.<\/p>\n","protected":false},"excerpt":{"rendered":"<ul>\n<li>O texto defende a social-democracia como base de coes\u00e3o social e de uma democracia est\u00e1vel, atrav\u00e9s de pol\u00edticas que ajudam quem fica para tr\u00e1s.<\/li>\n<li>Exemplos de pol\u00edticas citadas: creches, lares de idosos, comparticipa\u00e7\u00e3o de medicamentos, aquecimento de casas, bolsas de estudo, apoio ao estudo, atividades desportivas em bairros problem\u00e1ticos e habita\u00e7\u00e3o digna.<\/li>\n<li>Argumenta que a insatisfa\u00e7\u00e3o popular n\u00e3o se combate com slogans, mas com respostas sociais eficazes e a\u00e7\u00f5es concretas.<\/li>\n<li>Questiona se quem hoje se apresenta como social-democrata realmente partilha dos seus valores, sugerindo que alguns se movem apenas pelo poder.<\/li>\n<li>Refere que Andr\u00e9 Ventura teve a mais baixa vota\u00e7\u00e3o na primeira volta das presidenciais em Oeiras, e afirma que, se os governos atuassem como em Oeiras, o Chega n\u00e3o teria sucesso.<\/li>\n<\/ul>\n","protected":false},"author":2,"featured_media":189770,"comment_status":"closed","ping_status":"closed","sticky":false,"template":"","format":"standard","meta":{"footnotes":""},"categories":[1,5],"tags":[2453,2142,1198,2832,3001,3536],"class_list":["post-189766","post","type-post","status-publish","format-standard","has-post-thumbnail","hentry","category-noticias","category-politica","tag-andre-ventura","tag-chega","tag-oeiras","tag-politica","tag-presidenciais","tag-social-democracia"],"yoast_head":"<!-- This site is optimized with the Yoast SEO plugin v27.2 - https:\/\/yoast.com\/product\/yoast-seo-wordpress\/ -->\n<title>Os valores da social-democracia na pol\u00edtica atual - Portal Tela Portugal<\/title>\n<meta name=\"robots\" content=\"index, follow, max-snippet:-1, max-image-preview:large, max-video-preview:-1\" \/>\n<meta property=\"og:locale\" content=\"pt_PT\" \/>\n<meta property=\"og:type\" content=\"article\" \/>\n<meta property=\"og:title\" content=\"Os valores da social-democracia na pol\u00edtica atual - Portal Tela Portugal\" \/>\n<meta property=\"og:description\" content=\"O texto defende a social-democracia como base de coes\u00e3o social e de uma democracia est\u00e1vel, atrav\u00e9s de pol\u00edticas que ajudam quem fica para tr\u00e1s. Exemplos de pol\u00edticas citadas: creches, lares de idosos, comparticipa\u00e7\u00e3o de medicamentos, aquecimento de casas, bolsas de estudo, apoio ao estudo, atividades desportivas em bairros problem\u00e1ticos e habita\u00e7\u00e3o digna. Argumenta que a insatisfa\u00e7\u00e3o popular n\u00e3o se combate com slogans, mas com respostas sociais eficazes e a\u00e7\u00f5es concretas. Questiona se quem hoje se apresenta como social-democrata realmente partilha dos seus valores, sugerindo que alguns se movem apenas pelo poder. Refere que Andr\u00e9 Ventura teve a mais baixa vota\u00e7\u00e3o na primeira volta das presidenciais em Oeiras, e afirma que, se os governos atuassem como em Oeiras, o Chega n\u00e3o teria sucesso.\" \/>\n<meta property=\"og:url\" content=\"https:\/\/portaltela.pt\/noticias\/2026\/02\/01\/os-valores-da-social-democracia-na-politica-atual\/\" \/>\n<meta property=\"og:site_name\" content=\"Portal Tela Portugal\" \/>\n<meta property=\"article:published_time\" content=\"2026-02-02T00:00:00+00:00\" \/>\n<meta name=\"author\" content=\"Telinha\" \/>\n<meta name=\"twitter:card\" content=\"summary_large_image\" \/>\n<meta name=\"twitter:label1\" content=\"Escrito por\" \/>\n\t<meta name=\"twitter:data1\" content=\"Telinha\" \/>\n\t<meta name=\"twitter:label2\" content=\"Tempo estimado de leitura\" \/>\n\t<meta name=\"twitter:data2\" content=\"1 minuto\" \/>\n<script type=\"application\/ld+json\" class=\"yoast-schema-graph\">{\"@context\":\"https:\/\/schema.org\",\"@graph\":[{\"@type\":\"Article\",\"@id\":\"https:\/\/portaltela.pt\/noticias\/2026\/02\/01\/os-valores-da-social-democracia-na-politica-atual\/#article\",\"isPartOf\":{\"@id\":\"https:\/\/portaltela.pt\/noticias\/2026\/02\/01\/os-valores-da-social-democracia-na-politica-atual\/\"},\"author\":{\"name\":\"Telinha\",\"@id\":\"https:\/\/portaltela.pt\/#\/schema\/person\/c4278d4a6028830caff9ee44b42d32ed\"},\"headline\":\"Os valores da social-democracia na pol\u00edtica atual\",\"datePublished\":\"2026-02-02T00:00:00+00:00\",\"mainEntityOfPage\":{\"@id\":\"https:\/\/portaltela.pt\/noticias\/2026\/02\/01\/os-valores-da-social-democracia-na-politica-atual\/\"},\"wordCount\":167,\"image\":{\"@id\":\"https:\/\/portaltela.pt\/noticias\/2026\/02\/01\/os-valores-da-social-democracia-na-politica-atual\/#primaryimage\"},\"thumbnailUrl\":\"https:\/\/portaltela.pt\/s.01k8rhncp4jt1\/2026\/02\/eff60eb0-55bc-4429-964c-31d8e0a44798_1200x675.jpg\",\"keywords\":[\"Andr\u00e9 Ventura\",\"CHEGA\",\"Oeiras\",\"pol\u00edtica\",\"Presidenciais\",\"Social Democracia\"],\"articleSection\":[\"Not\u00edcias\",\"Pol\u00edtica\"],\"inLanguage\":\"pt-PT\"},{\"@type\":\"WebPage\",\"@id\":\"https:\/\/portaltela.pt\/noticias\/2026\/02\/01\/os-valores-da-social-democracia-na-politica-atual\/\",\"url\":\"https:\/\/portaltela.pt\/noticias\/2026\/02\/01\/os-valores-da-social-democracia-na-politica-atual\/\",\"name\":\"Os valores da social-democracia na pol\u00edtica atual - Portal Tela Portugal\",\"isPartOf\":{\"@id\":\"https:\/\/portaltela.pt\/#website\"},\"primaryImageOfPage\":{\"@id\":\"https:\/\/portaltela.pt\/noticias\/2026\/02\/01\/os-valores-da-social-democracia-na-politica-atual\/#primaryimage\"},\"image\":{\"@id\":\"https:\/\/portaltela.pt\/noticias\/2026\/02\/01\/os-valores-da-social-democracia-na-politica-atual\/#primaryimage\"},\"thumbnailUrl\":\"https:\/\/portaltela.pt\/s.01k8rhncp4jt1\/2026\/02\/eff60eb0-55bc-4429-964c-31d8e0a44798_1200x675.jpg\",\"datePublished\":\"2026-02-02T00:00:00+00:00\",\"author\":{\"@id\":\"https:\/\/portaltela.pt\/#\/schema\/person\/c4278d4a6028830caff9ee44b42d32ed\"},\"breadcrumb\":{\"@id\":\"https:\/\/portaltela.pt\/noticias\/2026\/02\/01\/os-valores-da-social-democracia-na-politica-atual\/#breadcrumb\"},\"inLanguage\":\"pt-PT\",\"potentialAction\":[{\"@type\":\"ReadAction\",\"target\":[\"https:\/\/portaltela.pt\/noticias\/2026\/02\/01\/os-valores-da-social-democracia-na-politica-atual\/\"]}]},{\"@type\":\"ImageObject\",\"inLanguage\":\"pt-PT\",\"@id\":\"https:\/\/portaltela.pt\/noticias\/2026\/02\/01\/os-valores-da-social-democracia-na-politica-atual\/#primaryimage\",\"url\":\"https:\/\/portaltela.pt\/s.01k8rhncp4jt1\/2026\/02\/eff60eb0-55bc-4429-964c-31d8e0a44798_1200x675.jpg\",\"contentUrl\":\"https:\/\/portaltela.pt\/s.01k8rhncp4jt1\/2026\/02\/eff60eb0-55bc-4429-964c-31d8e0a44798_1200x675.jpg\",\"width\":796,\"height\":448,\"caption\":\"Photo\"},{\"@type\":\"BreadcrumbList\",\"@id\":\"https:\/\/portaltela.pt\/noticias\/2026\/02\/01\/os-valores-da-social-democracia-na-politica-atual\/#breadcrumb\",\"itemListElement\":[{\"@type\":\"ListItem\",\"position\":1,\"name\":\"In\u00edcio\",\"item\":\"https:\/\/portaltela.pt\/\"},{\"@type\":\"ListItem\",\"position\":2,\"name\":\"Os valores da social-democracia na pol\u00edtica atual\"}]},{\"@type\":\"WebSite\",\"@id\":\"https:\/\/portaltela.pt\/#website\",\"url\":\"https:\/\/portaltela.pt\/\",\"name\":\"Portal Tela Portugal\",\"description\":\"\",\"potentialAction\":[{\"@type\":\"SearchAction\",\"target\":{\"@type\":\"EntryPoint\",\"urlTemplate\":\"https:\/\/portaltela.pt\/?s={search_term_string}\"},\"query-input\":{\"@type\":\"PropertyValueSpecification\",\"valueRequired\":true,\"valueName\":\"search_term_string\"}}],\"inLanguage\":\"pt-PT\"},{\"@type\":\"Person\",\"@id\":\"https:\/\/portaltela.pt\/#\/schema\/person\/c4278d4a6028830caff9ee44b42d32ed\",\"name\":\"Telinha\",\"image\":{\"@type\":\"ImageObject\",\"inLanguage\":\"pt-PT\",\"@id\":\"https:\/\/portaltela.pt\/s.01k8rhncp4jt1\/2025\/11\/talking-bot-125x125.png\",\"url\":\"https:\/\/portaltela.pt\/s.01k8rhncp4jt1\/2025\/11\/talking-bot-125x125.png\",\"contentUrl\":\"https:\/\/portaltela.pt\/s.01k8rhncp4jt1\/2025\/11\/talking-bot-125x125.png\",\"caption\":\"Telinha\"},\"sameAs\":[\"https:\/\/portaltela.pt\/\"],\"url\":\"https:\/\/portaltela.pt\/por\/367410592786\/\"}]}<\/script>\n<!-- \/ Yoast SEO plugin. -->","yoast_head_json":{"title":"Os valores da social-democracia na pol\u00edtica atual - Portal Tela Portugal","robots":{"index":"index","follow":"follow","max-snippet":"max-snippet:-1","max-image-preview":"max-image-preview:large","max-video-preview":"max-video-preview:-1"},"og_locale":"pt_PT","og_type":"article","og_title":"Os valores da social-democracia na pol\u00edtica atual - Portal Tela Portugal","og_description":"O texto defende a social-democracia como base de coes\u00e3o social e de uma democracia est\u00e1vel, atrav\u00e9s de pol\u00edticas que ajudam quem fica para tr\u00e1s. Exemplos de pol\u00edticas citadas: creches, lares de idosos, comparticipa\u00e7\u00e3o de medicamentos, aquecimento de casas, bolsas de estudo, apoio ao estudo, atividades desportivas em bairros problem\u00e1ticos e habita\u00e7\u00e3o digna. Argumenta que a insatisfa\u00e7\u00e3o popular n\u00e3o se combate com slogans, mas com respostas sociais eficazes e a\u00e7\u00f5es concretas. Questiona se quem hoje se apresenta como social-democrata realmente partilha dos seus valores, sugerindo que alguns se movem apenas pelo poder. Refere que Andr\u00e9 Ventura teve a mais baixa vota\u00e7\u00e3o na primeira volta das presidenciais em Oeiras, e afirma que, se os governos atuassem como em Oeiras, o Chega n\u00e3o teria sucesso.","og_url":"https:\/\/portaltela.pt\/noticias\/2026\/02\/01\/os-valores-da-social-democracia-na-politica-atual\/","og_site_name":"Portal Tela Portugal","article_published_time":"2026-02-02T00:00:00+00:00","author":"Telinha","twitter_card":"summary_large_image","twitter_misc":{"Escrito por":"Telinha","Tempo estimado de leitura":"1 minuto"},"schema":{"@context":"https:\/\/schema.org","@graph":[{"@type":"Article","@id":"https:\/\/portaltela.pt\/noticias\/2026\/02\/01\/os-valores-da-social-democracia-na-politica-atual\/#article","isPartOf":{"@id":"https:\/\/portaltela.pt\/noticias\/2026\/02\/01\/os-valores-da-social-democracia-na-politica-atual\/"},"author":{"name":"Telinha","@id":"https:\/\/portaltela.pt\/#\/schema\/person\/c4278d4a6028830caff9ee44b42d32ed"},"headline":"Os valores da social-democracia na pol\u00edtica atual","datePublished":"2026-02-02T00:00:00+00:00","mainEntityOfPage":{"@id":"https:\/\/portaltela.pt\/noticias\/2026\/02\/01\/os-valores-da-social-democracia-na-politica-atual\/"},"wordCount":167,"image":{"@id":"https:\/\/portaltela.pt\/noticias\/2026\/02\/01\/os-valores-da-social-democracia-na-politica-atual\/#primaryimage"},"thumbnailUrl":"https:\/\/portaltela.pt\/s.01k8rhncp4jt1\/2026\/02\/eff60eb0-55bc-4429-964c-31d8e0a44798_1200x675.jpg","keywords":["Andr\u00e9 Ventura","CHEGA","Oeiras","pol\u00edtica","Presidenciais","Social Democracia"],"articleSection":["Not\u00edcias","Pol\u00edtica"],"inLanguage":"pt-PT"},{"@type":"WebPage","@id":"https:\/\/portaltela.pt\/noticias\/2026\/02\/01\/os-valores-da-social-democracia-na-politica-atual\/","url":"https:\/\/portaltela.pt\/noticias\/2026\/02\/01\/os-valores-da-social-democracia-na-politica-atual\/","name":"Os valores da social-democracia na pol\u00edtica atual - Portal Tela Portugal","isPartOf":{"@id":"https:\/\/portaltela.pt\/#website"},"primaryImageOfPage":{"@id":"https:\/\/portaltela.pt\/noticias\/2026\/02\/01\/os-valores-da-social-democracia-na-politica-atual\/#primaryimage"},"image":{"@id":"https:\/\/portaltela.pt\/noticias\/2026\/02\/01\/os-valores-da-social-democracia-na-politica-atual\/#primaryimage"},"thumbnailUrl":"https:\/\/portaltela.pt\/s.01k8rhncp4jt1\/2026\/02\/eff60eb0-55bc-4429-964c-31d8e0a44798_1200x675.jpg","datePublished":"2026-02-02T00:00:00+00:00","author":{"@id":"https:\/\/portaltela.pt\/#\/schema\/person\/c4278d4a6028830caff9ee44b42d32ed"},"breadcrumb":{"@id":"https:\/\/portaltela.pt\/noticias\/2026\/02\/01\/os-valores-da-social-democracia-na-politica-atual\/#breadcrumb"},"inLanguage":"pt-PT","potentialAction":[{"@type":"ReadAction","target":["https:\/\/portaltela.pt\/noticias\/2026\/02\/01\/os-valores-da-social-democracia-na-politica-atual\/"]}]},{"@type":"ImageObject","inLanguage":"pt-PT","@id":"https:\/\/portaltela.pt\/noticias\/2026\/02\/01\/os-valores-da-social-democracia-na-politica-atual\/#primaryimage","url":"https:\/\/portaltela.pt\/s.01k8rhncp4jt1\/2026\/02\/eff60eb0-55bc-4429-964c-31d8e0a44798_1200x675.jpg","contentUrl":"https:\/\/portaltela.pt\/s.01k8rhncp4jt1\/2026\/02\/eff60eb0-55bc-4429-964c-31d8e0a44798_1200x675.jpg","width":796,"height":448,"caption":"Photo"},{"@type":"BreadcrumbList","@id":"https:\/\/portaltela.pt\/noticias\/2026\/02\/01\/os-valores-da-social-democracia-na-politica-atual\/#breadcrumb","itemListElement":[{"@type":"ListItem","position":1,"name":"In\u00edcio","item":"https:\/\/portaltela.pt\/"},{"@type":"ListItem","position":2,"name":"Os valores da social-democracia na pol\u00edtica atual"}]},{"@type":"WebSite","@id":"https:\/\/portaltela.pt\/#website","url":"https:\/\/portaltela.pt\/","name":"Portal Tela Portugal","description":"","potentialAction":[{"@type":"SearchAction","target":{"@type":"EntryPoint","urlTemplate":"https:\/\/portaltela.pt\/?s={search_term_string}"},"query-input":{"@type":"PropertyValueSpecification","valueRequired":true,"valueName":"search_term_string"}}],"inLanguage":"pt-PT"},{"@type":"Person","@id":"https:\/\/portaltela.pt\/#\/schema\/person\/c4278d4a6028830caff9ee44b42d32ed","name":"Telinha","image":{"@type":"ImageObject","inLanguage":"pt-PT","@id":"https:\/\/portaltela.pt\/s.01k8rhncp4jt1\/2025\/11\/talking-bot-125x125.png","url":"https:\/\/portaltela.pt\/s.01k8rhncp4jt1\/2025\/11\/talking-bot-125x125.png","contentUrl":"https:\/\/portaltela.pt\/s.01k8rhncp4jt1\/2025\/11\/talking-bot-125x125.png","caption":"Telinha"},"sameAs":["https:\/\/portaltela.pt\/"],"url":"https:\/\/portaltela.pt\/por\/367410592786\/"}]}},"_links":{"self":[{"href":"https:\/\/portaltela.pt\/api\/wp\/v2\/posts\/189766","targetHints":{"allow":["GET"]}}],"collection":[{"href":"https:\/\/portaltela.pt\/api\/wp\/v2\/posts"}],"about":[{"href":"https:\/\/portaltela.pt\/api\/wp\/v2\/types\/post"}],"author":[{"embeddable":true,"href":"https:\/\/portaltela.pt\/api\/wp\/v2\/users\/2"}],"replies":[{"embeddable":true,"href":"https:\/\/portaltela.pt\/api\/wp\/v2\/comments?post=189766"}],"version-history":[{"count":0,"href":"https:\/\/portaltela.pt\/api\/wp\/v2\/posts\/189766\/revisions"}],"wp:featuredmedia":[{"embeddable":true,"href":"https:\/\/portaltela.pt\/api\/wp\/v2\/media\/189770"}],"wp:attachment":[{"href":"https:\/\/portaltela.pt\/api\/wp\/v2\/media?parent=189766"}],"wp:term":[{"taxonomy":"category","embeddable":true,"href":"https:\/\/portaltela.pt\/api\/wp\/v2\/categories?post=189766"},{"taxonomy":"post_tag","embeddable":true,"href":"https:\/\/portaltela.pt\/api\/wp\/v2\/tags?post=189766"}],"curies":[{"name":"wp","href":"https:\/\/api.w.org\/{rel}","templated":true}]}}