{"id":189761,"date":"2026-02-01T22:30:00","date_gmt":"2026-02-02T01:30:00","guid":{"rendered":"https:\/\/portaltela.pt\/noticias\/2026\/02\/01\/real-madrid-sem-craque-frente-ao-benfica\/"},"modified":"2026-02-01T22:30:00","modified_gmt":"2026-02-02T01:30:00","slug":"real-madrid-sem-craque-frente-ao-benfica","status":"publish","type":"post","link":"https:\/\/portaltela.pt\/desporto\/futebol\/2026\/02\/01\/real-madrid-sem-craque-frente-ao-benfica\/","title":{"rendered":"Real Madrid sem craque frente ao Benfica"},"content":{"rendered":"<p>Real Madrid pode enfrentar o Benfica sem o seu craque Jude Bellingham na primeira m\u00e3o do play-off de acesso aos oitavos da Liga dos Campe\u00f5es. O jogador saiu lesionado aos 10 minutos do \u00faltimo jogo da liga espanhola. A gravidade da les\u00e3o ser\u00e1 conhecida depois de exames.<\/p>\n<p>Trata-se de uma les\u00e3o muscular na face anterior da coxa esquerda. A recupera\u00e7\u00e3o para a primeira m\u00e3o, marcada para dia 17, parece improv\u00e1vel. O segundo jogo est\u00e1 agendado para dia 25, em Madrid, e a presen\u00e7a de Bellingham continua incerta.<\/p>\n<h3>Atual enquadramento do Real<\/h3>\n<p>No campeonato espanhol, frente ao Rayo Vallecano (17\u00ba), o Real Madrid s\u00f3 venceu por 2-1 aos 90+10 minutos. Mbapp\u00e9 converteu o pen\u00e1lti que decidiu o encontro. O Real mant\u00e9m o 2.\u00ba lugar, a 1 ponto do l\u00edder Barcelona.<\/p>\n<p>A equipa tem enfrentado dificuldades adicionais fora de campo e a posi\u00e7\u00e3o de treinador permanece est\u00e1vel. A aus\u00eancia de Bellingham aumentaria a press\u00e3o sobre o meio-campo e o ataque da equipa merengue.<\/p>\n<h3>Perspectivas para o play-off<\/h3>\n<p>O plantel continua a trabalhar em fun\u00e7\u00e3o do jogo decisivo frente ao Benfica. O Benfica disputa a partida em casa, na Luz, com ambi\u00e7\u00f5es de avan\u00e7ar. A equipa portuguesa n\u00e3o tem informa\u00e7\u00f5es oficiais sobre les\u00f5es al\u00e9m de Bellingham.<\/p>\n<p>A equipa do Real Madrid dever\u00e1 confirmar a disponibilidade de outros jogadores nas pr\u00f3ximas horas. A comitiva viajar\u00e1 para Lisboa com o objetivo de chegar aos oitavos da Champions.<\/p>\n","protected":false},"excerpt":{"rendered":"<ul>\n<li>Jude Bellingham saiu lesionado da a\u0301rea aos 10 minutos, com les\u00e3o muscular na coxa esquerda, e ainda n\u00e3o se conheceu a gravidade ap\u00f3s exames.<\/li>\n<li>A recupera\u00e7\u00e3o para a primeira m\u00e3o do play-off da Liga dos Campe\u00f5es \u00e9 considerada praticamente imposs\u00edvel, com a visita ao Benfica marcada para o dia 17 deste m\u00eas e a segunda m\u00e3o a 25, em Madrid.<\/li>\n<li>A presen\u00e7a de Bellingham no encontro decisivo continua em d\u00favida, aumentando a dor de cabe\u00e7a para o Real Madrid, sobretudo no meio-campo.<\/li>\n<li>O Real Madrid venceu o Rayo Vallecano por 2-1 gra\u00e7as a um golo de Mbapp\u00e9 a transformar um pen\u00e1lti aos 90+10, mantendo-se no segundo lugar a um ponto do l\u00edder Barcelona.<\/li>\n<\/ul>\n","protected":false},"author":2,"featured_media":189762,"comment_status":"closed","ping_status":"closed","sticky":false,"template":"","format":"standard","meta":{"footnotes":""},"categories":[21,24],"tags":[1946,3577,32,2967,2538,2714],"class_list":["post-189761","post","type-post","status-publish","format-standard","has-post-thumbnail","hentry","category-desporto","category-futebol","tag-benfica","tag-champions-league","tag-futebol","tag-jude-bellingham","tag-lesoes","tag-real-madrid"],"yoast_head":"<!-- This site is optimized with the Yoast SEO plugin v27.2 - https:\/\/yoast.com\/product\/yoast-seo-wordpress\/ -->\n<title>Real Madrid sem craque frente ao Benfica - Portal Tela Portugal<\/title>\n<meta name=\"robots\" content=\"index, follow, max-snippet:-1, max-image-preview:large, max-video-preview:-1\" \/>\n<meta property=\"og:locale\" content=\"pt_PT\" \/>\n<meta property=\"og:type\" content=\"article\" \/>\n<meta property=\"og:title\" content=\"Real Madrid sem craque frente ao Benfica - Portal Tela Portugal\" \/>\n<meta property=\"og:description\" content=\"Jude Bellingham saiu lesionado da a\u0301rea aos 10 minutos, com les\u00e3o muscular na coxa esquerda, e ainda n\u00e3o se conheceu a gravidade ap\u00f3s exames. A recupera\u00e7\u00e3o para a primeira m\u00e3o do play-off da Liga dos Campe\u00f5es \u00e9 considerada praticamente imposs\u00edvel, com a visita ao Benfica marcada para o dia 17 deste m\u00eas e a segunda m\u00e3o a 25, em Madrid. A presen\u00e7a de Bellingham no encontro decisivo continua em d\u00favida, aumentando a dor de cabe\u00e7a para o Real Madrid, sobretudo no meio-campo. O Real Madrid venceu o Rayo Vallecano por 2-1 gra\u00e7as a um golo de Mbapp\u00e9 a transformar um pen\u00e1lti aos 90+10, mantendo-se no segundo lugar a um ponto do l\u00edder Barcelona.\" \/>\n<meta property=\"og:url\" content=\"https:\/\/portaltela.pt\/noticias\/2026\/02\/01\/real-madrid-sem-craque-frente-ao-benfica\/\" \/>\n<meta property=\"og:site_name\" content=\"Portal Tela Portugal\" \/>\n<meta property=\"article:published_time\" content=\"2026-02-02T01:30:00+00:00\" \/>\n<meta name=\"author\" content=\"Telinha\" \/>\n<meta name=\"twitter:card\" content=\"summary_large_image\" \/>\n<meta name=\"twitter:label1\" content=\"Escrito por\" \/>\n\t<meta name=\"twitter:data1\" content=\"Telinha\" \/>\n\t<meta name=\"twitter:label2\" content=\"Tempo estimado de leitura\" \/>\n\t<meta name=\"twitter:data2\" content=\"1 minuto\" \/>\n<script type=\"application\/ld+json\" class=\"yoast-schema-graph\">{\"@context\":\"https:\/\/schema.org\",\"@graph\":[{\"@type\":\"Article\",\"@id\":\"https:\/\/portaltela.pt\/noticias\/2026\/02\/01\/real-madrid-sem-craque-frente-ao-benfica\/#article\",\"isPartOf\":{\"@id\":\"https:\/\/portaltela.pt\/noticias\/2026\/02\/01\/real-madrid-sem-craque-frente-ao-benfica\/\"},\"author\":{\"name\":\"Telinha\",\"@id\":\"https:\/\/portaltela.pt\/#\/schema\/person\/c4278d4a6028830caff9ee44b42d32ed\"},\"headline\":\"Real Madrid sem craque frente ao Benfica\",\"datePublished\":\"2026-02-02T01:30:00+00:00\",\"mainEntityOfPage\":{\"@id\":\"https:\/\/portaltela.pt\/noticias\/2026\/02\/01\/real-madrid-sem-craque-frente-ao-benfica\/\"},\"wordCount\":255,\"image\":{\"@id\":\"https:\/\/portaltela.pt\/noticias\/2026\/02\/01\/real-madrid-sem-craque-frente-ao-benfica\/#primaryimage\"},\"thumbnailUrl\":\"https:\/\/portaltela.pt\/s.01k8rhncp4jt1\/2026\/02\/img_1500x1000uu2026-02-01-19-46-46-2264061.jpg\",\"keywords\":[\"Benfica\",\"Champions League\",\"futebol\",\"Jude Bellingham\",\"les\u00f5es\",\"Real Madrid\"],\"articleSection\":[\"Desporto\",\"Futebol\"],\"inLanguage\":\"pt-PT\"},{\"@type\":\"WebPage\",\"@id\":\"https:\/\/portaltela.pt\/noticias\/2026\/02\/01\/real-madrid-sem-craque-frente-ao-benfica\/\",\"url\":\"https:\/\/portaltela.pt\/noticias\/2026\/02\/01\/real-madrid-sem-craque-frente-ao-benfica\/\",\"name\":\"Real Madrid sem craque frente ao Benfica - Portal Tela Portugal\",\"isPartOf\":{\"@id\":\"https:\/\/portaltela.pt\/#website\"},\"primaryImageOfPage\":{\"@id\":\"https:\/\/portaltela.pt\/noticias\/2026\/02\/01\/real-madrid-sem-craque-frente-ao-benfica\/#primaryimage\"},\"image\":{\"@id\":\"https:\/\/portaltela.pt\/noticias\/2026\/02\/01\/real-madrid-sem-craque-frente-ao-benfica\/#primaryimage\"},\"thumbnailUrl\":\"https:\/\/portaltela.pt\/s.01k8rhncp4jt1\/2026\/02\/img_1500x1000uu2026-02-01-19-46-46-2264061.jpg\",\"datePublished\":\"2026-02-02T01:30:00+00:00\",\"author\":{\"@id\":\"https:\/\/portaltela.pt\/#\/schema\/person\/c4278d4a6028830caff9ee44b42d32ed\"},\"breadcrumb\":{\"@id\":\"https:\/\/portaltela.pt\/noticias\/2026\/02\/01\/real-madrid-sem-craque-frente-ao-benfica\/#breadcrumb\"},\"inLanguage\":\"pt-PT\",\"potentialAction\":[{\"@type\":\"ReadAction\",\"target\":[\"https:\/\/portaltela.pt\/noticias\/2026\/02\/01\/real-madrid-sem-craque-frente-ao-benfica\/\"]}]},{\"@type\":\"ImageObject\",\"inLanguage\":\"pt-PT\",\"@id\":\"https:\/\/portaltela.pt\/noticias\/2026\/02\/01\/real-madrid-sem-craque-frente-ao-benfica\/#primaryimage\",\"url\":\"https:\/\/portaltela.pt\/s.01k8rhncp4jt1\/2026\/02\/img_1500x1000uu2026-02-01-19-46-46-2264061.jpg\",\"contentUrl\":\"https:\/\/portaltela.pt\/s.01k8rhncp4jt1\/2026\/02\/img_1500x1000uu2026-02-01-19-46-46-2264061.jpg\",\"width\":796,\"height\":448,\"caption\":\"Jogador do Real Madrid domina a bola em jogo\"},{\"@type\":\"BreadcrumbList\",\"@id\":\"https:\/\/portaltela.pt\/noticias\/2026\/02\/01\/real-madrid-sem-craque-frente-ao-benfica\/#breadcrumb\",\"itemListElement\":[{\"@type\":\"ListItem\",\"position\":1,\"name\":\"In\u00edcio\",\"item\":\"https:\/\/portaltela.pt\/\"},{\"@type\":\"ListItem\",\"position\":2,\"name\":\"Real Madrid sem craque frente ao Benfica\"}]},{\"@type\":\"WebSite\",\"@id\":\"https:\/\/portaltela.pt\/#website\",\"url\":\"https:\/\/portaltela.pt\/\",\"name\":\"Portal Tela Portugal\",\"description\":\"\",\"potentialAction\":[{\"@type\":\"SearchAction\",\"target\":{\"@type\":\"EntryPoint\",\"urlTemplate\":\"https:\/\/portaltela.pt\/?s={search_term_string}\"},\"query-input\":{\"@type\":\"PropertyValueSpecification\",\"valueRequired\":true,\"valueName\":\"search_term_string\"}}],\"inLanguage\":\"pt-PT\"},{\"@type\":\"Person\",\"@id\":\"https:\/\/portaltela.pt\/#\/schema\/person\/c4278d4a6028830caff9ee44b42d32ed\",\"name\":\"Telinha\",\"image\":{\"@type\":\"ImageObject\",\"inLanguage\":\"pt-PT\",\"@id\":\"https:\/\/portaltela.pt\/s.01k8rhncp4jt1\/2025\/11\/talking-bot-125x125.png\",\"url\":\"https:\/\/portaltela.pt\/s.01k8rhncp4jt1\/2025\/11\/talking-bot-125x125.png\",\"contentUrl\":\"https:\/\/portaltela.pt\/s.01k8rhncp4jt1\/2025\/11\/talking-bot-125x125.png\",\"caption\":\"Telinha\"},\"sameAs\":[\"https:\/\/portaltela.pt\/\"],\"url\":\"https:\/\/portaltela.pt\/por\/367410592786\/\"}]}<\/script>\n<!-- \/ Yoast SEO plugin. -->","yoast_head_json":{"title":"Real Madrid sem craque frente ao Benfica - Portal Tela Portugal","robots":{"index":"index","follow":"follow","max-snippet":"max-snippet:-1","max-image-preview":"max-image-preview:large","max-video-preview":"max-video-preview:-1"},"og_locale":"pt_PT","og_type":"article","og_title":"Real Madrid sem craque frente ao Benfica - Portal Tela Portugal","og_description":"Jude Bellingham saiu lesionado da a\u0301rea aos 10 minutos, com les\u00e3o muscular na coxa esquerda, e ainda n\u00e3o se conheceu a gravidade ap\u00f3s exames. A recupera\u00e7\u00e3o para a primeira m\u00e3o do play-off da Liga dos Campe\u00f5es \u00e9 considerada praticamente imposs\u00edvel, com a visita ao Benfica marcada para o dia 17 deste m\u00eas e a segunda m\u00e3o a 25, em Madrid. A presen\u00e7a de Bellingham no encontro decisivo continua em d\u00favida, aumentando a dor de cabe\u00e7a para o Real Madrid, sobretudo no meio-campo. O Real Madrid venceu o Rayo Vallecano por 2-1 gra\u00e7as a um golo de Mbapp\u00e9 a transformar um pen\u00e1lti aos 90+10, mantendo-se no segundo lugar a um ponto do l\u00edder Barcelona.","og_url":"https:\/\/portaltela.pt\/noticias\/2026\/02\/01\/real-madrid-sem-craque-frente-ao-benfica\/","og_site_name":"Portal Tela Portugal","article_published_time":"2026-02-02T01:30:00+00:00","author":"Telinha","twitter_card":"summary_large_image","twitter_misc":{"Escrito por":"Telinha","Tempo estimado de leitura":"1 minuto"},"schema":{"@context":"https:\/\/schema.org","@graph":[{"@type":"Article","@id":"https:\/\/portaltela.pt\/noticias\/2026\/02\/01\/real-madrid-sem-craque-frente-ao-benfica\/#article","isPartOf":{"@id":"https:\/\/portaltela.pt\/noticias\/2026\/02\/01\/real-madrid-sem-craque-frente-ao-benfica\/"},"author":{"name":"Telinha","@id":"https:\/\/portaltela.pt\/#\/schema\/person\/c4278d4a6028830caff9ee44b42d32ed"},"headline":"Real Madrid sem craque frente ao Benfica","datePublished":"2026-02-02T01:30:00+00:00","mainEntityOfPage":{"@id":"https:\/\/portaltela.pt\/noticias\/2026\/02\/01\/real-madrid-sem-craque-frente-ao-benfica\/"},"wordCount":255,"image":{"@id":"https:\/\/portaltela.pt\/noticias\/2026\/02\/01\/real-madrid-sem-craque-frente-ao-benfica\/#primaryimage"},"thumbnailUrl":"https:\/\/portaltela.pt\/s.01k8rhncp4jt1\/2026\/02\/img_1500x1000uu2026-02-01-19-46-46-2264061.jpg","keywords":["Benfica","Champions League","futebol","Jude Bellingham","les\u00f5es","Real Madrid"],"articleSection":["Desporto","Futebol"],"inLanguage":"pt-PT"},{"@type":"WebPage","@id":"https:\/\/portaltela.pt\/noticias\/2026\/02\/01\/real-madrid-sem-craque-frente-ao-benfica\/","url":"https:\/\/portaltela.pt\/noticias\/2026\/02\/01\/real-madrid-sem-craque-frente-ao-benfica\/","name":"Real Madrid sem craque frente ao Benfica - Portal Tela Portugal","isPartOf":{"@id":"https:\/\/portaltela.pt\/#website"},"primaryImageOfPage":{"@id":"https:\/\/portaltela.pt\/noticias\/2026\/02\/01\/real-madrid-sem-craque-frente-ao-benfica\/#primaryimage"},"image":{"@id":"https:\/\/portaltela.pt\/noticias\/2026\/02\/01\/real-madrid-sem-craque-frente-ao-benfica\/#primaryimage"},"thumbnailUrl":"https:\/\/portaltela.pt\/s.01k8rhncp4jt1\/2026\/02\/img_1500x1000uu2026-02-01-19-46-46-2264061.jpg","datePublished":"2026-02-02T01:30:00+00:00","author":{"@id":"https:\/\/portaltela.pt\/#\/schema\/person\/c4278d4a6028830caff9ee44b42d32ed"},"breadcrumb":{"@id":"https:\/\/portaltela.pt\/noticias\/2026\/02\/01\/real-madrid-sem-craque-frente-ao-benfica\/#breadcrumb"},"inLanguage":"pt-PT","potentialAction":[{"@type":"ReadAction","target":["https:\/\/portaltela.pt\/noticias\/2026\/02\/01\/real-madrid-sem-craque-frente-ao-benfica\/"]}]},{"@type":"ImageObject","inLanguage":"pt-PT","@id":"https:\/\/portaltela.pt\/noticias\/2026\/02\/01\/real-madrid-sem-craque-frente-ao-benfica\/#primaryimage","url":"https:\/\/portaltela.pt\/s.01k8rhncp4jt1\/2026\/02\/img_1500x1000uu2026-02-01-19-46-46-2264061.jpg","contentUrl":"https:\/\/portaltela.pt\/s.01k8rhncp4jt1\/2026\/02\/img_1500x1000uu2026-02-01-19-46-46-2264061.jpg","width":796,"height":448,"caption":"Jogador do Real Madrid domina a bola em jogo"},{"@type":"BreadcrumbList","@id":"https:\/\/portaltela.pt\/noticias\/2026\/02\/01\/real-madrid-sem-craque-frente-ao-benfica\/#breadcrumb","itemListElement":[{"@type":"ListItem","position":1,"name":"In\u00edcio","item":"https:\/\/portaltela.pt\/"},{"@type":"ListItem","position":2,"name":"Real Madrid sem craque frente ao Benfica"}]},{"@type":"WebSite","@id":"https:\/\/portaltela.pt\/#website","url":"https:\/\/portaltela.pt\/","name":"Portal Tela Portugal","description":"","potentialAction":[{"@type":"SearchAction","target":{"@type":"EntryPoint","urlTemplate":"https:\/\/portaltela.pt\/?s={search_term_string}"},"query-input":{"@type":"PropertyValueSpecification","valueRequired":true,"valueName":"search_term_string"}}],"inLanguage":"pt-PT"},{"@type":"Person","@id":"https:\/\/portaltela.pt\/#\/schema\/person\/c4278d4a6028830caff9ee44b42d32ed","name":"Telinha","image":{"@type":"ImageObject","inLanguage":"pt-PT","@id":"https:\/\/portaltela.pt\/s.01k8rhncp4jt1\/2025\/11\/talking-bot-125x125.png","url":"https:\/\/portaltela.pt\/s.01k8rhncp4jt1\/2025\/11\/talking-bot-125x125.png","contentUrl":"https:\/\/portaltela.pt\/s.01k8rhncp4jt1\/2025\/11\/talking-bot-125x125.png","caption":"Telinha"},"sameAs":["https:\/\/portaltela.pt\/"],"url":"https:\/\/portaltela.pt\/por\/367410592786\/"}]}},"_links":{"self":[{"href":"https:\/\/portaltela.pt\/api\/wp\/v2\/posts\/189761","targetHints":{"allow":["GET"]}}],"collection":[{"href":"https:\/\/portaltela.pt\/api\/wp\/v2\/posts"}],"about":[{"href":"https:\/\/portaltela.pt\/api\/wp\/v2\/types\/post"}],"author":[{"embeddable":true,"href":"https:\/\/portaltela.pt\/api\/wp\/v2\/users\/2"}],"replies":[{"embeddable":true,"href":"https:\/\/portaltela.pt\/api\/wp\/v2\/comments?post=189761"}],"version-history":[{"count":0,"href":"https:\/\/portaltela.pt\/api\/wp\/v2\/posts\/189761\/revisions"}],"wp:featuredmedia":[{"embeddable":true,"href":"https:\/\/portaltela.pt\/api\/wp\/v2\/media\/189762"}],"wp:attachment":[{"href":"https:\/\/portaltela.pt\/api\/wp\/v2\/media?parent=189761"}],"wp:term":[{"taxonomy":"category","embeddable":true,"href":"https:\/\/portaltela.pt\/api\/wp\/v2\/categories?post=189761"},{"taxonomy":"post_tag","embeddable":true,"href":"https:\/\/portaltela.pt\/api\/wp\/v2\/tags?post=189761"}],"curies":[{"name":"wp","href":"https:\/\/api.w.org\/{rel}","templated":true}]}}