{"id":189755,"date":"2026-02-01T21:25:09","date_gmt":"2026-02-02T00:25:09","guid":{"rendered":"https:\/\/portaltela.pt\/noticias\/2026\/02\/01\/pombal-recomenda-populacao-diante-do-risco-de-inundacoes\/"},"modified":"2026-02-01T21:25:09","modified_gmt":"2026-02-02T00:25:09","slug":"pombal-recomenda-populacao-diante-do-risco-de-inundacoes","status":"publish","type":"post","link":"https:\/\/portaltela.pt\/noticias\/2026\/02\/01\/pombal-recomenda-populacao-diante-do-risco-de-inundacoes\/","title":{"rendered":"Pombal recomenda popula\u00e7\u00e3o diante do risco de inunda\u00e7\u00f5es"},"content":{"rendered":"<p>Ap\u00f3s a emiss\u00e3o de um estado de prontid\u00e3o especial de n\u00edvel 4 pela Autoridade Nacional de Emerg\u00eancia e Prote\u00e7\u00e3o Civil, o Munic\u00edpio de Pombal emitiu recomenda\u00e7\u00f5es \u00e0 popula\u00e7\u00e3o devido a alertas meteorol\u00f3gicos e ao risco de inunda\u00e7\u00f5es.<\/p>\n<p>A autarquia pediu a retirada de ve\u00edculos de garagens em zonas suscet\u00edveis a inunda\u00e7\u00f5es e desencorajou o estacionamento nessas \u00e1reas. As orienta\u00e7\u00f5es abrangem tamb\u00e9m a zona urbana da cidade.<\/p>\n<p>Como alternativa, os mun\u00edcipes podem utilizar os parques de estacionamento do Expocentro e do Aquaparque, que contar\u00e3o com vigil\u00e2ncia.<\/p>\n<h3>Medidas de prote\u00e7\u00e3o<\/h3>\n<p>Os residentes em zonas ribeirinhas dos rios Arunca, An\u00e7os e Ribeira de Carnide, bem como nos seus afluentes, devem, sempre que poss\u00edvel, procurar outro local para pernoitar. Caso n\u00e3o seja vi\u00e1vel, devem adotar medidas de prote\u00e7\u00e3o das habita\u00e7\u00f5es e manter vigil\u00e2ncia.<\/p>\n<p>Para a popula\u00e7\u00e3o mais vulner\u00e1vel \u2014 idosos, acamados ou com mobilidade condicionada \u2014 que viva em \u00e1reas de risco, recomenda-se a retirada. Familiares fora da zona s\u00e3o convidados a acolh\u00ea-los, levando identifica\u00e7\u00e3o e medica\u00e7\u00e3o.<\/p>\n<p>Os servi\u00e7os de A\u00e7\u00e3o Social, em articula\u00e7\u00e3o com a GNR, est\u00e3o a levantar as situa\u00e7\u00f5es identificadas. Na aus\u00eancia de retaguarda familiar, as pessoas em situa\u00e7\u00e3o de vulnerabilidade social ser\u00e3o acolhidas na ETAP.<\/p>\n<h3>Infraestruturas de apoio<\/h3>\n<p>A Zona de Concentra\u00e7\u00e3o e Apoio \u00e0 Popula\u00e7\u00e3o passa a funcionar na Escola Marqu\u00eas de Pombal, enquanto o Centro de Apoio Log\u00edstico fica na Escola Secund\u00e1ria, a partir das 19h00.<\/p>\n<p>O Munic\u00edpio apela a toda a popula\u00e7\u00e3o para adotar comportamentos de autoprote\u00e7\u00e3o, salvaguardar bens e manter-se atenta \u00e0s informa\u00e7\u00f5es oficiais.<\/p>\n","protected":false},"excerpt":{"rendered":"<ul>\n<li>A Autoridade Nacional de Emerg\u00eancia e Prote\u00e7\u00e3o Civil determinou o estado de prontid\u00e3o especial de n\u00edvel quatro; o Munic\u00edpio de Pombal elaborou recomenda\u00e7\u00f5es \u00e0 popula\u00e7\u00e3o face aos alertas meteorol\u00f3gicos e ao risco de inunda\u00e7\u00f5es.<\/li>\n<li>Avisa-se a retirada de ve\u00edculos das garagens em zonas suscet\u00edveis a inunda\u00e7\u00f5es e a evitar o estacionamento nesses locais; os parques de estacionamento do Expocentro e do Aquaparque estar\u00e3o sob vigil\u00e2ncia.<\/li>\n<li>Quem reside em zonas ribeirinhas dos rios Arunca, An\u00e7os e da Ribeira de Carnide, bem como nos seus afluentes, deve procurar outro local para pernoitar; se n\u00e3o for poss\u00edvel, que tome medidas de prote\u00e7\u00e3o das habita\u00e7\u00f5es e mantenha vigil\u00e2ncia.<\/li>\n<li>Os servi\u00e7os de A\u00e7\u00e3o Social, em articula\u00e7\u00e3o com a GNR, est\u00e3o a identificar situa\u00e7\u00f5es de vulnerabilidade; na aus\u00eancia de retaguarda familiar, estas pessoas ser\u00e3o acolhidas na ETAP.<\/li>\n<li>A Zona de Concentra\u00e7\u00e3o e Apoio \u00e0 Popula\u00e7\u00e3o funciona na Escola Marqu\u00eas de Pombal e o Centro de Apoio Log\u00edstico na Escola Secund\u00e1ria, a partir das 19h00; todos s\u00e3o lembrados de adotar autoprote\u00e7\u00e3o e acompanhar informa\u00e7\u00f5es oficiais.<\/li>\n<\/ul>\n","protected":false},"author":2,"featured_media":189756,"comment_status":"closed","ping_status":"closed","sticky":false,"template":"","format":"standard","meta":{"footnotes":""},"categories":[1],"tags":[1331,4818,2938,2051,320,5026],"class_list":["post-189755","post","type-post","status-publish","format-standard","has-post-thumbnail","hentry","category-noticias","tag-alagamento","tag-apoio-as-catastrofes-naturais","tag-evacuacao","tag-inundacao","tag-protecao-civil","tag-zona-de-concentracao-e-apoio-a-populacao"],"yoast_head":"<!-- This site is optimized with the Yoast SEO plugin v27.2 - https:\/\/yoast.com\/product\/yoast-seo-wordpress\/ -->\n<title>Pombal recomenda popula\u00e7\u00e3o diante do risco de inunda\u00e7\u00f5es - Portal Tela Portugal<\/title>\n<meta name=\"robots\" content=\"index, follow, max-snippet:-1, max-image-preview:large, max-video-preview:-1\" \/>\n<meta property=\"og:locale\" content=\"pt_PT\" \/>\n<meta property=\"og:type\" content=\"article\" \/>\n<meta property=\"og:title\" content=\"Pombal recomenda popula\u00e7\u00e3o diante do risco de inunda\u00e7\u00f5es - Portal Tela Portugal\" \/>\n<meta property=\"og:description\" content=\"A Autoridade Nacional de Emerg\u00eancia e Prote\u00e7\u00e3o Civil determinou o estado de prontid\u00e3o especial de n\u00edvel quatro; o Munic\u00edpio de Pombal elaborou recomenda\u00e7\u00f5es \u00e0 popula\u00e7\u00e3o face aos alertas meteorol\u00f3gicos e ao risco de inunda\u00e7\u00f5es. Avisa-se a retirada de ve\u00edculos das garagens em zonas suscet\u00edveis a inunda\u00e7\u00f5es e a evitar o estacionamento nesses locais; os parques de estacionamento do Expocentro e do Aquaparque estar\u00e3o sob vigil\u00e2ncia. Quem reside em zonas ribeirinhas dos rios Arunca, An\u00e7os e da Ribeira de Carnide, bem como nos seus afluentes, deve procurar outro local para pernoitar; se n\u00e3o for poss\u00edvel, que tome medidas de prote\u00e7\u00e3o das habita\u00e7\u00f5es e mantenha vigil\u00e2ncia. Os servi\u00e7os de A\u00e7\u00e3o Social, em articula\u00e7\u00e3o com a GNR, est\u00e3o a identificar situa\u00e7\u00f5es de vulnerabilidade; na aus\u00eancia de retaguarda familiar, estas pessoas ser\u00e3o acolhidas na ETAP. A Zona de Concentra\u00e7\u00e3o e Apoio \u00e0 Popula\u00e7\u00e3o funciona na Escola Marqu\u00eas de Pombal e o Centro de Apoio Log\u00edstico na Escola Secund\u00e1ria, a partir das 19h00; todos s\u00e3o lembrados de adotar autoprote\u00e7\u00e3o e acompanhar informa\u00e7\u00f5es oficiais.\" \/>\n<meta property=\"og:url\" content=\"https:\/\/portaltela.pt\/noticias\/2026\/02\/01\/pombal-recomenda-populacao-diante-do-risco-de-inundacoes\/\" \/>\n<meta property=\"og:site_name\" content=\"Portal Tela Portugal\" \/>\n<meta property=\"article:published_time\" content=\"2026-02-02T00:25:09+00:00\" \/>\n<meta name=\"author\" content=\"Telinha\" \/>\n<meta name=\"twitter:card\" content=\"summary_large_image\" \/>\n<meta name=\"twitter:label1\" content=\"Escrito por\" \/>\n\t<meta name=\"twitter:data1\" content=\"Telinha\" \/>\n\t<meta name=\"twitter:label2\" content=\"Tempo estimado de leitura\" \/>\n\t<meta name=\"twitter:data2\" content=\"1 minuto\" \/>\n<script type=\"application\/ld+json\" class=\"yoast-schema-graph\">{\"@context\":\"https:\/\/schema.org\",\"@graph\":[{\"@type\":\"Article\",\"@id\":\"https:\/\/portaltela.pt\/noticias\/2026\/02\/01\/pombal-recomenda-populacao-diante-do-risco-de-inundacoes\/#article\",\"isPartOf\":{\"@id\":\"https:\/\/portaltela.pt\/noticias\/2026\/02\/01\/pombal-recomenda-populacao-diante-do-risco-de-inundacoes\/\"},\"author\":{\"name\":\"Telinha\",\"@id\":\"https:\/\/portaltela.pt\/#\/schema\/person\/c4278d4a6028830caff9ee44b42d32ed\"},\"headline\":\"Pombal recomenda popula\u00e7\u00e3o diante do risco de inunda\u00e7\u00f5es\",\"datePublished\":\"2026-02-02T00:25:09+00:00\",\"mainEntityOfPage\":{\"@id\":\"https:\/\/portaltela.pt\/noticias\/2026\/02\/01\/pombal-recomenda-populacao-diante-do-risco-de-inundacoes\/\"},\"wordCount\":303,\"image\":{\"@id\":\"https:\/\/portaltela.pt\/noticias\/2026\/02\/01\/pombal-recomenda-populacao-diante-do-risco-de-inundacoes\/#primaryimage\"},\"thumbnailUrl\":\"https:\/\/portaltela.pt\/s.01k8rhncp4jt1\/2026\/02\/unnamed-file-248.jpg\",\"keywords\":[\"alagamento\",\"Apoio \u00e0s Cat\u00e1strofes Naturais\",\"evacua\u00e7\u00e3o\",\"inunda\u00e7\u00e3o\",\"prote\u00e7\u00e3o civil\",\"Zona de Concentra\u00e7\u00e3o e Apoio \u00e0 Popula\u00e7\u00e3o\"],\"articleSection\":[\"Not\u00edcias\"],\"inLanguage\":\"pt-PT\"},{\"@type\":\"WebPage\",\"@id\":\"https:\/\/portaltela.pt\/noticias\/2026\/02\/01\/pombal-recomenda-populacao-diante-do-risco-de-inundacoes\/\",\"url\":\"https:\/\/portaltela.pt\/noticias\/2026\/02\/01\/pombal-recomenda-populacao-diante-do-risco-de-inundacoes\/\",\"name\":\"Pombal recomenda popula\u00e7\u00e3o diante do risco de inunda\u00e7\u00f5es - Portal Tela Portugal\",\"isPartOf\":{\"@id\":\"https:\/\/portaltela.pt\/#website\"},\"primaryImageOfPage\":{\"@id\":\"https:\/\/portaltela.pt\/noticias\/2026\/02\/01\/pombal-recomenda-populacao-diante-do-risco-de-inundacoes\/#primaryimage\"},\"image\":{\"@id\":\"https:\/\/portaltela.pt\/noticias\/2026\/02\/01\/pombal-recomenda-populacao-diante-do-risco-de-inundacoes\/#primaryimage\"},\"thumbnailUrl\":\"https:\/\/portaltela.pt\/s.01k8rhncp4jt1\/2026\/02\/unnamed-file-248.jpg\",\"datePublished\":\"2026-02-02T00:25:09+00:00\",\"author\":{\"@id\":\"https:\/\/portaltela.pt\/#\/schema\/person\/c4278d4a6028830caff9ee44b42d32ed\"},\"breadcrumb\":{\"@id\":\"https:\/\/portaltela.pt\/noticias\/2026\/02\/01\/pombal-recomenda-populacao-diante-do-risco-de-inundacoes\/#breadcrumb\"},\"inLanguage\":\"pt-PT\",\"potentialAction\":[{\"@type\":\"ReadAction\",\"target\":[\"https:\/\/portaltela.pt\/noticias\/2026\/02\/01\/pombal-recomenda-populacao-diante-do-risco-de-inundacoes\/\"]}]},{\"@type\":\"ImageObject\",\"inLanguage\":\"pt-PT\",\"@id\":\"https:\/\/portaltela.pt\/noticias\/2026\/02\/01\/pombal-recomenda-populacao-diante-do-risco-de-inundacoes\/#primaryimage\",\"url\":\"https:\/\/portaltela.pt\/s.01k8rhncp4jt1\/2026\/02\/unnamed-file-248.jpg\",\"contentUrl\":\"https:\/\/portaltela.pt\/s.01k8rhncp4jt1\/2026\/02\/unnamed-file-248.jpg\",\"width\":796,\"height\":448,\"caption\":\"Munic\u00edpio de Pombal emite recomenda\u00e7\u00f5es \u00e0 popula\u00e7\u00e3o devido a risco de inunda\u00e7\u00f5es\"},{\"@type\":\"BreadcrumbList\",\"@id\":\"https:\/\/portaltela.pt\/noticias\/2026\/02\/01\/pombal-recomenda-populacao-diante-do-risco-de-inundacoes\/#breadcrumb\",\"itemListElement\":[{\"@type\":\"ListItem\",\"position\":1,\"name\":\"In\u00edcio\",\"item\":\"https:\/\/portaltela.pt\/\"},{\"@type\":\"ListItem\",\"position\":2,\"name\":\"Pombal recomenda popula\u00e7\u00e3o diante do risco de inunda\u00e7\u00f5es\"}]},{\"@type\":\"WebSite\",\"@id\":\"https:\/\/portaltela.pt\/#website\",\"url\":\"https:\/\/portaltela.pt\/\",\"name\":\"Portal Tela Portugal\",\"description\":\"\",\"potentialAction\":[{\"@type\":\"SearchAction\",\"target\":{\"@type\":\"EntryPoint\",\"urlTemplate\":\"https:\/\/portaltela.pt\/?s={search_term_string}\"},\"query-input\":{\"@type\":\"PropertyValueSpecification\",\"valueRequired\":true,\"valueName\":\"search_term_string\"}}],\"inLanguage\":\"pt-PT\"},{\"@type\":\"Person\",\"@id\":\"https:\/\/portaltela.pt\/#\/schema\/person\/c4278d4a6028830caff9ee44b42d32ed\",\"name\":\"Telinha\",\"image\":{\"@type\":\"ImageObject\",\"inLanguage\":\"pt-PT\",\"@id\":\"https:\/\/portaltela.pt\/s.01k8rhncp4jt1\/2025\/11\/talking-bot-125x125.png\",\"url\":\"https:\/\/portaltela.pt\/s.01k8rhncp4jt1\/2025\/11\/talking-bot-125x125.png\",\"contentUrl\":\"https:\/\/portaltela.pt\/s.01k8rhncp4jt1\/2025\/11\/talking-bot-125x125.png\",\"caption\":\"Telinha\"},\"sameAs\":[\"https:\/\/portaltela.pt\/\"],\"url\":\"https:\/\/portaltela.pt\/por\/367410592786\/\"}]}<\/script>\n<!-- \/ Yoast SEO plugin. -->","yoast_head_json":{"title":"Pombal recomenda popula\u00e7\u00e3o diante do risco de inunda\u00e7\u00f5es - Portal Tela Portugal","robots":{"index":"index","follow":"follow","max-snippet":"max-snippet:-1","max-image-preview":"max-image-preview:large","max-video-preview":"max-video-preview:-1"},"og_locale":"pt_PT","og_type":"article","og_title":"Pombal recomenda popula\u00e7\u00e3o diante do risco de inunda\u00e7\u00f5es - Portal Tela Portugal","og_description":"A Autoridade Nacional de Emerg\u00eancia e Prote\u00e7\u00e3o Civil determinou o estado de prontid\u00e3o especial de n\u00edvel quatro; o Munic\u00edpio de Pombal elaborou recomenda\u00e7\u00f5es \u00e0 popula\u00e7\u00e3o face aos alertas meteorol\u00f3gicos e ao risco de inunda\u00e7\u00f5es. Avisa-se a retirada de ve\u00edculos das garagens em zonas suscet\u00edveis a inunda\u00e7\u00f5es e a evitar o estacionamento nesses locais; os parques de estacionamento do Expocentro e do Aquaparque estar\u00e3o sob vigil\u00e2ncia. Quem reside em zonas ribeirinhas dos rios Arunca, An\u00e7os e da Ribeira de Carnide, bem como nos seus afluentes, deve procurar outro local para pernoitar; se n\u00e3o for poss\u00edvel, que tome medidas de prote\u00e7\u00e3o das habita\u00e7\u00f5es e mantenha vigil\u00e2ncia. Os servi\u00e7os de A\u00e7\u00e3o Social, em articula\u00e7\u00e3o com a GNR, est\u00e3o a identificar situa\u00e7\u00f5es de vulnerabilidade; na aus\u00eancia de retaguarda familiar, estas pessoas ser\u00e3o acolhidas na ETAP. A Zona de Concentra\u00e7\u00e3o e Apoio \u00e0 Popula\u00e7\u00e3o funciona na Escola Marqu\u00eas de Pombal e o Centro de Apoio Log\u00edstico na Escola Secund\u00e1ria, a partir das 19h00; todos s\u00e3o lembrados de adotar autoprote\u00e7\u00e3o e acompanhar informa\u00e7\u00f5es oficiais.","og_url":"https:\/\/portaltela.pt\/noticias\/2026\/02\/01\/pombal-recomenda-populacao-diante-do-risco-de-inundacoes\/","og_site_name":"Portal Tela Portugal","article_published_time":"2026-02-02T00:25:09+00:00","author":"Telinha","twitter_card":"summary_large_image","twitter_misc":{"Escrito por":"Telinha","Tempo estimado de leitura":"1 minuto"},"schema":{"@context":"https:\/\/schema.org","@graph":[{"@type":"Article","@id":"https:\/\/portaltela.pt\/noticias\/2026\/02\/01\/pombal-recomenda-populacao-diante-do-risco-de-inundacoes\/#article","isPartOf":{"@id":"https:\/\/portaltela.pt\/noticias\/2026\/02\/01\/pombal-recomenda-populacao-diante-do-risco-de-inundacoes\/"},"author":{"name":"Telinha","@id":"https:\/\/portaltela.pt\/#\/schema\/person\/c4278d4a6028830caff9ee44b42d32ed"},"headline":"Pombal recomenda popula\u00e7\u00e3o diante do risco de inunda\u00e7\u00f5es","datePublished":"2026-02-02T00:25:09+00:00","mainEntityOfPage":{"@id":"https:\/\/portaltela.pt\/noticias\/2026\/02\/01\/pombal-recomenda-populacao-diante-do-risco-de-inundacoes\/"},"wordCount":303,"image":{"@id":"https:\/\/portaltela.pt\/noticias\/2026\/02\/01\/pombal-recomenda-populacao-diante-do-risco-de-inundacoes\/#primaryimage"},"thumbnailUrl":"https:\/\/portaltela.pt\/s.01k8rhncp4jt1\/2026\/02\/unnamed-file-248.jpg","keywords":["alagamento","Apoio \u00e0s Cat\u00e1strofes Naturais","evacua\u00e7\u00e3o","inunda\u00e7\u00e3o","prote\u00e7\u00e3o civil","Zona de Concentra\u00e7\u00e3o e Apoio \u00e0 Popula\u00e7\u00e3o"],"articleSection":["Not\u00edcias"],"inLanguage":"pt-PT"},{"@type":"WebPage","@id":"https:\/\/portaltela.pt\/noticias\/2026\/02\/01\/pombal-recomenda-populacao-diante-do-risco-de-inundacoes\/","url":"https:\/\/portaltela.pt\/noticias\/2026\/02\/01\/pombal-recomenda-populacao-diante-do-risco-de-inundacoes\/","name":"Pombal recomenda popula\u00e7\u00e3o diante do risco de inunda\u00e7\u00f5es - Portal Tela Portugal","isPartOf":{"@id":"https:\/\/portaltela.pt\/#website"},"primaryImageOfPage":{"@id":"https:\/\/portaltela.pt\/noticias\/2026\/02\/01\/pombal-recomenda-populacao-diante-do-risco-de-inundacoes\/#primaryimage"},"image":{"@id":"https:\/\/portaltela.pt\/noticias\/2026\/02\/01\/pombal-recomenda-populacao-diante-do-risco-de-inundacoes\/#primaryimage"},"thumbnailUrl":"https:\/\/portaltela.pt\/s.01k8rhncp4jt1\/2026\/02\/unnamed-file-248.jpg","datePublished":"2026-02-02T00:25:09+00:00","author":{"@id":"https:\/\/portaltela.pt\/#\/schema\/person\/c4278d4a6028830caff9ee44b42d32ed"},"breadcrumb":{"@id":"https:\/\/portaltela.pt\/noticias\/2026\/02\/01\/pombal-recomenda-populacao-diante-do-risco-de-inundacoes\/#breadcrumb"},"inLanguage":"pt-PT","potentialAction":[{"@type":"ReadAction","target":["https:\/\/portaltela.pt\/noticias\/2026\/02\/01\/pombal-recomenda-populacao-diante-do-risco-de-inundacoes\/"]}]},{"@type":"ImageObject","inLanguage":"pt-PT","@id":"https:\/\/portaltela.pt\/noticias\/2026\/02\/01\/pombal-recomenda-populacao-diante-do-risco-de-inundacoes\/#primaryimage","url":"https:\/\/portaltela.pt\/s.01k8rhncp4jt1\/2026\/02\/unnamed-file-248.jpg","contentUrl":"https:\/\/portaltela.pt\/s.01k8rhncp4jt1\/2026\/02\/unnamed-file-248.jpg","width":796,"height":448,"caption":"Munic\u00edpio de Pombal emite recomenda\u00e7\u00f5es \u00e0 popula\u00e7\u00e3o devido a risco de inunda\u00e7\u00f5es"},{"@type":"BreadcrumbList","@id":"https:\/\/portaltela.pt\/noticias\/2026\/02\/01\/pombal-recomenda-populacao-diante-do-risco-de-inundacoes\/#breadcrumb","itemListElement":[{"@type":"ListItem","position":1,"name":"In\u00edcio","item":"https:\/\/portaltela.pt\/"},{"@type":"ListItem","position":2,"name":"Pombal recomenda popula\u00e7\u00e3o diante do risco de inunda\u00e7\u00f5es"}]},{"@type":"WebSite","@id":"https:\/\/portaltela.pt\/#website","url":"https:\/\/portaltela.pt\/","name":"Portal Tela Portugal","description":"","potentialAction":[{"@type":"SearchAction","target":{"@type":"EntryPoint","urlTemplate":"https:\/\/portaltela.pt\/?s={search_term_string}"},"query-input":{"@type":"PropertyValueSpecification","valueRequired":true,"valueName":"search_term_string"}}],"inLanguage":"pt-PT"},{"@type":"Person","@id":"https:\/\/portaltela.pt\/#\/schema\/person\/c4278d4a6028830caff9ee44b42d32ed","name":"Telinha","image":{"@type":"ImageObject","inLanguage":"pt-PT","@id":"https:\/\/portaltela.pt\/s.01k8rhncp4jt1\/2025\/11\/talking-bot-125x125.png","url":"https:\/\/portaltela.pt\/s.01k8rhncp4jt1\/2025\/11\/talking-bot-125x125.png","contentUrl":"https:\/\/portaltela.pt\/s.01k8rhncp4jt1\/2025\/11\/talking-bot-125x125.png","caption":"Telinha"},"sameAs":["https:\/\/portaltela.pt\/"],"url":"https:\/\/portaltela.pt\/por\/367410592786\/"}]}},"_links":{"self":[{"href":"https:\/\/portaltela.pt\/api\/wp\/v2\/posts\/189755","targetHints":{"allow":["GET"]}}],"collection":[{"href":"https:\/\/portaltela.pt\/api\/wp\/v2\/posts"}],"about":[{"href":"https:\/\/portaltela.pt\/api\/wp\/v2\/types\/post"}],"author":[{"embeddable":true,"href":"https:\/\/portaltela.pt\/api\/wp\/v2\/users\/2"}],"replies":[{"embeddable":true,"href":"https:\/\/portaltela.pt\/api\/wp\/v2\/comments?post=189755"}],"version-history":[{"count":0,"href":"https:\/\/portaltela.pt\/api\/wp\/v2\/posts\/189755\/revisions"}],"wp:featuredmedia":[{"embeddable":true,"href":"https:\/\/portaltela.pt\/api\/wp\/v2\/media\/189756"}],"wp:attachment":[{"href":"https:\/\/portaltela.pt\/api\/wp\/v2\/media?parent=189755"}],"wp:term":[{"taxonomy":"category","embeddable":true,"href":"https:\/\/portaltela.pt\/api\/wp\/v2\/categories?post=189755"},{"taxonomy":"post_tag","embeddable":true,"href":"https:\/\/portaltela.pt\/api\/wp\/v2\/tags?post=189755"}],"curies":[{"name":"wp","href":"https:\/\/api.w.org\/{rel}","templated":true}]}}