{"id":189674,"date":"2026-02-01T19:37:00","date_gmt":"2026-02-01T22:37:00","guid":{"rendered":"https:\/\/portaltela.pt\/noticias\/2026\/02\/01\/coimbra-em-alerta-chuva-forte-pode-provocar-cheias-no-mondego\/"},"modified":"2026-02-01T19:37:00","modified_gmt":"2026-02-01T22:37:00","slug":"coimbra-em-alerta-chuva-forte-pode-provocar-cheias-no-mondego","status":"publish","type":"post","link":"https:\/\/portaltela.pt\/noticias\/2026\/02\/01\/coimbra-em-alerta-chuva-forte-pode-provocar-cheias-no-mondego\/","title":{"rendered":"Coimbra em alerta: chuva forte pode provocar cheias no Mondego"},"content":{"rendered":"<p>Coimbra e Montemor-o-Velho colocaram as autarquias em estado de alerta devido ao risco elevado de cheias e inunda\u00e7\u00f5es, ap\u00f3s previs\u00f5es do IPMA de chuva intensa, vento forte e agravamento das condi\u00e7\u00f5es atmosf\u00e9ricas nos pr\u00f3ximos dias. O avisos chegam a outros concelhos do distrito.<\/p>\n<p>A C\u00e2mara Municipal de Coimbra pediu \u00e0 popula\u00e7\u00e3o que reside em zonas ribeirinhas que conhe\u00e7a a Zona de Concentra\u00e7\u00e3o e Apoio \u00e0 Popula\u00e7\u00e3o e tenha uma mala de emerg\u00eancia com documentos, medicamentos e bens essenciais. Seguir as instru\u00e7\u00f5es oficiais \u00e9 recomendado.<\/p>\n<p>O Munic\u00edpio de Montemor-o-Velho tamb\u00e9m destacou a necessidade de m\u00e1xima prud\u00eancia, sugerindo medidas de autoprote\u00e7\u00e3o e preven\u00e7\u00e3o. Evitar circula\u00e7\u00e3o junto a zonas vulner\u00e1veis e n\u00e3o atravessar \u00e1reas inundadas s\u00e3o algumas das recomenda\u00e7\u00f5es.<\/p>\n<h3>Condi\u00e7\u00f5es meteorol\u00f3gicas e avisos<\/h3>\n<p>O IPMA antecipou per\u00edodos de chuva ou aguaceiros fortes a partir da madrugada de domingo, com o distrito de Coimbra sob aviso amarelo a partir das 00h00 de 2 de fevereiro. O vento dever\u00e1 intensificar-se, gerando avisos laranja e amarelo.<\/p>\n<p>A chuva persistente ao longo da semana aumenta o risco de cheias, sobretudo no Vale do Mondego e nas margens do rio, onde j\u00e1 h\u00e1 \u00e1reas historicamente vulner\u00e1veis. As autoridades pedem especial cuidado na condu\u00e7\u00e3o noturna.<\/p>\n<h3>Medidas pr\u00e1ticas para a popula\u00e7\u00e3o<\/h3>\n<p>Os servi\u00e7os municipais recomendam manter desobstru\u00eddos os sistemas de escoamento, retirar objetos soltos de varandas e terra\u00e7os e proteger ve\u00edculos e bens em zonas baixas. A\u00e7\u00f5es preventivas visam reduzir danos em cheias r\u00e1pidas.<\/p>\n<p>A Junta de Freguesia de Pereira, em Montemor-o-Velho, alertou para a probabilidade de cheias na zona hist\u00f3rica e baixa da vila a partir da noite de domingo para segunda-feira. Foi pedido que os cidad\u00e3os salvaguardem bens e que a comunidade conte com apoio das autoridades.<\/p>\n<h3>Contexto e desdobramentos<\/h3>\n<p>O per\u00edodo de instabilidade sucede \u00e0 passagem da depress\u00e3o Kristin, que causou estragos por Portugal continental com feridos, desalojados e mortos. No distrito de Leiria j\u00e1 se registaram v\u00edtimas e danos relevantes.<\/p>\n<p>Entre as principais consequ\u00eancias do mau tempo est\u00e3o quedas de \u00e1rvores, cortes de estradas, interrup\u00e7\u00f5es ferrovi\u00e1rias, encerramento de escolas e falhas nos servi\u00e7os essenciais. No global, Coimbra, Leiria e Santar\u00e9m foram os distritos mais afetados.<\/p>\n<h3>Situa\u00e7\u00e3o administrativa<\/h3>\n<p>O Governo decretou situa\u00e7\u00e3o de calamidade para cerca de 60 munic\u00edpios entre as 00h00 de quarta-feira e as 23h59 de 1 de fevereiro, medida que pode ser alargada conforme evoluam as condi\u00e7\u00f5es.<\/p>\n","protected":false},"excerpt":{"rendered":"<ul>\n<li>Coimbra e Montemor-o-Velho emitiram avisos devido ao alto risco de cheias e inunda\u00e7\u00f5es no Mondego, com chuva intensa e vento forte previstos pelo IPMA.<\/li>\n<li>A C\u00e2mara Municipal de Coimbra pediu aten\u00e7\u00e3o \u00e0s zonas ribeirinhas e sugeriu preparar uma mala de emerg\u00eancia, seguindo as instru\u00e7\u00f5es oficiais.<\/li>\n<li>O munic\u00edpio de Montemor-o-Velho recomenda autoprote\u00e7\u00e3o e preven\u00e7\u00e3o, evitando circula\u00e7\u00e3o perto de zonas ribeirinhas vulner\u00e1veis e n\u00e3o atravessar \u00e1reas inundadas.<\/li>\n<li>O distrito de Coimbra est\u00e1 sob aviso amarelo a partir das 00h00 de 2 de fevereiro; ventos podem elevar o risco, com chuva persistente prevista ao longo da semana, especialmente near zonas hist\u00f3ricas do Mondego.<\/li>\n<li>A Junta de Pereira alerta para cheias na zona hist\u00f3rica de Montemor-o-Velho a partir da noite de domingo; o Governo decretou calamidade para cerca de sessenta munic\u00edpios entre 00h00 de quarta-feira e 23h59 de 1 de fevereiro.<\/li>\n<\/ul>\n","protected":false},"author":2,"featured_media":189675,"comment_status":"closed","ping_status":"closed","sticky":false,"template":"","format":"standard","meta":{"footnotes":""},"categories":[1],"tags":[3812,4687,3701,1070,4903,5026],"class_list":["post-189674","post","type-post","status-publish","format-standard","has-post-thumbnail","hentry","category-noticias","tag-alagamentos","tag-calamidade-publica","tag-cheias","tag-coimbra","tag-montemor-o-velho","tag-zona-de-concentracao-e-apoio-a-populacao"],"yoast_head":"<!-- This site is optimized with the Yoast SEO plugin v27.2 - https:\/\/yoast.com\/product\/yoast-seo-wordpress\/ -->\n<title>Coimbra em alerta: chuva forte pode provocar cheias no Mondego - Portal Tela Portugal<\/title>\n<meta name=\"robots\" content=\"index, follow, max-snippet:-1, max-image-preview:large, max-video-preview:-1\" \/>\n<meta property=\"og:locale\" content=\"pt_PT\" \/>\n<meta property=\"og:type\" content=\"article\" \/>\n<meta property=\"og:title\" content=\"Coimbra em alerta: chuva forte pode provocar cheias no Mondego - Portal Tela Portugal\" \/>\n<meta property=\"og:description\" content=\"Coimbra e Montemor-o-Velho emitiram avisos devido ao alto risco de cheias e inunda\u00e7\u00f5es no Mondego, com chuva intensa e vento forte previstos pelo IPMA. A C\u00e2mara Municipal de Coimbra pediu aten\u00e7\u00e3o \u00e0s zonas ribeirinhas e sugeriu preparar uma mala de emerg\u00eancia, seguindo as instru\u00e7\u00f5es oficiais. O munic\u00edpio de Montemor-o-Velho recomenda autoprote\u00e7\u00e3o e preven\u00e7\u00e3o, evitando circula\u00e7\u00e3o perto de zonas ribeirinhas vulner\u00e1veis e n\u00e3o atravessar \u00e1reas inundadas. O distrito de Coimbra est\u00e1 sob aviso amarelo a partir das 00h00 de 2 de fevereiro; ventos podem elevar o risco, com chuva persistente prevista ao longo da semana, especialmente near zonas hist\u00f3ricas do Mondego. A Junta de Pereira alerta para cheias na zona hist\u00f3rica de Montemor-o-Velho a partir da noite de domingo; o Governo decretou calamidade para cerca de sessenta munic\u00edpios entre 00h00 de quarta-feira e 23h59 de 1 de fevereiro.\" \/>\n<meta property=\"og:url\" content=\"https:\/\/portaltela.pt\/noticias\/2026\/02\/01\/coimbra-em-alerta-chuva-forte-pode-provocar-cheias-no-mondego\/\" \/>\n<meta property=\"og:site_name\" content=\"Portal Tela Portugal\" \/>\n<meta property=\"article:published_time\" content=\"2026-02-01T22:37:00+00:00\" \/>\n<meta name=\"author\" content=\"Telinha\" \/>\n<meta name=\"twitter:card\" content=\"summary_large_image\" \/>\n<meta name=\"twitter:label1\" content=\"Escrito por\" \/>\n\t<meta name=\"twitter:data1\" content=\"Telinha\" \/>\n\t<meta name=\"twitter:label2\" content=\"Tempo estimado de leitura\" \/>\n\t<meta name=\"twitter:data2\" content=\"2 minutos\" \/>\n<script type=\"application\/ld+json\" class=\"yoast-schema-graph\">{\"@context\":\"https:\/\/schema.org\",\"@graph\":[{\"@type\":\"Article\",\"@id\":\"https:\/\/portaltela.pt\/noticias\/2026\/02\/01\/coimbra-em-alerta-chuva-forte-pode-provocar-cheias-no-mondego\/#article\",\"isPartOf\":{\"@id\":\"https:\/\/portaltela.pt\/noticias\/2026\/02\/01\/coimbra-em-alerta-chuva-forte-pode-provocar-cheias-no-mondego\/\"},\"author\":{\"name\":\"Telinha\",\"@id\":\"https:\/\/portaltela.pt\/#\/schema\/person\/c4278d4a6028830caff9ee44b42d32ed\"},\"headline\":\"Coimbra em alerta: chuva forte pode provocar cheias no Mondego\",\"datePublished\":\"2026-02-01T22:37:00+00:00\",\"mainEntityOfPage\":{\"@id\":\"https:\/\/portaltela.pt\/noticias\/2026\/02\/01\/coimbra-em-alerta-chuva-forte-pode-provocar-cheias-no-mondego\/\"},\"wordCount\":438,\"image\":{\"@id\":\"https:\/\/portaltela.pt\/noticias\/2026\/02\/01\/coimbra-em-alerta-chuva-forte-pode-provocar-cheias-no-mondego\/#primaryimage\"},\"thumbnailUrl\":\"https:\/\/portaltela.pt\/s.01k8rhncp4jt1\/2026\/02\/Mondego.jpg\",\"keywords\":[\"alagamentos\",\"calamidade p\u00fablica\",\"cheias\",\"Coimbra\",\"Montemor-o-Velho\",\"Zona de Concentra\u00e7\u00e3o e Apoio \u00e0 Popula\u00e7\u00e3o\"],\"articleSection\":[\"Not\u00edcias\"],\"inLanguage\":\"pt-PT\"},{\"@type\":\"WebPage\",\"@id\":\"https:\/\/portaltela.pt\/noticias\/2026\/02\/01\/coimbra-em-alerta-chuva-forte-pode-provocar-cheias-no-mondego\/\",\"url\":\"https:\/\/portaltela.pt\/noticias\/2026\/02\/01\/coimbra-em-alerta-chuva-forte-pode-provocar-cheias-no-mondego\/\",\"name\":\"Coimbra em alerta: chuva forte pode provocar cheias no Mondego - Portal Tela Portugal\",\"isPartOf\":{\"@id\":\"https:\/\/portaltela.pt\/#website\"},\"primaryImageOfPage\":{\"@id\":\"https:\/\/portaltela.pt\/noticias\/2026\/02\/01\/coimbra-em-alerta-chuva-forte-pode-provocar-cheias-no-mondego\/#primaryimage\"},\"image\":{\"@id\":\"https:\/\/portaltela.pt\/noticias\/2026\/02\/01\/coimbra-em-alerta-chuva-forte-pode-provocar-cheias-no-mondego\/#primaryimage\"},\"thumbnailUrl\":\"https:\/\/portaltela.pt\/s.01k8rhncp4jt1\/2026\/02\/Mondego.jpg\",\"datePublished\":\"2026-02-01T22:37:00+00:00\",\"author\":{\"@id\":\"https:\/\/portaltela.pt\/#\/schema\/person\/c4278d4a6028830caff9ee44b42d32ed\"},\"breadcrumb\":{\"@id\":\"https:\/\/portaltela.pt\/noticias\/2026\/02\/01\/coimbra-em-alerta-chuva-forte-pode-provocar-cheias-no-mondego\/#breadcrumb\"},\"inLanguage\":\"pt-PT\",\"potentialAction\":[{\"@type\":\"ReadAction\",\"target\":[\"https:\/\/portaltela.pt\/noticias\/2026\/02\/01\/coimbra-em-alerta-chuva-forte-pode-provocar-cheias-no-mondego\/\"]}]},{\"@type\":\"ImageObject\",\"inLanguage\":\"pt-PT\",\"@id\":\"https:\/\/portaltela.pt\/noticias\/2026\/02\/01\/coimbra-em-alerta-chuva-forte-pode-provocar-cheias-no-mondego\/#primaryimage\",\"url\":\"https:\/\/portaltela.pt\/s.01k8rhncp4jt1\/2026\/02\/Mondego.jpg\",\"contentUrl\":\"https:\/\/portaltela.pt\/s.01k8rhncp4jt1\/2026\/02\/Mondego.jpg\",\"width\":796,\"height\":448,\"caption\":\"Coimbra em alerta m\u00e1ximo: chuva forte amea\u00e7a cheias no Mondego\"},{\"@type\":\"BreadcrumbList\",\"@id\":\"https:\/\/portaltela.pt\/noticias\/2026\/02\/01\/coimbra-em-alerta-chuva-forte-pode-provocar-cheias-no-mondego\/#breadcrumb\",\"itemListElement\":[{\"@type\":\"ListItem\",\"position\":1,\"name\":\"In\u00edcio\",\"item\":\"https:\/\/portaltela.pt\/\"},{\"@type\":\"ListItem\",\"position\":2,\"name\":\"Coimbra em alerta: chuva forte pode provocar cheias no Mondego\"}]},{\"@type\":\"WebSite\",\"@id\":\"https:\/\/portaltela.pt\/#website\",\"url\":\"https:\/\/portaltela.pt\/\",\"name\":\"Portal Tela Portugal\",\"description\":\"\",\"potentialAction\":[{\"@type\":\"SearchAction\",\"target\":{\"@type\":\"EntryPoint\",\"urlTemplate\":\"https:\/\/portaltela.pt\/?s={search_term_string}\"},\"query-input\":{\"@type\":\"PropertyValueSpecification\",\"valueRequired\":true,\"valueName\":\"search_term_string\"}}],\"inLanguage\":\"pt-PT\"},{\"@type\":\"Person\",\"@id\":\"https:\/\/portaltela.pt\/#\/schema\/person\/c4278d4a6028830caff9ee44b42d32ed\",\"name\":\"Telinha\",\"image\":{\"@type\":\"ImageObject\",\"inLanguage\":\"pt-PT\",\"@id\":\"https:\/\/portaltela.pt\/s.01k8rhncp4jt1\/2025\/11\/talking-bot-125x125.png\",\"url\":\"https:\/\/portaltela.pt\/s.01k8rhncp4jt1\/2025\/11\/talking-bot-125x125.png\",\"contentUrl\":\"https:\/\/portaltela.pt\/s.01k8rhncp4jt1\/2025\/11\/talking-bot-125x125.png\",\"caption\":\"Telinha\"},\"sameAs\":[\"https:\/\/portaltela.pt\/\"],\"url\":\"https:\/\/portaltela.pt\/por\/367410592786\/\"}]}<\/script>\n<!-- \/ Yoast SEO plugin. -->","yoast_head_json":{"title":"Coimbra em alerta: chuva forte pode provocar cheias no Mondego - Portal Tela Portugal","robots":{"index":"index","follow":"follow","max-snippet":"max-snippet:-1","max-image-preview":"max-image-preview:large","max-video-preview":"max-video-preview:-1"},"og_locale":"pt_PT","og_type":"article","og_title":"Coimbra em alerta: chuva forte pode provocar cheias no Mondego - Portal Tela Portugal","og_description":"Coimbra e Montemor-o-Velho emitiram avisos devido ao alto risco de cheias e inunda\u00e7\u00f5es no Mondego, com chuva intensa e vento forte previstos pelo IPMA. A C\u00e2mara Municipal de Coimbra pediu aten\u00e7\u00e3o \u00e0s zonas ribeirinhas e sugeriu preparar uma mala de emerg\u00eancia, seguindo as instru\u00e7\u00f5es oficiais. O munic\u00edpio de Montemor-o-Velho recomenda autoprote\u00e7\u00e3o e preven\u00e7\u00e3o, evitando circula\u00e7\u00e3o perto de zonas ribeirinhas vulner\u00e1veis e n\u00e3o atravessar \u00e1reas inundadas. O distrito de Coimbra est\u00e1 sob aviso amarelo a partir das 00h00 de 2 de fevereiro; ventos podem elevar o risco, com chuva persistente prevista ao longo da semana, especialmente near zonas hist\u00f3ricas do Mondego. A Junta de Pereira alerta para cheias na zona hist\u00f3rica de Montemor-o-Velho a partir da noite de domingo; o Governo decretou calamidade para cerca de sessenta munic\u00edpios entre 00h00 de quarta-feira e 23h59 de 1 de fevereiro.","og_url":"https:\/\/portaltela.pt\/noticias\/2026\/02\/01\/coimbra-em-alerta-chuva-forte-pode-provocar-cheias-no-mondego\/","og_site_name":"Portal Tela Portugal","article_published_time":"2026-02-01T22:37:00+00:00","author":"Telinha","twitter_card":"summary_large_image","twitter_misc":{"Escrito por":"Telinha","Tempo estimado de leitura":"2 minutos"},"schema":{"@context":"https:\/\/schema.org","@graph":[{"@type":"Article","@id":"https:\/\/portaltela.pt\/noticias\/2026\/02\/01\/coimbra-em-alerta-chuva-forte-pode-provocar-cheias-no-mondego\/#article","isPartOf":{"@id":"https:\/\/portaltela.pt\/noticias\/2026\/02\/01\/coimbra-em-alerta-chuva-forte-pode-provocar-cheias-no-mondego\/"},"author":{"name":"Telinha","@id":"https:\/\/portaltela.pt\/#\/schema\/person\/c4278d4a6028830caff9ee44b42d32ed"},"headline":"Coimbra em alerta: chuva forte pode provocar cheias no Mondego","datePublished":"2026-02-01T22:37:00+00:00","mainEntityOfPage":{"@id":"https:\/\/portaltela.pt\/noticias\/2026\/02\/01\/coimbra-em-alerta-chuva-forte-pode-provocar-cheias-no-mondego\/"},"wordCount":438,"image":{"@id":"https:\/\/portaltela.pt\/noticias\/2026\/02\/01\/coimbra-em-alerta-chuva-forte-pode-provocar-cheias-no-mondego\/#primaryimage"},"thumbnailUrl":"https:\/\/portaltela.pt\/s.01k8rhncp4jt1\/2026\/02\/Mondego.jpg","keywords":["alagamentos","calamidade p\u00fablica","cheias","Coimbra","Montemor-o-Velho","Zona de Concentra\u00e7\u00e3o e Apoio \u00e0 Popula\u00e7\u00e3o"],"articleSection":["Not\u00edcias"],"inLanguage":"pt-PT"},{"@type":"WebPage","@id":"https:\/\/portaltela.pt\/noticias\/2026\/02\/01\/coimbra-em-alerta-chuva-forte-pode-provocar-cheias-no-mondego\/","url":"https:\/\/portaltela.pt\/noticias\/2026\/02\/01\/coimbra-em-alerta-chuva-forte-pode-provocar-cheias-no-mondego\/","name":"Coimbra em alerta: chuva forte pode provocar cheias no Mondego - Portal Tela Portugal","isPartOf":{"@id":"https:\/\/portaltela.pt\/#website"},"primaryImageOfPage":{"@id":"https:\/\/portaltela.pt\/noticias\/2026\/02\/01\/coimbra-em-alerta-chuva-forte-pode-provocar-cheias-no-mondego\/#primaryimage"},"image":{"@id":"https:\/\/portaltela.pt\/noticias\/2026\/02\/01\/coimbra-em-alerta-chuva-forte-pode-provocar-cheias-no-mondego\/#primaryimage"},"thumbnailUrl":"https:\/\/portaltela.pt\/s.01k8rhncp4jt1\/2026\/02\/Mondego.jpg","datePublished":"2026-02-01T22:37:00+00:00","author":{"@id":"https:\/\/portaltela.pt\/#\/schema\/person\/c4278d4a6028830caff9ee44b42d32ed"},"breadcrumb":{"@id":"https:\/\/portaltela.pt\/noticias\/2026\/02\/01\/coimbra-em-alerta-chuva-forte-pode-provocar-cheias-no-mondego\/#breadcrumb"},"inLanguage":"pt-PT","potentialAction":[{"@type":"ReadAction","target":["https:\/\/portaltela.pt\/noticias\/2026\/02\/01\/coimbra-em-alerta-chuva-forte-pode-provocar-cheias-no-mondego\/"]}]},{"@type":"ImageObject","inLanguage":"pt-PT","@id":"https:\/\/portaltela.pt\/noticias\/2026\/02\/01\/coimbra-em-alerta-chuva-forte-pode-provocar-cheias-no-mondego\/#primaryimage","url":"https:\/\/portaltela.pt\/s.01k8rhncp4jt1\/2026\/02\/Mondego.jpg","contentUrl":"https:\/\/portaltela.pt\/s.01k8rhncp4jt1\/2026\/02\/Mondego.jpg","width":796,"height":448,"caption":"Coimbra em alerta m\u00e1ximo: chuva forte amea\u00e7a cheias no Mondego"},{"@type":"BreadcrumbList","@id":"https:\/\/portaltela.pt\/noticias\/2026\/02\/01\/coimbra-em-alerta-chuva-forte-pode-provocar-cheias-no-mondego\/#breadcrumb","itemListElement":[{"@type":"ListItem","position":1,"name":"In\u00edcio","item":"https:\/\/portaltela.pt\/"},{"@type":"ListItem","position":2,"name":"Coimbra em alerta: chuva forte pode provocar cheias no Mondego"}]},{"@type":"WebSite","@id":"https:\/\/portaltela.pt\/#website","url":"https:\/\/portaltela.pt\/","name":"Portal Tela Portugal","description":"","potentialAction":[{"@type":"SearchAction","target":{"@type":"EntryPoint","urlTemplate":"https:\/\/portaltela.pt\/?s={search_term_string}"},"query-input":{"@type":"PropertyValueSpecification","valueRequired":true,"valueName":"search_term_string"}}],"inLanguage":"pt-PT"},{"@type":"Person","@id":"https:\/\/portaltela.pt\/#\/schema\/person\/c4278d4a6028830caff9ee44b42d32ed","name":"Telinha","image":{"@type":"ImageObject","inLanguage":"pt-PT","@id":"https:\/\/portaltela.pt\/s.01k8rhncp4jt1\/2025\/11\/talking-bot-125x125.png","url":"https:\/\/portaltela.pt\/s.01k8rhncp4jt1\/2025\/11\/talking-bot-125x125.png","contentUrl":"https:\/\/portaltela.pt\/s.01k8rhncp4jt1\/2025\/11\/talking-bot-125x125.png","caption":"Telinha"},"sameAs":["https:\/\/portaltela.pt\/"],"url":"https:\/\/portaltela.pt\/por\/367410592786\/"}]}},"_links":{"self":[{"href":"https:\/\/portaltela.pt\/api\/wp\/v2\/posts\/189674","targetHints":{"allow":["GET"]}}],"collection":[{"href":"https:\/\/portaltela.pt\/api\/wp\/v2\/posts"}],"about":[{"href":"https:\/\/portaltela.pt\/api\/wp\/v2\/types\/post"}],"author":[{"embeddable":true,"href":"https:\/\/portaltela.pt\/api\/wp\/v2\/users\/2"}],"replies":[{"embeddable":true,"href":"https:\/\/portaltela.pt\/api\/wp\/v2\/comments?post=189674"}],"version-history":[{"count":0,"href":"https:\/\/portaltela.pt\/api\/wp\/v2\/posts\/189674\/revisions"}],"wp:featuredmedia":[{"embeddable":true,"href":"https:\/\/portaltela.pt\/api\/wp\/v2\/media\/189675"}],"wp:attachment":[{"href":"https:\/\/portaltela.pt\/api\/wp\/v2\/media?parent=189674"}],"wp:term":[{"taxonomy":"category","embeddable":true,"href":"https:\/\/portaltela.pt\/api\/wp\/v2\/categories?post=189674"},{"taxonomy":"post_tag","embeddable":true,"href":"https:\/\/portaltela.pt\/api\/wp\/v2\/tags?post=189674"}],"curies":[{"name":"wp","href":"https:\/\/api.w.org\/{rel}","templated":true}]}}