{"id":189671,"date":"2026-02-01T20:05:55","date_gmt":"2026-02-01T23:05:55","guid":{"rendered":"https:\/\/portaltela.pt\/noticias\/2026\/02\/01\/pj-detem-suspeito-pelo-homicidio-de-agente-imobiliaria-desaparecida-ha-12-dias\/"},"modified":"2026-02-01T20:05:55","modified_gmt":"2026-02-01T23:05:55","slug":"pj-detem-suspeito-pelo-homicidio-de-agente-imobiliaria-desaparecida-ha-12-dias","status":"publish","type":"post","link":"https:\/\/portaltela.pt\/noticias\/2026\/02\/01\/pj-detem-suspeito-pelo-homicidio-de-agente-imobiliaria-desaparecida-ha-12-dias\/","title":{"rendered":"PJ det\u00e9m suspeito pelo homic\u00eddio de agente imobili\u00e1ria desaparecida h\u00e1 12 dias"},"content":{"rendered":"<p>A Pol\u00edcia Judici\u00e1ria, atrav\u00e9s da Unidade Nacional de Contratterrorismo, desencadeou hoje uma opera\u00e7\u00e3o na zona da Lourinh\u00e3 e deteve o presum\u00edvel homicida de Maria Amaral, agente imobili\u00e1ria desaparecida desde 19 de janeiro. A investiga\u00e7\u00e3o, desenvolvida de forma c\u00e9lere, recolheu ind\u00edcios que permitem identificar o suspeito.<\/p>\n<p>Durante a opera\u00e7\u00e3o foi realizada uma busca domicili\u00e1ria na resid\u00eancia do suspeito, onde foram encontrados vest\u00edgios hem\u00e1ticos que corroboram as suspeitas.<\/p>\n<p>Ap\u00f3s inspe\u00e7\u00e3o ao local, a PJ vai efetuar dilig\u00eancias para levantar o cad\u00e1ver do s\u00edtio onde esteve escondido.<\/p>\n<h3>Deten\u00e7\u00e3o e dilig\u00eancias<\/h3>\n<p>A deten\u00e7\u00e3o ocorreu ao abrigo de um mandado de deten\u00e7\u00e3o fora de flagrante delito, emitido pelo Minist\u00e9rio P\u00fablico titular do inqu\u00e9rito. O presum\u00edvel autor ser\u00e1 apresentado \u00e0 autoridade judici\u00e1ria competente para primeiro interrogat\u00f3rio judicial e aplica\u00e7\u00e3o de medidas de coa\u00e7\u00e3o.<\/p>\n<p>A investiga\u00e7\u00e3o prossegue com o objetivo de esclarecer as circunst\u00e2ncias do crime, incluindo eventuais testemunhos e outras provas que permitam esclarecer a rela\u00e7\u00e3o entre o suspeito e a v\u00edtima.<\/p>\n","protected":false},"excerpt":{"rendered":"<ul>\n<li>A Pol\u00edcia Judici\u00e1ria (PJ), atrav\u00e9s da Unidade Nacional de Contratterrorismo, desencadeou hoje uma opera\u00e7\u00e3o na zona da Lourinh\u00e3 e deteve o presum\u00edvel homicida da agente imobili\u00e1ria Maria Amaral, desaparecida desde o passado dia 19 de janeiro.<\/li>\n<li>A deten\u00e7\u00e3o ocorreu ao abrigo de um mandado de deten\u00e7\u00e3o fora de flagrante delito emitido pelo Minist\u00e9rio P\u00fablico.<\/li>\n<li>Durante a opera\u00e7\u00e3o foi realizada uma busca domicili\u00e1ria na resid\u00eancia do suspeito, onde foram encontrados vest\u00edgios hem\u00e1ticos relevantes que corroboram as suspeitas.<\/li>\n<li>Ap\u00f3s a inspe\u00e7\u00e3o ao local, a PJ vai realizar dilig\u00eancias para levantar o cad\u00e1ver do s\u00edtio onde esteve oculto.<\/li>\n<li>O suspeito ser\u00e1 presente a autoridade judici\u00e1ria competente para primeiro interrogat\u00f3rio judicial e aplica\u00e7\u00e3o de medidas de coa\u00e7\u00e3o; a investiga\u00e7\u00e3o prossegue para apurar as circunst\u00e2ncias do crime.<\/li>\n<\/ul>\n","protected":false},"author":2,"featured_media":189673,"comment_status":"closed","ping_status":"closed","sticky":false,"template":"","format":"standard","meta":{"footnotes":""},"categories":[1],"tags":[147,1345,215,217,1802,4035],"class_list":["post-189671","post","type-post","status-publish","format-standard","has-post-thumbnail","hentry","category-noticias","tag-crime","tag-homicidio","tag-investigacao","tag-investigacao-criminal","tag-policia-judiciaria","tag-unidade-nacional-de-contratterrorismo"],"yoast_head":"<!-- This site is optimized with the Yoast SEO plugin v27.2 - https:\/\/yoast.com\/product\/yoast-seo-wordpress\/ -->\n<title>PJ det\u00e9m suspeito pelo homic\u00eddio de agente imobili\u00e1ria desaparecida h\u00e1 12 dias - Portal Tela Portugal<\/title>\n<meta name=\"robots\" content=\"index, follow, max-snippet:-1, max-image-preview:large, max-video-preview:-1\" \/>\n<meta property=\"og:locale\" content=\"pt_PT\" \/>\n<meta property=\"og:type\" content=\"article\" \/>\n<meta property=\"og:title\" content=\"PJ det\u00e9m suspeito pelo homic\u00eddio de agente imobili\u00e1ria desaparecida h\u00e1 12 dias - Portal Tela Portugal\" \/>\n<meta property=\"og:description\" content=\"A Pol\u00edcia Judici\u00e1ria (PJ), atrav\u00e9s da Unidade Nacional de Contratterrorismo, desencadeou hoje uma opera\u00e7\u00e3o na zona da Lourinh\u00e3 e deteve o presum\u00edvel homicida da agente imobili\u00e1ria Maria Amaral, desaparecida desde o passado dia 19 de janeiro. A deten\u00e7\u00e3o ocorreu ao abrigo de um mandado de deten\u00e7\u00e3o fora de flagrante delito emitido pelo Minist\u00e9rio P\u00fablico. Durante a opera\u00e7\u00e3o foi realizada uma busca domicili\u00e1ria na resid\u00eancia do suspeito, onde foram encontrados vest\u00edgios hem\u00e1ticos relevantes que corroboram as suspeitas. Ap\u00f3s a inspe\u00e7\u00e3o ao local, a PJ vai realizar dilig\u00eancias para levantar o cad\u00e1ver do s\u00edtio onde esteve oculto. O suspeito ser\u00e1 presente a autoridade judici\u00e1ria competente para primeiro interrogat\u00f3rio judicial e aplica\u00e7\u00e3o de medidas de coa\u00e7\u00e3o; a investiga\u00e7\u00e3o prossegue para apurar as circunst\u00e2ncias do crime.\" \/>\n<meta property=\"og:url\" content=\"https:\/\/portaltela.pt\/noticias\/2026\/02\/01\/pj-detem-suspeito-pelo-homicidio-de-agente-imobiliaria-desaparecida-ha-12-dias\/\" \/>\n<meta property=\"og:site_name\" content=\"Portal Tela Portugal\" \/>\n<meta property=\"article:published_time\" content=\"2026-02-01T23:05:55+00:00\" \/>\n<meta name=\"author\" content=\"Telinha\" \/>\n<meta name=\"twitter:card\" content=\"summary_large_image\" \/>\n<meta name=\"twitter:label1\" content=\"Escrito por\" \/>\n\t<meta name=\"twitter:data1\" content=\"Telinha\" \/>\n\t<meta name=\"twitter:label2\" content=\"Tempo estimado de leitura\" \/>\n\t<meta name=\"twitter:data2\" content=\"1 minuto\" \/>\n<script type=\"application\/ld+json\" class=\"yoast-schema-graph\">{\"@context\":\"https:\/\/schema.org\",\"@graph\":[{\"@type\":\"Article\",\"@id\":\"https:\/\/portaltela.pt\/noticias\/2026\/02\/01\/pj-detem-suspeito-pelo-homicidio-de-agente-imobiliaria-desaparecida-ha-12-dias\/#article\",\"isPartOf\":{\"@id\":\"https:\/\/portaltela.pt\/noticias\/2026\/02\/01\/pj-detem-suspeito-pelo-homicidio-de-agente-imobiliaria-desaparecida-ha-12-dias\/\"},\"author\":{\"name\":\"Telinha\",\"@id\":\"https:\/\/portaltela.pt\/#\/schema\/person\/c4278d4a6028830caff9ee44b42d32ed\"},\"headline\":\"PJ det\u00e9m suspeito pelo homic\u00eddio de agente imobili\u00e1ria desaparecida h\u00e1 12 dias\",\"datePublished\":\"2026-02-01T23:05:55+00:00\",\"mainEntityOfPage\":{\"@id\":\"https:\/\/portaltela.pt\/noticias\/2026\/02\/01\/pj-detem-suspeito-pelo-homicidio-de-agente-imobiliaria-desaparecida-ha-12-dias\/\"},\"wordCount\":203,\"image\":{\"@id\":\"https:\/\/portaltela.pt\/noticias\/2026\/02\/01\/pj-detem-suspeito-pelo-homicidio-de-agente-imobiliaria-desaparecida-ha-12-dias\/#primaryimage\"},\"thumbnailUrl\":\"https:\/\/portaltela.pt\/s.01k8rhncp4jt1\/2026\/02\/unnamed-file-235.jpg\",\"keywords\":[\"crime\",\"homic\u00eddio\",\"investiga\u00e7\u00e3o\",\"investiga\u00e7\u00e3o criminal\",\"Pol\u00edcia Judici\u00e1ria\",\"Unidade Nacional de Contratterrorismo\"],\"articleSection\":[\"Not\u00edcias\"],\"inLanguage\":\"pt-PT\"},{\"@type\":\"WebPage\",\"@id\":\"https:\/\/portaltela.pt\/noticias\/2026\/02\/01\/pj-detem-suspeito-pelo-homicidio-de-agente-imobiliaria-desaparecida-ha-12-dias\/\",\"url\":\"https:\/\/portaltela.pt\/noticias\/2026\/02\/01\/pj-detem-suspeito-pelo-homicidio-de-agente-imobiliaria-desaparecida-ha-12-dias\/\",\"name\":\"PJ det\u00e9m suspeito pelo homic\u00eddio de agente imobili\u00e1ria desaparecida h\u00e1 12 dias - Portal Tela Portugal\",\"isPartOf\":{\"@id\":\"https:\/\/portaltela.pt\/#website\"},\"primaryImageOfPage\":{\"@id\":\"https:\/\/portaltela.pt\/noticias\/2026\/02\/01\/pj-detem-suspeito-pelo-homicidio-de-agente-imobiliaria-desaparecida-ha-12-dias\/#primaryimage\"},\"image\":{\"@id\":\"https:\/\/portaltela.pt\/noticias\/2026\/02\/01\/pj-detem-suspeito-pelo-homicidio-de-agente-imobiliaria-desaparecida-ha-12-dias\/#primaryimage\"},\"thumbnailUrl\":\"https:\/\/portaltela.pt\/s.01k8rhncp4jt1\/2026\/02\/unnamed-file-235.jpg\",\"datePublished\":\"2026-02-01T23:05:55+00:00\",\"author\":{\"@id\":\"https:\/\/portaltela.pt\/#\/schema\/person\/c4278d4a6028830caff9ee44b42d32ed\"},\"breadcrumb\":{\"@id\":\"https:\/\/portaltela.pt\/noticias\/2026\/02\/01\/pj-detem-suspeito-pelo-homicidio-de-agente-imobiliaria-desaparecida-ha-12-dias\/#breadcrumb\"},\"inLanguage\":\"pt-PT\",\"potentialAction\":[{\"@type\":\"ReadAction\",\"target\":[\"https:\/\/portaltela.pt\/noticias\/2026\/02\/01\/pj-detem-suspeito-pelo-homicidio-de-agente-imobiliaria-desaparecida-ha-12-dias\/\"]}]},{\"@type\":\"ImageObject\",\"inLanguage\":\"pt-PT\",\"@id\":\"https:\/\/portaltela.pt\/noticias\/2026\/02\/01\/pj-detem-suspeito-pelo-homicidio-de-agente-imobiliaria-desaparecida-ha-12-dias\/#primaryimage\",\"url\":\"https:\/\/portaltela.pt\/s.01k8rhncp4jt1\/2026\/02\/unnamed-file-235.jpg\",\"contentUrl\":\"https:\/\/portaltela.pt\/s.01k8rhncp4jt1\/2026\/02\/unnamed-file-235.jpg\",\"width\":796,\"height\":448,\"caption\":\"PJ det\u00e9m homicida de agente imobili\u00e1ria desaparecida h\u00e1 12 dias\"},{\"@type\":\"BreadcrumbList\",\"@id\":\"https:\/\/portaltela.pt\/noticias\/2026\/02\/01\/pj-detem-suspeito-pelo-homicidio-de-agente-imobiliaria-desaparecida-ha-12-dias\/#breadcrumb\",\"itemListElement\":[{\"@type\":\"ListItem\",\"position\":1,\"name\":\"In\u00edcio\",\"item\":\"https:\/\/portaltela.pt\/\"},{\"@type\":\"ListItem\",\"position\":2,\"name\":\"PJ det\u00e9m suspeito pelo homic\u00eddio de agente imobili\u00e1ria desaparecida h\u00e1 12 dias\"}]},{\"@type\":\"WebSite\",\"@id\":\"https:\/\/portaltela.pt\/#website\",\"url\":\"https:\/\/portaltela.pt\/\",\"name\":\"Portal Tela Portugal\",\"description\":\"\",\"potentialAction\":[{\"@type\":\"SearchAction\",\"target\":{\"@type\":\"EntryPoint\",\"urlTemplate\":\"https:\/\/portaltela.pt\/?s={search_term_string}\"},\"query-input\":{\"@type\":\"PropertyValueSpecification\",\"valueRequired\":true,\"valueName\":\"search_term_string\"}}],\"inLanguage\":\"pt-PT\"},{\"@type\":\"Person\",\"@id\":\"https:\/\/portaltela.pt\/#\/schema\/person\/c4278d4a6028830caff9ee44b42d32ed\",\"name\":\"Telinha\",\"image\":{\"@type\":\"ImageObject\",\"inLanguage\":\"pt-PT\",\"@id\":\"https:\/\/portaltela.pt\/s.01k8rhncp4jt1\/2025\/11\/talking-bot-125x125.png\",\"url\":\"https:\/\/portaltela.pt\/s.01k8rhncp4jt1\/2025\/11\/talking-bot-125x125.png\",\"contentUrl\":\"https:\/\/portaltela.pt\/s.01k8rhncp4jt1\/2025\/11\/talking-bot-125x125.png\",\"caption\":\"Telinha\"},\"sameAs\":[\"https:\/\/portaltela.pt\/\"],\"url\":\"https:\/\/portaltela.pt\/por\/367410592786\/\"}]}<\/script>\n<!-- \/ Yoast SEO plugin. -->","yoast_head_json":{"title":"PJ det\u00e9m suspeito pelo homic\u00eddio de agente imobili\u00e1ria desaparecida h\u00e1 12 dias - Portal Tela Portugal","robots":{"index":"index","follow":"follow","max-snippet":"max-snippet:-1","max-image-preview":"max-image-preview:large","max-video-preview":"max-video-preview:-1"},"og_locale":"pt_PT","og_type":"article","og_title":"PJ det\u00e9m suspeito pelo homic\u00eddio de agente imobili\u00e1ria desaparecida h\u00e1 12 dias - Portal Tela Portugal","og_description":"A Pol\u00edcia Judici\u00e1ria (PJ), atrav\u00e9s da Unidade Nacional de Contratterrorismo, desencadeou hoje uma opera\u00e7\u00e3o na zona da Lourinh\u00e3 e deteve o presum\u00edvel homicida da agente imobili\u00e1ria Maria Amaral, desaparecida desde o passado dia 19 de janeiro. A deten\u00e7\u00e3o ocorreu ao abrigo de um mandado de deten\u00e7\u00e3o fora de flagrante delito emitido pelo Minist\u00e9rio P\u00fablico. Durante a opera\u00e7\u00e3o foi realizada uma busca domicili\u00e1ria na resid\u00eancia do suspeito, onde foram encontrados vest\u00edgios hem\u00e1ticos relevantes que corroboram as suspeitas. Ap\u00f3s a inspe\u00e7\u00e3o ao local, a PJ vai realizar dilig\u00eancias para levantar o cad\u00e1ver do s\u00edtio onde esteve oculto. O suspeito ser\u00e1 presente a autoridade judici\u00e1ria competente para primeiro interrogat\u00f3rio judicial e aplica\u00e7\u00e3o de medidas de coa\u00e7\u00e3o; a investiga\u00e7\u00e3o prossegue para apurar as circunst\u00e2ncias do crime.","og_url":"https:\/\/portaltela.pt\/noticias\/2026\/02\/01\/pj-detem-suspeito-pelo-homicidio-de-agente-imobiliaria-desaparecida-ha-12-dias\/","og_site_name":"Portal Tela Portugal","article_published_time":"2026-02-01T23:05:55+00:00","author":"Telinha","twitter_card":"summary_large_image","twitter_misc":{"Escrito por":"Telinha","Tempo estimado de leitura":"1 minuto"},"schema":{"@context":"https:\/\/schema.org","@graph":[{"@type":"Article","@id":"https:\/\/portaltela.pt\/noticias\/2026\/02\/01\/pj-detem-suspeito-pelo-homicidio-de-agente-imobiliaria-desaparecida-ha-12-dias\/#article","isPartOf":{"@id":"https:\/\/portaltela.pt\/noticias\/2026\/02\/01\/pj-detem-suspeito-pelo-homicidio-de-agente-imobiliaria-desaparecida-ha-12-dias\/"},"author":{"name":"Telinha","@id":"https:\/\/portaltela.pt\/#\/schema\/person\/c4278d4a6028830caff9ee44b42d32ed"},"headline":"PJ det\u00e9m suspeito pelo homic\u00eddio de agente imobili\u00e1ria desaparecida h\u00e1 12 dias","datePublished":"2026-02-01T23:05:55+00:00","mainEntityOfPage":{"@id":"https:\/\/portaltela.pt\/noticias\/2026\/02\/01\/pj-detem-suspeito-pelo-homicidio-de-agente-imobiliaria-desaparecida-ha-12-dias\/"},"wordCount":203,"image":{"@id":"https:\/\/portaltela.pt\/noticias\/2026\/02\/01\/pj-detem-suspeito-pelo-homicidio-de-agente-imobiliaria-desaparecida-ha-12-dias\/#primaryimage"},"thumbnailUrl":"https:\/\/portaltela.pt\/s.01k8rhncp4jt1\/2026\/02\/unnamed-file-235.jpg","keywords":["crime","homic\u00eddio","investiga\u00e7\u00e3o","investiga\u00e7\u00e3o criminal","Pol\u00edcia Judici\u00e1ria","Unidade Nacional de Contratterrorismo"],"articleSection":["Not\u00edcias"],"inLanguage":"pt-PT"},{"@type":"WebPage","@id":"https:\/\/portaltela.pt\/noticias\/2026\/02\/01\/pj-detem-suspeito-pelo-homicidio-de-agente-imobiliaria-desaparecida-ha-12-dias\/","url":"https:\/\/portaltela.pt\/noticias\/2026\/02\/01\/pj-detem-suspeito-pelo-homicidio-de-agente-imobiliaria-desaparecida-ha-12-dias\/","name":"PJ det\u00e9m suspeito pelo homic\u00eddio de agente imobili\u00e1ria desaparecida h\u00e1 12 dias - Portal Tela Portugal","isPartOf":{"@id":"https:\/\/portaltela.pt\/#website"},"primaryImageOfPage":{"@id":"https:\/\/portaltela.pt\/noticias\/2026\/02\/01\/pj-detem-suspeito-pelo-homicidio-de-agente-imobiliaria-desaparecida-ha-12-dias\/#primaryimage"},"image":{"@id":"https:\/\/portaltela.pt\/noticias\/2026\/02\/01\/pj-detem-suspeito-pelo-homicidio-de-agente-imobiliaria-desaparecida-ha-12-dias\/#primaryimage"},"thumbnailUrl":"https:\/\/portaltela.pt\/s.01k8rhncp4jt1\/2026\/02\/unnamed-file-235.jpg","datePublished":"2026-02-01T23:05:55+00:00","author":{"@id":"https:\/\/portaltela.pt\/#\/schema\/person\/c4278d4a6028830caff9ee44b42d32ed"},"breadcrumb":{"@id":"https:\/\/portaltela.pt\/noticias\/2026\/02\/01\/pj-detem-suspeito-pelo-homicidio-de-agente-imobiliaria-desaparecida-ha-12-dias\/#breadcrumb"},"inLanguage":"pt-PT","potentialAction":[{"@type":"ReadAction","target":["https:\/\/portaltela.pt\/noticias\/2026\/02\/01\/pj-detem-suspeito-pelo-homicidio-de-agente-imobiliaria-desaparecida-ha-12-dias\/"]}]},{"@type":"ImageObject","inLanguage":"pt-PT","@id":"https:\/\/portaltela.pt\/noticias\/2026\/02\/01\/pj-detem-suspeito-pelo-homicidio-de-agente-imobiliaria-desaparecida-ha-12-dias\/#primaryimage","url":"https:\/\/portaltela.pt\/s.01k8rhncp4jt1\/2026\/02\/unnamed-file-235.jpg","contentUrl":"https:\/\/portaltela.pt\/s.01k8rhncp4jt1\/2026\/02\/unnamed-file-235.jpg","width":796,"height":448,"caption":"PJ det\u00e9m homicida de agente imobili\u00e1ria desaparecida h\u00e1 12 dias"},{"@type":"BreadcrumbList","@id":"https:\/\/portaltela.pt\/noticias\/2026\/02\/01\/pj-detem-suspeito-pelo-homicidio-de-agente-imobiliaria-desaparecida-ha-12-dias\/#breadcrumb","itemListElement":[{"@type":"ListItem","position":1,"name":"In\u00edcio","item":"https:\/\/portaltela.pt\/"},{"@type":"ListItem","position":2,"name":"PJ det\u00e9m suspeito pelo homic\u00eddio de agente imobili\u00e1ria desaparecida h\u00e1 12 dias"}]},{"@type":"WebSite","@id":"https:\/\/portaltela.pt\/#website","url":"https:\/\/portaltela.pt\/","name":"Portal Tela Portugal","description":"","potentialAction":[{"@type":"SearchAction","target":{"@type":"EntryPoint","urlTemplate":"https:\/\/portaltela.pt\/?s={search_term_string}"},"query-input":{"@type":"PropertyValueSpecification","valueRequired":true,"valueName":"search_term_string"}}],"inLanguage":"pt-PT"},{"@type":"Person","@id":"https:\/\/portaltela.pt\/#\/schema\/person\/c4278d4a6028830caff9ee44b42d32ed","name":"Telinha","image":{"@type":"ImageObject","inLanguage":"pt-PT","@id":"https:\/\/portaltela.pt\/s.01k8rhncp4jt1\/2025\/11\/talking-bot-125x125.png","url":"https:\/\/portaltela.pt\/s.01k8rhncp4jt1\/2025\/11\/talking-bot-125x125.png","contentUrl":"https:\/\/portaltela.pt\/s.01k8rhncp4jt1\/2025\/11\/talking-bot-125x125.png","caption":"Telinha"},"sameAs":["https:\/\/portaltela.pt\/"],"url":"https:\/\/portaltela.pt\/por\/367410592786\/"}]}},"_links":{"self":[{"href":"https:\/\/portaltela.pt\/api\/wp\/v2\/posts\/189671","targetHints":{"allow":["GET"]}}],"collection":[{"href":"https:\/\/portaltela.pt\/api\/wp\/v2\/posts"}],"about":[{"href":"https:\/\/portaltela.pt\/api\/wp\/v2\/types\/post"}],"author":[{"embeddable":true,"href":"https:\/\/portaltela.pt\/api\/wp\/v2\/users\/2"}],"replies":[{"embeddable":true,"href":"https:\/\/portaltela.pt\/api\/wp\/v2\/comments?post=189671"}],"version-history":[{"count":0,"href":"https:\/\/portaltela.pt\/api\/wp\/v2\/posts\/189671\/revisions"}],"wp:featuredmedia":[{"embeddable":true,"href":"https:\/\/portaltela.pt\/api\/wp\/v2\/media\/189673"}],"wp:attachment":[{"href":"https:\/\/portaltela.pt\/api\/wp\/v2\/media?parent=189671"}],"wp:term":[{"taxonomy":"category","embeddable":true,"href":"https:\/\/portaltela.pt\/api\/wp\/v2\/categories?post=189671"},{"taxonomy":"post_tag","embeddable":true,"href":"https:\/\/portaltela.pt\/api\/wp\/v2\/tags?post=189671"}],"curies":[{"name":"wp","href":"https:\/\/api.w.org\/{rel}","templated":true}]}}