{"id":189598,"date":"2026-02-01T18:36:00","date_gmt":"2026-02-01T21:36:00","guid":{"rendered":"https:\/\/portaltela.pt\/noticias\/2026\/02\/01\/camara-do-seixal-corta-vias-por-aviso-laranja-do-ipma\/"},"modified":"2026-02-01T18:36:00","modified_gmt":"2026-02-01T21:36:00","slug":"camara-do-seixal-corta-vias-por-aviso-laranja-do-ipma","status":"publish","type":"post","link":"https:\/\/portaltela.pt\/noticias\/2026\/02\/01\/camara-do-seixal-corta-vias-por-aviso-laranja-do-ipma\/","title":{"rendered":"C\u00e2mara do Seixal corta vias por aviso laranja do IPMA"},"content":{"rendered":"<p>A C\u00e2mara Municipal do Seixal cortou preventivamente v\u00e1rias vias do concelho devido ao aviso laranja do IPMA para a regi\u00e3o de Set\u00fabal, com previs\u00e3o de precipita\u00e7\u00e3o por vezes forte, granizo e trovoada ao longo desta noite e madrugada.<\/p>\n<p>Os cortes come\u00e7am \u00e0s 22h e afetam a Avenida Carlos de Oliveira, em Arrentela, entre a Avenida 6 de Novembro de 1836 e a Avenida General Humberto Delgado (Cavadas).<\/p>\n<p>Em Paio Pires, fica interditada a Rua Jos\u00e9 Greg\u00f3rio de Almeida entre a Avenida Siderurgia Nacional e a Rua Quinta da Galega, bem como a Rua Quinta da Galega (prolongamento da Rua do Desembargador) entre a Rua Quinta da Campina e a Rua Jos\u00e9 Greg\u00f3rio de Almeida.<\/p>\n<p>Os encerramentos permanecer\u00e3o at\u00e9 que o Servi\u00e7o Municipal de Prote\u00e7\u00e3o Civil confirme que as condi\u00e7\u00f5es de seguran\u00e7a permitem a reposi\u00e7\u00e3o da circula\u00e7\u00e3o.<\/p>\n<p>A autarquia apelou \u00e0 compreens\u00e3o dos moradores e recomendou a ado\u00e7\u00e3o de percursos alternativos durante o per\u00edodo de interdi\u00e7\u00e3o.<\/p>\n<p>Com a persist\u00eancia da chuva, o risco de inunda\u00e7\u00f5es e cheias aumenta, pelo que o servi\u00e7o de Prote\u00e7\u00e3o Civil Municipal acompanhar\u00e1 especialmente as zonas ribeirinhas do Seixal, Arrentela e Amora durante as mar\u00e9s altas, podendo ser adotado novo corte de tr\u00e2nsito se justificado.<\/p>\n<p>A C\u00e2mara Municipal do Seixal aconselha evitar comportamentos de risco e acompanhar as atualiza\u00e7\u00f5es oficiais do IPMA para a regi\u00e3o. Em caso de emerg\u00eancia, a Prote\u00e7\u00e3o Civil Municipal est\u00e1 de prontid\u00e3o para apoio.<\/p>\n","protected":false},"excerpt":{"rendered":"<ul>\n<li>A C\u00e2mara Municipal do Seixal cortou preventivamente v\u00e1rias vias devido ao aviso laranja emitido pelo Instituto Portugu\u00eas do Mar e da Atmosfera (IPMA) para a regi\u00e3o de Set\u00fabal, com previs\u00f5es de chuva, granizo e trovoada esta noite.<\/li>\n<li>Os cortes arrancam \u00e0s 22 horas de hoje, incluindo a Avenida Carlos de Oliveira, na Arrentela, entre a Avenida 6 de Novembro de 1836 e a Avenida General Humberto Delgado (Cavadas).<\/li>\n<li>Em Paio Pires est\u00e3o impedidas de circula\u00e7\u00e3o a Rua Jos\u00e9 Greg\u00f3rio de Almeida (entre a Avenida Siderurgia Nacional e a Rua Quinta da Galega) e a Rua Quinta da Galega (prolongamento da Rua do Desembargador) entre v\u00e1rias vias adjacentes.<\/li>\n<li>Os cortes mant\u00eam-se at\u00e9 que o Servi\u00e7o Municipal de Prote\u00e7\u00e3o Civil confirme que as condi\u00e7\u00f5es de seguran\u00e7a est\u00e3o reunidas para reabrir as vias.<\/li>\n<li>O munic\u00edpio pede compreens\u00e3o, sugere percursos alternativos e acompanha o risco de inunda\u00e7\u00f5es, especialmente em zonas ribeirinhas, com a Prote\u00e7\u00e3o Civil Municipal pronta para apoio em caso de emerg\u00eancia.<\/li>\n<\/ul>\n","protected":false},"author":2,"featured_media":189603,"comment_status":"closed","ping_status":"closed","sticky":false,"template":"","format":"standard","meta":{"footnotes":""},"categories":[1],"tags":[3812,3359,2293,3968,5041,1064],"class_list":["post-189598","post","type-post","status-publish","format-standard","has-post-thumbnail","hentry","category-noticias","tag-alagamentos","tag-arrentela","tag-inundacoes","tag-ipma","tag-paio-pires","tag-seixal"],"yoast_head":"<!-- This site is optimized with the Yoast SEO plugin v27.2 - https:\/\/yoast.com\/product\/yoast-seo-wordpress\/ -->\n<title>C\u00e2mara do Seixal corta vias por aviso laranja do IPMA - Portal Tela Portugal<\/title>\n<meta name=\"robots\" content=\"index, follow, max-snippet:-1, max-image-preview:large, max-video-preview:-1\" \/>\n<meta property=\"og:locale\" content=\"pt_PT\" \/>\n<meta property=\"og:type\" content=\"article\" \/>\n<meta property=\"og:title\" content=\"C\u00e2mara do Seixal corta vias por aviso laranja do IPMA - Portal Tela Portugal\" \/>\n<meta property=\"og:description\" content=\"A C\u00e2mara Municipal do Seixal cortou preventivamente v\u00e1rias vias devido ao aviso laranja emitido pelo Instituto Portugu\u00eas do Mar e da Atmosfera (IPMA) para a regi\u00e3o de Set\u00fabal, com previs\u00f5es de chuva, granizo e trovoada esta noite. Os cortes arrancam \u00e0s 22 horas de hoje, incluindo a Avenida Carlos de Oliveira, na Arrentela, entre a Avenida 6 de Novembro de 1836 e a Avenida General Humberto Delgado (Cavadas). Em Paio Pires est\u00e3o impedidas de circula\u00e7\u00e3o a Rua Jos\u00e9 Greg\u00f3rio de Almeida (entre a Avenida Siderurgia Nacional e a Rua Quinta da Galega) e a Rua Quinta da Galega (prolongamento da Rua do Desembargador) entre v\u00e1rias vias adjacentes. Os cortes mant\u00eam-se at\u00e9 que o Servi\u00e7o Municipal de Prote\u00e7\u00e3o Civil confirme que as condi\u00e7\u00f5es de seguran\u00e7a est\u00e3o reunidas para reabrir as vias. O munic\u00edpio pede compreens\u00e3o, sugere percursos alternativos e acompanha o risco de inunda\u00e7\u00f5es, especialmente em zonas ribeirinhas, com a Prote\u00e7\u00e3o Civil Municipal pronta para apoio em caso de emerg\u00eancia.\" \/>\n<meta property=\"og:url\" content=\"https:\/\/portaltela.pt\/noticias\/2026\/02\/01\/camara-do-seixal-corta-vias-por-aviso-laranja-do-ipma\/\" \/>\n<meta property=\"og:site_name\" content=\"Portal Tela Portugal\" \/>\n<meta property=\"article:published_time\" content=\"2026-02-01T21:36:00+00:00\" \/>\n<meta name=\"author\" content=\"Telinha\" \/>\n<meta name=\"twitter:card\" content=\"summary_large_image\" \/>\n<meta name=\"twitter:label1\" content=\"Escrito por\" \/>\n\t<meta name=\"twitter:data1\" content=\"Telinha\" \/>\n\t<meta name=\"twitter:label2\" content=\"Tempo estimado de leitura\" \/>\n\t<meta name=\"twitter:data2\" content=\"1 minuto\" \/>\n<script type=\"application\/ld+json\" class=\"yoast-schema-graph\">{\"@context\":\"https:\/\/schema.org\",\"@graph\":[{\"@type\":\"Article\",\"@id\":\"https:\/\/portaltela.pt\/noticias\/2026\/02\/01\/camara-do-seixal-corta-vias-por-aviso-laranja-do-ipma\/#article\",\"isPartOf\":{\"@id\":\"https:\/\/portaltela.pt\/noticias\/2026\/02\/01\/camara-do-seixal-corta-vias-por-aviso-laranja-do-ipma\/\"},\"author\":{\"name\":\"Telinha\",\"@id\":\"https:\/\/portaltela.pt\/#\/schema\/person\/c4278d4a6028830caff9ee44b42d32ed\"},\"headline\":\"C\u00e2mara do Seixal corta vias por aviso laranja do IPMA\",\"datePublished\":\"2026-02-01T21:36:00+00:00\",\"mainEntityOfPage\":{\"@id\":\"https:\/\/portaltela.pt\/noticias\/2026\/02\/01\/camara-do-seixal-corta-vias-por-aviso-laranja-do-ipma\/\"},\"wordCount\":271,\"image\":{\"@id\":\"https:\/\/portaltela.pt\/noticias\/2026\/02\/01\/camara-do-seixal-corta-vias-por-aviso-laranja-do-ipma\/#primaryimage\"},\"thumbnailUrl\":\"https:\/\/portaltela.pt\/s.01k8rhncp4jt1\/2026\/02\/Protecao-Civil.jpg\",\"keywords\":[\"alagamentos\",\"Arrentela\",\"inunda\u00e7\u00f5es\",\"IPMA\",\"Paio Pires\",\"Seixal\"],\"articleSection\":[\"Not\u00edcias\"],\"inLanguage\":\"pt-PT\"},{\"@type\":\"WebPage\",\"@id\":\"https:\/\/portaltela.pt\/noticias\/2026\/02\/01\/camara-do-seixal-corta-vias-por-aviso-laranja-do-ipma\/\",\"url\":\"https:\/\/portaltela.pt\/noticias\/2026\/02\/01\/camara-do-seixal-corta-vias-por-aviso-laranja-do-ipma\/\",\"name\":\"C\u00e2mara do Seixal corta vias por aviso laranja do IPMA - Portal Tela Portugal\",\"isPartOf\":{\"@id\":\"https:\/\/portaltela.pt\/#website\"},\"primaryImageOfPage\":{\"@id\":\"https:\/\/portaltela.pt\/noticias\/2026\/02\/01\/camara-do-seixal-corta-vias-por-aviso-laranja-do-ipma\/#primaryimage\"},\"image\":{\"@id\":\"https:\/\/portaltela.pt\/noticias\/2026\/02\/01\/camara-do-seixal-corta-vias-por-aviso-laranja-do-ipma\/#primaryimage\"},\"thumbnailUrl\":\"https:\/\/portaltela.pt\/s.01k8rhncp4jt1\/2026\/02\/Protecao-Civil.jpg\",\"datePublished\":\"2026-02-01T21:36:00+00:00\",\"author\":{\"@id\":\"https:\/\/portaltela.pt\/#\/schema\/person\/c4278d4a6028830caff9ee44b42d32ed\"},\"breadcrumb\":{\"@id\":\"https:\/\/portaltela.pt\/noticias\/2026\/02\/01\/camara-do-seixal-corta-vias-por-aviso-laranja-do-ipma\/#breadcrumb\"},\"inLanguage\":\"pt-PT\",\"potentialAction\":[{\"@type\":\"ReadAction\",\"target\":[\"https:\/\/portaltela.pt\/noticias\/2026\/02\/01\/camara-do-seixal-corta-vias-por-aviso-laranja-do-ipma\/\"]}]},{\"@type\":\"ImageObject\",\"inLanguage\":\"pt-PT\",\"@id\":\"https:\/\/portaltela.pt\/noticias\/2026\/02\/01\/camara-do-seixal-corta-vias-por-aviso-laranja-do-ipma\/#primaryimage\",\"url\":\"https:\/\/portaltela.pt\/s.01k8rhncp4jt1\/2026\/02\/Protecao-Civil.jpg\",\"contentUrl\":\"https:\/\/portaltela.pt\/s.01k8rhncp4jt1\/2026\/02\/Protecao-Civil.jpg\",\"width\":796,\"height\":448,\"caption\":\"Madrugada de susto em Palmela obriga a retirar dezenas de campistas\"},{\"@type\":\"BreadcrumbList\",\"@id\":\"https:\/\/portaltela.pt\/noticias\/2026\/02\/01\/camara-do-seixal-corta-vias-por-aviso-laranja-do-ipma\/#breadcrumb\",\"itemListElement\":[{\"@type\":\"ListItem\",\"position\":1,\"name\":\"In\u00edcio\",\"item\":\"https:\/\/portaltela.pt\/\"},{\"@type\":\"ListItem\",\"position\":2,\"name\":\"C\u00e2mara do Seixal corta vias por aviso laranja do IPMA\"}]},{\"@type\":\"WebSite\",\"@id\":\"https:\/\/portaltela.pt\/#website\",\"url\":\"https:\/\/portaltela.pt\/\",\"name\":\"Portal Tela Portugal\",\"description\":\"\",\"potentialAction\":[{\"@type\":\"SearchAction\",\"target\":{\"@type\":\"EntryPoint\",\"urlTemplate\":\"https:\/\/portaltela.pt\/?s={search_term_string}\"},\"query-input\":{\"@type\":\"PropertyValueSpecification\",\"valueRequired\":true,\"valueName\":\"search_term_string\"}}],\"inLanguage\":\"pt-PT\"},{\"@type\":\"Person\",\"@id\":\"https:\/\/portaltela.pt\/#\/schema\/person\/c4278d4a6028830caff9ee44b42d32ed\",\"name\":\"Telinha\",\"image\":{\"@type\":\"ImageObject\",\"inLanguage\":\"pt-PT\",\"@id\":\"https:\/\/portaltela.pt\/s.01k8rhncp4jt1\/2025\/11\/talking-bot-125x125.png\",\"url\":\"https:\/\/portaltela.pt\/s.01k8rhncp4jt1\/2025\/11\/talking-bot-125x125.png\",\"contentUrl\":\"https:\/\/portaltela.pt\/s.01k8rhncp4jt1\/2025\/11\/talking-bot-125x125.png\",\"caption\":\"Telinha\"},\"sameAs\":[\"https:\/\/portaltela.pt\/\"],\"url\":\"https:\/\/portaltela.pt\/por\/367410592786\/\"}]}<\/script>\n<!-- \/ Yoast SEO plugin. -->","yoast_head_json":{"title":"C\u00e2mara do Seixal corta vias por aviso laranja do IPMA - Portal Tela Portugal","robots":{"index":"index","follow":"follow","max-snippet":"max-snippet:-1","max-image-preview":"max-image-preview:large","max-video-preview":"max-video-preview:-1"},"og_locale":"pt_PT","og_type":"article","og_title":"C\u00e2mara do Seixal corta vias por aviso laranja do IPMA - Portal Tela Portugal","og_description":"A C\u00e2mara Municipal do Seixal cortou preventivamente v\u00e1rias vias devido ao aviso laranja emitido pelo Instituto Portugu\u00eas do Mar e da Atmosfera (IPMA) para a regi\u00e3o de Set\u00fabal, com previs\u00f5es de chuva, granizo e trovoada esta noite. Os cortes arrancam \u00e0s 22 horas de hoje, incluindo a Avenida Carlos de Oliveira, na Arrentela, entre a Avenida 6 de Novembro de 1836 e a Avenida General Humberto Delgado (Cavadas). Em Paio Pires est\u00e3o impedidas de circula\u00e7\u00e3o a Rua Jos\u00e9 Greg\u00f3rio de Almeida (entre a Avenida Siderurgia Nacional e a Rua Quinta da Galega) e a Rua Quinta da Galega (prolongamento da Rua do Desembargador) entre v\u00e1rias vias adjacentes. Os cortes mant\u00eam-se at\u00e9 que o Servi\u00e7o Municipal de Prote\u00e7\u00e3o Civil confirme que as condi\u00e7\u00f5es de seguran\u00e7a est\u00e3o reunidas para reabrir as vias. O munic\u00edpio pede compreens\u00e3o, sugere percursos alternativos e acompanha o risco de inunda\u00e7\u00f5es, especialmente em zonas ribeirinhas, com a Prote\u00e7\u00e3o Civil Municipal pronta para apoio em caso de emerg\u00eancia.","og_url":"https:\/\/portaltela.pt\/noticias\/2026\/02\/01\/camara-do-seixal-corta-vias-por-aviso-laranja-do-ipma\/","og_site_name":"Portal Tela Portugal","article_published_time":"2026-02-01T21:36:00+00:00","author":"Telinha","twitter_card":"summary_large_image","twitter_misc":{"Escrito por":"Telinha","Tempo estimado de leitura":"1 minuto"},"schema":{"@context":"https:\/\/schema.org","@graph":[{"@type":"Article","@id":"https:\/\/portaltela.pt\/noticias\/2026\/02\/01\/camara-do-seixal-corta-vias-por-aviso-laranja-do-ipma\/#article","isPartOf":{"@id":"https:\/\/portaltela.pt\/noticias\/2026\/02\/01\/camara-do-seixal-corta-vias-por-aviso-laranja-do-ipma\/"},"author":{"name":"Telinha","@id":"https:\/\/portaltela.pt\/#\/schema\/person\/c4278d4a6028830caff9ee44b42d32ed"},"headline":"C\u00e2mara do Seixal corta vias por aviso laranja do IPMA","datePublished":"2026-02-01T21:36:00+00:00","mainEntityOfPage":{"@id":"https:\/\/portaltela.pt\/noticias\/2026\/02\/01\/camara-do-seixal-corta-vias-por-aviso-laranja-do-ipma\/"},"wordCount":271,"image":{"@id":"https:\/\/portaltela.pt\/noticias\/2026\/02\/01\/camara-do-seixal-corta-vias-por-aviso-laranja-do-ipma\/#primaryimage"},"thumbnailUrl":"https:\/\/portaltela.pt\/s.01k8rhncp4jt1\/2026\/02\/Protecao-Civil.jpg","keywords":["alagamentos","Arrentela","inunda\u00e7\u00f5es","IPMA","Paio Pires","Seixal"],"articleSection":["Not\u00edcias"],"inLanguage":"pt-PT"},{"@type":"WebPage","@id":"https:\/\/portaltela.pt\/noticias\/2026\/02\/01\/camara-do-seixal-corta-vias-por-aviso-laranja-do-ipma\/","url":"https:\/\/portaltela.pt\/noticias\/2026\/02\/01\/camara-do-seixal-corta-vias-por-aviso-laranja-do-ipma\/","name":"C\u00e2mara do Seixal corta vias por aviso laranja do IPMA - Portal Tela Portugal","isPartOf":{"@id":"https:\/\/portaltela.pt\/#website"},"primaryImageOfPage":{"@id":"https:\/\/portaltela.pt\/noticias\/2026\/02\/01\/camara-do-seixal-corta-vias-por-aviso-laranja-do-ipma\/#primaryimage"},"image":{"@id":"https:\/\/portaltela.pt\/noticias\/2026\/02\/01\/camara-do-seixal-corta-vias-por-aviso-laranja-do-ipma\/#primaryimage"},"thumbnailUrl":"https:\/\/portaltela.pt\/s.01k8rhncp4jt1\/2026\/02\/Protecao-Civil.jpg","datePublished":"2026-02-01T21:36:00+00:00","author":{"@id":"https:\/\/portaltela.pt\/#\/schema\/person\/c4278d4a6028830caff9ee44b42d32ed"},"breadcrumb":{"@id":"https:\/\/portaltela.pt\/noticias\/2026\/02\/01\/camara-do-seixal-corta-vias-por-aviso-laranja-do-ipma\/#breadcrumb"},"inLanguage":"pt-PT","potentialAction":[{"@type":"ReadAction","target":["https:\/\/portaltela.pt\/noticias\/2026\/02\/01\/camara-do-seixal-corta-vias-por-aviso-laranja-do-ipma\/"]}]},{"@type":"ImageObject","inLanguage":"pt-PT","@id":"https:\/\/portaltela.pt\/noticias\/2026\/02\/01\/camara-do-seixal-corta-vias-por-aviso-laranja-do-ipma\/#primaryimage","url":"https:\/\/portaltela.pt\/s.01k8rhncp4jt1\/2026\/02\/Protecao-Civil.jpg","contentUrl":"https:\/\/portaltela.pt\/s.01k8rhncp4jt1\/2026\/02\/Protecao-Civil.jpg","width":796,"height":448,"caption":"Madrugada de susto em Palmela obriga a retirar dezenas de campistas"},{"@type":"BreadcrumbList","@id":"https:\/\/portaltela.pt\/noticias\/2026\/02\/01\/camara-do-seixal-corta-vias-por-aviso-laranja-do-ipma\/#breadcrumb","itemListElement":[{"@type":"ListItem","position":1,"name":"In\u00edcio","item":"https:\/\/portaltela.pt\/"},{"@type":"ListItem","position":2,"name":"C\u00e2mara do Seixal corta vias por aviso laranja do IPMA"}]},{"@type":"WebSite","@id":"https:\/\/portaltela.pt\/#website","url":"https:\/\/portaltela.pt\/","name":"Portal Tela Portugal","description":"","potentialAction":[{"@type":"SearchAction","target":{"@type":"EntryPoint","urlTemplate":"https:\/\/portaltela.pt\/?s={search_term_string}"},"query-input":{"@type":"PropertyValueSpecification","valueRequired":true,"valueName":"search_term_string"}}],"inLanguage":"pt-PT"},{"@type":"Person","@id":"https:\/\/portaltela.pt\/#\/schema\/person\/c4278d4a6028830caff9ee44b42d32ed","name":"Telinha","image":{"@type":"ImageObject","inLanguage":"pt-PT","@id":"https:\/\/portaltela.pt\/s.01k8rhncp4jt1\/2025\/11\/talking-bot-125x125.png","url":"https:\/\/portaltela.pt\/s.01k8rhncp4jt1\/2025\/11\/talking-bot-125x125.png","contentUrl":"https:\/\/portaltela.pt\/s.01k8rhncp4jt1\/2025\/11\/talking-bot-125x125.png","caption":"Telinha"},"sameAs":["https:\/\/portaltela.pt\/"],"url":"https:\/\/portaltela.pt\/por\/367410592786\/"}]}},"_links":{"self":[{"href":"https:\/\/portaltela.pt\/api\/wp\/v2\/posts\/189598","targetHints":{"allow":["GET"]}}],"collection":[{"href":"https:\/\/portaltela.pt\/api\/wp\/v2\/posts"}],"about":[{"href":"https:\/\/portaltela.pt\/api\/wp\/v2\/types\/post"}],"author":[{"embeddable":true,"href":"https:\/\/portaltela.pt\/api\/wp\/v2\/users\/2"}],"replies":[{"embeddable":true,"href":"https:\/\/portaltela.pt\/api\/wp\/v2\/comments?post=189598"}],"version-history":[{"count":0,"href":"https:\/\/portaltela.pt\/api\/wp\/v2\/posts\/189598\/revisions"}],"wp:featuredmedia":[{"embeddable":true,"href":"https:\/\/portaltela.pt\/api\/wp\/v2\/media\/189603"}],"wp:attachment":[{"href":"https:\/\/portaltela.pt\/api\/wp\/v2\/media?parent=189598"}],"wp:term":[{"taxonomy":"category","embeddable":true,"href":"https:\/\/portaltela.pt\/api\/wp\/v2\/categories?post=189598"},{"taxonomy":"post_tag","embeddable":true,"href":"https:\/\/portaltela.pt\/api\/wp\/v2\/tags?post=189598"}],"curies":[{"name":"wp","href":"https:\/\/api.w.org\/{rel}","templated":true}]}}