{"id":189549,"date":"2026-02-01T19:13:15","date_gmt":"2026-02-01T22:13:15","guid":{"rendered":"https:\/\/portaltela.pt\/noticias\/2026\/02\/01\/seis-feridos-num-incendio-habitacional-em-maceda\/"},"modified":"2026-02-01T19:13:15","modified_gmt":"2026-02-01T22:13:15","slug":"seis-feridos-num-incendio-habitacional-em-maceda","status":"publish","type":"post","link":"https:\/\/portaltela.pt\/noticias\/2026\/02\/01\/seis-feridos-num-incendio-habitacional-em-maceda\/","title":{"rendered":"Seis feridos num inc\u00eandio habitacional em Maceda"},"content":{"rendered":"<p>Seis feridos ligeiros por inala\u00e7\u00e3o de fumos foram registados esta noite, em Maceda, Ovar, ap\u00f3s um inc\u00eandio em casa na rua da Escola Secund\u00e1ria de Maceda. O alerta chegou \u00e0s 21h30 e os bombeiros de Esmoriz foram mobilizados para combater as chamas. N\u00e3o foram divulgados detalhes sobre a poss\u00edvel causa do fogo.<\/p>\n<p>A GNR de Esmoriz foi acionada para apoiar as opera\u00e7\u00f5es de combate ao inc\u00eandio, garantindo a seguran\u00e7a no per\u00edmetro. As autoridades n\u00e3o forneceram, at\u00e9 ao momento, informa\u00e7\u00e3o sobre o estado cl\u00ednico das v\u00edtimas ou sobre eventuais contactados ou encaminhamentos hospitalares.<\/p>\n<h3>Interven\u00e7\u00e3o das for\u00e7as e estado das v\u00edtimas<\/h3>\n<p>Os bombeiros de Esmoriz asseguraram o combate ao fogo e a evacua\u00e7\u00e3o de \u00e1reas envolvidas, mantendo a \u00e1rea sob vigil\u00e2ncia. As circunst\u00e2ncias exatas do incidente e o desfecho operacional permanecem em apuramento pelas autoridades competentes.<\/p>\n","protected":false},"excerpt":{"rendered":"<ul>\n<li>Seis pessoas ficaram feridas ligeiras por inala\u00e7\u00e3o de fumos numa casa em Maceda, Ovar, durante um inc\u00eandio.<\/li>\n<li>O alerta foi dado por volta das 21h30 de domingo aos bombeiros de Esmoriz.<\/li>\n<li>O incidente ocorreu na rua da Escola Secund\u00e1ria de Maceda.<\/li>\n<li>A Guarda Nacional Republicana de Esmoriz prestou apoio \u00e0s opera\u00e7\u00f5es de combate ao fogo.<\/li>\n<\/ul>\n","protected":false},"author":2,"featured_media":189557,"comment_status":"closed","ping_status":"closed","sticky":false,"template":"","format":"standard","meta":{"footnotes":""},"categories":[1],"tags":[971,3957,1438,2617,3210],"class_list":["post-189549","post","type-post","status-publish","format-standard","has-post-thumbnail","hentry","category-noticias","tag-bombeiros","tag-feridos-leves","tag-incendio","tag-incendios","tag-ovar"],"yoast_head":"<!-- This site is optimized with the Yoast SEO plugin v27.2 - https:\/\/yoast.com\/product\/yoast-seo-wordpress\/ -->\n<title>Seis feridos num inc\u00eandio habitacional em Maceda - Portal Tela Portugal<\/title>\n<meta name=\"robots\" content=\"index, follow, max-snippet:-1, max-image-preview:large, max-video-preview:-1\" \/>\n<meta property=\"og:locale\" content=\"pt_PT\" \/>\n<meta property=\"og:type\" content=\"article\" \/>\n<meta property=\"og:title\" content=\"Seis feridos num inc\u00eandio habitacional em Maceda - Portal Tela Portugal\" \/>\n<meta property=\"og:description\" content=\"Seis pessoas ficaram feridas ligeiras por inala\u00e7\u00e3o de fumos numa casa em Maceda, Ovar, durante um inc\u00eandio. O alerta foi dado por volta das 21h30 de domingo aos bombeiros de Esmoriz. O incidente ocorreu na rua da Escola Secund\u00e1ria de Maceda. A Guarda Nacional Republicana de Esmoriz prestou apoio \u00e0s opera\u00e7\u00f5es de combate ao fogo.\" \/>\n<meta property=\"og:url\" content=\"https:\/\/portaltela.pt\/noticias\/2026\/02\/01\/seis-feridos-num-incendio-habitacional-em-maceda\/\" \/>\n<meta property=\"og:site_name\" content=\"Portal Tela Portugal\" \/>\n<meta property=\"article:published_time\" content=\"2026-02-01T22:13:15+00:00\" \/>\n<meta name=\"author\" content=\"Telinha\" \/>\n<meta name=\"twitter:card\" content=\"summary_large_image\" \/>\n<meta name=\"twitter:label1\" content=\"Escrito por\" \/>\n\t<meta name=\"twitter:data1\" content=\"Telinha\" \/>\n\t<meta name=\"twitter:label2\" content=\"Tempo estimado de leitura\" \/>\n\t<meta name=\"twitter:data2\" content=\"1 minuto\" \/>\n<script type=\"application\/ld+json\" class=\"yoast-schema-graph\">{\"@context\":\"https:\/\/schema.org\",\"@graph\":[{\"@type\":\"Article\",\"@id\":\"https:\/\/portaltela.pt\/noticias\/2026\/02\/01\/seis-feridos-num-incendio-habitacional-em-maceda\/#article\",\"isPartOf\":{\"@id\":\"https:\/\/portaltela.pt\/noticias\/2026\/02\/01\/seis-feridos-num-incendio-habitacional-em-maceda\/\"},\"author\":{\"name\":\"Telinha\",\"@id\":\"https:\/\/portaltela.pt\/#\/schema\/person\/c4278d4a6028830caff9ee44b42d32ed\"},\"headline\":\"Seis feridos num inc\u00eandio habitacional em Maceda\",\"datePublished\":\"2026-02-01T22:13:15+00:00\",\"mainEntityOfPage\":{\"@id\":\"https:\/\/portaltela.pt\/noticias\/2026\/02\/01\/seis-feridos-num-incendio-habitacional-em-maceda\/\"},\"wordCount\":162,\"image\":{\"@id\":\"https:\/\/portaltela.pt\/noticias\/2026\/02\/01\/seis-feridos-num-incendio-habitacional-em-maceda\/#primaryimage\"},\"thumbnailUrl\":\"https:\/\/portaltela.pt\/s.01k8rhncp4jt1\/2026\/02\/img_1280x721uu2026-02-01-22-12-42-2264129.jpg\",\"keywords\":[\"bombeiros\",\"feridos leves\",\"inc\u00eandio\",\"inc\u00eandios\",\"Ovar\"],\"articleSection\":[\"Not\u00edcias\"],\"inLanguage\":\"pt-PT\"},{\"@type\":\"WebPage\",\"@id\":\"https:\/\/portaltela.pt\/noticias\/2026\/02\/01\/seis-feridos-num-incendio-habitacional-em-maceda\/\",\"url\":\"https:\/\/portaltela.pt\/noticias\/2026\/02\/01\/seis-feridos-num-incendio-habitacional-em-maceda\/\",\"name\":\"Seis feridos num inc\u00eandio habitacional em Maceda - Portal Tela Portugal\",\"isPartOf\":{\"@id\":\"https:\/\/portaltela.pt\/#website\"},\"primaryImageOfPage\":{\"@id\":\"https:\/\/portaltela.pt\/noticias\/2026\/02\/01\/seis-feridos-num-incendio-habitacional-em-maceda\/#primaryimage\"},\"image\":{\"@id\":\"https:\/\/portaltela.pt\/noticias\/2026\/02\/01\/seis-feridos-num-incendio-habitacional-em-maceda\/#primaryimage\"},\"thumbnailUrl\":\"https:\/\/portaltela.pt\/s.01k8rhncp4jt1\/2026\/02\/img_1280x721uu2026-02-01-22-12-42-2264129.jpg\",\"datePublished\":\"2026-02-01T22:13:15+00:00\",\"author\":{\"@id\":\"https:\/\/portaltela.pt\/#\/schema\/person\/c4278d4a6028830caff9ee44b42d32ed\"},\"breadcrumb\":{\"@id\":\"https:\/\/portaltela.pt\/noticias\/2026\/02\/01\/seis-feridos-num-incendio-habitacional-em-maceda\/#breadcrumb\"},\"inLanguage\":\"pt-PT\",\"potentialAction\":[{\"@type\":\"ReadAction\",\"target\":[\"https:\/\/portaltela.pt\/noticias\/2026\/02\/01\/seis-feridos-num-incendio-habitacional-em-maceda\/\"]}]},{\"@type\":\"ImageObject\",\"inLanguage\":\"pt-PT\",\"@id\":\"https:\/\/portaltela.pt\/noticias\/2026\/02\/01\/seis-feridos-num-incendio-habitacional-em-maceda\/#primaryimage\",\"url\":\"https:\/\/portaltela.pt\/s.01k8rhncp4jt1\/2026\/02\/img_1280x721uu2026-02-01-22-12-42-2264129.jpg\",\"contentUrl\":\"https:\/\/portaltela.pt\/s.01k8rhncp4jt1\/2026\/02\/img_1280x721uu2026-02-01-22-12-42-2264129.jpg\",\"width\":796,\"height\":448,\"caption\":\"Seis feridos em inc\u00eandio habitacional em Maceda\"},{\"@type\":\"BreadcrumbList\",\"@id\":\"https:\/\/portaltela.pt\/noticias\/2026\/02\/01\/seis-feridos-num-incendio-habitacional-em-maceda\/#breadcrumb\",\"itemListElement\":[{\"@type\":\"ListItem\",\"position\":1,\"name\":\"In\u00edcio\",\"item\":\"https:\/\/portaltela.pt\/\"},{\"@type\":\"ListItem\",\"position\":2,\"name\":\"Seis feridos num inc\u00eandio habitacional em Maceda\"}]},{\"@type\":\"WebSite\",\"@id\":\"https:\/\/portaltela.pt\/#website\",\"url\":\"https:\/\/portaltela.pt\/\",\"name\":\"Portal Tela Portugal\",\"description\":\"\",\"potentialAction\":[{\"@type\":\"SearchAction\",\"target\":{\"@type\":\"EntryPoint\",\"urlTemplate\":\"https:\/\/portaltela.pt\/?s={search_term_string}\"},\"query-input\":{\"@type\":\"PropertyValueSpecification\",\"valueRequired\":true,\"valueName\":\"search_term_string\"}}],\"inLanguage\":\"pt-PT\"},{\"@type\":\"Person\",\"@id\":\"https:\/\/portaltela.pt\/#\/schema\/person\/c4278d4a6028830caff9ee44b42d32ed\",\"name\":\"Telinha\",\"image\":{\"@type\":\"ImageObject\",\"inLanguage\":\"pt-PT\",\"@id\":\"https:\/\/portaltela.pt\/s.01k8rhncp4jt1\/2025\/11\/talking-bot-125x125.png\",\"url\":\"https:\/\/portaltela.pt\/s.01k8rhncp4jt1\/2025\/11\/talking-bot-125x125.png\",\"contentUrl\":\"https:\/\/portaltela.pt\/s.01k8rhncp4jt1\/2025\/11\/talking-bot-125x125.png\",\"caption\":\"Telinha\"},\"sameAs\":[\"https:\/\/portaltela.pt\/\"],\"url\":\"https:\/\/portaltela.pt\/por\/367410592786\/\"}]}<\/script>\n<!-- \/ Yoast SEO plugin. -->","yoast_head_json":{"title":"Seis feridos num inc\u00eandio habitacional em Maceda - Portal Tela Portugal","robots":{"index":"index","follow":"follow","max-snippet":"max-snippet:-1","max-image-preview":"max-image-preview:large","max-video-preview":"max-video-preview:-1"},"og_locale":"pt_PT","og_type":"article","og_title":"Seis feridos num inc\u00eandio habitacional em Maceda - Portal Tela Portugal","og_description":"Seis pessoas ficaram feridas ligeiras por inala\u00e7\u00e3o de fumos numa casa em Maceda, Ovar, durante um inc\u00eandio. O alerta foi dado por volta das 21h30 de domingo aos bombeiros de Esmoriz. O incidente ocorreu na rua da Escola Secund\u00e1ria de Maceda. A Guarda Nacional Republicana de Esmoriz prestou apoio \u00e0s opera\u00e7\u00f5es de combate ao fogo.","og_url":"https:\/\/portaltela.pt\/noticias\/2026\/02\/01\/seis-feridos-num-incendio-habitacional-em-maceda\/","og_site_name":"Portal Tela Portugal","article_published_time":"2026-02-01T22:13:15+00:00","author":"Telinha","twitter_card":"summary_large_image","twitter_misc":{"Escrito por":"Telinha","Tempo estimado de leitura":"1 minuto"},"schema":{"@context":"https:\/\/schema.org","@graph":[{"@type":"Article","@id":"https:\/\/portaltela.pt\/noticias\/2026\/02\/01\/seis-feridos-num-incendio-habitacional-em-maceda\/#article","isPartOf":{"@id":"https:\/\/portaltela.pt\/noticias\/2026\/02\/01\/seis-feridos-num-incendio-habitacional-em-maceda\/"},"author":{"name":"Telinha","@id":"https:\/\/portaltela.pt\/#\/schema\/person\/c4278d4a6028830caff9ee44b42d32ed"},"headline":"Seis feridos num inc\u00eandio habitacional em Maceda","datePublished":"2026-02-01T22:13:15+00:00","mainEntityOfPage":{"@id":"https:\/\/portaltela.pt\/noticias\/2026\/02\/01\/seis-feridos-num-incendio-habitacional-em-maceda\/"},"wordCount":162,"image":{"@id":"https:\/\/portaltela.pt\/noticias\/2026\/02\/01\/seis-feridos-num-incendio-habitacional-em-maceda\/#primaryimage"},"thumbnailUrl":"https:\/\/portaltela.pt\/s.01k8rhncp4jt1\/2026\/02\/img_1280x721uu2026-02-01-22-12-42-2264129.jpg","keywords":["bombeiros","feridos leves","inc\u00eandio","inc\u00eandios","Ovar"],"articleSection":["Not\u00edcias"],"inLanguage":"pt-PT"},{"@type":"WebPage","@id":"https:\/\/portaltela.pt\/noticias\/2026\/02\/01\/seis-feridos-num-incendio-habitacional-em-maceda\/","url":"https:\/\/portaltela.pt\/noticias\/2026\/02\/01\/seis-feridos-num-incendio-habitacional-em-maceda\/","name":"Seis feridos num inc\u00eandio habitacional em Maceda - Portal Tela Portugal","isPartOf":{"@id":"https:\/\/portaltela.pt\/#website"},"primaryImageOfPage":{"@id":"https:\/\/portaltela.pt\/noticias\/2026\/02\/01\/seis-feridos-num-incendio-habitacional-em-maceda\/#primaryimage"},"image":{"@id":"https:\/\/portaltela.pt\/noticias\/2026\/02\/01\/seis-feridos-num-incendio-habitacional-em-maceda\/#primaryimage"},"thumbnailUrl":"https:\/\/portaltela.pt\/s.01k8rhncp4jt1\/2026\/02\/img_1280x721uu2026-02-01-22-12-42-2264129.jpg","datePublished":"2026-02-01T22:13:15+00:00","author":{"@id":"https:\/\/portaltela.pt\/#\/schema\/person\/c4278d4a6028830caff9ee44b42d32ed"},"breadcrumb":{"@id":"https:\/\/portaltela.pt\/noticias\/2026\/02\/01\/seis-feridos-num-incendio-habitacional-em-maceda\/#breadcrumb"},"inLanguage":"pt-PT","potentialAction":[{"@type":"ReadAction","target":["https:\/\/portaltela.pt\/noticias\/2026\/02\/01\/seis-feridos-num-incendio-habitacional-em-maceda\/"]}]},{"@type":"ImageObject","inLanguage":"pt-PT","@id":"https:\/\/portaltela.pt\/noticias\/2026\/02\/01\/seis-feridos-num-incendio-habitacional-em-maceda\/#primaryimage","url":"https:\/\/portaltela.pt\/s.01k8rhncp4jt1\/2026\/02\/img_1280x721uu2026-02-01-22-12-42-2264129.jpg","contentUrl":"https:\/\/portaltela.pt\/s.01k8rhncp4jt1\/2026\/02\/img_1280x721uu2026-02-01-22-12-42-2264129.jpg","width":796,"height":448,"caption":"Seis feridos em inc\u00eandio habitacional em Maceda"},{"@type":"BreadcrumbList","@id":"https:\/\/portaltela.pt\/noticias\/2026\/02\/01\/seis-feridos-num-incendio-habitacional-em-maceda\/#breadcrumb","itemListElement":[{"@type":"ListItem","position":1,"name":"In\u00edcio","item":"https:\/\/portaltela.pt\/"},{"@type":"ListItem","position":2,"name":"Seis feridos num inc\u00eandio habitacional em Maceda"}]},{"@type":"WebSite","@id":"https:\/\/portaltela.pt\/#website","url":"https:\/\/portaltela.pt\/","name":"Portal Tela Portugal","description":"","potentialAction":[{"@type":"SearchAction","target":{"@type":"EntryPoint","urlTemplate":"https:\/\/portaltela.pt\/?s={search_term_string}"},"query-input":{"@type":"PropertyValueSpecification","valueRequired":true,"valueName":"search_term_string"}}],"inLanguage":"pt-PT"},{"@type":"Person","@id":"https:\/\/portaltela.pt\/#\/schema\/person\/c4278d4a6028830caff9ee44b42d32ed","name":"Telinha","image":{"@type":"ImageObject","inLanguage":"pt-PT","@id":"https:\/\/portaltela.pt\/s.01k8rhncp4jt1\/2025\/11\/talking-bot-125x125.png","url":"https:\/\/portaltela.pt\/s.01k8rhncp4jt1\/2025\/11\/talking-bot-125x125.png","contentUrl":"https:\/\/portaltela.pt\/s.01k8rhncp4jt1\/2025\/11\/talking-bot-125x125.png","caption":"Telinha"},"sameAs":["https:\/\/portaltela.pt\/"],"url":"https:\/\/portaltela.pt\/por\/367410592786\/"}]}},"_links":{"self":[{"href":"https:\/\/portaltela.pt\/api\/wp\/v2\/posts\/189549","targetHints":{"allow":["GET"]}}],"collection":[{"href":"https:\/\/portaltela.pt\/api\/wp\/v2\/posts"}],"about":[{"href":"https:\/\/portaltela.pt\/api\/wp\/v2\/types\/post"}],"author":[{"embeddable":true,"href":"https:\/\/portaltela.pt\/api\/wp\/v2\/users\/2"}],"replies":[{"embeddable":true,"href":"https:\/\/portaltela.pt\/api\/wp\/v2\/comments?post=189549"}],"version-history":[{"count":0,"href":"https:\/\/portaltela.pt\/api\/wp\/v2\/posts\/189549\/revisions"}],"wp:featuredmedia":[{"embeddable":true,"href":"https:\/\/portaltela.pt\/api\/wp\/v2\/media\/189557"}],"wp:attachment":[{"href":"https:\/\/portaltela.pt\/api\/wp\/v2\/media?parent=189549"}],"wp:term":[{"taxonomy":"category","embeddable":true,"href":"https:\/\/portaltela.pt\/api\/wp\/v2\/categories?post=189549"},{"taxonomy":"post_tag","embeddable":true,"href":"https:\/\/portaltela.pt\/api\/wp\/v2\/tags?post=189549"}],"curies":[{"name":"wp","href":"https:\/\/api.w.org\/{rel}","templated":true}]}}