{"id":189541,"date":"2026-02-01T18:58:35","date_gmt":"2026-02-01T21:58:35","guid":{"rendered":"https:\/\/portaltela.pt\/noticias\/2026\/02\/01\/miguel-salgueiro-sofre-contratempos-no-primeiro-dia-dos-europeus-de-pista\/"},"modified":"2026-02-01T18:58:35","modified_gmt":"2026-02-01T21:58:35","slug":"miguel-salgueiro-sofre-contratempos-no-primeiro-dia-dos-europeus-de-pista","status":"publish","type":"post","link":"https:\/\/portaltela.pt\/desporto\/2026\/02\/01\/miguel-salgueiro-sofre-contratempos-no-primeiro-dia-dos-europeus-de-pista\/","title":{"rendered":"Miguel Salgueiro sofre contratempos no primeiro dia dos Europeus de pista"},"content":{"rendered":"<p>Miguel Salgueiro e Daniela Campos participaram no primeiro dia dos Europeus de Pista, em Konya, Turquia. Salgueiro disputou a prova de elimina\u00e7\u00e3o e Campos correu a scratch, num programa que come\u00e7ou ontem.<\/p>\n<p>Miguel Salgueiro finalizou a elimina\u00e7\u00e3o na 11.\u00aa posi\u00e7\u00e3o, enquanto Daniela Campos terminou a scratch no 18.\u00ba lugar. O evento decorre na pista turca, com a competi\u00e7\u00e3o a prosseguir hoje.<\/p>\n<p>Durante a prova de Salgueiro, o ciclista portugu\u00eas sofreu uma queda enquanto lutava por lugares no top ten e saiu da pista assistido. Foi encaminhado ao hospital para exames m\u00e9dicos, com o estado cl\u00ednico a ser atualizado pela equipa.<\/p>\n<p>O programa da Sele\u00e7\u00e3o Nacional continua hoje com Daniela Campos na elimina\u00e7\u00e3o feminina e Diogo Narciso a estrear-se nos Europeus, na corrida por pontos. Servi\u00e7os m\u00e9dicos acompanham a situa\u00e7\u00e3o de Salgueiro para confirmar evolu\u00e7\u00f5es.<\/p>\n<h3>Programa para segunda-feira<\/h3>\n<p>Daniela Campos volta \u00e0 pista em eliminat\u00f3rias femininas, buscando apuramento para fases seguintes. Diogo Narciso participa pela primeira vez no Europeu, na corrida por pontos, com a equipa a acompanhar os resultados em tempo real.<\/p>\n<p>O programa t\u00e9cnico da equipa mant\u00e9m-se concentrado na prepara\u00e7\u00e3o para as restantes provas, com planos de recupera\u00e7\u00e3o de Salgueiro caso haja necessidade de mais exames. A Federa\u00e7\u00e3o Portuguesa de Ciclismo coordena as informa\u00e7\u00f5es oficiais.<\/p>\n","protected":false},"excerpt":{"rendered":"<ul>\n<li>Miguel Salgueiro ficou 11.\u00ba na prova de elimina\u00e7\u00e3o dos Europeus de pista em Konya, Turquia.<\/li>\n<li>Daniela Campos terminou em 18.\u00ba na prova de scratch.<\/li>\n<li>Salgueiro sofreu uma queda enquanto disputava o top dez e foi assistido no local.<\/li>\n<li>Foi encaminhado ao hospital para realizar exames m\u00e9dicos; o estado cl\u00ednico ser\u00e1 atualizado pela equipa m\u00e9dica.<\/li>\n<li>O programa da Sele\u00e7\u00e3o Nacional continua segunda-feira, com Daniela Campos na elimina\u00e7\u00e3o feminina e Diogo Narciso na corrida por pontos, na estreia europeia.<\/li>\n<\/ul>\n","protected":false},"author":2,"featured_media":189542,"comment_status":"closed","ping_status":"closed","sticky":false,"template":"","format":"standard","meta":{"footnotes":""},"categories":[21],"tags":[252,923,3504,60,4099,2126],"class_list":["post-189541","post","type-post","status-publish","format-standard","has-post-thumbnail","hentry","category-desporto","tag-atletas","tag-ciclismo","tag-corridas","tag-esportes","tag-provas","tag-turquia"],"yoast_head":"<!-- This site is optimized with the Yoast SEO plugin v27.2 - https:\/\/yoast.com\/product\/yoast-seo-wordpress\/ -->\n<title>Miguel Salgueiro sofre contratempos no primeiro dia dos Europeus de pista - Portal Tela Portugal<\/title>\n<meta name=\"robots\" content=\"index, follow, max-snippet:-1, max-image-preview:large, max-video-preview:-1\" \/>\n<meta property=\"og:locale\" content=\"pt_PT\" \/>\n<meta property=\"og:type\" content=\"article\" \/>\n<meta property=\"og:title\" content=\"Miguel Salgueiro sofre contratempos no primeiro dia dos Europeus de pista - Portal Tela Portugal\" \/>\n<meta property=\"og:description\" content=\"Miguel Salgueiro ficou 11.\u00ba na prova de elimina\u00e7\u00e3o dos Europeus de pista em Konya, Turquia. Daniela Campos terminou em 18.\u00ba na prova de scratch. Salgueiro sofreu uma queda enquanto disputava o top dez e foi assistido no local. Foi encaminhado ao hospital para realizar exames m\u00e9dicos; o estado cl\u00ednico ser\u00e1 atualizado pela equipa m\u00e9dica. O programa da Sele\u00e7\u00e3o Nacional continua segunda-feira, com Daniela Campos na elimina\u00e7\u00e3o feminina e Diogo Narciso na corrida por pontos, na estreia europeia.\" \/>\n<meta property=\"og:url\" content=\"https:\/\/portaltela.pt\/noticias\/2026\/02\/01\/miguel-salgueiro-sofre-contratempos-no-primeiro-dia-dos-europeus-de-pista\/\" \/>\n<meta property=\"og:site_name\" content=\"Portal Tela Portugal\" \/>\n<meta property=\"article:published_time\" content=\"2026-02-01T21:58:35+00:00\" \/>\n<meta name=\"author\" content=\"Telinha\" \/>\n<meta name=\"twitter:card\" content=\"summary_large_image\" \/>\n<meta name=\"twitter:label1\" content=\"Escrito por\" \/>\n\t<meta name=\"twitter:data1\" content=\"Telinha\" \/>\n\t<meta name=\"twitter:label2\" content=\"Tempo estimado de leitura\" \/>\n\t<meta name=\"twitter:data2\" content=\"1 minuto\" \/>\n<script type=\"application\/ld+json\" class=\"yoast-schema-graph\">{\"@context\":\"https:\/\/schema.org\",\"@graph\":[{\"@type\":\"Article\",\"@id\":\"https:\/\/portaltela.pt\/noticias\/2026\/02\/01\/miguel-salgueiro-sofre-contratempos-no-primeiro-dia-dos-europeus-de-pista\/#article\",\"isPartOf\":{\"@id\":\"https:\/\/portaltela.pt\/noticias\/2026\/02\/01\/miguel-salgueiro-sofre-contratempos-no-primeiro-dia-dos-europeus-de-pista\/\"},\"author\":{\"name\":\"Telinha\",\"@id\":\"https:\/\/portaltela.pt\/#\/schema\/person\/c4278d4a6028830caff9ee44b42d32ed\"},\"headline\":\"Miguel Salgueiro sofre contratempos no primeiro dia dos Europeus de pista\",\"datePublished\":\"2026-02-01T21:58:35+00:00\",\"mainEntityOfPage\":{\"@id\":\"https:\/\/portaltela.pt\/noticias\/2026\/02\/01\/miguel-salgueiro-sofre-contratempos-no-primeiro-dia-dos-europeus-de-pista\/\"},\"wordCount\":235,\"image\":{\"@id\":\"https:\/\/portaltela.pt\/noticias\/2026\/02\/01\/miguel-salgueiro-sofre-contratempos-no-primeiro-dia-dos-europeus-de-pista\/#primaryimage\"},\"thumbnailUrl\":\"https:\/\/portaltela.pt\/s.01k8rhncp4jt1\/2026\/02\/img_920x518uu2026-02-01-21-57-36-2418923.jpg\",\"keywords\":[\"atletas\",\"ciclismo\",\"corridas\",\"esportes\",\"provas\",\"Turquia\"],\"articleSection\":[\"Desporto\"],\"inLanguage\":\"pt-PT\"},{\"@type\":\"WebPage\",\"@id\":\"https:\/\/portaltela.pt\/noticias\/2026\/02\/01\/miguel-salgueiro-sofre-contratempos-no-primeiro-dia-dos-europeus-de-pista\/\",\"url\":\"https:\/\/portaltela.pt\/noticias\/2026\/02\/01\/miguel-salgueiro-sofre-contratempos-no-primeiro-dia-dos-europeus-de-pista\/\",\"name\":\"Miguel Salgueiro sofre contratempos no primeiro dia dos Europeus de pista - Portal Tela Portugal\",\"isPartOf\":{\"@id\":\"https:\/\/portaltela.pt\/#website\"},\"primaryImageOfPage\":{\"@id\":\"https:\/\/portaltela.pt\/noticias\/2026\/02\/01\/miguel-salgueiro-sofre-contratempos-no-primeiro-dia-dos-europeus-de-pista\/#primaryimage\"},\"image\":{\"@id\":\"https:\/\/portaltela.pt\/noticias\/2026\/02\/01\/miguel-salgueiro-sofre-contratempos-no-primeiro-dia-dos-europeus-de-pista\/#primaryimage\"},\"thumbnailUrl\":\"https:\/\/portaltela.pt\/s.01k8rhncp4jt1\/2026\/02\/img_920x518uu2026-02-01-21-57-36-2418923.jpg\",\"datePublished\":\"2026-02-01T21:58:35+00:00\",\"author\":{\"@id\":\"https:\/\/portaltela.pt\/#\/schema\/person\/c4278d4a6028830caff9ee44b42d32ed\"},\"breadcrumb\":{\"@id\":\"https:\/\/portaltela.pt\/noticias\/2026\/02\/01\/miguel-salgueiro-sofre-contratempos-no-primeiro-dia-dos-europeus-de-pista\/#breadcrumb\"},\"inLanguage\":\"pt-PT\",\"potentialAction\":[{\"@type\":\"ReadAction\",\"target\":[\"https:\/\/portaltela.pt\/noticias\/2026\/02\/01\/miguel-salgueiro-sofre-contratempos-no-primeiro-dia-dos-europeus-de-pista\/\"]}]},{\"@type\":\"ImageObject\",\"inLanguage\":\"pt-PT\",\"@id\":\"https:\/\/portaltela.pt\/noticias\/2026\/02\/01\/miguel-salgueiro-sofre-contratempos-no-primeiro-dia-dos-europeus-de-pista\/#primaryimage\",\"url\":\"https:\/\/portaltela.pt\/s.01k8rhncp4jt1\/2026\/02\/img_920x518uu2026-02-01-21-57-36-2418923.jpg\",\"contentUrl\":\"https:\/\/portaltela.pt\/s.01k8rhncp4jt1\/2026\/02\/img_920x518uu2026-02-01-21-57-36-2418923.jpg\",\"width\":796,\"height\":448,\"caption\":\"Daniela Campos\"},{\"@type\":\"BreadcrumbList\",\"@id\":\"https:\/\/portaltela.pt\/noticias\/2026\/02\/01\/miguel-salgueiro-sofre-contratempos-no-primeiro-dia-dos-europeus-de-pista\/#breadcrumb\",\"itemListElement\":[{\"@type\":\"ListItem\",\"position\":1,\"name\":\"In\u00edcio\",\"item\":\"https:\/\/portaltela.pt\/\"},{\"@type\":\"ListItem\",\"position\":2,\"name\":\"Miguel Salgueiro sofre contratempos no primeiro dia dos Europeus de pista\"}]},{\"@type\":\"WebSite\",\"@id\":\"https:\/\/portaltela.pt\/#website\",\"url\":\"https:\/\/portaltela.pt\/\",\"name\":\"Portal Tela Portugal\",\"description\":\"\",\"potentialAction\":[{\"@type\":\"SearchAction\",\"target\":{\"@type\":\"EntryPoint\",\"urlTemplate\":\"https:\/\/portaltela.pt\/?s={search_term_string}\"},\"query-input\":{\"@type\":\"PropertyValueSpecification\",\"valueRequired\":true,\"valueName\":\"search_term_string\"}}],\"inLanguage\":\"pt-PT\"},{\"@type\":\"Person\",\"@id\":\"https:\/\/portaltela.pt\/#\/schema\/person\/c4278d4a6028830caff9ee44b42d32ed\",\"name\":\"Telinha\",\"image\":{\"@type\":\"ImageObject\",\"inLanguage\":\"pt-PT\",\"@id\":\"https:\/\/portaltela.pt\/s.01k8rhncp4jt1\/2025\/11\/talking-bot-125x125.png\",\"url\":\"https:\/\/portaltela.pt\/s.01k8rhncp4jt1\/2025\/11\/talking-bot-125x125.png\",\"contentUrl\":\"https:\/\/portaltela.pt\/s.01k8rhncp4jt1\/2025\/11\/talking-bot-125x125.png\",\"caption\":\"Telinha\"},\"sameAs\":[\"https:\/\/portaltela.pt\/\"],\"url\":\"https:\/\/portaltela.pt\/por\/367410592786\/\"}]}<\/script>\n<!-- \/ Yoast SEO plugin. -->","yoast_head_json":{"title":"Miguel Salgueiro sofre contratempos no primeiro dia dos Europeus de pista - Portal Tela Portugal","robots":{"index":"index","follow":"follow","max-snippet":"max-snippet:-1","max-image-preview":"max-image-preview:large","max-video-preview":"max-video-preview:-1"},"og_locale":"pt_PT","og_type":"article","og_title":"Miguel Salgueiro sofre contratempos no primeiro dia dos Europeus de pista - Portal Tela Portugal","og_description":"Miguel Salgueiro ficou 11.\u00ba na prova de elimina\u00e7\u00e3o dos Europeus de pista em Konya, Turquia. Daniela Campos terminou em 18.\u00ba na prova de scratch. Salgueiro sofreu uma queda enquanto disputava o top dez e foi assistido no local. Foi encaminhado ao hospital para realizar exames m\u00e9dicos; o estado cl\u00ednico ser\u00e1 atualizado pela equipa m\u00e9dica. O programa da Sele\u00e7\u00e3o Nacional continua segunda-feira, com Daniela Campos na elimina\u00e7\u00e3o feminina e Diogo Narciso na corrida por pontos, na estreia europeia.","og_url":"https:\/\/portaltela.pt\/noticias\/2026\/02\/01\/miguel-salgueiro-sofre-contratempos-no-primeiro-dia-dos-europeus-de-pista\/","og_site_name":"Portal Tela Portugal","article_published_time":"2026-02-01T21:58:35+00:00","author":"Telinha","twitter_card":"summary_large_image","twitter_misc":{"Escrito por":"Telinha","Tempo estimado de leitura":"1 minuto"},"schema":{"@context":"https:\/\/schema.org","@graph":[{"@type":"Article","@id":"https:\/\/portaltela.pt\/noticias\/2026\/02\/01\/miguel-salgueiro-sofre-contratempos-no-primeiro-dia-dos-europeus-de-pista\/#article","isPartOf":{"@id":"https:\/\/portaltela.pt\/noticias\/2026\/02\/01\/miguel-salgueiro-sofre-contratempos-no-primeiro-dia-dos-europeus-de-pista\/"},"author":{"name":"Telinha","@id":"https:\/\/portaltela.pt\/#\/schema\/person\/c4278d4a6028830caff9ee44b42d32ed"},"headline":"Miguel Salgueiro sofre contratempos no primeiro dia dos Europeus de pista","datePublished":"2026-02-01T21:58:35+00:00","mainEntityOfPage":{"@id":"https:\/\/portaltela.pt\/noticias\/2026\/02\/01\/miguel-salgueiro-sofre-contratempos-no-primeiro-dia-dos-europeus-de-pista\/"},"wordCount":235,"image":{"@id":"https:\/\/portaltela.pt\/noticias\/2026\/02\/01\/miguel-salgueiro-sofre-contratempos-no-primeiro-dia-dos-europeus-de-pista\/#primaryimage"},"thumbnailUrl":"https:\/\/portaltela.pt\/s.01k8rhncp4jt1\/2026\/02\/img_920x518uu2026-02-01-21-57-36-2418923.jpg","keywords":["atletas","ciclismo","corridas","esportes","provas","Turquia"],"articleSection":["Desporto"],"inLanguage":"pt-PT"},{"@type":"WebPage","@id":"https:\/\/portaltela.pt\/noticias\/2026\/02\/01\/miguel-salgueiro-sofre-contratempos-no-primeiro-dia-dos-europeus-de-pista\/","url":"https:\/\/portaltela.pt\/noticias\/2026\/02\/01\/miguel-salgueiro-sofre-contratempos-no-primeiro-dia-dos-europeus-de-pista\/","name":"Miguel Salgueiro sofre contratempos no primeiro dia dos Europeus de pista - Portal Tela Portugal","isPartOf":{"@id":"https:\/\/portaltela.pt\/#website"},"primaryImageOfPage":{"@id":"https:\/\/portaltela.pt\/noticias\/2026\/02\/01\/miguel-salgueiro-sofre-contratempos-no-primeiro-dia-dos-europeus-de-pista\/#primaryimage"},"image":{"@id":"https:\/\/portaltela.pt\/noticias\/2026\/02\/01\/miguel-salgueiro-sofre-contratempos-no-primeiro-dia-dos-europeus-de-pista\/#primaryimage"},"thumbnailUrl":"https:\/\/portaltela.pt\/s.01k8rhncp4jt1\/2026\/02\/img_920x518uu2026-02-01-21-57-36-2418923.jpg","datePublished":"2026-02-01T21:58:35+00:00","author":{"@id":"https:\/\/portaltela.pt\/#\/schema\/person\/c4278d4a6028830caff9ee44b42d32ed"},"breadcrumb":{"@id":"https:\/\/portaltela.pt\/noticias\/2026\/02\/01\/miguel-salgueiro-sofre-contratempos-no-primeiro-dia-dos-europeus-de-pista\/#breadcrumb"},"inLanguage":"pt-PT","potentialAction":[{"@type":"ReadAction","target":["https:\/\/portaltela.pt\/noticias\/2026\/02\/01\/miguel-salgueiro-sofre-contratempos-no-primeiro-dia-dos-europeus-de-pista\/"]}]},{"@type":"ImageObject","inLanguage":"pt-PT","@id":"https:\/\/portaltela.pt\/noticias\/2026\/02\/01\/miguel-salgueiro-sofre-contratempos-no-primeiro-dia-dos-europeus-de-pista\/#primaryimage","url":"https:\/\/portaltela.pt\/s.01k8rhncp4jt1\/2026\/02\/img_920x518uu2026-02-01-21-57-36-2418923.jpg","contentUrl":"https:\/\/portaltela.pt\/s.01k8rhncp4jt1\/2026\/02\/img_920x518uu2026-02-01-21-57-36-2418923.jpg","width":796,"height":448,"caption":"Daniela Campos"},{"@type":"BreadcrumbList","@id":"https:\/\/portaltela.pt\/noticias\/2026\/02\/01\/miguel-salgueiro-sofre-contratempos-no-primeiro-dia-dos-europeus-de-pista\/#breadcrumb","itemListElement":[{"@type":"ListItem","position":1,"name":"In\u00edcio","item":"https:\/\/portaltela.pt\/"},{"@type":"ListItem","position":2,"name":"Miguel Salgueiro sofre contratempos no primeiro dia dos Europeus de pista"}]},{"@type":"WebSite","@id":"https:\/\/portaltela.pt\/#website","url":"https:\/\/portaltela.pt\/","name":"Portal Tela Portugal","description":"","potentialAction":[{"@type":"SearchAction","target":{"@type":"EntryPoint","urlTemplate":"https:\/\/portaltela.pt\/?s={search_term_string}"},"query-input":{"@type":"PropertyValueSpecification","valueRequired":true,"valueName":"search_term_string"}}],"inLanguage":"pt-PT"},{"@type":"Person","@id":"https:\/\/portaltela.pt\/#\/schema\/person\/c4278d4a6028830caff9ee44b42d32ed","name":"Telinha","image":{"@type":"ImageObject","inLanguage":"pt-PT","@id":"https:\/\/portaltela.pt\/s.01k8rhncp4jt1\/2025\/11\/talking-bot-125x125.png","url":"https:\/\/portaltela.pt\/s.01k8rhncp4jt1\/2025\/11\/talking-bot-125x125.png","contentUrl":"https:\/\/portaltela.pt\/s.01k8rhncp4jt1\/2025\/11\/talking-bot-125x125.png","caption":"Telinha"},"sameAs":["https:\/\/portaltela.pt\/"],"url":"https:\/\/portaltela.pt\/por\/367410592786\/"}]}},"_links":{"self":[{"href":"https:\/\/portaltela.pt\/api\/wp\/v2\/posts\/189541","targetHints":{"allow":["GET"]}}],"collection":[{"href":"https:\/\/portaltela.pt\/api\/wp\/v2\/posts"}],"about":[{"href":"https:\/\/portaltela.pt\/api\/wp\/v2\/types\/post"}],"author":[{"embeddable":true,"href":"https:\/\/portaltela.pt\/api\/wp\/v2\/users\/2"}],"replies":[{"embeddable":true,"href":"https:\/\/portaltela.pt\/api\/wp\/v2\/comments?post=189541"}],"version-history":[{"count":0,"href":"https:\/\/portaltela.pt\/api\/wp\/v2\/posts\/189541\/revisions"}],"wp:featuredmedia":[{"embeddable":true,"href":"https:\/\/portaltela.pt\/api\/wp\/v2\/media\/189542"}],"wp:attachment":[{"href":"https:\/\/portaltela.pt\/api\/wp\/v2\/media?parent=189541"}],"wp:term":[{"taxonomy":"category","embeddable":true,"href":"https:\/\/portaltela.pt\/api\/wp\/v2\/categories?post=189541"},{"taxonomy":"post_tag","embeddable":true,"href":"https:\/\/portaltela.pt\/api\/wp\/v2\/tags?post=189541"}],"curies":[{"name":"wp","href":"https:\/\/api.w.org\/{rel}","templated":true}]}}