{"id":189538,"date":"2026-02-01T18:37:14","date_gmt":"2026-02-01T21:37:14","guid":{"rendered":"https:\/\/portaltela.pt\/noticias\/2026\/02\/01\/seixal-fecha-vias-por-precaucao-devido-a-risco-de-cheias-na-zona-ribeirinha\/"},"modified":"2026-02-01T18:37:14","modified_gmt":"2026-02-01T21:37:14","slug":"seixal-fecha-vias-por-precaucao-devido-a-risco-de-cheias-na-zona-ribeirinha","status":"publish","type":"post","link":"https:\/\/portaltela.pt\/noticias\/2026\/02\/01\/seixal-fecha-vias-por-precaucao-devido-a-risco-de-cheias-na-zona-ribeirinha\/","title":{"rendered":"Seixal fecha vias por precau\u00e7\u00e3o devido a risco de cheias na zona ribeirinha"},"content":{"rendered":"<p>O munic\u00edpio do Seixal cortou preventivamente v\u00e1rias vias devido ao previs\u00edvel agravamento das condi\u00e7\u00f5es meteorol\u00f3gicas e ao risco de cheias na zona ribeirinha. A decis\u00e3o vem no seguimento de um aviso laranja emitido pelo IPMA para a regi\u00e3o de Set\u00fabal.<\/p>\n<p>As interrup\u00e7\u00f5es come\u00e7am hoje, pelas 22h, e abrangem a avenida Carlos de Oliveira (entre a 6 de Novembro de 1836 e a General Humberto Delgado), a rua Jos\u00e9 Greg\u00f3rio de Almeida (entre a Avenida Siderurgia Nacional e a Rua Quinta da Galega) e a Rua Quinta da Galega (prolongamento da Rua do Desembargador), na Arrentela e Paio Pires.<\/p>\n<p>A autarquia indica que os acessos dever\u00e3o permanecer encerrados at\u00e9 haver confirma\u00e7\u00e3o de seguran\u00e7a pelo Servi\u00e7o Municipal de Prote\u00e7\u00e3o Civil, com pedidos de percursos alternativos aos residentes. As vias j\u00e1 tinham sido encerradas a 27 de janeiro, devido \u00e0 depress\u00e3o Kristin.<\/p>\n<h3>Avisos de risco na zona ribeirinha<\/h3>\n<p>O Seixal, Arrentela e Amora mant\u00eam vigil\u00e2ncia pela chuva persistente e previs\u00e3o de mar\u00e9s altas, com poss\u00edvel corte de tr\u00e2nsito se a situa\u00e7\u00e3o assim o exigir. O Servi\u00e7o Municipal de Prote\u00e7\u00e3o Civil acompanha a evolu\u00e7\u00e3o junto \u00e0s zonas ribeirinhas do Tejo.<\/p>\n<p>A Junta de Freguesia do Seixal alertou para a poss\u00edvel ocorr&amp;\u00eancia de cheias na baixa, apontando sete \u00e1reas em risco e recomendando evitar estacionar, proteger bens no n\u00edvel do solo e seguir informa\u00e7\u00f5es oficiais. A Junta de Amora tamb\u00e9m mant\u00e9m equipas em preven\u00e7\u00e3o, em articula\u00e7\u00e3o com a Prote\u00e7\u00e3o Civil e bombeiros.<\/p>\n<p>O Comando de Emerg\u00eancia e Prote\u00e7\u00e3o Civil de Lisboa e Vale do Tejo alerta para inunda\u00e7\u00f5es, cheias, deslizamentos e derrocadas devido ao mau tempo. O aviso destaca risco de arrastamento de objetos para vias e interdi\u00e7\u00e3o de vias submersas, com especial aten\u00e7\u00e3o \u00e0s \u00e1reas urbanas e aos caudais elevados.<\/p>\n","protected":false},"excerpt":{"rendered":"<ul>\n<li>A C\u00e2mara Municipal do Seixal cortou preventivamente algumas vias a partir das 22h devido a previs\u00f5es de mau tempo e risco de cheias na zona ribeirinha, com aviso laranja do Instituto Portugu\u00eas do Mar e da Atmosfera (IPMA) para Set\u00fabal.<\/li>\n<li>As vias encerradas s\u00e3o a avenida Carlos de Oliveira (entre a avenida 6 de Novembro de 1836 e a avenida General Humberto Delgado), a rua Jos\u00e9 Greg\u00f3rio de Almeida (entre a Avenida Siderurgia Nacional e a Rua Quinta da Galega) e a Rua Quinta da Galega (prolongamento da Rua do Desembargador) na freguesia de Arrentela, e a Rua Quinta da Galega (entre a Rua Quinta da Campina e a Rua Jos\u00e9 Greg\u00f3rio de Almeida) na Paio Pires.<\/li>\n<li>Os cortes devem manter-se at\u00e9 o Servi\u00e7o Municipal de Prote\u00e7\u00e3o Civil confirmar condi\u00e7\u00f5es de seguran\u00e7a para restabelecer a circula\u00e7\u00e3o; a autarquia pede compreens\u00e3o e utiliza\u00e7\u00e3o de percursos alternativos.<\/li>\n<li>H\u00e1 risco adicional de inunda\u00e7\u00f5es e cheias nas zonas ribeirinhas do Seixal, Arrentela e Amora, especialmente durante mar\u00e9s altas, com possibilidade de novos cortes de tr\u00e2nsito.<\/li>\n<li>A Junta de Freguesia do Seixal e a Junta de Freguesia de Amora alertam para \u00e1reas de risco de cheias na baixa do Seixal e na zona ribeirinha de Amora, aconselham evitar estacionar em \u00e1reas de risco e manter-se atento \u00e0s informa\u00e7\u00f5es oficiais.<\/li>\n<\/ul>\n","protected":false},"author":2,"featured_media":189540,"comment_status":"closed","ping_status":"closed","sticky":false,"template":"","format":"standard","meta":{"footnotes":""},"categories":[1],"tags":[3812,3359,971,2051,320,1064],"class_list":["post-189538","post","type-post","status-publish","format-standard","has-post-thumbnail","hentry","category-noticias","tag-alagamentos","tag-arrentela","tag-bombeiros","tag-inundacao","tag-protecao-civil","tag-seixal"],"yoast_head":"<!-- This site is optimized with the Yoast SEO plugin v27.2 - https:\/\/yoast.com\/product\/yoast-seo-wordpress\/ -->\n<title>Seixal fecha vias por precau\u00e7\u00e3o devido a risco de cheias na zona ribeirinha - Portal Tela Portugal<\/title>\n<meta name=\"robots\" content=\"index, follow, max-snippet:-1, max-image-preview:large, max-video-preview:-1\" \/>\n<meta property=\"og:locale\" content=\"pt_PT\" \/>\n<meta property=\"og:type\" content=\"article\" \/>\n<meta property=\"og:title\" content=\"Seixal fecha vias por precau\u00e7\u00e3o devido a risco de cheias na zona ribeirinha - Portal Tela Portugal\" \/>\n<meta property=\"og:description\" content=\"A C\u00e2mara Municipal do Seixal cortou preventivamente algumas vias a partir das 22h devido a previs\u00f5es de mau tempo e risco de cheias na zona ribeirinha, com aviso laranja do Instituto Portugu\u00eas do Mar e da Atmosfera (IPMA) para Set\u00fabal. As vias encerradas s\u00e3o a avenida Carlos de Oliveira (entre a avenida 6 de Novembro de 1836 e a avenida General Humberto Delgado), a rua Jos\u00e9 Greg\u00f3rio de Almeida (entre a Avenida Siderurgia Nacional e a Rua Quinta da Galega) e a Rua Quinta da Galega (prolongamento da Rua do Desembargador) na freguesia de Arrentela, e a Rua Quinta da Galega (entre a Rua Quinta da Campina e a Rua Jos\u00e9 Greg\u00f3rio de Almeida) na Paio Pires. Os cortes devem manter-se at\u00e9 o Servi\u00e7o Municipal de Prote\u00e7\u00e3o Civil confirmar condi\u00e7\u00f5es de seguran\u00e7a para restabelecer a circula\u00e7\u00e3o; a autarquia pede compreens\u00e3o e utiliza\u00e7\u00e3o de percursos alternativos. H\u00e1 risco adicional de inunda\u00e7\u00f5es e cheias nas zonas ribeirinhas do Seixal, Arrentela e Amora, especialmente durante mar\u00e9s altas, com possibilidade de novos cortes de tr\u00e2nsito. A Junta de Freguesia do Seixal e a Junta de Freguesia de Amora alertam para \u00e1reas de risco de cheias na baixa do Seixal e na zona ribeirinha de Amora, aconselham evitar estacionar em \u00e1reas de risco e manter-se atento \u00e0s informa\u00e7\u00f5es oficiais.\" \/>\n<meta property=\"og:url\" content=\"https:\/\/portaltela.pt\/noticias\/2026\/02\/01\/seixal-fecha-vias-por-precaucao-devido-a-risco-de-cheias-na-zona-ribeirinha\/\" \/>\n<meta property=\"og:site_name\" content=\"Portal Tela Portugal\" \/>\n<meta property=\"article:published_time\" content=\"2026-02-01T21:37:14+00:00\" \/>\n<meta name=\"author\" content=\"Telinha\" \/>\n<meta name=\"twitter:card\" content=\"summary_large_image\" \/>\n<meta name=\"twitter:label1\" content=\"Escrito por\" \/>\n\t<meta name=\"twitter:data1\" content=\"Telinha\" \/>\n\t<meta name=\"twitter:label2\" content=\"Tempo estimado de leitura\" \/>\n\t<meta name=\"twitter:data2\" content=\"2 minutos\" \/>\n<script type=\"application\/ld+json\" class=\"yoast-schema-graph\">{\"@context\":\"https:\/\/schema.org\",\"@graph\":[{\"@type\":\"Article\",\"@id\":\"https:\/\/portaltela.pt\/noticias\/2026\/02\/01\/seixal-fecha-vias-por-precaucao-devido-a-risco-de-cheias-na-zona-ribeirinha\/#article\",\"isPartOf\":{\"@id\":\"https:\/\/portaltela.pt\/noticias\/2026\/02\/01\/seixal-fecha-vias-por-precaucao-devido-a-risco-de-cheias-na-zona-ribeirinha\/\"},\"author\":{\"name\":\"Telinha\",\"@id\":\"https:\/\/portaltela.pt\/#\/schema\/person\/c4278d4a6028830caff9ee44b42d32ed\"},\"headline\":\"Seixal fecha vias por precau\u00e7\u00e3o devido a risco de cheias na zona ribeirinha\",\"datePublished\":\"2026-02-01T21:37:14+00:00\",\"mainEntityOfPage\":{\"@id\":\"https:\/\/portaltela.pt\/noticias\/2026\/02\/01\/seixal-fecha-vias-por-precaucao-devido-a-risco-de-cheias-na-zona-ribeirinha\/\"},\"wordCount\":338,\"image\":{\"@id\":\"https:\/\/portaltela.pt\/noticias\/2026\/02\/01\/seixal-fecha-vias-por-precaucao-devido-a-risco-de-cheias-na-zona-ribeirinha\/#primaryimage\"},\"thumbnailUrl\":\"https:\/\/portaltela.pt\/s.01k8rhncp4jt1\/2026\/02\/img_1500x1000uu2025-12-01-00-27-37-2251685.jpg\",\"keywords\":[\"alagamentos\",\"Arrentela\",\"bombeiros\",\"inunda\u00e7\u00e3o\",\"prote\u00e7\u00e3o civil\",\"Seixal\"],\"articleSection\":[\"Not\u00edcias\"],\"inLanguage\":\"pt-PT\"},{\"@type\":\"WebPage\",\"@id\":\"https:\/\/portaltela.pt\/noticias\/2026\/02\/01\/seixal-fecha-vias-por-precaucao-devido-a-risco-de-cheias-na-zona-ribeirinha\/\",\"url\":\"https:\/\/portaltela.pt\/noticias\/2026\/02\/01\/seixal-fecha-vias-por-precaucao-devido-a-risco-de-cheias-na-zona-ribeirinha\/\",\"name\":\"Seixal fecha vias por precau\u00e7\u00e3o devido a risco de cheias na zona ribeirinha - Portal Tela Portugal\",\"isPartOf\":{\"@id\":\"https:\/\/portaltela.pt\/#website\"},\"primaryImageOfPage\":{\"@id\":\"https:\/\/portaltela.pt\/noticias\/2026\/02\/01\/seixal-fecha-vias-por-precaucao-devido-a-risco-de-cheias-na-zona-ribeirinha\/#primaryimage\"},\"image\":{\"@id\":\"https:\/\/portaltela.pt\/noticias\/2026\/02\/01\/seixal-fecha-vias-por-precaucao-devido-a-risco-de-cheias-na-zona-ribeirinha\/#primaryimage\"},\"thumbnailUrl\":\"https:\/\/portaltela.pt\/s.01k8rhncp4jt1\/2026\/02\/img_1500x1000uu2025-12-01-00-27-37-2251685.jpg\",\"datePublished\":\"2026-02-01T21:37:14+00:00\",\"author\":{\"@id\":\"https:\/\/portaltela.pt\/#\/schema\/person\/c4278d4a6028830caff9ee44b42d32ed\"},\"breadcrumb\":{\"@id\":\"https:\/\/portaltela.pt\/noticias\/2026\/02\/01\/seixal-fecha-vias-por-precaucao-devido-a-risco-de-cheias-na-zona-ribeirinha\/#breadcrumb\"},\"inLanguage\":\"pt-PT\",\"potentialAction\":[{\"@type\":\"ReadAction\",\"target\":[\"https:\/\/portaltela.pt\/noticias\/2026\/02\/01\/seixal-fecha-vias-por-precaucao-devido-a-risco-de-cheias-na-zona-ribeirinha\/\"]}]},{\"@type\":\"ImageObject\",\"inLanguage\":\"pt-PT\",\"@id\":\"https:\/\/portaltela.pt\/noticias\/2026\/02\/01\/seixal-fecha-vias-por-precaucao-devido-a-risco-de-cheias-na-zona-ribeirinha\/#primaryimage\",\"url\":\"https:\/\/portaltela.pt\/s.01k8rhncp4jt1\/2026\/02\/img_1500x1000uu2025-12-01-00-27-37-2251685.jpg\",\"contentUrl\":\"https:\/\/portaltela.pt\/s.01k8rhncp4jt1\/2026\/02\/img_1500x1000uu2025-12-01-00-27-37-2251685.jpg\",\"width\":796,\"height\":448,\"caption\":\"Seixal\"},{\"@type\":\"BreadcrumbList\",\"@id\":\"https:\/\/portaltela.pt\/noticias\/2026\/02\/01\/seixal-fecha-vias-por-precaucao-devido-a-risco-de-cheias-na-zona-ribeirinha\/#breadcrumb\",\"itemListElement\":[{\"@type\":\"ListItem\",\"position\":1,\"name\":\"In\u00edcio\",\"item\":\"https:\/\/portaltela.pt\/\"},{\"@type\":\"ListItem\",\"position\":2,\"name\":\"Seixal fecha vias por precau\u00e7\u00e3o devido a risco de cheias na zona ribeirinha\"}]},{\"@type\":\"WebSite\",\"@id\":\"https:\/\/portaltela.pt\/#website\",\"url\":\"https:\/\/portaltela.pt\/\",\"name\":\"Portal Tela Portugal\",\"description\":\"\",\"potentialAction\":[{\"@type\":\"SearchAction\",\"target\":{\"@type\":\"EntryPoint\",\"urlTemplate\":\"https:\/\/portaltela.pt\/?s={search_term_string}\"},\"query-input\":{\"@type\":\"PropertyValueSpecification\",\"valueRequired\":true,\"valueName\":\"search_term_string\"}}],\"inLanguage\":\"pt-PT\"},{\"@type\":\"Person\",\"@id\":\"https:\/\/portaltela.pt\/#\/schema\/person\/c4278d4a6028830caff9ee44b42d32ed\",\"name\":\"Telinha\",\"image\":{\"@type\":\"ImageObject\",\"inLanguage\":\"pt-PT\",\"@id\":\"https:\/\/portaltela.pt\/s.01k8rhncp4jt1\/2025\/11\/talking-bot-125x125.png\",\"url\":\"https:\/\/portaltela.pt\/s.01k8rhncp4jt1\/2025\/11\/talking-bot-125x125.png\",\"contentUrl\":\"https:\/\/portaltela.pt\/s.01k8rhncp4jt1\/2025\/11\/talking-bot-125x125.png\",\"caption\":\"Telinha\"},\"sameAs\":[\"https:\/\/portaltela.pt\/\"],\"url\":\"https:\/\/portaltela.pt\/por\/367410592786\/\"}]}<\/script>\n<!-- \/ Yoast SEO plugin. -->","yoast_head_json":{"title":"Seixal fecha vias por precau\u00e7\u00e3o devido a risco de cheias na zona ribeirinha - Portal Tela Portugal","robots":{"index":"index","follow":"follow","max-snippet":"max-snippet:-1","max-image-preview":"max-image-preview:large","max-video-preview":"max-video-preview:-1"},"og_locale":"pt_PT","og_type":"article","og_title":"Seixal fecha vias por precau\u00e7\u00e3o devido a risco de cheias na zona ribeirinha - Portal Tela Portugal","og_description":"A C\u00e2mara Municipal do Seixal cortou preventivamente algumas vias a partir das 22h devido a previs\u00f5es de mau tempo e risco de cheias na zona ribeirinha, com aviso laranja do Instituto Portugu\u00eas do Mar e da Atmosfera (IPMA) para Set\u00fabal. As vias encerradas s\u00e3o a avenida Carlos de Oliveira (entre a avenida 6 de Novembro de 1836 e a avenida General Humberto Delgado), a rua Jos\u00e9 Greg\u00f3rio de Almeida (entre a Avenida Siderurgia Nacional e a Rua Quinta da Galega) e a Rua Quinta da Galega (prolongamento da Rua do Desembargador) na freguesia de Arrentela, e a Rua Quinta da Galega (entre a Rua Quinta da Campina e a Rua Jos\u00e9 Greg\u00f3rio de Almeida) na Paio Pires. Os cortes devem manter-se at\u00e9 o Servi\u00e7o Municipal de Prote\u00e7\u00e3o Civil confirmar condi\u00e7\u00f5es de seguran\u00e7a para restabelecer a circula\u00e7\u00e3o; a autarquia pede compreens\u00e3o e utiliza\u00e7\u00e3o de percursos alternativos. H\u00e1 risco adicional de inunda\u00e7\u00f5es e cheias nas zonas ribeirinhas do Seixal, Arrentela e Amora, especialmente durante mar\u00e9s altas, com possibilidade de novos cortes de tr\u00e2nsito. A Junta de Freguesia do Seixal e a Junta de Freguesia de Amora alertam para \u00e1reas de risco de cheias na baixa do Seixal e na zona ribeirinha de Amora, aconselham evitar estacionar em \u00e1reas de risco e manter-se atento \u00e0s informa\u00e7\u00f5es oficiais.","og_url":"https:\/\/portaltela.pt\/noticias\/2026\/02\/01\/seixal-fecha-vias-por-precaucao-devido-a-risco-de-cheias-na-zona-ribeirinha\/","og_site_name":"Portal Tela Portugal","article_published_time":"2026-02-01T21:37:14+00:00","author":"Telinha","twitter_card":"summary_large_image","twitter_misc":{"Escrito por":"Telinha","Tempo estimado de leitura":"2 minutos"},"schema":{"@context":"https:\/\/schema.org","@graph":[{"@type":"Article","@id":"https:\/\/portaltela.pt\/noticias\/2026\/02\/01\/seixal-fecha-vias-por-precaucao-devido-a-risco-de-cheias-na-zona-ribeirinha\/#article","isPartOf":{"@id":"https:\/\/portaltela.pt\/noticias\/2026\/02\/01\/seixal-fecha-vias-por-precaucao-devido-a-risco-de-cheias-na-zona-ribeirinha\/"},"author":{"name":"Telinha","@id":"https:\/\/portaltela.pt\/#\/schema\/person\/c4278d4a6028830caff9ee44b42d32ed"},"headline":"Seixal fecha vias por precau\u00e7\u00e3o devido a risco de cheias na zona ribeirinha","datePublished":"2026-02-01T21:37:14+00:00","mainEntityOfPage":{"@id":"https:\/\/portaltela.pt\/noticias\/2026\/02\/01\/seixal-fecha-vias-por-precaucao-devido-a-risco-de-cheias-na-zona-ribeirinha\/"},"wordCount":338,"image":{"@id":"https:\/\/portaltela.pt\/noticias\/2026\/02\/01\/seixal-fecha-vias-por-precaucao-devido-a-risco-de-cheias-na-zona-ribeirinha\/#primaryimage"},"thumbnailUrl":"https:\/\/portaltela.pt\/s.01k8rhncp4jt1\/2026\/02\/img_1500x1000uu2025-12-01-00-27-37-2251685.jpg","keywords":["alagamentos","Arrentela","bombeiros","inunda\u00e7\u00e3o","prote\u00e7\u00e3o civil","Seixal"],"articleSection":["Not\u00edcias"],"inLanguage":"pt-PT"},{"@type":"WebPage","@id":"https:\/\/portaltela.pt\/noticias\/2026\/02\/01\/seixal-fecha-vias-por-precaucao-devido-a-risco-de-cheias-na-zona-ribeirinha\/","url":"https:\/\/portaltela.pt\/noticias\/2026\/02\/01\/seixal-fecha-vias-por-precaucao-devido-a-risco-de-cheias-na-zona-ribeirinha\/","name":"Seixal fecha vias por precau\u00e7\u00e3o devido a risco de cheias na zona ribeirinha - Portal Tela Portugal","isPartOf":{"@id":"https:\/\/portaltela.pt\/#website"},"primaryImageOfPage":{"@id":"https:\/\/portaltela.pt\/noticias\/2026\/02\/01\/seixal-fecha-vias-por-precaucao-devido-a-risco-de-cheias-na-zona-ribeirinha\/#primaryimage"},"image":{"@id":"https:\/\/portaltela.pt\/noticias\/2026\/02\/01\/seixal-fecha-vias-por-precaucao-devido-a-risco-de-cheias-na-zona-ribeirinha\/#primaryimage"},"thumbnailUrl":"https:\/\/portaltela.pt\/s.01k8rhncp4jt1\/2026\/02\/img_1500x1000uu2025-12-01-00-27-37-2251685.jpg","datePublished":"2026-02-01T21:37:14+00:00","author":{"@id":"https:\/\/portaltela.pt\/#\/schema\/person\/c4278d4a6028830caff9ee44b42d32ed"},"breadcrumb":{"@id":"https:\/\/portaltela.pt\/noticias\/2026\/02\/01\/seixal-fecha-vias-por-precaucao-devido-a-risco-de-cheias-na-zona-ribeirinha\/#breadcrumb"},"inLanguage":"pt-PT","potentialAction":[{"@type":"ReadAction","target":["https:\/\/portaltela.pt\/noticias\/2026\/02\/01\/seixal-fecha-vias-por-precaucao-devido-a-risco-de-cheias-na-zona-ribeirinha\/"]}]},{"@type":"ImageObject","inLanguage":"pt-PT","@id":"https:\/\/portaltela.pt\/noticias\/2026\/02\/01\/seixal-fecha-vias-por-precaucao-devido-a-risco-de-cheias-na-zona-ribeirinha\/#primaryimage","url":"https:\/\/portaltela.pt\/s.01k8rhncp4jt1\/2026\/02\/img_1500x1000uu2025-12-01-00-27-37-2251685.jpg","contentUrl":"https:\/\/portaltela.pt\/s.01k8rhncp4jt1\/2026\/02\/img_1500x1000uu2025-12-01-00-27-37-2251685.jpg","width":796,"height":448,"caption":"Seixal"},{"@type":"BreadcrumbList","@id":"https:\/\/portaltela.pt\/noticias\/2026\/02\/01\/seixal-fecha-vias-por-precaucao-devido-a-risco-de-cheias-na-zona-ribeirinha\/#breadcrumb","itemListElement":[{"@type":"ListItem","position":1,"name":"In\u00edcio","item":"https:\/\/portaltela.pt\/"},{"@type":"ListItem","position":2,"name":"Seixal fecha vias por precau\u00e7\u00e3o devido a risco de cheias na zona ribeirinha"}]},{"@type":"WebSite","@id":"https:\/\/portaltela.pt\/#website","url":"https:\/\/portaltela.pt\/","name":"Portal Tela Portugal","description":"","potentialAction":[{"@type":"SearchAction","target":{"@type":"EntryPoint","urlTemplate":"https:\/\/portaltela.pt\/?s={search_term_string}"},"query-input":{"@type":"PropertyValueSpecification","valueRequired":true,"valueName":"search_term_string"}}],"inLanguage":"pt-PT"},{"@type":"Person","@id":"https:\/\/portaltela.pt\/#\/schema\/person\/c4278d4a6028830caff9ee44b42d32ed","name":"Telinha","image":{"@type":"ImageObject","inLanguage":"pt-PT","@id":"https:\/\/portaltela.pt\/s.01k8rhncp4jt1\/2025\/11\/talking-bot-125x125.png","url":"https:\/\/portaltela.pt\/s.01k8rhncp4jt1\/2025\/11\/talking-bot-125x125.png","contentUrl":"https:\/\/portaltela.pt\/s.01k8rhncp4jt1\/2025\/11\/talking-bot-125x125.png","caption":"Telinha"},"sameAs":["https:\/\/portaltela.pt\/"],"url":"https:\/\/portaltela.pt\/por\/367410592786\/"}]}},"_links":{"self":[{"href":"https:\/\/portaltela.pt\/api\/wp\/v2\/posts\/189538","targetHints":{"allow":["GET"]}}],"collection":[{"href":"https:\/\/portaltela.pt\/api\/wp\/v2\/posts"}],"about":[{"href":"https:\/\/portaltela.pt\/api\/wp\/v2\/types\/post"}],"author":[{"embeddable":true,"href":"https:\/\/portaltela.pt\/api\/wp\/v2\/users\/2"}],"replies":[{"embeddable":true,"href":"https:\/\/portaltela.pt\/api\/wp\/v2\/comments?post=189538"}],"version-history":[{"count":0,"href":"https:\/\/portaltela.pt\/api\/wp\/v2\/posts\/189538\/revisions"}],"wp:featuredmedia":[{"embeddable":true,"href":"https:\/\/portaltela.pt\/api\/wp\/v2\/media\/189540"}],"wp:attachment":[{"href":"https:\/\/portaltela.pt\/api\/wp\/v2\/media?parent=189538"}],"wp:term":[{"taxonomy":"category","embeddable":true,"href":"https:\/\/portaltela.pt\/api\/wp\/v2\/categories?post=189538"},{"taxonomy":"post_tag","embeddable":true,"href":"https:\/\/portaltela.pt\/api\/wp\/v2\/tags?post=189538"}],"curies":[{"name":"wp","href":"https:\/\/api.w.org\/{rel}","templated":true}]}}