{"id":189500,"date":"2026-02-01T18:15:49","date_gmt":"2026-02-01T21:15:49","guid":{"rendered":"https:\/\/portaltela.pt\/noticias\/2026\/02\/01\/cerimonia-simbolica-da-juvebombeiro-da-guarda-reforca-apoio-a-infantes-e-cadetes\/"},"modified":"2026-02-01T18:15:49","modified_gmt":"2026-02-01T21:15:49","slug":"cerimonia-simbolica-da-juvebombeiro-da-guarda-reforca-apoio-a-infantes-e-cadetes","status":"publish","type":"post","link":"https:\/\/portaltela.pt\/noticias\/2026\/02\/01\/cerimonia-simbolica-da-juvebombeiro-da-guarda-reforca-apoio-a-infantes-e-cadetes\/","title":{"rendered":"Cerim\u00f3nia simb\u00f3lica da JuveBombeiro da Guarda refor\u00e7a apoio a Infantes e Cadetes"},"content":{"rendered":"<p>A JuveBombeiro do Distrito da Guarda realizou uma cerim\u00f3nia simb\u00f3lica de apoio \u00e0s Escolas do Distrito da Guarda. O objetivo \u00e9 valorizar a atividade das Escolas de Infantes e Cadetes e fortalecer o envolvimento c\u00edvico entre os jovens.<\/p>\n<p>A cerim\u00f3nia insere-se numa colabora\u00e7\u00e3o com a Federa\u00e7\u00e3o Bombeiros do Distrito da Guarda. O evento contou com o contributo de entidades parceiras para viabilizar a iniciativa junto das estruturas associativas de bombeiros.<\/p>\n<p>A iniciativa enquadra-se numa pol\u00edtica de proximidade que valoriza o voluntariado, o associativismo e a responsabilidade c\u00edvica. O objetivo \u00e9 promover forma\u00e7\u00e3o c\u00edvica e operacional de jovens que integram as escolas.<\/p>\n<h3>Apoio \u00e0s Escolas do Distrito<\/h3>\n<p>A a\u00e7\u00e3o evidencia o papel das entidades envolvidas na continuidade do voluntariado no sector de prote\u00e7\u00e3o e socorro. A colabora\u00e7\u00e3o com parceiros externos \u00e9 apresentada como fundamental para o sucesso das a\u00e7\u00f5es desenvolvidas.<\/p>\n<p>A grafista Marques e Pereira participou ativamente, proporcionando apoio log\u00edstico necess\u00e1rio para a cerim\u00f3nia. A parceria ilustra a import\u00e2ncia de envolver o setor privado na dinamiza\u00e7\u00e3o de iniciativas locais.<\/p>\n<p>A cerim\u00f3nia refor\u00e7a o compromisso das organiza\u00e7\u00f5es com a capacita\u00e7\u00e3o de jovens bombeiros e com a sustentabilidade das atividades das Escolas de Infantes e Cadetes no Distrito da Guarda.<\/p>\n","protected":false},"excerpt":{"rendered":"<ul>\n<li>A JuveBombeiro do Distrito da Guarda realizou uma cerim\u00f3nia simb\u00f3lica de atribui\u00e7\u00e3o de apoio \u00e0s Escolas do Distrito da Guarda, em articula\u00e7\u00e3o com a Federa\u00e7\u00e3o Bombeiros do Distrito da Guarda.<\/li>\n<li>A iniciativa refor\u00e7a o apoio, a valoriza\u00e7\u00e3o e o fortalecimento das Escolas de Infantes e Cadetes na regi\u00e3o.<\/li>\n<li>A gr\u00e1fica Marques e Pereira colaborou de forma determinante para a concretiza\u00e7\u00e3o da a\u00e7\u00e3o, destacando o papel de entidades externas no sucesso das atividades.<\/li>\n<li>O evento enquadra-se numa pol\u00edtica de proximidade e coopera\u00e7\u00e3o, promovendo valores de associativismo, voluntariado e responsabilidade c\u00edvica na forma\u00e7\u00e3o de futuras gera\u00e7\u00f5es de bombeiros.<\/li>\n<li>O gesto fortalece o compromisso com a forma\u00e7\u00e3o c\u00edvica e operacional dos jovens, contribuindo para a continuidade do voluntariado no setor de prote\u00e7\u00e3o e socorro.<\/li>\n<\/ul>\n","protected":false},"author":2,"featured_media":189504,"comment_status":"closed","ping_status":"closed","sticky":false,"template":"","format":"standard","meta":{"footnotes":""},"categories":[1],"tags":[4351,4162,101,1113,320],"class_list":["post-189500","post","type-post","status-publish","format-standard","has-post-thumbnail","hentry","category-noticias","tag-bombeiros-voluntarios","tag-cadetes","tag-escolas","tag-guarda","tag-protecao-civil"],"yoast_head":"<!-- This site is optimized with the Yoast SEO plugin v27.2 - https:\/\/yoast.com\/product\/yoast-seo-wordpress\/ -->\n<title>Cerim\u00f3nia simb\u00f3lica da JuveBombeiro da Guarda refor\u00e7a apoio a Infantes e Cadetes - Portal Tela Portugal<\/title>\n<meta name=\"robots\" content=\"index, follow, max-snippet:-1, max-image-preview:large, max-video-preview:-1\" \/>\n<meta property=\"og:locale\" content=\"pt_PT\" \/>\n<meta property=\"og:type\" content=\"article\" \/>\n<meta property=\"og:title\" content=\"Cerim\u00f3nia simb\u00f3lica da JuveBombeiro da Guarda refor\u00e7a apoio a Infantes e Cadetes - Portal Tela Portugal\" \/>\n<meta property=\"og:description\" content=\"A JuveBombeiro do Distrito da Guarda realizou uma cerim\u00f3nia simb\u00f3lica de atribui\u00e7\u00e3o de apoio \u00e0s Escolas do Distrito da Guarda, em articula\u00e7\u00e3o com a Federa\u00e7\u00e3o Bombeiros do Distrito da Guarda. A iniciativa refor\u00e7a o apoio, a valoriza\u00e7\u00e3o e o fortalecimento das Escolas de Infantes e Cadetes na regi\u00e3o. A gr\u00e1fica Marques e Pereira colaborou de forma determinante para a concretiza\u00e7\u00e3o da a\u00e7\u00e3o, destacando o papel de entidades externas no sucesso das atividades. O evento enquadra-se numa pol\u00edtica de proximidade e coopera\u00e7\u00e3o, promovendo valores de associativismo, voluntariado e responsabilidade c\u00edvica na forma\u00e7\u00e3o de futuras gera\u00e7\u00f5es de bombeiros. O gesto fortalece o compromisso com a forma\u00e7\u00e3o c\u00edvica e operacional dos jovens, contribuindo para a continuidade do voluntariado no setor de prote\u00e7\u00e3o e socorro.\" \/>\n<meta property=\"og:url\" content=\"https:\/\/portaltela.pt\/noticias\/2026\/02\/01\/cerimonia-simbolica-da-juvebombeiro-da-guarda-reforca-apoio-a-infantes-e-cadetes\/\" \/>\n<meta property=\"og:site_name\" content=\"Portal Tela Portugal\" \/>\n<meta property=\"article:published_time\" content=\"2026-02-01T21:15:49+00:00\" \/>\n<meta name=\"author\" content=\"Telinha\" \/>\n<meta name=\"twitter:card\" content=\"summary_large_image\" \/>\n<meta name=\"twitter:label1\" content=\"Escrito por\" \/>\n\t<meta name=\"twitter:data1\" content=\"Telinha\" \/>\n\t<meta name=\"twitter:label2\" content=\"Tempo estimado de leitura\" \/>\n\t<meta name=\"twitter:data2\" content=\"1 minuto\" \/>\n<script type=\"application\/ld+json\" class=\"yoast-schema-graph\">{\"@context\":\"https:\/\/schema.org\",\"@graph\":[{\"@type\":\"Article\",\"@id\":\"https:\/\/portaltela.pt\/noticias\/2026\/02\/01\/cerimonia-simbolica-da-juvebombeiro-da-guarda-reforca-apoio-a-infantes-e-cadetes\/#article\",\"isPartOf\":{\"@id\":\"https:\/\/portaltela.pt\/noticias\/2026\/02\/01\/cerimonia-simbolica-da-juvebombeiro-da-guarda-reforca-apoio-a-infantes-e-cadetes\/\"},\"author\":{\"name\":\"Telinha\",\"@id\":\"https:\/\/portaltela.pt\/#\/schema\/person\/c4278d4a6028830caff9ee44b42d32ed\"},\"headline\":\"Cerim\u00f3nia simb\u00f3lica da JuveBombeiro da Guarda refor\u00e7a apoio a Infantes e Cadetes\",\"datePublished\":\"2026-02-01T21:15:49+00:00\",\"mainEntityOfPage\":{\"@id\":\"https:\/\/portaltela.pt\/noticias\/2026\/02\/01\/cerimonia-simbolica-da-juvebombeiro-da-guarda-reforca-apoio-a-infantes-e-cadetes\/\"},\"wordCount\":232,\"image\":{\"@id\":\"https:\/\/portaltela.pt\/noticias\/2026\/02\/01\/cerimonia-simbolica-da-juvebombeiro-da-guarda-reforca-apoio-a-infantes-e-cadetes\/#primaryimage\"},\"thumbnailUrl\":\"https:\/\/portaltela.pt\/s.01k8rhncp4jt1\/2026\/02\/unnamed-file-222.jpg\",\"keywords\":[\"Bombeiros Volunt\u00e1rios\",\"cadetes\",\"escolas\",\"Guarda\",\"prote\u00e7\u00e3o civil\"],\"articleSection\":[\"Not\u00edcias\"],\"inLanguage\":\"pt-PT\"},{\"@type\":\"WebPage\",\"@id\":\"https:\/\/portaltela.pt\/noticias\/2026\/02\/01\/cerimonia-simbolica-da-juvebombeiro-da-guarda-reforca-apoio-a-infantes-e-cadetes\/\",\"url\":\"https:\/\/portaltela.pt\/noticias\/2026\/02\/01\/cerimonia-simbolica-da-juvebombeiro-da-guarda-reforca-apoio-a-infantes-e-cadetes\/\",\"name\":\"Cerim\u00f3nia simb\u00f3lica da JuveBombeiro da Guarda refor\u00e7a apoio a Infantes e Cadetes - Portal Tela Portugal\",\"isPartOf\":{\"@id\":\"https:\/\/portaltela.pt\/#website\"},\"primaryImageOfPage\":{\"@id\":\"https:\/\/portaltela.pt\/noticias\/2026\/02\/01\/cerimonia-simbolica-da-juvebombeiro-da-guarda-reforca-apoio-a-infantes-e-cadetes\/#primaryimage\"},\"image\":{\"@id\":\"https:\/\/portaltela.pt\/noticias\/2026\/02\/01\/cerimonia-simbolica-da-juvebombeiro-da-guarda-reforca-apoio-a-infantes-e-cadetes\/#primaryimage\"},\"thumbnailUrl\":\"https:\/\/portaltela.pt\/s.01k8rhncp4jt1\/2026\/02\/unnamed-file-222.jpg\",\"datePublished\":\"2026-02-01T21:15:49+00:00\",\"author\":{\"@id\":\"https:\/\/portaltela.pt\/#\/schema\/person\/c4278d4a6028830caff9ee44b42d32ed\"},\"breadcrumb\":{\"@id\":\"https:\/\/portaltela.pt\/noticias\/2026\/02\/01\/cerimonia-simbolica-da-juvebombeiro-da-guarda-reforca-apoio-a-infantes-e-cadetes\/#breadcrumb\"},\"inLanguage\":\"pt-PT\",\"potentialAction\":[{\"@type\":\"ReadAction\",\"target\":[\"https:\/\/portaltela.pt\/noticias\/2026\/02\/01\/cerimonia-simbolica-da-juvebombeiro-da-guarda-reforca-apoio-a-infantes-e-cadetes\/\"]}]},{\"@type\":\"ImageObject\",\"inLanguage\":\"pt-PT\",\"@id\":\"https:\/\/portaltela.pt\/noticias\/2026\/02\/01\/cerimonia-simbolica-da-juvebombeiro-da-guarda-reforca-apoio-a-infantes-e-cadetes\/#primaryimage\",\"url\":\"https:\/\/portaltela.pt\/s.01k8rhncp4jt1\/2026\/02\/unnamed-file-222.jpg\",\"contentUrl\":\"https:\/\/portaltela.pt\/s.01k8rhncp4jt1\/2026\/02\/unnamed-file-222.jpg\",\"width\":796,\"height\":448,\"caption\":\"Cerim\u00f3nia simb\u00f3lica da JuveBombeiro do Distrito da Guarda refor\u00e7a apoio \u00e0s Escolas de Infantes e Cadetes no Distrito da Guarda\"},{\"@type\":\"BreadcrumbList\",\"@id\":\"https:\/\/portaltela.pt\/noticias\/2026\/02\/01\/cerimonia-simbolica-da-juvebombeiro-da-guarda-reforca-apoio-a-infantes-e-cadetes\/#breadcrumb\",\"itemListElement\":[{\"@type\":\"ListItem\",\"position\":1,\"name\":\"In\u00edcio\",\"item\":\"https:\/\/portaltela.pt\/\"},{\"@type\":\"ListItem\",\"position\":2,\"name\":\"Cerim\u00f3nia simb\u00f3lica da JuveBombeiro da Guarda refor\u00e7a apoio a Infantes e Cadetes\"}]},{\"@type\":\"WebSite\",\"@id\":\"https:\/\/portaltela.pt\/#website\",\"url\":\"https:\/\/portaltela.pt\/\",\"name\":\"Portal Tela Portugal\",\"description\":\"\",\"potentialAction\":[{\"@type\":\"SearchAction\",\"target\":{\"@type\":\"EntryPoint\",\"urlTemplate\":\"https:\/\/portaltela.pt\/?s={search_term_string}\"},\"query-input\":{\"@type\":\"PropertyValueSpecification\",\"valueRequired\":true,\"valueName\":\"search_term_string\"}}],\"inLanguage\":\"pt-PT\"},{\"@type\":\"Person\",\"@id\":\"https:\/\/portaltela.pt\/#\/schema\/person\/c4278d4a6028830caff9ee44b42d32ed\",\"name\":\"Telinha\",\"image\":{\"@type\":\"ImageObject\",\"inLanguage\":\"pt-PT\",\"@id\":\"https:\/\/portaltela.pt\/s.01k8rhncp4jt1\/2025\/11\/talking-bot-125x125.png\",\"url\":\"https:\/\/portaltela.pt\/s.01k8rhncp4jt1\/2025\/11\/talking-bot-125x125.png\",\"contentUrl\":\"https:\/\/portaltela.pt\/s.01k8rhncp4jt1\/2025\/11\/talking-bot-125x125.png\",\"caption\":\"Telinha\"},\"sameAs\":[\"https:\/\/portaltela.pt\/\"],\"url\":\"https:\/\/portaltela.pt\/por\/367410592786\/\"}]}<\/script>\n<!-- \/ Yoast SEO plugin. -->","yoast_head_json":{"title":"Cerim\u00f3nia simb\u00f3lica da JuveBombeiro da Guarda refor\u00e7a apoio a Infantes e Cadetes - Portal Tela Portugal","robots":{"index":"index","follow":"follow","max-snippet":"max-snippet:-1","max-image-preview":"max-image-preview:large","max-video-preview":"max-video-preview:-1"},"og_locale":"pt_PT","og_type":"article","og_title":"Cerim\u00f3nia simb\u00f3lica da JuveBombeiro da Guarda refor\u00e7a apoio a Infantes e Cadetes - Portal Tela Portugal","og_description":"A JuveBombeiro do Distrito da Guarda realizou uma cerim\u00f3nia simb\u00f3lica de atribui\u00e7\u00e3o de apoio \u00e0s Escolas do Distrito da Guarda, em articula\u00e7\u00e3o com a Federa\u00e7\u00e3o Bombeiros do Distrito da Guarda. A iniciativa refor\u00e7a o apoio, a valoriza\u00e7\u00e3o e o fortalecimento das Escolas de Infantes e Cadetes na regi\u00e3o. A gr\u00e1fica Marques e Pereira colaborou de forma determinante para a concretiza\u00e7\u00e3o da a\u00e7\u00e3o, destacando o papel de entidades externas no sucesso das atividades. O evento enquadra-se numa pol\u00edtica de proximidade e coopera\u00e7\u00e3o, promovendo valores de associativismo, voluntariado e responsabilidade c\u00edvica na forma\u00e7\u00e3o de futuras gera\u00e7\u00f5es de bombeiros. O gesto fortalece o compromisso com a forma\u00e7\u00e3o c\u00edvica e operacional dos jovens, contribuindo para a continuidade do voluntariado no setor de prote\u00e7\u00e3o e socorro.","og_url":"https:\/\/portaltela.pt\/noticias\/2026\/02\/01\/cerimonia-simbolica-da-juvebombeiro-da-guarda-reforca-apoio-a-infantes-e-cadetes\/","og_site_name":"Portal Tela Portugal","article_published_time":"2026-02-01T21:15:49+00:00","author":"Telinha","twitter_card":"summary_large_image","twitter_misc":{"Escrito por":"Telinha","Tempo estimado de leitura":"1 minuto"},"schema":{"@context":"https:\/\/schema.org","@graph":[{"@type":"Article","@id":"https:\/\/portaltela.pt\/noticias\/2026\/02\/01\/cerimonia-simbolica-da-juvebombeiro-da-guarda-reforca-apoio-a-infantes-e-cadetes\/#article","isPartOf":{"@id":"https:\/\/portaltela.pt\/noticias\/2026\/02\/01\/cerimonia-simbolica-da-juvebombeiro-da-guarda-reforca-apoio-a-infantes-e-cadetes\/"},"author":{"name":"Telinha","@id":"https:\/\/portaltela.pt\/#\/schema\/person\/c4278d4a6028830caff9ee44b42d32ed"},"headline":"Cerim\u00f3nia simb\u00f3lica da JuveBombeiro da Guarda refor\u00e7a apoio a Infantes e Cadetes","datePublished":"2026-02-01T21:15:49+00:00","mainEntityOfPage":{"@id":"https:\/\/portaltela.pt\/noticias\/2026\/02\/01\/cerimonia-simbolica-da-juvebombeiro-da-guarda-reforca-apoio-a-infantes-e-cadetes\/"},"wordCount":232,"image":{"@id":"https:\/\/portaltela.pt\/noticias\/2026\/02\/01\/cerimonia-simbolica-da-juvebombeiro-da-guarda-reforca-apoio-a-infantes-e-cadetes\/#primaryimage"},"thumbnailUrl":"https:\/\/portaltela.pt\/s.01k8rhncp4jt1\/2026\/02\/unnamed-file-222.jpg","keywords":["Bombeiros Volunt\u00e1rios","cadetes","escolas","Guarda","prote\u00e7\u00e3o civil"],"articleSection":["Not\u00edcias"],"inLanguage":"pt-PT"},{"@type":"WebPage","@id":"https:\/\/portaltela.pt\/noticias\/2026\/02\/01\/cerimonia-simbolica-da-juvebombeiro-da-guarda-reforca-apoio-a-infantes-e-cadetes\/","url":"https:\/\/portaltela.pt\/noticias\/2026\/02\/01\/cerimonia-simbolica-da-juvebombeiro-da-guarda-reforca-apoio-a-infantes-e-cadetes\/","name":"Cerim\u00f3nia simb\u00f3lica da JuveBombeiro da Guarda refor\u00e7a apoio a Infantes e Cadetes - Portal Tela Portugal","isPartOf":{"@id":"https:\/\/portaltela.pt\/#website"},"primaryImageOfPage":{"@id":"https:\/\/portaltela.pt\/noticias\/2026\/02\/01\/cerimonia-simbolica-da-juvebombeiro-da-guarda-reforca-apoio-a-infantes-e-cadetes\/#primaryimage"},"image":{"@id":"https:\/\/portaltela.pt\/noticias\/2026\/02\/01\/cerimonia-simbolica-da-juvebombeiro-da-guarda-reforca-apoio-a-infantes-e-cadetes\/#primaryimage"},"thumbnailUrl":"https:\/\/portaltela.pt\/s.01k8rhncp4jt1\/2026\/02\/unnamed-file-222.jpg","datePublished":"2026-02-01T21:15:49+00:00","author":{"@id":"https:\/\/portaltela.pt\/#\/schema\/person\/c4278d4a6028830caff9ee44b42d32ed"},"breadcrumb":{"@id":"https:\/\/portaltela.pt\/noticias\/2026\/02\/01\/cerimonia-simbolica-da-juvebombeiro-da-guarda-reforca-apoio-a-infantes-e-cadetes\/#breadcrumb"},"inLanguage":"pt-PT","potentialAction":[{"@type":"ReadAction","target":["https:\/\/portaltela.pt\/noticias\/2026\/02\/01\/cerimonia-simbolica-da-juvebombeiro-da-guarda-reforca-apoio-a-infantes-e-cadetes\/"]}]},{"@type":"ImageObject","inLanguage":"pt-PT","@id":"https:\/\/portaltela.pt\/noticias\/2026\/02\/01\/cerimonia-simbolica-da-juvebombeiro-da-guarda-reforca-apoio-a-infantes-e-cadetes\/#primaryimage","url":"https:\/\/portaltela.pt\/s.01k8rhncp4jt1\/2026\/02\/unnamed-file-222.jpg","contentUrl":"https:\/\/portaltela.pt\/s.01k8rhncp4jt1\/2026\/02\/unnamed-file-222.jpg","width":796,"height":448,"caption":"Cerim\u00f3nia simb\u00f3lica da JuveBombeiro do Distrito da Guarda refor\u00e7a apoio \u00e0s Escolas de Infantes e Cadetes no Distrito da Guarda"},{"@type":"BreadcrumbList","@id":"https:\/\/portaltela.pt\/noticias\/2026\/02\/01\/cerimonia-simbolica-da-juvebombeiro-da-guarda-reforca-apoio-a-infantes-e-cadetes\/#breadcrumb","itemListElement":[{"@type":"ListItem","position":1,"name":"In\u00edcio","item":"https:\/\/portaltela.pt\/"},{"@type":"ListItem","position":2,"name":"Cerim\u00f3nia simb\u00f3lica da JuveBombeiro da Guarda refor\u00e7a apoio a Infantes e Cadetes"}]},{"@type":"WebSite","@id":"https:\/\/portaltela.pt\/#website","url":"https:\/\/portaltela.pt\/","name":"Portal Tela Portugal","description":"","potentialAction":[{"@type":"SearchAction","target":{"@type":"EntryPoint","urlTemplate":"https:\/\/portaltela.pt\/?s={search_term_string}"},"query-input":{"@type":"PropertyValueSpecification","valueRequired":true,"valueName":"search_term_string"}}],"inLanguage":"pt-PT"},{"@type":"Person","@id":"https:\/\/portaltela.pt\/#\/schema\/person\/c4278d4a6028830caff9ee44b42d32ed","name":"Telinha","image":{"@type":"ImageObject","inLanguage":"pt-PT","@id":"https:\/\/portaltela.pt\/s.01k8rhncp4jt1\/2025\/11\/talking-bot-125x125.png","url":"https:\/\/portaltela.pt\/s.01k8rhncp4jt1\/2025\/11\/talking-bot-125x125.png","contentUrl":"https:\/\/portaltela.pt\/s.01k8rhncp4jt1\/2025\/11\/talking-bot-125x125.png","caption":"Telinha"},"sameAs":["https:\/\/portaltela.pt\/"],"url":"https:\/\/portaltela.pt\/por\/367410592786\/"}]}},"_links":{"self":[{"href":"https:\/\/portaltela.pt\/api\/wp\/v2\/posts\/189500","targetHints":{"allow":["GET"]}}],"collection":[{"href":"https:\/\/portaltela.pt\/api\/wp\/v2\/posts"}],"about":[{"href":"https:\/\/portaltela.pt\/api\/wp\/v2\/types\/post"}],"author":[{"embeddable":true,"href":"https:\/\/portaltela.pt\/api\/wp\/v2\/users\/2"}],"replies":[{"embeddable":true,"href":"https:\/\/portaltela.pt\/api\/wp\/v2\/comments?post=189500"}],"version-history":[{"count":0,"href":"https:\/\/portaltela.pt\/api\/wp\/v2\/posts\/189500\/revisions"}],"wp:featuredmedia":[{"embeddable":true,"href":"https:\/\/portaltela.pt\/api\/wp\/v2\/media\/189504"}],"wp:attachment":[{"href":"https:\/\/portaltela.pt\/api\/wp\/v2\/media?parent=189500"}],"wp:term":[{"taxonomy":"category","embeddable":true,"href":"https:\/\/portaltela.pt\/api\/wp\/v2\/categories?post=189500"},{"taxonomy":"post_tag","embeddable":true,"href":"https:\/\/portaltela.pt\/api\/wp\/v2\/tags?post=189500"}],"curies":[{"name":"wp","href":"https:\/\/api.w.org\/{rel}","templated":true}]}}