{"id":189497,"date":"2026-02-01T18:01:00","date_gmt":"2026-02-01T21:01:00","guid":{"rendered":"https:\/\/portaltela.pt\/noticias\/2026\/02\/01\/ausencia-de-bellingham-divide-opinioes-na-espanha-sobre-o-real-madrid\/"},"modified":"2026-02-01T18:01:00","modified_gmt":"2026-02-01T21:01:00","slug":"ausencia-de-bellingham-divide-opinioes-na-espanha-sobre-o-real-madrid","status":"publish","type":"post","link":"https:\/\/portaltela.pt\/desporto\/futebol\/2026\/02\/01\/ausencia-de-bellingham-divide-opinioes-na-espanha-sobre-o-real-madrid\/","title":{"rendered":"Aus\u00eancia de Bellingham divide opini\u00f5es na Espanha sobre o Real Madrid"},"content":{"rendered":"<p>Jude Bellingham, estrela do Real Madrid, lesionou-se hoje durante o jogo frente ao Rayo Vallecano, que terminou 2-1 a favor do Real. O jogador sofreu queixas na coxa esquerda durante a partida.<\/p>\n<p>As circunst\u00e2ncias sugerem que o internacional ingl\u00eas poder\u00e1 ficar indispon\u00edvel nos pr\u00f3ximos compromissos. A imprensa espanhola aponta para uma poss\u00edvel aus\u00eancia no playoff da Champions frente ao Benfica, marcado para 17 e 25 de fevereiro.<\/p>\n<p>A not\u00edcia levanta quest\u00f5es sobre o impacto na equipa merengue, j\u00e1 que Bellingham \u00e9 uma pe\u00e7a-chave no ataque e no meio-campo. A recupera\u00e7\u00e3o e os sinais m\u00e9dicos ainda n\u00e3o foram tornados p\u00fablicos.<\/p>\n<h3>Perspetiva do Real Madrid<\/h3>\n<p>A dire\u00e7\u00e3o t\u00e9cnica analisa o estado f\u00edsico do atleta e as op\u00e7\u00f5es para o plantel, caso de aus\u00eancia prolongada. O clube tem de avaliar alternativas t\u00e1ticas para as partidas decisivas da Champions.<\/p>\n<p>Ainda n\u00e3o h\u00e1 confirma\u00e7\u00e3o oficial sobre o tempo de recupera\u00e7\u00e3o. O Real Madrid deve divulgar comunicado quando houver evolu\u00e7\u00e3o clara do quadro cl\u00ednico de Bellingham. A decis\u00e3o afetar\u00e1 o planeamento de jogo.<\/p>\n","protected":false},"excerpt":{"rendered":"<ul>\n<li>Jude Bellingham, estrela do Real Madrid, lesionou-se hoje no jogo frente ao Rayo Vallecano (2-1) da liga espanhola, com queixa na coxa esquerda.<\/li>\n<li>As primeiras indica\u00e7\u00f5es apontam para a aus\u00eancia do internacional ingl\u00eas no playoff da Liga dos Campe\u00f5es frente ao Benfica, marcado para 17 e 25 de fevereiro.<\/li>\n<li>A indisponibilidade do jogador gera debate em Espanha sobre se favorece ou n\u00e3o os merengues.<\/li>\n<li>A discuss\u00e3o sobre o impacto da les\u00e3o est\u00e1 a ganhar for\u00e7a entre comentadores e adeptos no pa\u00eds.<\/li>\n<\/ul>\n","protected":false},"author":2,"featured_media":189498,"comment_status":"closed","ping_status":"closed","sticky":false,"template":"","format":"standard","meta":{"footnotes":""},"categories":[21,24],"tags":[3245,1946,3577,32,2538,2714],"class_list":["post-189497","post","type-post","status-publish","format-standard","has-post-thumbnail","hentry","category-desporto","category-futebol","tag-bellingham","tag-benfica","tag-champions-league","tag-futebol","tag-lesoes","tag-real-madrid"],"yoast_head":"<!-- This site is optimized with the Yoast SEO plugin v27.2 - https:\/\/yoast.com\/product\/yoast-seo-wordpress\/ -->\n<title>Aus\u00eancia de Bellingham divide opini\u00f5es na Espanha sobre o Real Madrid - Portal Tela Portugal<\/title>\n<meta name=\"robots\" content=\"index, follow, max-snippet:-1, max-image-preview:large, max-video-preview:-1\" \/>\n<meta property=\"og:locale\" content=\"pt_PT\" \/>\n<meta property=\"og:type\" content=\"article\" \/>\n<meta property=\"og:title\" content=\"Aus\u00eancia de Bellingham divide opini\u00f5es na Espanha sobre o Real Madrid - Portal Tela Portugal\" \/>\n<meta property=\"og:description\" content=\"Jude Bellingham, estrela do Real Madrid, lesionou-se hoje no jogo frente ao Rayo Vallecano (2-1) da liga espanhola, com queixa na coxa esquerda. As primeiras indica\u00e7\u00f5es apontam para a aus\u00eancia do internacional ingl\u00eas no playoff da Liga dos Campe\u00f5es frente ao Benfica, marcado para 17 e 25 de fevereiro. A indisponibilidade do jogador gera debate em Espanha sobre se favorece ou n\u00e3o os merengues. A discuss\u00e3o sobre o impacto da les\u00e3o est\u00e1 a ganhar for\u00e7a entre comentadores e adeptos no pa\u00eds.\" \/>\n<meta property=\"og:url\" content=\"https:\/\/portaltela.pt\/noticias\/2026\/02\/01\/ausencia-de-bellingham-divide-opinioes-na-espanha-sobre-o-real-madrid\/\" \/>\n<meta property=\"og:site_name\" content=\"Portal Tela Portugal\" \/>\n<meta property=\"article:published_time\" content=\"2026-02-01T21:01:00+00:00\" \/>\n<meta name=\"author\" content=\"Telinha\" \/>\n<meta name=\"twitter:card\" content=\"summary_large_image\" \/>\n<meta name=\"twitter:label1\" content=\"Escrito por\" \/>\n\t<meta name=\"twitter:data1\" content=\"Telinha\" \/>\n\t<meta name=\"twitter:label2\" content=\"Tempo estimado de leitura\" \/>\n\t<meta name=\"twitter:data2\" content=\"1 minuto\" \/>\n<script type=\"application\/ld+json\" class=\"yoast-schema-graph\">{\"@context\":\"https:\/\/schema.org\",\"@graph\":[{\"@type\":\"Article\",\"@id\":\"https:\/\/portaltela.pt\/noticias\/2026\/02\/01\/ausencia-de-bellingham-divide-opinioes-na-espanha-sobre-o-real-madrid\/#article\",\"isPartOf\":{\"@id\":\"https:\/\/portaltela.pt\/noticias\/2026\/02\/01\/ausencia-de-bellingham-divide-opinioes-na-espanha-sobre-o-real-madrid\/\"},\"author\":{\"name\":\"Telinha\",\"@id\":\"https:\/\/portaltela.pt\/#\/schema\/person\/c4278d4a6028830caff9ee44b42d32ed\"},\"headline\":\"Aus\u00eancia de Bellingham divide opini\u00f5es na Espanha sobre o Real Madrid\",\"datePublished\":\"2026-02-01T21:01:00+00:00\",\"mainEntityOfPage\":{\"@id\":\"https:\/\/portaltela.pt\/noticias\/2026\/02\/01\/ausencia-de-bellingham-divide-opinioes-na-espanha-sobre-o-real-madrid\/\"},\"wordCount\":202,\"image\":{\"@id\":\"https:\/\/portaltela.pt\/noticias\/2026\/02\/01\/ausencia-de-bellingham-divide-opinioes-na-espanha-sobre-o-real-madrid\/#primaryimage\"},\"thumbnailUrl\":\"https:\/\/portaltela.pt\/s.01k8rhncp4jt1\/2026\/02\/img_920x518uu2026-02-01-17-06-21-2418852-im-639055623994055128-1.jpg\",\"keywords\":[\"Bellingham\",\"Benfica\",\"Champions League\",\"futebol\",\"les\u00f5es\",\"Real Madrid\"],\"articleSection\":[\"Desporto\",\"Futebol\"],\"inLanguage\":\"pt-PT\"},{\"@type\":\"WebPage\",\"@id\":\"https:\/\/portaltela.pt\/noticias\/2026\/02\/01\/ausencia-de-bellingham-divide-opinioes-na-espanha-sobre-o-real-madrid\/\",\"url\":\"https:\/\/portaltela.pt\/noticias\/2026\/02\/01\/ausencia-de-bellingham-divide-opinioes-na-espanha-sobre-o-real-madrid\/\",\"name\":\"Aus\u00eancia de Bellingham divide opini\u00f5es na Espanha sobre o Real Madrid - Portal Tela Portugal\",\"isPartOf\":{\"@id\":\"https:\/\/portaltela.pt\/#website\"},\"primaryImageOfPage\":{\"@id\":\"https:\/\/portaltela.pt\/noticias\/2026\/02\/01\/ausencia-de-bellingham-divide-opinioes-na-espanha-sobre-o-real-madrid\/#primaryimage\"},\"image\":{\"@id\":\"https:\/\/portaltela.pt\/noticias\/2026\/02\/01\/ausencia-de-bellingham-divide-opinioes-na-espanha-sobre-o-real-madrid\/#primaryimage\"},\"thumbnailUrl\":\"https:\/\/portaltela.pt\/s.01k8rhncp4jt1\/2026\/02\/img_920x518uu2026-02-01-17-06-21-2418852-im-639055623994055128-1.jpg\",\"datePublished\":\"2026-02-01T21:01:00+00:00\",\"author\":{\"@id\":\"https:\/\/portaltela.pt\/#\/schema\/person\/c4278d4a6028830caff9ee44b42d32ed\"},\"breadcrumb\":{\"@id\":\"https:\/\/portaltela.pt\/noticias\/2026\/02\/01\/ausencia-de-bellingham-divide-opinioes-na-espanha-sobre-o-real-madrid\/#breadcrumb\"},\"inLanguage\":\"pt-PT\",\"potentialAction\":[{\"@type\":\"ReadAction\",\"target\":[\"https:\/\/portaltela.pt\/noticias\/2026\/02\/01\/ausencia-de-bellingham-divide-opinioes-na-espanha-sobre-o-real-madrid\/\"]}]},{\"@type\":\"ImageObject\",\"inLanguage\":\"pt-PT\",\"@id\":\"https:\/\/portaltela.pt\/noticias\/2026\/02\/01\/ausencia-de-bellingham-divide-opinioes-na-espanha-sobre-o-real-madrid\/#primaryimage\",\"url\":\"https:\/\/portaltela.pt\/s.01k8rhncp4jt1\/2026\/02\/img_920x518uu2026-02-01-17-06-21-2418852-im-639055623994055128-1.jpg\",\"contentUrl\":\"https:\/\/portaltela.pt\/s.01k8rhncp4jt1\/2026\/02\/img_920x518uu2026-02-01-17-06-21-2418852-im-639055623994055128-1.jpg\",\"width\":796,\"height\":448,\"caption\":\"Bellingham sentiu desconforto antes do jogo no Santiago Bernab\u00e9u\"},{\"@type\":\"BreadcrumbList\",\"@id\":\"https:\/\/portaltela.pt\/noticias\/2026\/02\/01\/ausencia-de-bellingham-divide-opinioes-na-espanha-sobre-o-real-madrid\/#breadcrumb\",\"itemListElement\":[{\"@type\":\"ListItem\",\"position\":1,\"name\":\"In\u00edcio\",\"item\":\"https:\/\/portaltela.pt\/\"},{\"@type\":\"ListItem\",\"position\":2,\"name\":\"Aus\u00eancia de Bellingham divide opini\u00f5es na Espanha sobre o Real Madrid\"}]},{\"@type\":\"WebSite\",\"@id\":\"https:\/\/portaltela.pt\/#website\",\"url\":\"https:\/\/portaltela.pt\/\",\"name\":\"Portal Tela Portugal\",\"description\":\"\",\"potentialAction\":[{\"@type\":\"SearchAction\",\"target\":{\"@type\":\"EntryPoint\",\"urlTemplate\":\"https:\/\/portaltela.pt\/?s={search_term_string}\"},\"query-input\":{\"@type\":\"PropertyValueSpecification\",\"valueRequired\":true,\"valueName\":\"search_term_string\"}}],\"inLanguage\":\"pt-PT\"},{\"@type\":\"Person\",\"@id\":\"https:\/\/portaltela.pt\/#\/schema\/person\/c4278d4a6028830caff9ee44b42d32ed\",\"name\":\"Telinha\",\"image\":{\"@type\":\"ImageObject\",\"inLanguage\":\"pt-PT\",\"@id\":\"https:\/\/portaltela.pt\/s.01k8rhncp4jt1\/2025\/11\/talking-bot-125x125.png\",\"url\":\"https:\/\/portaltela.pt\/s.01k8rhncp4jt1\/2025\/11\/talking-bot-125x125.png\",\"contentUrl\":\"https:\/\/portaltela.pt\/s.01k8rhncp4jt1\/2025\/11\/talking-bot-125x125.png\",\"caption\":\"Telinha\"},\"sameAs\":[\"https:\/\/portaltela.pt\/\"],\"url\":\"https:\/\/portaltela.pt\/por\/367410592786\/\"}]}<\/script>\n<!-- \/ Yoast SEO plugin. -->","yoast_head_json":{"title":"Aus\u00eancia de Bellingham divide opini\u00f5es na Espanha sobre o Real Madrid - Portal Tela Portugal","robots":{"index":"index","follow":"follow","max-snippet":"max-snippet:-1","max-image-preview":"max-image-preview:large","max-video-preview":"max-video-preview:-1"},"og_locale":"pt_PT","og_type":"article","og_title":"Aus\u00eancia de Bellingham divide opini\u00f5es na Espanha sobre o Real Madrid - Portal Tela Portugal","og_description":"Jude Bellingham, estrela do Real Madrid, lesionou-se hoje no jogo frente ao Rayo Vallecano (2-1) da liga espanhola, com queixa na coxa esquerda. As primeiras indica\u00e7\u00f5es apontam para a aus\u00eancia do internacional ingl\u00eas no playoff da Liga dos Campe\u00f5es frente ao Benfica, marcado para 17 e 25 de fevereiro. A indisponibilidade do jogador gera debate em Espanha sobre se favorece ou n\u00e3o os merengues. A discuss\u00e3o sobre o impacto da les\u00e3o est\u00e1 a ganhar for\u00e7a entre comentadores e adeptos no pa\u00eds.","og_url":"https:\/\/portaltela.pt\/noticias\/2026\/02\/01\/ausencia-de-bellingham-divide-opinioes-na-espanha-sobre-o-real-madrid\/","og_site_name":"Portal Tela Portugal","article_published_time":"2026-02-01T21:01:00+00:00","author":"Telinha","twitter_card":"summary_large_image","twitter_misc":{"Escrito por":"Telinha","Tempo estimado de leitura":"1 minuto"},"schema":{"@context":"https:\/\/schema.org","@graph":[{"@type":"Article","@id":"https:\/\/portaltela.pt\/noticias\/2026\/02\/01\/ausencia-de-bellingham-divide-opinioes-na-espanha-sobre-o-real-madrid\/#article","isPartOf":{"@id":"https:\/\/portaltela.pt\/noticias\/2026\/02\/01\/ausencia-de-bellingham-divide-opinioes-na-espanha-sobre-o-real-madrid\/"},"author":{"name":"Telinha","@id":"https:\/\/portaltela.pt\/#\/schema\/person\/c4278d4a6028830caff9ee44b42d32ed"},"headline":"Aus\u00eancia de Bellingham divide opini\u00f5es na Espanha sobre o Real Madrid","datePublished":"2026-02-01T21:01:00+00:00","mainEntityOfPage":{"@id":"https:\/\/portaltela.pt\/noticias\/2026\/02\/01\/ausencia-de-bellingham-divide-opinioes-na-espanha-sobre-o-real-madrid\/"},"wordCount":202,"image":{"@id":"https:\/\/portaltela.pt\/noticias\/2026\/02\/01\/ausencia-de-bellingham-divide-opinioes-na-espanha-sobre-o-real-madrid\/#primaryimage"},"thumbnailUrl":"https:\/\/portaltela.pt\/s.01k8rhncp4jt1\/2026\/02\/img_920x518uu2026-02-01-17-06-21-2418852-im-639055623994055128-1.jpg","keywords":["Bellingham","Benfica","Champions League","futebol","les\u00f5es","Real Madrid"],"articleSection":["Desporto","Futebol"],"inLanguage":"pt-PT"},{"@type":"WebPage","@id":"https:\/\/portaltela.pt\/noticias\/2026\/02\/01\/ausencia-de-bellingham-divide-opinioes-na-espanha-sobre-o-real-madrid\/","url":"https:\/\/portaltela.pt\/noticias\/2026\/02\/01\/ausencia-de-bellingham-divide-opinioes-na-espanha-sobre-o-real-madrid\/","name":"Aus\u00eancia de Bellingham divide opini\u00f5es na Espanha sobre o Real Madrid - Portal Tela Portugal","isPartOf":{"@id":"https:\/\/portaltela.pt\/#website"},"primaryImageOfPage":{"@id":"https:\/\/portaltela.pt\/noticias\/2026\/02\/01\/ausencia-de-bellingham-divide-opinioes-na-espanha-sobre-o-real-madrid\/#primaryimage"},"image":{"@id":"https:\/\/portaltela.pt\/noticias\/2026\/02\/01\/ausencia-de-bellingham-divide-opinioes-na-espanha-sobre-o-real-madrid\/#primaryimage"},"thumbnailUrl":"https:\/\/portaltela.pt\/s.01k8rhncp4jt1\/2026\/02\/img_920x518uu2026-02-01-17-06-21-2418852-im-639055623994055128-1.jpg","datePublished":"2026-02-01T21:01:00+00:00","author":{"@id":"https:\/\/portaltela.pt\/#\/schema\/person\/c4278d4a6028830caff9ee44b42d32ed"},"breadcrumb":{"@id":"https:\/\/portaltela.pt\/noticias\/2026\/02\/01\/ausencia-de-bellingham-divide-opinioes-na-espanha-sobre-o-real-madrid\/#breadcrumb"},"inLanguage":"pt-PT","potentialAction":[{"@type":"ReadAction","target":["https:\/\/portaltela.pt\/noticias\/2026\/02\/01\/ausencia-de-bellingham-divide-opinioes-na-espanha-sobre-o-real-madrid\/"]}]},{"@type":"ImageObject","inLanguage":"pt-PT","@id":"https:\/\/portaltela.pt\/noticias\/2026\/02\/01\/ausencia-de-bellingham-divide-opinioes-na-espanha-sobre-o-real-madrid\/#primaryimage","url":"https:\/\/portaltela.pt\/s.01k8rhncp4jt1\/2026\/02\/img_920x518uu2026-02-01-17-06-21-2418852-im-639055623994055128-1.jpg","contentUrl":"https:\/\/portaltela.pt\/s.01k8rhncp4jt1\/2026\/02\/img_920x518uu2026-02-01-17-06-21-2418852-im-639055623994055128-1.jpg","width":796,"height":448,"caption":"Bellingham sentiu desconforto antes do jogo no Santiago Bernab\u00e9u"},{"@type":"BreadcrumbList","@id":"https:\/\/portaltela.pt\/noticias\/2026\/02\/01\/ausencia-de-bellingham-divide-opinioes-na-espanha-sobre-o-real-madrid\/#breadcrumb","itemListElement":[{"@type":"ListItem","position":1,"name":"In\u00edcio","item":"https:\/\/portaltela.pt\/"},{"@type":"ListItem","position":2,"name":"Aus\u00eancia de Bellingham divide opini\u00f5es na Espanha sobre o Real Madrid"}]},{"@type":"WebSite","@id":"https:\/\/portaltela.pt\/#website","url":"https:\/\/portaltela.pt\/","name":"Portal Tela Portugal","description":"","potentialAction":[{"@type":"SearchAction","target":{"@type":"EntryPoint","urlTemplate":"https:\/\/portaltela.pt\/?s={search_term_string}"},"query-input":{"@type":"PropertyValueSpecification","valueRequired":true,"valueName":"search_term_string"}}],"inLanguage":"pt-PT"},{"@type":"Person","@id":"https:\/\/portaltela.pt\/#\/schema\/person\/c4278d4a6028830caff9ee44b42d32ed","name":"Telinha","image":{"@type":"ImageObject","inLanguage":"pt-PT","@id":"https:\/\/portaltela.pt\/s.01k8rhncp4jt1\/2025\/11\/talking-bot-125x125.png","url":"https:\/\/portaltela.pt\/s.01k8rhncp4jt1\/2025\/11\/talking-bot-125x125.png","contentUrl":"https:\/\/portaltela.pt\/s.01k8rhncp4jt1\/2025\/11\/talking-bot-125x125.png","caption":"Telinha"},"sameAs":["https:\/\/portaltela.pt\/"],"url":"https:\/\/portaltela.pt\/por\/367410592786\/"}]}},"_links":{"self":[{"href":"https:\/\/portaltela.pt\/api\/wp\/v2\/posts\/189497","targetHints":{"allow":["GET"]}}],"collection":[{"href":"https:\/\/portaltela.pt\/api\/wp\/v2\/posts"}],"about":[{"href":"https:\/\/portaltela.pt\/api\/wp\/v2\/types\/post"}],"author":[{"embeddable":true,"href":"https:\/\/portaltela.pt\/api\/wp\/v2\/users\/2"}],"replies":[{"embeddable":true,"href":"https:\/\/portaltela.pt\/api\/wp\/v2\/comments?post=189497"}],"version-history":[{"count":0,"href":"https:\/\/portaltela.pt\/api\/wp\/v2\/posts\/189497\/revisions"}],"wp:featuredmedia":[{"embeddable":true,"href":"https:\/\/portaltela.pt\/api\/wp\/v2\/media\/189498"}],"wp:attachment":[{"href":"https:\/\/portaltela.pt\/api\/wp\/v2\/media?parent=189497"}],"wp:term":[{"taxonomy":"category","embeddable":true,"href":"https:\/\/portaltela.pt\/api\/wp\/v2\/categories?post=189497"},{"taxonomy":"post_tag","embeddable":true,"href":"https:\/\/portaltela.pt\/api\/wp\/v2\/tags?post=189497"}],"curies":[{"name":"wp","href":"https:\/\/api.w.org\/{rel}","templated":true}]}}