{"id":189485,"date":"2026-02-01T18:00:00","date_gmt":"2026-02-01T21:00:00","guid":{"rendered":"https:\/\/portaltela.pt\/noticias\/2026\/02\/01\/coruche-recebe-apoio-de-militares-da-marinha-para-assistencia-a-populacao\/"},"modified":"2026-02-01T18:00:00","modified_gmt":"2026-02-01T21:00:00","slug":"coruche-recebe-apoio-de-militares-da-marinha-para-assistencia-a-populacao","status":"publish","type":"post","link":"https:\/\/portaltela.pt\/noticias\/2026\/02\/01\/coruche-recebe-apoio-de-militares-da-marinha-para-assistencia-a-populacao\/","title":{"rendered":"Coruche recebe apoio de militares da Marinha para assist\u00eancia \u00e0 popula\u00e7\u00e3o"},"content":{"rendered":"<p>Coruche vai receber, a partir das 21h30 de domingo, uma for\u00e7a de cerca de 10 militares da Marinha para apoiar a Prote\u00e7\u00e3o Civil, durante o tempo em que for necess\u00e1rio. A miss\u00e3o decorre devido a previs\u00f5es de mau tempo e poss\u00edvel cheias nos pr\u00f3ximos dias.<\/p>\n<p>A medida foi aprovada pela Autoridade Nacional de Emerg\u00eancia e Prote\u00e7\u00e3o Civil em parceria com a Marinha Portuguesa. O objetivo \u00e9 refor\u00e7ar o contingente de socorro e assegurar atua\u00e7\u00e3o r\u00e1pida em situa\u00e7\u00f5es de emerg\u00eancia.<\/p>\n<p>Os militares v\u00e3o ficar instalados no quartel dos Bombeiros Municipais de Coruche e atuar\u00e3o sob a hierarquia da Prote\u00e7\u00e3o Civil. Podem ser mobilizados para qualquer concelho da Lez\u00edria do Tejo.<\/p>\n<p>A Marinha descreve que os militares realizam patrulhas de vigil\u00e2ncia e monitoriza\u00e7\u00e3o de \u00e1reas cr\u00edticas, com foco especial em zonas ribeirinhas, mantendo contacto com a popula\u00e7\u00e3o para identificar necessidades.<\/p>\n<p>Nos pr\u00f3ximos dias, h\u00e1 barcos em prontid\u00e3o para apoio em cheias. Alguns est\u00e3o j\u00e1 posicionados junto \u00e0s margens do Tejo, Mondego e Sado, conforme previs\u00e3o de chuva persistente.<\/p>\n<h3>Distribui\u00e7\u00e3o geogr\u00e1fica e recursos<\/h3>\n<p>Al\u00e9m de Coruche, h\u00e1 militares da Marinha em Batalha, Coimbra, Leiria, Marinha Grande, Montemor-o-Velho, Soure e Vila Nova da Barquinha, apoiando autarquias e bombeiros na desobstru\u00e7\u00e3o, reconstru\u00e7\u00e3o, isolamento de locais e transporte de material.<\/p>\n<p>No total, a miss\u00e3o envolve 240 militares, 35 viaturas, 31 botes, cinco geradores, cinco drones e um helic\u00f3ptero, preparados para atua\u00e7\u00e3o conforme as necessidades das zonas afetadas.<\/p>\n","protected":false},"excerpt":{"rendered":"<ul>\n<li>Uma dezena de militares da Marinha v\u00e3o refor\u00e7ar a Prote\u00e7\u00e3o Civil de Coruche a partir das 21h30 de domingo, com atua\u00e7\u00e3o conforme for necess\u00e1rio.<\/li>\n<li>A medida resulta de previs\u00f5es de mau tempo e poss\u00edvel cheias nos pr\u00f3ximos dias, em articula\u00e7\u00e3o entre a Autoridade Nacional de Emerg\u00eancia e Prote\u00e7\u00e3o Civil e a Marinha Portuguesa.<\/li>\n<li>Os militares ficar\u00e3o no quartel dos Bombeiros Municipais de Coruche e podem ser mobilizados para qualquer um dos concelhos da Lez\u00edria do Tejo, sob ordens da Prote\u00e7\u00e3o Civil.<\/li>\n<li>As tropas v\u00e3o realizar patrulhas de vigil\u00e2ncia em \u00e1reas cr\u00edticas e zonas ribeirinhas; ter\u00e3o botes em prontid\u00e3o junto \u00e0s margens do Tejo, Mondego e Sado.<\/li>\n<li>No total est\u00e3o envolvidos 240 militares, 35 viaturas, 31 botes, 5 geradores, 5 drones e um helic\u00f3ptero, com apoio \u00e0s autarquias e bombeiros em desobstru\u00e7\u00e3o, reconstru\u00e7\u00e3o, isolamento de locais, manuten\u00e7\u00e3o de geradores, remo\u00e7\u00e3o de detritos e transporte de material de constru\u00e7\u00e3o.<\/li>\n<\/ul>\n","protected":false},"author":2,"featured_media":189486,"comment_status":"closed","ping_status":"closed","sticky":false,"template":"","format":"standard","meta":{"footnotes":""},"categories":[1],"tags":[3812,971,4127,3623,2269,320],"class_list":["post-189485","post","type-post","status-publish","format-standard","has-post-thumbnail","hentry","category-noticias","tag-alagamentos","tag-bombeiros","tag-coruche","tag-leziria-do-tejo","tag-marinha-portuguesa","tag-protecao-civil"],"yoast_head":"<!-- This site is optimized with the Yoast SEO plugin v27.2 - https:\/\/yoast.com\/product\/yoast-seo-wordpress\/ -->\n<title>Coruche recebe apoio de militares da Marinha para assist\u00eancia \u00e0 popula\u00e7\u00e3o - Portal Tela Portugal<\/title>\n<meta name=\"robots\" content=\"index, follow, max-snippet:-1, max-image-preview:large, max-video-preview:-1\" \/>\n<meta property=\"og:locale\" content=\"pt_PT\" \/>\n<meta property=\"og:type\" content=\"article\" \/>\n<meta property=\"og:title\" content=\"Coruche recebe apoio de militares da Marinha para assist\u00eancia \u00e0 popula\u00e7\u00e3o - Portal Tela Portugal\" \/>\n<meta property=\"og:description\" content=\"Uma dezena de militares da Marinha v\u00e3o refor\u00e7ar a Prote\u00e7\u00e3o Civil de Coruche a partir das 21h30 de domingo, com atua\u00e7\u00e3o conforme for necess\u00e1rio. A medida resulta de previs\u00f5es de mau tempo e poss\u00edvel cheias nos pr\u00f3ximos dias, em articula\u00e7\u00e3o entre a Autoridade Nacional de Emerg\u00eancia e Prote\u00e7\u00e3o Civil e a Marinha Portuguesa. Os militares ficar\u00e3o no quartel dos Bombeiros Municipais de Coruche e podem ser mobilizados para qualquer um dos concelhos da Lez\u00edria do Tejo, sob ordens da Prote\u00e7\u00e3o Civil. As tropas v\u00e3o realizar patrulhas de vigil\u00e2ncia em \u00e1reas cr\u00edticas e zonas ribeirinhas; ter\u00e3o botes em prontid\u00e3o junto \u00e0s margens do Tejo, Mondego e Sado. No total est\u00e3o envolvidos 240 militares, 35 viaturas, 31 botes, 5 geradores, 5 drones e um helic\u00f3ptero, com apoio \u00e0s autarquias e bombeiros em desobstru\u00e7\u00e3o, reconstru\u00e7\u00e3o, isolamento de locais, manuten\u00e7\u00e3o de geradores, remo\u00e7\u00e3o de detritos e transporte de material de constru\u00e7\u00e3o.\" \/>\n<meta property=\"og:url\" content=\"https:\/\/portaltela.pt\/noticias\/2026\/02\/01\/coruche-recebe-apoio-de-militares-da-marinha-para-assistencia-a-populacao\/\" \/>\n<meta property=\"og:site_name\" content=\"Portal Tela Portugal\" \/>\n<meta property=\"article:published_time\" content=\"2026-02-01T21:00:00+00:00\" \/>\n<meta name=\"author\" content=\"Telinha\" \/>\n<meta name=\"twitter:card\" content=\"summary_large_image\" \/>\n<meta name=\"twitter:label1\" content=\"Escrito por\" \/>\n\t<meta name=\"twitter:data1\" content=\"Telinha\" \/>\n\t<meta name=\"twitter:label2\" content=\"Tempo estimado de leitura\" \/>\n\t<meta name=\"twitter:data2\" content=\"1 minuto\" \/>\n<script type=\"application\/ld+json\" class=\"yoast-schema-graph\">{\"@context\":\"https:\/\/schema.org\",\"@graph\":[{\"@type\":\"Article\",\"@id\":\"https:\/\/portaltela.pt\/noticias\/2026\/02\/01\/coruche-recebe-apoio-de-militares-da-marinha-para-assistencia-a-populacao\/#article\",\"isPartOf\":{\"@id\":\"https:\/\/portaltela.pt\/noticias\/2026\/02\/01\/coruche-recebe-apoio-de-militares-da-marinha-para-assistencia-a-populacao\/\"},\"author\":{\"name\":\"Telinha\",\"@id\":\"https:\/\/portaltela.pt\/#\/schema\/person\/c4278d4a6028830caff9ee44b42d32ed\"},\"headline\":\"Coruche recebe apoio de militares da Marinha para assist\u00eancia \u00e0 popula\u00e7\u00e3o\",\"datePublished\":\"2026-02-01T21:00:00+00:00\",\"mainEntityOfPage\":{\"@id\":\"https:\/\/portaltela.pt\/noticias\/2026\/02\/01\/coruche-recebe-apoio-de-militares-da-marinha-para-assistencia-a-populacao\/\"},\"wordCount\":272,\"image\":{\"@id\":\"https:\/\/portaltela.pt\/noticias\/2026\/02\/01\/coruche-recebe-apoio-de-militares-da-marinha-para-assistencia-a-populacao\/#primaryimage\"},\"thumbnailUrl\":\"https:\/\/portaltela.pt\/s.01k8rhncp4jt1\/2026\/02\/Marinha_Tempestade-e1769979583241.jpg\",\"keywords\":[\"alagamentos\",\"bombeiros\",\"Coruche\",\"Lez\u00edria do Tejo\",\"Marinha Portuguesa\",\"prote\u00e7\u00e3o civil\"],\"articleSection\":[\"Not\u00edcias\"],\"inLanguage\":\"pt-PT\"},{\"@type\":\"WebPage\",\"@id\":\"https:\/\/portaltela.pt\/noticias\/2026\/02\/01\/coruche-recebe-apoio-de-militares-da-marinha-para-assistencia-a-populacao\/\",\"url\":\"https:\/\/portaltela.pt\/noticias\/2026\/02\/01\/coruche-recebe-apoio-de-militares-da-marinha-para-assistencia-a-populacao\/\",\"name\":\"Coruche recebe apoio de militares da Marinha para assist\u00eancia \u00e0 popula\u00e7\u00e3o - Portal Tela Portugal\",\"isPartOf\":{\"@id\":\"https:\/\/portaltela.pt\/#website\"},\"primaryImageOfPage\":{\"@id\":\"https:\/\/portaltela.pt\/noticias\/2026\/02\/01\/coruche-recebe-apoio-de-militares-da-marinha-para-assistencia-a-populacao\/#primaryimage\"},\"image\":{\"@id\":\"https:\/\/portaltela.pt\/noticias\/2026\/02\/01\/coruche-recebe-apoio-de-militares-da-marinha-para-assistencia-a-populacao\/#primaryimage\"},\"thumbnailUrl\":\"https:\/\/portaltela.pt\/s.01k8rhncp4jt1\/2026\/02\/Marinha_Tempestade-e1769979583241.jpg\",\"datePublished\":\"2026-02-01T21:00:00+00:00\",\"author\":{\"@id\":\"https:\/\/portaltela.pt\/#\/schema\/person\/c4278d4a6028830caff9ee44b42d32ed\"},\"breadcrumb\":{\"@id\":\"https:\/\/portaltela.pt\/noticias\/2026\/02\/01\/coruche-recebe-apoio-de-militares-da-marinha-para-assistencia-a-populacao\/#breadcrumb\"},\"inLanguage\":\"pt-PT\",\"potentialAction\":[{\"@type\":\"ReadAction\",\"target\":[\"https:\/\/portaltela.pt\/noticias\/2026\/02\/01\/coruche-recebe-apoio-de-militares-da-marinha-para-assistencia-a-populacao\/\"]}]},{\"@type\":\"ImageObject\",\"inLanguage\":\"pt-PT\",\"@id\":\"https:\/\/portaltela.pt\/noticias\/2026\/02\/01\/coruche-recebe-apoio-de-militares-da-marinha-para-assistencia-a-populacao\/#primaryimage\",\"url\":\"https:\/\/portaltela.pt\/s.01k8rhncp4jt1\/2026\/02\/Marinha_Tempestade-e1769979583241.jpg\",\"contentUrl\":\"https:\/\/portaltela.pt\/s.01k8rhncp4jt1\/2026\/02\/Marinha_Tempestade-e1769979583241.jpg\",\"width\":796,\"height\":448,\"caption\":\"Coruche vai ter militares da Marinha prontos para apoiar popula\u00e7\u00e3o\"},{\"@type\":\"BreadcrumbList\",\"@id\":\"https:\/\/portaltela.pt\/noticias\/2026\/02\/01\/coruche-recebe-apoio-de-militares-da-marinha-para-assistencia-a-populacao\/#breadcrumb\",\"itemListElement\":[{\"@type\":\"ListItem\",\"position\":1,\"name\":\"In\u00edcio\",\"item\":\"https:\/\/portaltela.pt\/\"},{\"@type\":\"ListItem\",\"position\":2,\"name\":\"Coruche recebe apoio de militares da Marinha para assist\u00eancia \u00e0 popula\u00e7\u00e3o\"}]},{\"@type\":\"WebSite\",\"@id\":\"https:\/\/portaltela.pt\/#website\",\"url\":\"https:\/\/portaltela.pt\/\",\"name\":\"Portal Tela Portugal\",\"description\":\"\",\"potentialAction\":[{\"@type\":\"SearchAction\",\"target\":{\"@type\":\"EntryPoint\",\"urlTemplate\":\"https:\/\/portaltela.pt\/?s={search_term_string}\"},\"query-input\":{\"@type\":\"PropertyValueSpecification\",\"valueRequired\":true,\"valueName\":\"search_term_string\"}}],\"inLanguage\":\"pt-PT\"},{\"@type\":\"Person\",\"@id\":\"https:\/\/portaltela.pt\/#\/schema\/person\/c4278d4a6028830caff9ee44b42d32ed\",\"name\":\"Telinha\",\"image\":{\"@type\":\"ImageObject\",\"inLanguage\":\"pt-PT\",\"@id\":\"https:\/\/portaltela.pt\/s.01k8rhncp4jt1\/2025\/11\/talking-bot-125x125.png\",\"url\":\"https:\/\/portaltela.pt\/s.01k8rhncp4jt1\/2025\/11\/talking-bot-125x125.png\",\"contentUrl\":\"https:\/\/portaltela.pt\/s.01k8rhncp4jt1\/2025\/11\/talking-bot-125x125.png\",\"caption\":\"Telinha\"},\"sameAs\":[\"https:\/\/portaltela.pt\/\"],\"url\":\"https:\/\/portaltela.pt\/por\/367410592786\/\"}]}<\/script>\n<!-- \/ Yoast SEO plugin. -->","yoast_head_json":{"title":"Coruche recebe apoio de militares da Marinha para assist\u00eancia \u00e0 popula\u00e7\u00e3o - Portal Tela Portugal","robots":{"index":"index","follow":"follow","max-snippet":"max-snippet:-1","max-image-preview":"max-image-preview:large","max-video-preview":"max-video-preview:-1"},"og_locale":"pt_PT","og_type":"article","og_title":"Coruche recebe apoio de militares da Marinha para assist\u00eancia \u00e0 popula\u00e7\u00e3o - Portal Tela Portugal","og_description":"Uma dezena de militares da Marinha v\u00e3o refor\u00e7ar a Prote\u00e7\u00e3o Civil de Coruche a partir das 21h30 de domingo, com atua\u00e7\u00e3o conforme for necess\u00e1rio. A medida resulta de previs\u00f5es de mau tempo e poss\u00edvel cheias nos pr\u00f3ximos dias, em articula\u00e7\u00e3o entre a Autoridade Nacional de Emerg\u00eancia e Prote\u00e7\u00e3o Civil e a Marinha Portuguesa. Os militares ficar\u00e3o no quartel dos Bombeiros Municipais de Coruche e podem ser mobilizados para qualquer um dos concelhos da Lez\u00edria do Tejo, sob ordens da Prote\u00e7\u00e3o Civil. As tropas v\u00e3o realizar patrulhas de vigil\u00e2ncia em \u00e1reas cr\u00edticas e zonas ribeirinhas; ter\u00e3o botes em prontid\u00e3o junto \u00e0s margens do Tejo, Mondego e Sado. No total est\u00e3o envolvidos 240 militares, 35 viaturas, 31 botes, 5 geradores, 5 drones e um helic\u00f3ptero, com apoio \u00e0s autarquias e bombeiros em desobstru\u00e7\u00e3o, reconstru\u00e7\u00e3o, isolamento de locais, manuten\u00e7\u00e3o de geradores, remo\u00e7\u00e3o de detritos e transporte de material de constru\u00e7\u00e3o.","og_url":"https:\/\/portaltela.pt\/noticias\/2026\/02\/01\/coruche-recebe-apoio-de-militares-da-marinha-para-assistencia-a-populacao\/","og_site_name":"Portal Tela Portugal","article_published_time":"2026-02-01T21:00:00+00:00","author":"Telinha","twitter_card":"summary_large_image","twitter_misc":{"Escrito por":"Telinha","Tempo estimado de leitura":"1 minuto"},"schema":{"@context":"https:\/\/schema.org","@graph":[{"@type":"Article","@id":"https:\/\/portaltela.pt\/noticias\/2026\/02\/01\/coruche-recebe-apoio-de-militares-da-marinha-para-assistencia-a-populacao\/#article","isPartOf":{"@id":"https:\/\/portaltela.pt\/noticias\/2026\/02\/01\/coruche-recebe-apoio-de-militares-da-marinha-para-assistencia-a-populacao\/"},"author":{"name":"Telinha","@id":"https:\/\/portaltela.pt\/#\/schema\/person\/c4278d4a6028830caff9ee44b42d32ed"},"headline":"Coruche recebe apoio de militares da Marinha para assist\u00eancia \u00e0 popula\u00e7\u00e3o","datePublished":"2026-02-01T21:00:00+00:00","mainEntityOfPage":{"@id":"https:\/\/portaltela.pt\/noticias\/2026\/02\/01\/coruche-recebe-apoio-de-militares-da-marinha-para-assistencia-a-populacao\/"},"wordCount":272,"image":{"@id":"https:\/\/portaltela.pt\/noticias\/2026\/02\/01\/coruche-recebe-apoio-de-militares-da-marinha-para-assistencia-a-populacao\/#primaryimage"},"thumbnailUrl":"https:\/\/portaltela.pt\/s.01k8rhncp4jt1\/2026\/02\/Marinha_Tempestade-e1769979583241.jpg","keywords":["alagamentos","bombeiros","Coruche","Lez\u00edria do Tejo","Marinha Portuguesa","prote\u00e7\u00e3o civil"],"articleSection":["Not\u00edcias"],"inLanguage":"pt-PT"},{"@type":"WebPage","@id":"https:\/\/portaltela.pt\/noticias\/2026\/02\/01\/coruche-recebe-apoio-de-militares-da-marinha-para-assistencia-a-populacao\/","url":"https:\/\/portaltela.pt\/noticias\/2026\/02\/01\/coruche-recebe-apoio-de-militares-da-marinha-para-assistencia-a-populacao\/","name":"Coruche recebe apoio de militares da Marinha para assist\u00eancia \u00e0 popula\u00e7\u00e3o - Portal Tela Portugal","isPartOf":{"@id":"https:\/\/portaltela.pt\/#website"},"primaryImageOfPage":{"@id":"https:\/\/portaltela.pt\/noticias\/2026\/02\/01\/coruche-recebe-apoio-de-militares-da-marinha-para-assistencia-a-populacao\/#primaryimage"},"image":{"@id":"https:\/\/portaltela.pt\/noticias\/2026\/02\/01\/coruche-recebe-apoio-de-militares-da-marinha-para-assistencia-a-populacao\/#primaryimage"},"thumbnailUrl":"https:\/\/portaltela.pt\/s.01k8rhncp4jt1\/2026\/02\/Marinha_Tempestade-e1769979583241.jpg","datePublished":"2026-02-01T21:00:00+00:00","author":{"@id":"https:\/\/portaltela.pt\/#\/schema\/person\/c4278d4a6028830caff9ee44b42d32ed"},"breadcrumb":{"@id":"https:\/\/portaltela.pt\/noticias\/2026\/02\/01\/coruche-recebe-apoio-de-militares-da-marinha-para-assistencia-a-populacao\/#breadcrumb"},"inLanguage":"pt-PT","potentialAction":[{"@type":"ReadAction","target":["https:\/\/portaltela.pt\/noticias\/2026\/02\/01\/coruche-recebe-apoio-de-militares-da-marinha-para-assistencia-a-populacao\/"]}]},{"@type":"ImageObject","inLanguage":"pt-PT","@id":"https:\/\/portaltela.pt\/noticias\/2026\/02\/01\/coruche-recebe-apoio-de-militares-da-marinha-para-assistencia-a-populacao\/#primaryimage","url":"https:\/\/portaltela.pt\/s.01k8rhncp4jt1\/2026\/02\/Marinha_Tempestade-e1769979583241.jpg","contentUrl":"https:\/\/portaltela.pt\/s.01k8rhncp4jt1\/2026\/02\/Marinha_Tempestade-e1769979583241.jpg","width":796,"height":448,"caption":"Coruche vai ter militares da Marinha prontos para apoiar popula\u00e7\u00e3o"},{"@type":"BreadcrumbList","@id":"https:\/\/portaltela.pt\/noticias\/2026\/02\/01\/coruche-recebe-apoio-de-militares-da-marinha-para-assistencia-a-populacao\/#breadcrumb","itemListElement":[{"@type":"ListItem","position":1,"name":"In\u00edcio","item":"https:\/\/portaltela.pt\/"},{"@type":"ListItem","position":2,"name":"Coruche recebe apoio de militares da Marinha para assist\u00eancia \u00e0 popula\u00e7\u00e3o"}]},{"@type":"WebSite","@id":"https:\/\/portaltela.pt\/#website","url":"https:\/\/portaltela.pt\/","name":"Portal Tela Portugal","description":"","potentialAction":[{"@type":"SearchAction","target":{"@type":"EntryPoint","urlTemplate":"https:\/\/portaltela.pt\/?s={search_term_string}"},"query-input":{"@type":"PropertyValueSpecification","valueRequired":true,"valueName":"search_term_string"}}],"inLanguage":"pt-PT"},{"@type":"Person","@id":"https:\/\/portaltela.pt\/#\/schema\/person\/c4278d4a6028830caff9ee44b42d32ed","name":"Telinha","image":{"@type":"ImageObject","inLanguage":"pt-PT","@id":"https:\/\/portaltela.pt\/s.01k8rhncp4jt1\/2025\/11\/talking-bot-125x125.png","url":"https:\/\/portaltela.pt\/s.01k8rhncp4jt1\/2025\/11\/talking-bot-125x125.png","contentUrl":"https:\/\/portaltela.pt\/s.01k8rhncp4jt1\/2025\/11\/talking-bot-125x125.png","caption":"Telinha"},"sameAs":["https:\/\/portaltela.pt\/"],"url":"https:\/\/portaltela.pt\/por\/367410592786\/"}]}},"_links":{"self":[{"href":"https:\/\/portaltela.pt\/api\/wp\/v2\/posts\/189485","targetHints":{"allow":["GET"]}}],"collection":[{"href":"https:\/\/portaltela.pt\/api\/wp\/v2\/posts"}],"about":[{"href":"https:\/\/portaltela.pt\/api\/wp\/v2\/types\/post"}],"author":[{"embeddable":true,"href":"https:\/\/portaltela.pt\/api\/wp\/v2\/users\/2"}],"replies":[{"embeddable":true,"href":"https:\/\/portaltela.pt\/api\/wp\/v2\/comments?post=189485"}],"version-history":[{"count":0,"href":"https:\/\/portaltela.pt\/api\/wp\/v2\/posts\/189485\/revisions"}],"wp:featuredmedia":[{"embeddable":true,"href":"https:\/\/portaltela.pt\/api\/wp\/v2\/media\/189486"}],"wp:attachment":[{"href":"https:\/\/portaltela.pt\/api\/wp\/v2\/media?parent=189485"}],"wp:term":[{"taxonomy":"category","embeddable":true,"href":"https:\/\/portaltela.pt\/api\/wp\/v2\/categories?post=189485"},{"taxonomy":"post_tag","embeddable":true,"href":"https:\/\/portaltela.pt\/api\/wp\/v2\/tags?post=189485"}],"curies":[{"name":"wp","href":"https:\/\/api.w.org\/{rel}","templated":true}]}}