{"id":189465,"date":"2026-02-01T17:54:00","date_gmt":"2026-02-01T20:54:00","guid":{"rendered":"https:\/\/portaltela.pt\/noticias\/2026\/02\/01\/rui-borges-afasta-saida-de-hjulmand-e-fala-em-protecao\/"},"modified":"2026-02-01T17:54:00","modified_gmt":"2026-02-01T20:54:00","slug":"rui-borges-afasta-saida-de-hjulmand-e-fala-em-protecao","status":"publish","type":"post","link":"https:\/\/portaltela.pt\/desporto\/futebol\/2026\/02\/01\/rui-borges-afasta-saida-de-hjulmand-e-fala-em-protecao\/","title":{"rendered":"Rui Borges afasta sa\u00edda de Hjulmand e fala em prote\u00e7\u00e3o"},"content":{"rendered":"<p>Sporting ganhou, mesmo com aus\u00eancia de Hjulmand, em Alvalade. A equipa verde e branca venceu o Nacional por 1-0 no regresso da Liga e manteve a sequ\u00eancia de vit\u00f3rias na Liga. Lu\u00eds Su\u00e1rez voltou a decidir nos descontos, ao 25\u00ba golo da temporada.<\/p>\n<p>Apesar do triunfo, o encontro ficou marcado pela aus\u00eancia de Morten Hjulmand por decis\u00e3o estrat\u00e9gica para o proteger. Rui Borges explicou tratar-se de uma op\u00e7\u00e3o interna, com o capit\u00e3o de fora por motivos pessoais. O t\u00e9cnico destacou ainda a dificuldade do encontro frente a um Nacional que mostrou consist\u00eancia.<\/p>\n<p>A equipa de Alvalade entrou com Pedro Gon\u00e7alves de volta ao 11, ap\u00f3s risco de castigo, e o capit\u00e3o inaugurou o marcador no seu 100.\u00ba golo da carreira. Su\u00e1rez manteve o registo goleador ao marcar nos descontos, somando o 25.\u00ba da \u00e9poca e o 18.\u00ba no Campeonato.<\/p>\n<h3>Aus\u00eancia de Hjulmand<\/h3>\n<p>Rui Borges disse que a aus\u00eancia do capit\u00e3o foi uma decis\u00e3o nossa para proteg\u00ea-lo, sem entrar em mais detalhes. A equipa respondeu com dignidade, apesar de reconhecer menor inspira\u00e7\u00e3o na constru\u00e7\u00e3o das jogadas. O treinador admitiu que o Nacional criou perigo na primeira parte.<\/p>\n<h3>Olhando para frente<\/h3>\n<p>O treinador destacou os pr\u00f3ximos desafios, com o AVS pela Ta\u00e7a de Portugal e o FC Porto no campeonato. Borges frisou a import\u00e2ncia de vencer estas partidas e confirmou que Pedro Gon\u00e7alves e Su\u00e1rez dever\u00e3o estar dispon\u00edveis, salvo altera\u00e7\u00f5es de \u00faltima hora. A equipa segue na frente dos golos no desconto.<\/p>\n","protected":false},"excerpt":{"rendered":"<ul>\n<li>Rui Borges explicou a aus\u00eancia do capit\u00e3o Morten Hjulmand por op\u00e7\u00e3o de prote\u00e7\u00e3o e treino para evitar desgaste, afirmando que foi uma decis\u00e3o da equipa.<\/li>\n<li>O Sporting venceu o Nacional, mantendo a s\u00e9rie de vit\u00f3rias e consolidando o registo de 25 partidas sem perder, com dez triunfos consecutivos.<\/li>\n<li>Lu\u00eds Su\u00e1rez voltou a marcar nos descontos, chegando ao 25\u00ba tento da temporada ao servi\u00e7o dos le\u00f5es, com o 18\u00ba no campeonato.<\/li>\n<li>Pedro Gon\u00e7alves festejou o seu 100.\u00ba gol na carreira, marcou no encontro e esteve de volta \u00e0 titularidade sem receber cart\u00e3o.<\/li>\n<li>O treinador destacou os pr\u00f3ximos jogos frente ao AVS e ao FC Porto, sublinhando a necessidade de manter o foco e proteger jogadores para esses compromissos.<\/li>\n<\/ul>\n","protected":false},"author":2,"featured_media":189473,"comment_status":"closed","ping_status":"closed","sticky":false,"template":"","format":"standard","meta":{"footnotes":""},"categories":[21,24],"tags":[4059,32,3373,1652,4151,1266],"class_list":["post-189465","post","type-post","status-publish","format-standard","has-post-thumbnail","hentry","category-desporto","category-futebol","tag-1-a-liga","tag-futebol","tag-pedro-goncalves","tag-sporting","tag-suarez","tag-taca-de-portugal"],"yoast_head":"<!-- This site is optimized with the Yoast SEO plugin v27.2 - https:\/\/yoast.com\/product\/yoast-seo-wordpress\/ -->\n<title>Rui Borges afasta sa\u00edda de Hjulmand e fala em prote\u00e7\u00e3o - Portal Tela Portugal<\/title>\n<meta name=\"robots\" content=\"index, follow, max-snippet:-1, max-image-preview:large, max-video-preview:-1\" \/>\n<meta property=\"og:locale\" content=\"pt_PT\" \/>\n<meta property=\"og:type\" content=\"article\" \/>\n<meta property=\"og:title\" content=\"Rui Borges afasta sa\u00edda de Hjulmand e fala em prote\u00e7\u00e3o - Portal Tela Portugal\" \/>\n<meta property=\"og:description\" content=\"Rui Borges explicou a aus\u00eancia do capit\u00e3o Morten Hjulmand por op\u00e7\u00e3o de prote\u00e7\u00e3o e treino para evitar desgaste, afirmando que foi uma decis\u00e3o da equipa. O Sporting venceu o Nacional, mantendo a s\u00e9rie de vit\u00f3rias e consolidando o registo de 25 partidas sem perder, com dez triunfos consecutivos. Lu\u00eds Su\u00e1rez voltou a marcar nos descontos, chegando ao 25\u00ba tento da temporada ao servi\u00e7o dos le\u00f5es, com o 18\u00ba no campeonato. Pedro Gon\u00e7alves festejou o seu 100.\u00ba gol na carreira, marcou no encontro e esteve de volta \u00e0 titularidade sem receber cart\u00e3o. O treinador destacou os pr\u00f3ximos jogos frente ao AVS e ao FC Porto, sublinhando a necessidade de manter o foco e proteger jogadores para esses compromissos.\" \/>\n<meta property=\"og:url\" content=\"https:\/\/portaltela.pt\/noticias\/2026\/02\/01\/rui-borges-afasta-saida-de-hjulmand-e-fala-em-protecao\/\" \/>\n<meta property=\"og:site_name\" content=\"Portal Tela Portugal\" \/>\n<meta property=\"article:published_time\" content=\"2026-02-01T20:54:00+00:00\" \/>\n<meta name=\"author\" content=\"Telinha\" \/>\n<meta name=\"twitter:card\" content=\"summary_large_image\" \/>\n<meta name=\"twitter:label1\" content=\"Escrito por\" \/>\n\t<meta name=\"twitter:data1\" content=\"Telinha\" \/>\n\t<meta name=\"twitter:label2\" content=\"Tempo estimado de leitura\" \/>\n\t<meta name=\"twitter:data2\" content=\"1 minuto\" \/>\n<script type=\"application\/ld+json\" class=\"yoast-schema-graph\">{\"@context\":\"https:\/\/schema.org\",\"@graph\":[{\"@type\":\"Article\",\"@id\":\"https:\/\/portaltela.pt\/noticias\/2026\/02\/01\/rui-borges-afasta-saida-de-hjulmand-e-fala-em-protecao\/#article\",\"isPartOf\":{\"@id\":\"https:\/\/portaltela.pt\/noticias\/2026\/02\/01\/rui-borges-afasta-saida-de-hjulmand-e-fala-em-protecao\/\"},\"author\":{\"name\":\"Telinha\",\"@id\":\"https:\/\/portaltela.pt\/#\/schema\/person\/c4278d4a6028830caff9ee44b42d32ed\"},\"headline\":\"Rui Borges afasta sa\u00edda de Hjulmand e fala em prote\u00e7\u00e3o\",\"datePublished\":\"2026-02-01T20:54:00+00:00\",\"mainEntityOfPage\":{\"@id\":\"https:\/\/portaltela.pt\/noticias\/2026\/02\/01\/rui-borges-afasta-saida-de-hjulmand-e-fala-em-protecao\/\"},\"wordCount\":278,\"image\":{\"@id\":\"https:\/\/portaltela.pt\/noticias\/2026\/02\/01\/rui-borges-afasta-saida-de-hjulmand-e-fala-em-protecao\/#primaryimage\"},\"thumbnailUrl\":\"https:\/\/portaltela.pt\/s.01k8rhncp4jt1\/2026\/02\/unnamed-file-218.jpg\",\"keywords\":[\"1.\u00aa Liga\",\"futebol\",\"Pedro Gon\u00e7alves\",\"Sporting\",\"Su\u00e1rez\",\"Ta\u00e7a de Portugal\"],\"articleSection\":[\"Desporto\",\"Futebol\"],\"inLanguage\":\"pt-PT\"},{\"@type\":\"WebPage\",\"@id\":\"https:\/\/portaltela.pt\/noticias\/2026\/02\/01\/rui-borges-afasta-saida-de-hjulmand-e-fala-em-protecao\/\",\"url\":\"https:\/\/portaltela.pt\/noticias\/2026\/02\/01\/rui-borges-afasta-saida-de-hjulmand-e-fala-em-protecao\/\",\"name\":\"Rui Borges afasta sa\u00edda de Hjulmand e fala em prote\u00e7\u00e3o - Portal Tela Portugal\",\"isPartOf\":{\"@id\":\"https:\/\/portaltela.pt\/#website\"},\"primaryImageOfPage\":{\"@id\":\"https:\/\/portaltela.pt\/noticias\/2026\/02\/01\/rui-borges-afasta-saida-de-hjulmand-e-fala-em-protecao\/#primaryimage\"},\"image\":{\"@id\":\"https:\/\/portaltela.pt\/noticias\/2026\/02\/01\/rui-borges-afasta-saida-de-hjulmand-e-fala-em-protecao\/#primaryimage\"},\"thumbnailUrl\":\"https:\/\/portaltela.pt\/s.01k8rhncp4jt1\/2026\/02\/unnamed-file-218.jpg\",\"datePublished\":\"2026-02-01T20:54:00+00:00\",\"author\":{\"@id\":\"https:\/\/portaltela.pt\/#\/schema\/person\/c4278d4a6028830caff9ee44b42d32ed\"},\"breadcrumb\":{\"@id\":\"https:\/\/portaltela.pt\/noticias\/2026\/02\/01\/rui-borges-afasta-saida-de-hjulmand-e-fala-em-protecao\/#breadcrumb\"},\"inLanguage\":\"pt-PT\",\"potentialAction\":[{\"@type\":\"ReadAction\",\"target\":[\"https:\/\/portaltela.pt\/noticias\/2026\/02\/01\/rui-borges-afasta-saida-de-hjulmand-e-fala-em-protecao\/\"]}]},{\"@type\":\"ImageObject\",\"inLanguage\":\"pt-PT\",\"@id\":\"https:\/\/portaltela.pt\/noticias\/2026\/02\/01\/rui-borges-afasta-saida-de-hjulmand-e-fala-em-protecao\/#primaryimage\",\"url\":\"https:\/\/portaltela.pt\/s.01k8rhncp4jt1\/2026\/02\/unnamed-file-218.jpg\",\"contentUrl\":\"https:\/\/portaltela.pt\/s.01k8rhncp4jt1\/2026\/02\/unnamed-file-218.jpg\",\"width\":796,\"height\":448,\"caption\":\"Rui Borges afasta sa\u00edda de Hjulmand e fala em \\\"prote\u00e7\u00e3o\\\"\"},{\"@type\":\"BreadcrumbList\",\"@id\":\"https:\/\/portaltela.pt\/noticias\/2026\/02\/01\/rui-borges-afasta-saida-de-hjulmand-e-fala-em-protecao\/#breadcrumb\",\"itemListElement\":[{\"@type\":\"ListItem\",\"position\":1,\"name\":\"In\u00edcio\",\"item\":\"https:\/\/portaltela.pt\/\"},{\"@type\":\"ListItem\",\"position\":2,\"name\":\"Rui Borges afasta sa\u00edda de Hjulmand e fala em prote\u00e7\u00e3o\"}]},{\"@type\":\"WebSite\",\"@id\":\"https:\/\/portaltela.pt\/#website\",\"url\":\"https:\/\/portaltela.pt\/\",\"name\":\"Portal Tela Portugal\",\"description\":\"\",\"potentialAction\":[{\"@type\":\"SearchAction\",\"target\":{\"@type\":\"EntryPoint\",\"urlTemplate\":\"https:\/\/portaltela.pt\/?s={search_term_string}\"},\"query-input\":{\"@type\":\"PropertyValueSpecification\",\"valueRequired\":true,\"valueName\":\"search_term_string\"}}],\"inLanguage\":\"pt-PT\"},{\"@type\":\"Person\",\"@id\":\"https:\/\/portaltela.pt\/#\/schema\/person\/c4278d4a6028830caff9ee44b42d32ed\",\"name\":\"Telinha\",\"image\":{\"@type\":\"ImageObject\",\"inLanguage\":\"pt-PT\",\"@id\":\"https:\/\/portaltela.pt\/s.01k8rhncp4jt1\/2025\/11\/talking-bot-125x125.png\",\"url\":\"https:\/\/portaltela.pt\/s.01k8rhncp4jt1\/2025\/11\/talking-bot-125x125.png\",\"contentUrl\":\"https:\/\/portaltela.pt\/s.01k8rhncp4jt1\/2025\/11\/talking-bot-125x125.png\",\"caption\":\"Telinha\"},\"sameAs\":[\"https:\/\/portaltela.pt\/\"],\"url\":\"https:\/\/portaltela.pt\/por\/367410592786\/\"}]}<\/script>\n<!-- \/ Yoast SEO plugin. -->","yoast_head_json":{"title":"Rui Borges afasta sa\u00edda de Hjulmand e fala em prote\u00e7\u00e3o - Portal Tela Portugal","robots":{"index":"index","follow":"follow","max-snippet":"max-snippet:-1","max-image-preview":"max-image-preview:large","max-video-preview":"max-video-preview:-1"},"og_locale":"pt_PT","og_type":"article","og_title":"Rui Borges afasta sa\u00edda de Hjulmand e fala em prote\u00e7\u00e3o - Portal Tela Portugal","og_description":"Rui Borges explicou a aus\u00eancia do capit\u00e3o Morten Hjulmand por op\u00e7\u00e3o de prote\u00e7\u00e3o e treino para evitar desgaste, afirmando que foi uma decis\u00e3o da equipa. O Sporting venceu o Nacional, mantendo a s\u00e9rie de vit\u00f3rias e consolidando o registo de 25 partidas sem perder, com dez triunfos consecutivos. Lu\u00eds Su\u00e1rez voltou a marcar nos descontos, chegando ao 25\u00ba tento da temporada ao servi\u00e7o dos le\u00f5es, com o 18\u00ba no campeonato. Pedro Gon\u00e7alves festejou o seu 100.\u00ba gol na carreira, marcou no encontro e esteve de volta \u00e0 titularidade sem receber cart\u00e3o. O treinador destacou os pr\u00f3ximos jogos frente ao AVS e ao FC Porto, sublinhando a necessidade de manter o foco e proteger jogadores para esses compromissos.","og_url":"https:\/\/portaltela.pt\/noticias\/2026\/02\/01\/rui-borges-afasta-saida-de-hjulmand-e-fala-em-protecao\/","og_site_name":"Portal Tela Portugal","article_published_time":"2026-02-01T20:54:00+00:00","author":"Telinha","twitter_card":"summary_large_image","twitter_misc":{"Escrito por":"Telinha","Tempo estimado de leitura":"1 minuto"},"schema":{"@context":"https:\/\/schema.org","@graph":[{"@type":"Article","@id":"https:\/\/portaltela.pt\/noticias\/2026\/02\/01\/rui-borges-afasta-saida-de-hjulmand-e-fala-em-protecao\/#article","isPartOf":{"@id":"https:\/\/portaltela.pt\/noticias\/2026\/02\/01\/rui-borges-afasta-saida-de-hjulmand-e-fala-em-protecao\/"},"author":{"name":"Telinha","@id":"https:\/\/portaltela.pt\/#\/schema\/person\/c4278d4a6028830caff9ee44b42d32ed"},"headline":"Rui Borges afasta sa\u00edda de Hjulmand e fala em prote\u00e7\u00e3o","datePublished":"2026-02-01T20:54:00+00:00","mainEntityOfPage":{"@id":"https:\/\/portaltela.pt\/noticias\/2026\/02\/01\/rui-borges-afasta-saida-de-hjulmand-e-fala-em-protecao\/"},"wordCount":278,"image":{"@id":"https:\/\/portaltela.pt\/noticias\/2026\/02\/01\/rui-borges-afasta-saida-de-hjulmand-e-fala-em-protecao\/#primaryimage"},"thumbnailUrl":"https:\/\/portaltela.pt\/s.01k8rhncp4jt1\/2026\/02\/unnamed-file-218.jpg","keywords":["1.\u00aa Liga","futebol","Pedro Gon\u00e7alves","Sporting","Su\u00e1rez","Ta\u00e7a de Portugal"],"articleSection":["Desporto","Futebol"],"inLanguage":"pt-PT"},{"@type":"WebPage","@id":"https:\/\/portaltela.pt\/noticias\/2026\/02\/01\/rui-borges-afasta-saida-de-hjulmand-e-fala-em-protecao\/","url":"https:\/\/portaltela.pt\/noticias\/2026\/02\/01\/rui-borges-afasta-saida-de-hjulmand-e-fala-em-protecao\/","name":"Rui Borges afasta sa\u00edda de Hjulmand e fala em prote\u00e7\u00e3o - Portal Tela Portugal","isPartOf":{"@id":"https:\/\/portaltela.pt\/#website"},"primaryImageOfPage":{"@id":"https:\/\/portaltela.pt\/noticias\/2026\/02\/01\/rui-borges-afasta-saida-de-hjulmand-e-fala-em-protecao\/#primaryimage"},"image":{"@id":"https:\/\/portaltela.pt\/noticias\/2026\/02\/01\/rui-borges-afasta-saida-de-hjulmand-e-fala-em-protecao\/#primaryimage"},"thumbnailUrl":"https:\/\/portaltela.pt\/s.01k8rhncp4jt1\/2026\/02\/unnamed-file-218.jpg","datePublished":"2026-02-01T20:54:00+00:00","author":{"@id":"https:\/\/portaltela.pt\/#\/schema\/person\/c4278d4a6028830caff9ee44b42d32ed"},"breadcrumb":{"@id":"https:\/\/portaltela.pt\/noticias\/2026\/02\/01\/rui-borges-afasta-saida-de-hjulmand-e-fala-em-protecao\/#breadcrumb"},"inLanguage":"pt-PT","potentialAction":[{"@type":"ReadAction","target":["https:\/\/portaltela.pt\/noticias\/2026\/02\/01\/rui-borges-afasta-saida-de-hjulmand-e-fala-em-protecao\/"]}]},{"@type":"ImageObject","inLanguage":"pt-PT","@id":"https:\/\/portaltela.pt\/noticias\/2026\/02\/01\/rui-borges-afasta-saida-de-hjulmand-e-fala-em-protecao\/#primaryimage","url":"https:\/\/portaltela.pt\/s.01k8rhncp4jt1\/2026\/02\/unnamed-file-218.jpg","contentUrl":"https:\/\/portaltela.pt\/s.01k8rhncp4jt1\/2026\/02\/unnamed-file-218.jpg","width":796,"height":448,"caption":"Rui Borges afasta sa\u00edda de Hjulmand e fala em \"prote\u00e7\u00e3o\""},{"@type":"BreadcrumbList","@id":"https:\/\/portaltela.pt\/noticias\/2026\/02\/01\/rui-borges-afasta-saida-de-hjulmand-e-fala-em-protecao\/#breadcrumb","itemListElement":[{"@type":"ListItem","position":1,"name":"In\u00edcio","item":"https:\/\/portaltela.pt\/"},{"@type":"ListItem","position":2,"name":"Rui Borges afasta sa\u00edda de Hjulmand e fala em prote\u00e7\u00e3o"}]},{"@type":"WebSite","@id":"https:\/\/portaltela.pt\/#website","url":"https:\/\/portaltela.pt\/","name":"Portal Tela Portugal","description":"","potentialAction":[{"@type":"SearchAction","target":{"@type":"EntryPoint","urlTemplate":"https:\/\/portaltela.pt\/?s={search_term_string}"},"query-input":{"@type":"PropertyValueSpecification","valueRequired":true,"valueName":"search_term_string"}}],"inLanguage":"pt-PT"},{"@type":"Person","@id":"https:\/\/portaltela.pt\/#\/schema\/person\/c4278d4a6028830caff9ee44b42d32ed","name":"Telinha","image":{"@type":"ImageObject","inLanguage":"pt-PT","@id":"https:\/\/portaltela.pt\/s.01k8rhncp4jt1\/2025\/11\/talking-bot-125x125.png","url":"https:\/\/portaltela.pt\/s.01k8rhncp4jt1\/2025\/11\/talking-bot-125x125.png","contentUrl":"https:\/\/portaltela.pt\/s.01k8rhncp4jt1\/2025\/11\/talking-bot-125x125.png","caption":"Telinha"},"sameAs":["https:\/\/portaltela.pt\/"],"url":"https:\/\/portaltela.pt\/por\/367410592786\/"}]}},"_links":{"self":[{"href":"https:\/\/portaltela.pt\/api\/wp\/v2\/posts\/189465","targetHints":{"allow":["GET"]}}],"collection":[{"href":"https:\/\/portaltela.pt\/api\/wp\/v2\/posts"}],"about":[{"href":"https:\/\/portaltela.pt\/api\/wp\/v2\/types\/post"}],"author":[{"embeddable":true,"href":"https:\/\/portaltela.pt\/api\/wp\/v2\/users\/2"}],"replies":[{"embeddable":true,"href":"https:\/\/portaltela.pt\/api\/wp\/v2\/comments?post=189465"}],"version-history":[{"count":0,"href":"https:\/\/portaltela.pt\/api\/wp\/v2\/posts\/189465\/revisions"}],"wp:featuredmedia":[{"embeddable":true,"href":"https:\/\/portaltela.pt\/api\/wp\/v2\/media\/189473"}],"wp:attachment":[{"href":"https:\/\/portaltela.pt\/api\/wp\/v2\/media?parent=189465"}],"wp:term":[{"taxonomy":"category","embeddable":true,"href":"https:\/\/portaltela.pt\/api\/wp\/v2\/categories?post=189465"},{"taxonomy":"post_tag","embeddable":true,"href":"https:\/\/portaltela.pt\/api\/wp\/v2\/tags?post=189465"}],"curies":[{"name":"wp","href":"https:\/\/api.w.org\/{rel}","templated":true}]}}