{"id":189438,"date":"2026-02-01T17:33:11","date_gmt":"2026-02-01T20:33:11","guid":{"rendered":"https:\/\/portaltela.pt\/noticias\/2026\/02\/01\/24o-encontro-de-cantadores-de-janeiras-reune-19-grupos-em-baiao\/"},"modified":"2026-02-01T17:33:11","modified_gmt":"2026-02-01T20:33:11","slug":"24o-encontro-de-cantadores-de-janeiras-reune-19-grupos-em-baiao","status":"publish","type":"post","link":"https:\/\/portaltela.pt\/noticias\/2026\/02\/01\/24o-encontro-de-cantadores-de-janeiras-reune-19-grupos-em-baiao\/","title":{"rendered":"24\u00ba Encontro de Cantadores de Janeiras re\u00fane 19 grupos em Bai\u00e3o"},"content":{"rendered":"<p>O 24.\u00ba Encontro Concelhio de Cantadores de Janeiras decorreu no Mosteiro de Ancede, MACC, em Bai\u00e3o, no s\u00e1bado, 31 de janeiro. O evento reuniu 19 grupos e encheu a tenda, com m\u00fasica, anima\u00e7\u00e3o e alegria, visando preservar a tradi\u00e7\u00e3o das Janeiras.<\/p>\n<p>A organiza\u00e7\u00e3o descreveu o encontro como inesquec\u00edvel, destacando a energia de cada atua\u00e7\u00e3o e a participa\u00e7\u00e3o ativa da plateia. O objetivo foi fortalecer o sentido de comunidade entre fam\u00edlias, amigos e vizinhos, num momento de partilha.<\/p>\n<p>O evento refor\u00e7ou a identidade local, mantendo viva uma pr\u00e1tica cultural que ocupa um lugar central nas festividades do concelho. A autarquia agradeceu a participa\u00e7\u00e3o de todos e salientou que a cultura de Bai\u00e3o se fez ouvir em cada verso e aplauso.<\/p>\n<h3>Participantes<\/h3>\n<p>Foram anunciados 19 grupos, sem divulga\u00e7\u00e3o p\u00fablica da lista de participantes nem do repert\u00f3rio apresentado. A organiza\u00e7\u00e3o confirmou a aus\u00eancia de revela\u00e7\u00e3o dos nomes, mantendo o foco no conjunto do espet\u00e1culo e na viv\u00eancia coletiva.<\/p>\n<p>A noite contou com uma plateia engajada que acompanhou as performances, contribuindo para o clima festivo da iniciativa. O panorama cultural do munic\u00edpio mant\u00e9m-se como refer\u00eancia na preserva\u00e7\u00e3o de tradi\u00e7\u00f5es locais.<\/p>\n<h3>Contexto cultural<\/h3>\n<p>O Encontro reafirma o papel do concelho na preserva\u00e7\u00e3o de pr\u00e1ticas herdadas de gera\u00e7\u00e3o em gera\u00e7\u00e3o. A t\u00f3nica permanece na partilha, na mem\u00f3ria coletiva e na transmiss\u00e3o de can\u00e7\u00f5es entre comunidades, mantendo viva a identidade de Bai\u00e3o. Fotografias: CM de Bai\u00e3o<\/p>\n","protected":false},"excerpt":{"rendered":"<ul>\n<li>Em Bai\u00e3o, o Mosteiro de Ancede, Centro Cultural (MACC) acolheu no s\u00e1bado, 31 de janeiro, a 24.\u00aa edi\u00e7\u00e3o do Encontro Conc\u00e9lhio de Cantadores de Janeiras.<\/li>\n<li>Reuniram-se 19 grupos de cantadores, num evento que enchou a tenda e criou um ambiente de m\u00fasica, anima\u00e7\u00e3o e alegria.<\/li>\n<li>A iniciativa mant\u00e9m-se como refer\u00eancia na preserva\u00e7\u00e3o da tradi\u00e7\u00e3o das Janeiras e refor\u00e7a o sentido de comunidade local.<\/li>\n<li>A autarquia agradeceu a participa\u00e7\u00e3o dos artistas e do p\u00fablico, destacando que a cultura baionense se fez ouvir em cada canto, verso e aplauso.<\/li>\n<\/ul>\n","protected":false},"author":2,"featured_media":189445,"comment_status":"closed","ping_status":"closed","sticky":false,"template":"","format":"standard","meta":{"footnotes":""},"categories":[1],"tags":[3591,1369,144,145,4919,146],"class_list":["post-189438","post","type-post","status-publish","format-standard","has-post-thumbnail","hentry","category-noticias","tag-animacao-sociocultural","tag-baiao","tag-concelho","tag-cultura","tag-festas","tag-tradicoes"],"yoast_head":"<!-- This site is optimized with the Yoast SEO plugin v27.2 - https:\/\/yoast.com\/product\/yoast-seo-wordpress\/ -->\n<title>24\u00ba Encontro de Cantadores de Janeiras re\u00fane 19 grupos em Bai\u00e3o - Portal Tela Portugal<\/title>\n<meta name=\"robots\" content=\"index, follow, max-snippet:-1, max-image-preview:large, max-video-preview:-1\" \/>\n<meta property=\"og:locale\" content=\"pt_PT\" \/>\n<meta property=\"og:type\" content=\"article\" \/>\n<meta property=\"og:title\" content=\"24\u00ba Encontro de Cantadores de Janeiras re\u00fane 19 grupos em Bai\u00e3o - Portal Tela Portugal\" \/>\n<meta property=\"og:description\" content=\"Em Bai\u00e3o, o Mosteiro de Ancede, Centro Cultural (MACC) acolheu no s\u00e1bado, 31 de janeiro, a 24.\u00aa edi\u00e7\u00e3o do Encontro Conc\u00e9lhio de Cantadores de Janeiras. Reuniram-se 19 grupos de cantadores, num evento que enchou a tenda e criou um ambiente de m\u00fasica, anima\u00e7\u00e3o e alegria. A iniciativa mant\u00e9m-se como refer\u00eancia na preserva\u00e7\u00e3o da tradi\u00e7\u00e3o das Janeiras e refor\u00e7a o sentido de comunidade local. A autarquia agradeceu a participa\u00e7\u00e3o dos artistas e do p\u00fablico, destacando que a cultura baionense se fez ouvir em cada canto, verso e aplauso.\" \/>\n<meta property=\"og:url\" content=\"https:\/\/portaltela.pt\/noticias\/2026\/02\/01\/24o-encontro-de-cantadores-de-janeiras-reune-19-grupos-em-baiao\/\" \/>\n<meta property=\"og:site_name\" content=\"Portal Tela Portugal\" \/>\n<meta property=\"article:published_time\" content=\"2026-02-01T20:33:11+00:00\" \/>\n<meta name=\"author\" content=\"Telinha\" \/>\n<meta name=\"twitter:card\" content=\"summary_large_image\" \/>\n<meta name=\"twitter:label1\" content=\"Escrito por\" \/>\n\t<meta name=\"twitter:data1\" content=\"Telinha\" \/>\n\t<meta name=\"twitter:label2\" content=\"Tempo estimado de leitura\" \/>\n\t<meta name=\"twitter:data2\" content=\"1 minuto\" \/>\n<script type=\"application\/ld+json\" class=\"yoast-schema-graph\">{\"@context\":\"https:\/\/schema.org\",\"@graph\":[{\"@type\":\"Article\",\"@id\":\"https:\/\/portaltela.pt\/noticias\/2026\/02\/01\/24o-encontro-de-cantadores-de-janeiras-reune-19-grupos-em-baiao\/#article\",\"isPartOf\":{\"@id\":\"https:\/\/portaltela.pt\/noticias\/2026\/02\/01\/24o-encontro-de-cantadores-de-janeiras-reune-19-grupos-em-baiao\/\"},\"author\":{\"name\":\"Telinha\",\"@id\":\"https:\/\/portaltela.pt\/#\/schema\/person\/c4278d4a6028830caff9ee44b42d32ed\"},\"headline\":\"24\u00ba Encontro de Cantadores de Janeiras re\u00fane 19 grupos em Bai\u00e3o\",\"datePublished\":\"2026-02-01T20:33:11+00:00\",\"mainEntityOfPage\":{\"@id\":\"https:\/\/portaltela.pt\/noticias\/2026\/02\/01\/24o-encontro-de-cantadores-de-janeiras-reune-19-grupos-em-baiao\/\"},\"wordCount\":273,\"image\":{\"@id\":\"https:\/\/portaltela.pt\/noticias\/2026\/02\/01\/24o-encontro-de-cantadores-de-janeiras-reune-19-grupos-em-baiao\/#primaryimage\"},\"thumbnailUrl\":\"https:\/\/portaltela.pt\/s.01k8rhncp4jt1\/2026\/02\/24.o-Encontro-Concelhio-de-Cantadores-de-Janeiras-reune-19-grupos-em-Baiao.jpg\",\"keywords\":[\"Anima\u00e7\u00e3o Sociocultural\",\"Bai\u00e3o\",\"concelho\",\"cultura\",\"festas\",\"tradi\u00e7\u00f5es\"],\"articleSection\":[\"Not\u00edcias\"],\"inLanguage\":\"pt-PT\"},{\"@type\":\"WebPage\",\"@id\":\"https:\/\/portaltela.pt\/noticias\/2026\/02\/01\/24o-encontro-de-cantadores-de-janeiras-reune-19-grupos-em-baiao\/\",\"url\":\"https:\/\/portaltela.pt\/noticias\/2026\/02\/01\/24o-encontro-de-cantadores-de-janeiras-reune-19-grupos-em-baiao\/\",\"name\":\"24\u00ba Encontro de Cantadores de Janeiras re\u00fane 19 grupos em Bai\u00e3o - Portal Tela Portugal\",\"isPartOf\":{\"@id\":\"https:\/\/portaltela.pt\/#website\"},\"primaryImageOfPage\":{\"@id\":\"https:\/\/portaltela.pt\/noticias\/2026\/02\/01\/24o-encontro-de-cantadores-de-janeiras-reune-19-grupos-em-baiao\/#primaryimage\"},\"image\":{\"@id\":\"https:\/\/portaltela.pt\/noticias\/2026\/02\/01\/24o-encontro-de-cantadores-de-janeiras-reune-19-grupos-em-baiao\/#primaryimage\"},\"thumbnailUrl\":\"https:\/\/portaltela.pt\/s.01k8rhncp4jt1\/2026\/02\/24.o-Encontro-Concelhio-de-Cantadores-de-Janeiras-reune-19-grupos-em-Baiao.jpg\",\"datePublished\":\"2026-02-01T20:33:11+00:00\",\"author\":{\"@id\":\"https:\/\/portaltela.pt\/#\/schema\/person\/c4278d4a6028830caff9ee44b42d32ed\"},\"breadcrumb\":{\"@id\":\"https:\/\/portaltela.pt\/noticias\/2026\/02\/01\/24o-encontro-de-cantadores-de-janeiras-reune-19-grupos-em-baiao\/#breadcrumb\"},\"inLanguage\":\"pt-PT\",\"potentialAction\":[{\"@type\":\"ReadAction\",\"target\":[\"https:\/\/portaltela.pt\/noticias\/2026\/02\/01\/24o-encontro-de-cantadores-de-janeiras-reune-19-grupos-em-baiao\/\"]}]},{\"@type\":\"ImageObject\",\"inLanguage\":\"pt-PT\",\"@id\":\"https:\/\/portaltela.pt\/noticias\/2026\/02\/01\/24o-encontro-de-cantadores-de-janeiras-reune-19-grupos-em-baiao\/#primaryimage\",\"url\":\"https:\/\/portaltela.pt\/s.01k8rhncp4jt1\/2026\/02\/24.o-Encontro-Concelhio-de-Cantadores-de-Janeiras-reune-19-grupos-em-Baiao.jpg\",\"contentUrl\":\"https:\/\/portaltela.pt\/s.01k8rhncp4jt1\/2026\/02\/24.o-Encontro-Concelhio-de-Cantadores-de-Janeiras-reune-19-grupos-em-Baiao.jpg\",\"width\":796,\"height\":448,\"caption\":\"24.\u00ba Encontro Concelhio de Cantadores de Janeiras re\u00fane 19 grupos em Bai\u00e3o\"},{\"@type\":\"BreadcrumbList\",\"@id\":\"https:\/\/portaltela.pt\/noticias\/2026\/02\/01\/24o-encontro-de-cantadores-de-janeiras-reune-19-grupos-em-baiao\/#breadcrumb\",\"itemListElement\":[{\"@type\":\"ListItem\",\"position\":1,\"name\":\"In\u00edcio\",\"item\":\"https:\/\/portaltela.pt\/\"},{\"@type\":\"ListItem\",\"position\":2,\"name\":\"24\u00ba Encontro de Cantadores de Janeiras re\u00fane 19 grupos em Bai\u00e3o\"}]},{\"@type\":\"WebSite\",\"@id\":\"https:\/\/portaltela.pt\/#website\",\"url\":\"https:\/\/portaltela.pt\/\",\"name\":\"Portal Tela Portugal\",\"description\":\"\",\"potentialAction\":[{\"@type\":\"SearchAction\",\"target\":{\"@type\":\"EntryPoint\",\"urlTemplate\":\"https:\/\/portaltela.pt\/?s={search_term_string}\"},\"query-input\":{\"@type\":\"PropertyValueSpecification\",\"valueRequired\":true,\"valueName\":\"search_term_string\"}}],\"inLanguage\":\"pt-PT\"},{\"@type\":\"Person\",\"@id\":\"https:\/\/portaltela.pt\/#\/schema\/person\/c4278d4a6028830caff9ee44b42d32ed\",\"name\":\"Telinha\",\"image\":{\"@type\":\"ImageObject\",\"inLanguage\":\"pt-PT\",\"@id\":\"https:\/\/portaltela.pt\/s.01k8rhncp4jt1\/2025\/11\/talking-bot-125x125.png\",\"url\":\"https:\/\/portaltela.pt\/s.01k8rhncp4jt1\/2025\/11\/talking-bot-125x125.png\",\"contentUrl\":\"https:\/\/portaltela.pt\/s.01k8rhncp4jt1\/2025\/11\/talking-bot-125x125.png\",\"caption\":\"Telinha\"},\"sameAs\":[\"https:\/\/portaltela.pt\/\"],\"url\":\"https:\/\/portaltela.pt\/por\/367410592786\/\"}]}<\/script>\n<!-- \/ Yoast SEO plugin. -->","yoast_head_json":{"title":"24\u00ba Encontro de Cantadores de Janeiras re\u00fane 19 grupos em Bai\u00e3o - Portal Tela Portugal","robots":{"index":"index","follow":"follow","max-snippet":"max-snippet:-1","max-image-preview":"max-image-preview:large","max-video-preview":"max-video-preview:-1"},"og_locale":"pt_PT","og_type":"article","og_title":"24\u00ba Encontro de Cantadores de Janeiras re\u00fane 19 grupos em Bai\u00e3o - Portal Tela Portugal","og_description":"Em Bai\u00e3o, o Mosteiro de Ancede, Centro Cultural (MACC) acolheu no s\u00e1bado, 31 de janeiro, a 24.\u00aa edi\u00e7\u00e3o do Encontro Conc\u00e9lhio de Cantadores de Janeiras. Reuniram-se 19 grupos de cantadores, num evento que enchou a tenda e criou um ambiente de m\u00fasica, anima\u00e7\u00e3o e alegria. A iniciativa mant\u00e9m-se como refer\u00eancia na preserva\u00e7\u00e3o da tradi\u00e7\u00e3o das Janeiras e refor\u00e7a o sentido de comunidade local. A autarquia agradeceu a participa\u00e7\u00e3o dos artistas e do p\u00fablico, destacando que a cultura baionense se fez ouvir em cada canto, verso e aplauso.","og_url":"https:\/\/portaltela.pt\/noticias\/2026\/02\/01\/24o-encontro-de-cantadores-de-janeiras-reune-19-grupos-em-baiao\/","og_site_name":"Portal Tela Portugal","article_published_time":"2026-02-01T20:33:11+00:00","author":"Telinha","twitter_card":"summary_large_image","twitter_misc":{"Escrito por":"Telinha","Tempo estimado de leitura":"1 minuto"},"schema":{"@context":"https:\/\/schema.org","@graph":[{"@type":"Article","@id":"https:\/\/portaltela.pt\/noticias\/2026\/02\/01\/24o-encontro-de-cantadores-de-janeiras-reune-19-grupos-em-baiao\/#article","isPartOf":{"@id":"https:\/\/portaltela.pt\/noticias\/2026\/02\/01\/24o-encontro-de-cantadores-de-janeiras-reune-19-grupos-em-baiao\/"},"author":{"name":"Telinha","@id":"https:\/\/portaltela.pt\/#\/schema\/person\/c4278d4a6028830caff9ee44b42d32ed"},"headline":"24\u00ba Encontro de Cantadores de Janeiras re\u00fane 19 grupos em Bai\u00e3o","datePublished":"2026-02-01T20:33:11+00:00","mainEntityOfPage":{"@id":"https:\/\/portaltela.pt\/noticias\/2026\/02\/01\/24o-encontro-de-cantadores-de-janeiras-reune-19-grupos-em-baiao\/"},"wordCount":273,"image":{"@id":"https:\/\/portaltela.pt\/noticias\/2026\/02\/01\/24o-encontro-de-cantadores-de-janeiras-reune-19-grupos-em-baiao\/#primaryimage"},"thumbnailUrl":"https:\/\/portaltela.pt\/s.01k8rhncp4jt1\/2026\/02\/24.o-Encontro-Concelhio-de-Cantadores-de-Janeiras-reune-19-grupos-em-Baiao.jpg","keywords":["Anima\u00e7\u00e3o Sociocultural","Bai\u00e3o","concelho","cultura","festas","tradi\u00e7\u00f5es"],"articleSection":["Not\u00edcias"],"inLanguage":"pt-PT"},{"@type":"WebPage","@id":"https:\/\/portaltela.pt\/noticias\/2026\/02\/01\/24o-encontro-de-cantadores-de-janeiras-reune-19-grupos-em-baiao\/","url":"https:\/\/portaltela.pt\/noticias\/2026\/02\/01\/24o-encontro-de-cantadores-de-janeiras-reune-19-grupos-em-baiao\/","name":"24\u00ba Encontro de Cantadores de Janeiras re\u00fane 19 grupos em Bai\u00e3o - Portal Tela Portugal","isPartOf":{"@id":"https:\/\/portaltela.pt\/#website"},"primaryImageOfPage":{"@id":"https:\/\/portaltela.pt\/noticias\/2026\/02\/01\/24o-encontro-de-cantadores-de-janeiras-reune-19-grupos-em-baiao\/#primaryimage"},"image":{"@id":"https:\/\/portaltela.pt\/noticias\/2026\/02\/01\/24o-encontro-de-cantadores-de-janeiras-reune-19-grupos-em-baiao\/#primaryimage"},"thumbnailUrl":"https:\/\/portaltela.pt\/s.01k8rhncp4jt1\/2026\/02\/24.o-Encontro-Concelhio-de-Cantadores-de-Janeiras-reune-19-grupos-em-Baiao.jpg","datePublished":"2026-02-01T20:33:11+00:00","author":{"@id":"https:\/\/portaltela.pt\/#\/schema\/person\/c4278d4a6028830caff9ee44b42d32ed"},"breadcrumb":{"@id":"https:\/\/portaltela.pt\/noticias\/2026\/02\/01\/24o-encontro-de-cantadores-de-janeiras-reune-19-grupos-em-baiao\/#breadcrumb"},"inLanguage":"pt-PT","potentialAction":[{"@type":"ReadAction","target":["https:\/\/portaltela.pt\/noticias\/2026\/02\/01\/24o-encontro-de-cantadores-de-janeiras-reune-19-grupos-em-baiao\/"]}]},{"@type":"ImageObject","inLanguage":"pt-PT","@id":"https:\/\/portaltela.pt\/noticias\/2026\/02\/01\/24o-encontro-de-cantadores-de-janeiras-reune-19-grupos-em-baiao\/#primaryimage","url":"https:\/\/portaltela.pt\/s.01k8rhncp4jt1\/2026\/02\/24.o-Encontro-Concelhio-de-Cantadores-de-Janeiras-reune-19-grupos-em-Baiao.jpg","contentUrl":"https:\/\/portaltela.pt\/s.01k8rhncp4jt1\/2026\/02\/24.o-Encontro-Concelhio-de-Cantadores-de-Janeiras-reune-19-grupos-em-Baiao.jpg","width":796,"height":448,"caption":"24.\u00ba Encontro Concelhio de Cantadores de Janeiras re\u00fane 19 grupos em Bai\u00e3o"},{"@type":"BreadcrumbList","@id":"https:\/\/portaltela.pt\/noticias\/2026\/02\/01\/24o-encontro-de-cantadores-de-janeiras-reune-19-grupos-em-baiao\/#breadcrumb","itemListElement":[{"@type":"ListItem","position":1,"name":"In\u00edcio","item":"https:\/\/portaltela.pt\/"},{"@type":"ListItem","position":2,"name":"24\u00ba Encontro de Cantadores de Janeiras re\u00fane 19 grupos em Bai\u00e3o"}]},{"@type":"WebSite","@id":"https:\/\/portaltela.pt\/#website","url":"https:\/\/portaltela.pt\/","name":"Portal Tela Portugal","description":"","potentialAction":[{"@type":"SearchAction","target":{"@type":"EntryPoint","urlTemplate":"https:\/\/portaltela.pt\/?s={search_term_string}"},"query-input":{"@type":"PropertyValueSpecification","valueRequired":true,"valueName":"search_term_string"}}],"inLanguage":"pt-PT"},{"@type":"Person","@id":"https:\/\/portaltela.pt\/#\/schema\/person\/c4278d4a6028830caff9ee44b42d32ed","name":"Telinha","image":{"@type":"ImageObject","inLanguage":"pt-PT","@id":"https:\/\/portaltela.pt\/s.01k8rhncp4jt1\/2025\/11\/talking-bot-125x125.png","url":"https:\/\/portaltela.pt\/s.01k8rhncp4jt1\/2025\/11\/talking-bot-125x125.png","contentUrl":"https:\/\/portaltela.pt\/s.01k8rhncp4jt1\/2025\/11\/talking-bot-125x125.png","caption":"Telinha"},"sameAs":["https:\/\/portaltela.pt\/"],"url":"https:\/\/portaltela.pt\/por\/367410592786\/"}]}},"_links":{"self":[{"href":"https:\/\/portaltela.pt\/api\/wp\/v2\/posts\/189438","targetHints":{"allow":["GET"]}}],"collection":[{"href":"https:\/\/portaltela.pt\/api\/wp\/v2\/posts"}],"about":[{"href":"https:\/\/portaltela.pt\/api\/wp\/v2\/types\/post"}],"author":[{"embeddable":true,"href":"https:\/\/portaltela.pt\/api\/wp\/v2\/users\/2"}],"replies":[{"embeddable":true,"href":"https:\/\/portaltela.pt\/api\/wp\/v2\/comments?post=189438"}],"version-history":[{"count":0,"href":"https:\/\/portaltela.pt\/api\/wp\/v2\/posts\/189438\/revisions"}],"wp:featuredmedia":[{"embeddable":true,"href":"https:\/\/portaltela.pt\/api\/wp\/v2\/media\/189445"}],"wp:attachment":[{"href":"https:\/\/portaltela.pt\/api\/wp\/v2\/media?parent=189438"}],"wp:term":[{"taxonomy":"category","embeddable":true,"href":"https:\/\/portaltela.pt\/api\/wp\/v2\/categories?post=189438"},{"taxonomy":"post_tag","embeddable":true,"href":"https:\/\/portaltela.pt\/api\/wp\/v2\/tags?post=189438"}],"curies":[{"name":"wp","href":"https:\/\/api.w.org\/{rel}","templated":true}]}}