{"id":189434,"date":"2026-02-01T17:36:00","date_gmt":"2026-02-01T20:36:00","guid":{"rendered":"https:\/\/portaltela.pt\/noticias\/2026\/02\/01\/alisson-ja-confirmado-no-napoli-deve-viajar-para-a-italia-nesta-segunda-feira\/"},"modified":"2026-02-01T17:36:00","modified_gmt":"2026-02-01T20:36:00","slug":"alisson-ja-confirmado-no-napoli-deve-viajar-para-a-italia-nesta-segunda-feira","status":"publish","type":"post","link":"https:\/\/portaltela.pt\/desporto\/futebol\/2026\/02\/01\/alisson-ja-confirmado-no-napoli-deve-viajar-para-a-italia-nesta-segunda-feira\/","title":{"rendered":"Alisson, j\u00e1 confirmado no Napoli, deve viajar para a It\u00e1lia nesta segunda-feira"},"content":{"rendered":"<p>Sporting e N\u00e1poles chegaram a acordo para a ced\u00eancia de Alisson Santos, com o jogador j\u00e1 a contar com luz verde para viajar a It\u00e1lia. O extremo assistiu Su\u00e1rez no golo decisivo diante do Nacional, pelo que ficar\u00e1 sujeito ao neg\u00f3cio j\u00e1 acordado entre os clubes.<\/p>\n<p>O neg\u00f3cio fica impl\u00edcito na forma de empr\u00e9stimo, com uma taxa de cerca de 3 milh\u00f5es de euros. Al\u00e9m disso, o Napoli fica com uma op\u00e7\u00e3o de compra na casa dos 15 a 16 milh\u00f5es de euros, valor inferior ao desejado pelo Sporting, que pretendia cerca de 20 milh\u00f5es.<\/p>\n<p>O acordo foi alvo de negocia\u00e7\u00f5es ao longo do fim de semana, tendo ficado fechado nas \u00faltimas horas. Ainda antes da transfer\u00eancia, Alisson Santos j\u00e1 havia participado no duelo contra o Nacional, contribuindo para a assist\u00eancia do golo de Su\u00e1rez.<\/p>\n","protected":false},"excerpt":{"rendered":"<ul>\n<li>Sporting e N\u00e1poles chegaram a acordo pela transfer\u00eancia de Alisson Santos, anunciando o acordo neste domingo.<\/li>\n<li>O jogador, que assistiu Su\u00e1rez no golo decisivo frente ao Nacional, deve viajar para a It\u00e1lia na segunda-feira.<\/li>\n<li>O neg\u00f3cio prev\u00ea um empr\u00e9stimo com taxa de cerca de 3 milh\u00f5es de euros, com a N\u00e1poles a ficar com op\u00e7\u00e3o de compra entre 15 e 16 milh\u00f5es de euros.<\/li>\n<li>Os le\u00f5es desejavam um valor total na casa dos 20 milh\u00f5es de euros, mas o acordo ficou aqu\u00e9m dessa soma.<\/li>\n<li>Alisson Santos atuou no duelo com o Nacional e ofereceu a assist\u00eancia para o golo decisivo de Su\u00e1rez.<\/li>\n<\/ul>\n","protected":false},"author":2,"featured_media":189441,"comment_status":"closed","ping_status":"closed","sticky":false,"template":"","format":"standard","meta":{"footnotes":""},"categories":[21,24],"tags":[2457,32,50,1236,1652],"class_list":["post-189434","post","type-post","status-publish","format-standard","has-post-thumbnail","hentry","category-desporto","category-futebol","tag-emprestimos","tag-futebol","tag-mercado-da-bola","tag-napoles","tag-sporting"],"yoast_head":"<!-- This site is optimized with the Yoast SEO plugin v27.2 - https:\/\/yoast.com\/product\/yoast-seo-wordpress\/ -->\n<title>Alisson, j\u00e1 confirmado no Napoli, deve viajar para a It\u00e1lia nesta segunda-feira - Portal Tela Portugal<\/title>\n<meta name=\"robots\" content=\"index, follow, max-snippet:-1, max-image-preview:large, max-video-preview:-1\" \/>\n<meta property=\"og:locale\" content=\"pt_PT\" \/>\n<meta property=\"og:type\" content=\"article\" \/>\n<meta property=\"og:title\" content=\"Alisson, j\u00e1 confirmado no Napoli, deve viajar para a It\u00e1lia nesta segunda-feira - Portal Tela Portugal\" \/>\n<meta property=\"og:description\" content=\"Sporting e N\u00e1poles chegaram a acordo pela transfer\u00eancia de Alisson Santos, anunciando o acordo neste domingo. O jogador, que assistiu Su\u00e1rez no golo decisivo frente ao Nacional, deve viajar para a It\u00e1lia na segunda-feira. O neg\u00f3cio prev\u00ea um empr\u00e9stimo com taxa de cerca de 3 milh\u00f5es de euros, com a N\u00e1poles a ficar com op\u00e7\u00e3o de compra entre 15 e 16 milh\u00f5es de euros. Os le\u00f5es desejavam um valor total na casa dos 20 milh\u00f5es de euros, mas o acordo ficou aqu\u00e9m dessa soma. Alisson Santos atuou no duelo com o Nacional e ofereceu a assist\u00eancia para o golo decisivo de Su\u00e1rez.\" \/>\n<meta property=\"og:url\" content=\"https:\/\/portaltela.pt\/noticias\/2026\/02\/01\/alisson-ja-confirmado-no-napoli-deve-viajar-para-a-italia-nesta-segunda-feira\/\" \/>\n<meta property=\"og:site_name\" content=\"Portal Tela Portugal\" \/>\n<meta property=\"article:published_time\" content=\"2026-02-01T20:36:00+00:00\" \/>\n<meta name=\"author\" content=\"Telinha\" \/>\n<meta name=\"twitter:card\" content=\"summary_large_image\" \/>\n<meta name=\"twitter:label1\" content=\"Escrito por\" \/>\n\t<meta name=\"twitter:data1\" content=\"Telinha\" \/>\n\t<meta name=\"twitter:label2\" content=\"Tempo estimado de leitura\" \/>\n\t<meta name=\"twitter:data2\" content=\"1 minuto\" \/>\n<script type=\"application\/ld+json\" class=\"yoast-schema-graph\">{\"@context\":\"https:\/\/schema.org\",\"@graph\":[{\"@type\":\"Article\",\"@id\":\"https:\/\/portaltela.pt\/noticias\/2026\/02\/01\/alisson-ja-confirmado-no-napoli-deve-viajar-para-a-italia-nesta-segunda-feira\/#article\",\"isPartOf\":{\"@id\":\"https:\/\/portaltela.pt\/noticias\/2026\/02\/01\/alisson-ja-confirmado-no-napoli-deve-viajar-para-a-italia-nesta-segunda-feira\/\"},\"author\":{\"name\":\"Telinha\",\"@id\":\"https:\/\/portaltela.pt\/#\/schema\/person\/c4278d4a6028830caff9ee44b42d32ed\"},\"headline\":\"Alisson, j\u00e1 confirmado no Napoli, deve viajar para a It\u00e1lia nesta segunda-feira\",\"datePublished\":\"2026-02-01T20:36:00+00:00\",\"mainEntityOfPage\":{\"@id\":\"https:\/\/portaltela.pt\/noticias\/2026\/02\/01\/alisson-ja-confirmado-no-napoli-deve-viajar-para-a-italia-nesta-segunda-feira\/\"},\"wordCount\":161,\"image\":{\"@id\":\"https:\/\/portaltela.pt\/noticias\/2026\/02\/01\/alisson-ja-confirmado-no-napoli-deve-viajar-para-a-italia-nesta-segunda-feira\/#primaryimage\"},\"thumbnailUrl\":\"https:\/\/portaltela.pt\/s.01k8rhncp4jt1\/2026\/02\/image-63.jpg\",\"keywords\":[\"empr\u00e9stimos\",\"futebol\",\"mercado da bola\",\"N\u00e1poles\",\"Sporting\"],\"articleSection\":[\"Desporto\",\"Futebol\"],\"inLanguage\":\"pt-PT\"},{\"@type\":\"WebPage\",\"@id\":\"https:\/\/portaltela.pt\/noticias\/2026\/02\/01\/alisson-ja-confirmado-no-napoli-deve-viajar-para-a-italia-nesta-segunda-feira\/\",\"url\":\"https:\/\/portaltela.pt\/noticias\/2026\/02\/01\/alisson-ja-confirmado-no-napoli-deve-viajar-para-a-italia-nesta-segunda-feira\/\",\"name\":\"Alisson, j\u00e1 confirmado no Napoli, deve viajar para a It\u00e1lia nesta segunda-feira - Portal Tela Portugal\",\"isPartOf\":{\"@id\":\"https:\/\/portaltela.pt\/#website\"},\"primaryImageOfPage\":{\"@id\":\"https:\/\/portaltela.pt\/noticias\/2026\/02\/01\/alisson-ja-confirmado-no-napoli-deve-viajar-para-a-italia-nesta-segunda-feira\/#primaryimage\"},\"image\":{\"@id\":\"https:\/\/portaltela.pt\/noticias\/2026\/02\/01\/alisson-ja-confirmado-no-napoli-deve-viajar-para-a-italia-nesta-segunda-feira\/#primaryimage\"},\"thumbnailUrl\":\"https:\/\/portaltela.pt\/s.01k8rhncp4jt1\/2026\/02\/image-63.jpg\",\"datePublished\":\"2026-02-01T20:36:00+00:00\",\"author\":{\"@id\":\"https:\/\/portaltela.pt\/#\/schema\/person\/c4278d4a6028830caff9ee44b42d32ed\"},\"breadcrumb\":{\"@id\":\"https:\/\/portaltela.pt\/noticias\/2026\/02\/01\/alisson-ja-confirmado-no-napoli-deve-viajar-para-a-italia-nesta-segunda-feira\/#breadcrumb\"},\"inLanguage\":\"pt-PT\",\"potentialAction\":[{\"@type\":\"ReadAction\",\"target\":[\"https:\/\/portaltela.pt\/noticias\/2026\/02\/01\/alisson-ja-confirmado-no-napoli-deve-viajar-para-a-italia-nesta-segunda-feira\/\"]}]},{\"@type\":\"ImageObject\",\"inLanguage\":\"pt-PT\",\"@id\":\"https:\/\/portaltela.pt\/noticias\/2026\/02\/01\/alisson-ja-confirmado-no-napoli-deve-viajar-para-a-italia-nesta-segunda-feira\/#primaryimage\",\"url\":\"https:\/\/portaltela.pt\/s.01k8rhncp4jt1\/2026\/02\/image-63.jpg\",\"contentUrl\":\"https:\/\/portaltela.pt\/s.01k8rhncp4jt1\/2026\/02\/image-63.jpg\",\"width\":796,\"height\":448,\"caption\":\"Alisson Santos festeja o golo que valeu os oitavos ao Sporting\"},{\"@type\":\"BreadcrumbList\",\"@id\":\"https:\/\/portaltela.pt\/noticias\/2026\/02\/01\/alisson-ja-confirmado-no-napoli-deve-viajar-para-a-italia-nesta-segunda-feira\/#breadcrumb\",\"itemListElement\":[{\"@type\":\"ListItem\",\"position\":1,\"name\":\"In\u00edcio\",\"item\":\"https:\/\/portaltela.pt\/\"},{\"@type\":\"ListItem\",\"position\":2,\"name\":\"Alisson, j\u00e1 confirmado no Napoli, deve viajar para a It\u00e1lia nesta segunda-feira\"}]},{\"@type\":\"WebSite\",\"@id\":\"https:\/\/portaltela.pt\/#website\",\"url\":\"https:\/\/portaltela.pt\/\",\"name\":\"Portal Tela Portugal\",\"description\":\"\",\"potentialAction\":[{\"@type\":\"SearchAction\",\"target\":{\"@type\":\"EntryPoint\",\"urlTemplate\":\"https:\/\/portaltela.pt\/?s={search_term_string}\"},\"query-input\":{\"@type\":\"PropertyValueSpecification\",\"valueRequired\":true,\"valueName\":\"search_term_string\"}}],\"inLanguage\":\"pt-PT\"},{\"@type\":\"Person\",\"@id\":\"https:\/\/portaltela.pt\/#\/schema\/person\/c4278d4a6028830caff9ee44b42d32ed\",\"name\":\"Telinha\",\"image\":{\"@type\":\"ImageObject\",\"inLanguage\":\"pt-PT\",\"@id\":\"https:\/\/portaltela.pt\/s.01k8rhncp4jt1\/2025\/11\/talking-bot-125x125.png\",\"url\":\"https:\/\/portaltela.pt\/s.01k8rhncp4jt1\/2025\/11\/talking-bot-125x125.png\",\"contentUrl\":\"https:\/\/portaltela.pt\/s.01k8rhncp4jt1\/2025\/11\/talking-bot-125x125.png\",\"caption\":\"Telinha\"},\"sameAs\":[\"https:\/\/portaltela.pt\/\"],\"url\":\"https:\/\/portaltela.pt\/por\/367410592786\/\"}]}<\/script>\n<!-- \/ Yoast SEO plugin. -->","yoast_head_json":{"title":"Alisson, j\u00e1 confirmado no Napoli, deve viajar para a It\u00e1lia nesta segunda-feira - Portal Tela Portugal","robots":{"index":"index","follow":"follow","max-snippet":"max-snippet:-1","max-image-preview":"max-image-preview:large","max-video-preview":"max-video-preview:-1"},"og_locale":"pt_PT","og_type":"article","og_title":"Alisson, j\u00e1 confirmado no Napoli, deve viajar para a It\u00e1lia nesta segunda-feira - Portal Tela Portugal","og_description":"Sporting e N\u00e1poles chegaram a acordo pela transfer\u00eancia de Alisson Santos, anunciando o acordo neste domingo. O jogador, que assistiu Su\u00e1rez no golo decisivo frente ao Nacional, deve viajar para a It\u00e1lia na segunda-feira. O neg\u00f3cio prev\u00ea um empr\u00e9stimo com taxa de cerca de 3 milh\u00f5es de euros, com a N\u00e1poles a ficar com op\u00e7\u00e3o de compra entre 15 e 16 milh\u00f5es de euros. Os le\u00f5es desejavam um valor total na casa dos 20 milh\u00f5es de euros, mas o acordo ficou aqu\u00e9m dessa soma. Alisson Santos atuou no duelo com o Nacional e ofereceu a assist\u00eancia para o golo decisivo de Su\u00e1rez.","og_url":"https:\/\/portaltela.pt\/noticias\/2026\/02\/01\/alisson-ja-confirmado-no-napoli-deve-viajar-para-a-italia-nesta-segunda-feira\/","og_site_name":"Portal Tela Portugal","article_published_time":"2026-02-01T20:36:00+00:00","author":"Telinha","twitter_card":"summary_large_image","twitter_misc":{"Escrito por":"Telinha","Tempo estimado de leitura":"1 minuto"},"schema":{"@context":"https:\/\/schema.org","@graph":[{"@type":"Article","@id":"https:\/\/portaltela.pt\/noticias\/2026\/02\/01\/alisson-ja-confirmado-no-napoli-deve-viajar-para-a-italia-nesta-segunda-feira\/#article","isPartOf":{"@id":"https:\/\/portaltela.pt\/noticias\/2026\/02\/01\/alisson-ja-confirmado-no-napoli-deve-viajar-para-a-italia-nesta-segunda-feira\/"},"author":{"name":"Telinha","@id":"https:\/\/portaltela.pt\/#\/schema\/person\/c4278d4a6028830caff9ee44b42d32ed"},"headline":"Alisson, j\u00e1 confirmado no Napoli, deve viajar para a It\u00e1lia nesta segunda-feira","datePublished":"2026-02-01T20:36:00+00:00","mainEntityOfPage":{"@id":"https:\/\/portaltela.pt\/noticias\/2026\/02\/01\/alisson-ja-confirmado-no-napoli-deve-viajar-para-a-italia-nesta-segunda-feira\/"},"wordCount":161,"image":{"@id":"https:\/\/portaltela.pt\/noticias\/2026\/02\/01\/alisson-ja-confirmado-no-napoli-deve-viajar-para-a-italia-nesta-segunda-feira\/#primaryimage"},"thumbnailUrl":"https:\/\/portaltela.pt\/s.01k8rhncp4jt1\/2026\/02\/image-63.jpg","keywords":["empr\u00e9stimos","futebol","mercado da bola","N\u00e1poles","Sporting"],"articleSection":["Desporto","Futebol"],"inLanguage":"pt-PT"},{"@type":"WebPage","@id":"https:\/\/portaltela.pt\/noticias\/2026\/02\/01\/alisson-ja-confirmado-no-napoli-deve-viajar-para-a-italia-nesta-segunda-feira\/","url":"https:\/\/portaltela.pt\/noticias\/2026\/02\/01\/alisson-ja-confirmado-no-napoli-deve-viajar-para-a-italia-nesta-segunda-feira\/","name":"Alisson, j\u00e1 confirmado no Napoli, deve viajar para a It\u00e1lia nesta segunda-feira - Portal Tela Portugal","isPartOf":{"@id":"https:\/\/portaltela.pt\/#website"},"primaryImageOfPage":{"@id":"https:\/\/portaltela.pt\/noticias\/2026\/02\/01\/alisson-ja-confirmado-no-napoli-deve-viajar-para-a-italia-nesta-segunda-feira\/#primaryimage"},"image":{"@id":"https:\/\/portaltela.pt\/noticias\/2026\/02\/01\/alisson-ja-confirmado-no-napoli-deve-viajar-para-a-italia-nesta-segunda-feira\/#primaryimage"},"thumbnailUrl":"https:\/\/portaltela.pt\/s.01k8rhncp4jt1\/2026\/02\/image-63.jpg","datePublished":"2026-02-01T20:36:00+00:00","author":{"@id":"https:\/\/portaltela.pt\/#\/schema\/person\/c4278d4a6028830caff9ee44b42d32ed"},"breadcrumb":{"@id":"https:\/\/portaltela.pt\/noticias\/2026\/02\/01\/alisson-ja-confirmado-no-napoli-deve-viajar-para-a-italia-nesta-segunda-feira\/#breadcrumb"},"inLanguage":"pt-PT","potentialAction":[{"@type":"ReadAction","target":["https:\/\/portaltela.pt\/noticias\/2026\/02\/01\/alisson-ja-confirmado-no-napoli-deve-viajar-para-a-italia-nesta-segunda-feira\/"]}]},{"@type":"ImageObject","inLanguage":"pt-PT","@id":"https:\/\/portaltela.pt\/noticias\/2026\/02\/01\/alisson-ja-confirmado-no-napoli-deve-viajar-para-a-italia-nesta-segunda-feira\/#primaryimage","url":"https:\/\/portaltela.pt\/s.01k8rhncp4jt1\/2026\/02\/image-63.jpg","contentUrl":"https:\/\/portaltela.pt\/s.01k8rhncp4jt1\/2026\/02\/image-63.jpg","width":796,"height":448,"caption":"Alisson Santos festeja o golo que valeu os oitavos ao Sporting"},{"@type":"BreadcrumbList","@id":"https:\/\/portaltela.pt\/noticias\/2026\/02\/01\/alisson-ja-confirmado-no-napoli-deve-viajar-para-a-italia-nesta-segunda-feira\/#breadcrumb","itemListElement":[{"@type":"ListItem","position":1,"name":"In\u00edcio","item":"https:\/\/portaltela.pt\/"},{"@type":"ListItem","position":2,"name":"Alisson, j\u00e1 confirmado no Napoli, deve viajar para a It\u00e1lia nesta segunda-feira"}]},{"@type":"WebSite","@id":"https:\/\/portaltela.pt\/#website","url":"https:\/\/portaltela.pt\/","name":"Portal Tela Portugal","description":"","potentialAction":[{"@type":"SearchAction","target":{"@type":"EntryPoint","urlTemplate":"https:\/\/portaltela.pt\/?s={search_term_string}"},"query-input":{"@type":"PropertyValueSpecification","valueRequired":true,"valueName":"search_term_string"}}],"inLanguage":"pt-PT"},{"@type":"Person","@id":"https:\/\/portaltela.pt\/#\/schema\/person\/c4278d4a6028830caff9ee44b42d32ed","name":"Telinha","image":{"@type":"ImageObject","inLanguage":"pt-PT","@id":"https:\/\/portaltela.pt\/s.01k8rhncp4jt1\/2025\/11\/talking-bot-125x125.png","url":"https:\/\/portaltela.pt\/s.01k8rhncp4jt1\/2025\/11\/talking-bot-125x125.png","contentUrl":"https:\/\/portaltela.pt\/s.01k8rhncp4jt1\/2025\/11\/talking-bot-125x125.png","caption":"Telinha"},"sameAs":["https:\/\/portaltela.pt\/"],"url":"https:\/\/portaltela.pt\/por\/367410592786\/"}]}},"_links":{"self":[{"href":"https:\/\/portaltela.pt\/api\/wp\/v2\/posts\/189434","targetHints":{"allow":["GET"]}}],"collection":[{"href":"https:\/\/portaltela.pt\/api\/wp\/v2\/posts"}],"about":[{"href":"https:\/\/portaltela.pt\/api\/wp\/v2\/types\/post"}],"author":[{"embeddable":true,"href":"https:\/\/portaltela.pt\/api\/wp\/v2\/users\/2"}],"replies":[{"embeddable":true,"href":"https:\/\/portaltela.pt\/api\/wp\/v2\/comments?post=189434"}],"version-history":[{"count":0,"href":"https:\/\/portaltela.pt\/api\/wp\/v2\/posts\/189434\/revisions"}],"wp:featuredmedia":[{"embeddable":true,"href":"https:\/\/portaltela.pt\/api\/wp\/v2\/media\/189441"}],"wp:attachment":[{"href":"https:\/\/portaltela.pt\/api\/wp\/v2\/media?parent=189434"}],"wp:term":[{"taxonomy":"category","embeddable":true,"href":"https:\/\/portaltela.pt\/api\/wp\/v2\/categories?post=189434"},{"taxonomy":"post_tag","embeddable":true,"href":"https:\/\/portaltela.pt\/api\/wp\/v2\/tags?post=189434"}],"curies":[{"name":"wp","href":"https:\/\/api.w.org\/{rel}","templated":true}]}}