{"id":189433,"date":"2026-02-01T17:21:00","date_gmt":"2026-02-01T20:21:00","guid":{"rendered":"https:\/\/portaltela.pt\/noticias\/2026\/02\/01\/lider-que-orientou-equipa-sem-capitao-enfrenta-falhas-de-gestao\/"},"modified":"2026-02-01T17:21:00","modified_gmt":"2026-02-01T20:21:00","slug":"lider-que-orientou-equipa-sem-capitao-enfrenta-falhas-de-gestao","status":"publish","type":"post","link":"https:\/\/portaltela.pt\/desporto\/futebol\/2026\/02\/01\/lider-que-orientou-equipa-sem-capitao-enfrenta-falhas-de-gestao\/","title":{"rendered":"L\u00edder que orientou equipa sem capit\u00e3o enfrenta falhas de gest\u00e3o"},"content":{"rendered":"<p>O Sporting venceu o Nacional em Alvalade, num jogo em que o golo decisivo chegou j\u00e1 nos descontos com um remate de calcanhar de Luis Su\u00e1rez. A partida decorreu no contexto de uma semana intensa, com prepara\u00e7\u00e3o para jogos da Champions e compromissos na Ta\u00e7a.<\/p>\n<p>A equipa da casa empatou por duas vezes antes de Su\u00e1rez decidir nos minutos finais. Pedro Gon\u00e7alves tamb\u00e9m marcou, mas o Nacional chegou ao 2-1 aos 76 minutos, com Alan N\u00fa\u00f1ez a repetir o tento ap\u00f3s erro defensivo. Rui Borges dirigiu o onze sem Hjulmand, ainda a recuperar de uma alegada proposta para o capit\u00e3o.<\/p>\n<p>O treinador destacou a necessidade de manter foco nas v\u00e1rias frentes e reconheceu a for\u00e7a dos advers\u00e1rios mesmo ap\u00f3s o jogo europeu. Su\u00e1rez, Gon\u00e7alves e Alisson surgiram titulares, com impacto decisivo na segunda parte apesar de algumas oscila\u00e7\u00f5es de rendimento da equipa.<\/p>\n<h3>An\u00e1lise da vit\u00f3ria de Alvalade<\/h3>\n<p>O minuto inicial trouxe alertas com o relvado molhado e um passe que quase abriu caminho para o golo advers\u00e1rio. O Sporting dominou a posse, mas falhou na defini\u00e7\u00e3o frente ao bloco defensivo do Nacional, que construiu contra-ataques r\u00e1pidos.<\/p>\n<p>Na segunda metade, os le\u00f5es criaram v\u00e1rias oportunidades e chegaram ao golo da vantagem com Gon\u00e7alves. O empate do Nacional surgiu de remate de Alan N\u00fa\u00f1ez, ap\u00f3s defesa incompleta de Rui Silva. A remontada verde e branca culminou com o toque final de Su\u00e1rez, aos 90+6, fechando o resultado.<\/p>\n","protected":false},"excerpt":{"rendered":"<ul>\n<li>Nos \u00faltimos tr\u00eas jogos, o Sporting mostrou rea\u00e7\u00e3o ofensiva no final, com gol nos descontos no jogo em Alvalade e vit\u00f3ria por 2-1 aos 90+6 frente ao Nacional, com Lu\u00eds Su\u00e1rez a marcar de calcanhar.<\/li>\n<li>A equipa ficou com uma classifica\u00e7\u00e3o na liga aos 20.\u00aa jornada que n\u00e3o refletiu o que se viu, pois houve \u201cengano\u201d em rela\u00e7\u00e3o \u00e0 posi\u00e7\u00e3o, e o FC Porto continua numa fase muito superior, chegando aos quartos da Ta\u00e7a e existindo qualifica\u00e7\u00e3o direta para os oitavos da Champions.<\/li>\n<li>Rui Borges enalteceu o grupo e garantiu que o foco est\u00e1 no Nacional, na Ta\u00e7a com o AVS e no duelo decisivo com o FC Porto, sublinhando que Su\u00e1rez e Pedro Gon\u00e7alves v\u00e3o jogar, mesmo com quatro amarelos.<\/li>\n<li>O encontro em Alvalade destacou-se pela irregularidade exibicional, com falhas defensivas e a aus\u00eancia do capit\u00e3o Hjulmand, ligado a uma poss\u00edvel investida do Atl\u00e9tico de Madrid, o que influenciou o rendimento colectivo.<\/li>\n<li>No plano individual, Gon\u00e7alves voltou aos golos e Su\u00e1rez, al\u00e9m de marcar, esteve envolvido na jogada decisiva, evidenciando a import\u00e2ncia de ter um atacante decisivo mesmo em noites conturbadas.<\/li>\n<\/ul>\n","protected":false},"author":2,"featured_media":189442,"comment_status":"closed","ping_status":"closed","sticky":false,"template":"","format":"standard","meta":{"footnotes":""},"categories":[21,24],"tags":[3577,32,1319,3373,1652,4151],"class_list":["post-189433","post","type-post","status-publish","format-standard","has-post-thumbnail","hentry","category-desporto","category-futebol","tag-champions-league","tag-futebol","tag-nacional","tag-pedro-goncalves","tag-sporting","tag-suarez"],"yoast_head":"<!-- This site is optimized with the Yoast SEO plugin v27.2 - https:\/\/yoast.com\/product\/yoast-seo-wordpress\/ -->\n<title>L\u00edder que orientou equipa sem capit\u00e3o enfrenta falhas de gest\u00e3o - Portal Tela Portugal<\/title>\n<meta name=\"robots\" content=\"index, follow, max-snippet:-1, max-image-preview:large, max-video-preview:-1\" \/>\n<meta property=\"og:locale\" content=\"pt_PT\" \/>\n<meta property=\"og:type\" content=\"article\" \/>\n<meta property=\"og:title\" content=\"L\u00edder que orientou equipa sem capit\u00e3o enfrenta falhas de gest\u00e3o - Portal Tela Portugal\" \/>\n<meta property=\"og:description\" content=\"Nos \u00faltimos tr\u00eas jogos, o Sporting mostrou rea\u00e7\u00e3o ofensiva no final, com gol nos descontos no jogo em Alvalade e vit\u00f3ria por 2-1 aos 90+6 frente ao Nacional, com Lu\u00eds Su\u00e1rez a marcar de calcanhar. A equipa ficou com uma classifica\u00e7\u00e3o na liga aos 20.\u00aa jornada que n\u00e3o refletiu o que se viu, pois houve \u201cengano\u201d em rela\u00e7\u00e3o \u00e0 posi\u00e7\u00e3o, e o FC Porto continua numa fase muito superior, chegando aos quartos da Ta\u00e7a e existindo qualifica\u00e7\u00e3o direta para os oitavos da Champions. Rui Borges enalteceu o grupo e garantiu que o foco est\u00e1 no Nacional, na Ta\u00e7a com o AVS e no duelo decisivo com o FC Porto, sublinhando que Su\u00e1rez e Pedro Gon\u00e7alves v\u00e3o jogar, mesmo com quatro amarelos. O encontro em Alvalade destacou-se pela irregularidade exibicional, com falhas defensivas e a aus\u00eancia do capit\u00e3o Hjulmand, ligado a uma poss\u00edvel investida do Atl\u00e9tico de Madrid, o que influenciou o rendimento colectivo. No plano individual, Gon\u00e7alves voltou aos golos e Su\u00e1rez, al\u00e9m de marcar, esteve envolvido na jogada decisiva, evidenciando a import\u00e2ncia de ter um atacante decisivo mesmo em noites conturbadas.\" \/>\n<meta property=\"og:url\" content=\"https:\/\/portaltela.pt\/noticias\/2026\/02\/01\/lider-que-orientou-equipa-sem-capitao-enfrenta-falhas-de-gestao\/\" \/>\n<meta property=\"og:site_name\" content=\"Portal Tela Portugal\" \/>\n<meta property=\"article:published_time\" content=\"2026-02-01T20:21:00+00:00\" \/>\n<meta name=\"author\" content=\"Telinha\" \/>\n<meta name=\"twitter:card\" content=\"summary_large_image\" \/>\n<meta name=\"twitter:label1\" content=\"Escrito por\" \/>\n\t<meta name=\"twitter:data1\" content=\"Telinha\" \/>\n\t<meta name=\"twitter:label2\" content=\"Tempo estimado de leitura\" \/>\n\t<meta name=\"twitter:data2\" content=\"1 minuto\" \/>\n<script type=\"application\/ld+json\" class=\"yoast-schema-graph\">{\"@context\":\"https:\/\/schema.org\",\"@graph\":[{\"@type\":\"Article\",\"@id\":\"https:\/\/portaltela.pt\/noticias\/2026\/02\/01\/lider-que-orientou-equipa-sem-capitao-enfrenta-falhas-de-gestao\/#article\",\"isPartOf\":{\"@id\":\"https:\/\/portaltela.pt\/noticias\/2026\/02\/01\/lider-que-orientou-equipa-sem-capitao-enfrenta-falhas-de-gestao\/\"},\"author\":{\"name\":\"Telinha\",\"@id\":\"https:\/\/portaltela.pt\/#\/schema\/person\/c4278d4a6028830caff9ee44b42d32ed\"},\"headline\":\"L\u00edder que orientou equipa sem capit\u00e3o enfrenta falhas de gest\u00e3o\",\"datePublished\":\"2026-02-01T20:21:00+00:00\",\"mainEntityOfPage\":{\"@id\":\"https:\/\/portaltela.pt\/noticias\/2026\/02\/01\/lider-que-orientou-equipa-sem-capitao-enfrenta-falhas-de-gestao\/\"},\"wordCount\":273,\"image\":{\"@id\":\"https:\/\/portaltela.pt\/noticias\/2026\/02\/01\/lider-que-orientou-equipa-sem-capitao-enfrenta-falhas-de-gestao\/#primaryimage\"},\"thumbnailUrl\":\"https:\/\/portaltela.pt\/s.01k8rhncp4jt1\/2026\/02\/unnamed-file-217.jpg\",\"keywords\":[\"Champions League\",\"futebol\",\"Nacional\",\"Pedro Gon\u00e7alves\",\"Sporting\",\"Su\u00e1rez\"],\"articleSection\":[\"Desporto\",\"Futebol\"],\"inLanguage\":\"pt-PT\"},{\"@type\":\"WebPage\",\"@id\":\"https:\/\/portaltela.pt\/noticias\/2026\/02\/01\/lider-que-orientou-equipa-sem-capitao-enfrenta-falhas-de-gestao\/\",\"url\":\"https:\/\/portaltela.pt\/noticias\/2026\/02\/01\/lider-que-orientou-equipa-sem-capitao-enfrenta-falhas-de-gestao\/\",\"name\":\"L\u00edder que orientou equipa sem capit\u00e3o enfrenta falhas de gest\u00e3o - Portal Tela Portugal\",\"isPartOf\":{\"@id\":\"https:\/\/portaltela.pt\/#website\"},\"primaryImageOfPage\":{\"@id\":\"https:\/\/portaltela.pt\/noticias\/2026\/02\/01\/lider-que-orientou-equipa-sem-capitao-enfrenta-falhas-de-gestao\/#primaryimage\"},\"image\":{\"@id\":\"https:\/\/portaltela.pt\/noticias\/2026\/02\/01\/lider-que-orientou-equipa-sem-capitao-enfrenta-falhas-de-gestao\/#primaryimage\"},\"thumbnailUrl\":\"https:\/\/portaltela.pt\/s.01k8rhncp4jt1\/2026\/02\/unnamed-file-217.jpg\",\"datePublished\":\"2026-02-01T20:21:00+00:00\",\"author\":{\"@id\":\"https:\/\/portaltela.pt\/#\/schema\/person\/c4278d4a6028830caff9ee44b42d32ed\"},\"breadcrumb\":{\"@id\":\"https:\/\/portaltela.pt\/noticias\/2026\/02\/01\/lider-que-orientou-equipa-sem-capitao-enfrenta-falhas-de-gestao\/#breadcrumb\"},\"inLanguage\":\"pt-PT\",\"potentialAction\":[{\"@type\":\"ReadAction\",\"target\":[\"https:\/\/portaltela.pt\/noticias\/2026\/02\/01\/lider-que-orientou-equipa-sem-capitao-enfrenta-falhas-de-gestao\/\"]}]},{\"@type\":\"ImageObject\",\"inLanguage\":\"pt-PT\",\"@id\":\"https:\/\/portaltela.pt\/noticias\/2026\/02\/01\/lider-que-orientou-equipa-sem-capitao-enfrenta-falhas-de-gestao\/#primaryimage\",\"url\":\"https:\/\/portaltela.pt\/s.01k8rhncp4jt1\/2026\/02\/unnamed-file-217.jpg\",\"contentUrl\":\"https:\/\/portaltela.pt\/s.01k8rhncp4jt1\/2026\/02\/unnamed-file-217.jpg\",\"width\":796,\"height\":448,\"caption\":\"O calcanhar de um l\u00edder que orientou uma equipa sem capit\u00e3o\"},{\"@type\":\"BreadcrumbList\",\"@id\":\"https:\/\/portaltela.pt\/noticias\/2026\/02\/01\/lider-que-orientou-equipa-sem-capitao-enfrenta-falhas-de-gestao\/#breadcrumb\",\"itemListElement\":[{\"@type\":\"ListItem\",\"position\":1,\"name\":\"In\u00edcio\",\"item\":\"https:\/\/portaltela.pt\/\"},{\"@type\":\"ListItem\",\"position\":2,\"name\":\"L\u00edder que orientou equipa sem capit\u00e3o enfrenta falhas de gest\u00e3o\"}]},{\"@type\":\"WebSite\",\"@id\":\"https:\/\/portaltela.pt\/#website\",\"url\":\"https:\/\/portaltela.pt\/\",\"name\":\"Portal Tela Portugal\",\"description\":\"\",\"potentialAction\":[{\"@type\":\"SearchAction\",\"target\":{\"@type\":\"EntryPoint\",\"urlTemplate\":\"https:\/\/portaltela.pt\/?s={search_term_string}\"},\"query-input\":{\"@type\":\"PropertyValueSpecification\",\"valueRequired\":true,\"valueName\":\"search_term_string\"}}],\"inLanguage\":\"pt-PT\"},{\"@type\":\"Person\",\"@id\":\"https:\/\/portaltela.pt\/#\/schema\/person\/c4278d4a6028830caff9ee44b42d32ed\",\"name\":\"Telinha\",\"image\":{\"@type\":\"ImageObject\",\"inLanguage\":\"pt-PT\",\"@id\":\"https:\/\/portaltela.pt\/s.01k8rhncp4jt1\/2025\/11\/talking-bot-125x125.png\",\"url\":\"https:\/\/portaltela.pt\/s.01k8rhncp4jt1\/2025\/11\/talking-bot-125x125.png\",\"contentUrl\":\"https:\/\/portaltela.pt\/s.01k8rhncp4jt1\/2025\/11\/talking-bot-125x125.png\",\"caption\":\"Telinha\"},\"sameAs\":[\"https:\/\/portaltela.pt\/\"],\"url\":\"https:\/\/portaltela.pt\/por\/367410592786\/\"}]}<\/script>\n<!-- \/ Yoast SEO plugin. -->","yoast_head_json":{"title":"L\u00edder que orientou equipa sem capit\u00e3o enfrenta falhas de gest\u00e3o - Portal Tela Portugal","robots":{"index":"index","follow":"follow","max-snippet":"max-snippet:-1","max-image-preview":"max-image-preview:large","max-video-preview":"max-video-preview:-1"},"og_locale":"pt_PT","og_type":"article","og_title":"L\u00edder que orientou equipa sem capit\u00e3o enfrenta falhas de gest\u00e3o - Portal Tela Portugal","og_description":"Nos \u00faltimos tr\u00eas jogos, o Sporting mostrou rea\u00e7\u00e3o ofensiva no final, com gol nos descontos no jogo em Alvalade e vit\u00f3ria por 2-1 aos 90+6 frente ao Nacional, com Lu\u00eds Su\u00e1rez a marcar de calcanhar. A equipa ficou com uma classifica\u00e7\u00e3o na liga aos 20.\u00aa jornada que n\u00e3o refletiu o que se viu, pois houve \u201cengano\u201d em rela\u00e7\u00e3o \u00e0 posi\u00e7\u00e3o, e o FC Porto continua numa fase muito superior, chegando aos quartos da Ta\u00e7a e existindo qualifica\u00e7\u00e3o direta para os oitavos da Champions. Rui Borges enalteceu o grupo e garantiu que o foco est\u00e1 no Nacional, na Ta\u00e7a com o AVS e no duelo decisivo com o FC Porto, sublinhando que Su\u00e1rez e Pedro Gon\u00e7alves v\u00e3o jogar, mesmo com quatro amarelos. O encontro em Alvalade destacou-se pela irregularidade exibicional, com falhas defensivas e a aus\u00eancia do capit\u00e3o Hjulmand, ligado a uma poss\u00edvel investida do Atl\u00e9tico de Madrid, o que influenciou o rendimento colectivo. No plano individual, Gon\u00e7alves voltou aos golos e Su\u00e1rez, al\u00e9m de marcar, esteve envolvido na jogada decisiva, evidenciando a import\u00e2ncia de ter um atacante decisivo mesmo em noites conturbadas.","og_url":"https:\/\/portaltela.pt\/noticias\/2026\/02\/01\/lider-que-orientou-equipa-sem-capitao-enfrenta-falhas-de-gestao\/","og_site_name":"Portal Tela Portugal","article_published_time":"2026-02-01T20:21:00+00:00","author":"Telinha","twitter_card":"summary_large_image","twitter_misc":{"Escrito por":"Telinha","Tempo estimado de leitura":"1 minuto"},"schema":{"@context":"https:\/\/schema.org","@graph":[{"@type":"Article","@id":"https:\/\/portaltela.pt\/noticias\/2026\/02\/01\/lider-que-orientou-equipa-sem-capitao-enfrenta-falhas-de-gestao\/#article","isPartOf":{"@id":"https:\/\/portaltela.pt\/noticias\/2026\/02\/01\/lider-que-orientou-equipa-sem-capitao-enfrenta-falhas-de-gestao\/"},"author":{"name":"Telinha","@id":"https:\/\/portaltela.pt\/#\/schema\/person\/c4278d4a6028830caff9ee44b42d32ed"},"headline":"L\u00edder que orientou equipa sem capit\u00e3o enfrenta falhas de gest\u00e3o","datePublished":"2026-02-01T20:21:00+00:00","mainEntityOfPage":{"@id":"https:\/\/portaltela.pt\/noticias\/2026\/02\/01\/lider-que-orientou-equipa-sem-capitao-enfrenta-falhas-de-gestao\/"},"wordCount":273,"image":{"@id":"https:\/\/portaltela.pt\/noticias\/2026\/02\/01\/lider-que-orientou-equipa-sem-capitao-enfrenta-falhas-de-gestao\/#primaryimage"},"thumbnailUrl":"https:\/\/portaltela.pt\/s.01k8rhncp4jt1\/2026\/02\/unnamed-file-217.jpg","keywords":["Champions League","futebol","Nacional","Pedro Gon\u00e7alves","Sporting","Su\u00e1rez"],"articleSection":["Desporto","Futebol"],"inLanguage":"pt-PT"},{"@type":"WebPage","@id":"https:\/\/portaltela.pt\/noticias\/2026\/02\/01\/lider-que-orientou-equipa-sem-capitao-enfrenta-falhas-de-gestao\/","url":"https:\/\/portaltela.pt\/noticias\/2026\/02\/01\/lider-que-orientou-equipa-sem-capitao-enfrenta-falhas-de-gestao\/","name":"L\u00edder que orientou equipa sem capit\u00e3o enfrenta falhas de gest\u00e3o - Portal Tela Portugal","isPartOf":{"@id":"https:\/\/portaltela.pt\/#website"},"primaryImageOfPage":{"@id":"https:\/\/portaltela.pt\/noticias\/2026\/02\/01\/lider-que-orientou-equipa-sem-capitao-enfrenta-falhas-de-gestao\/#primaryimage"},"image":{"@id":"https:\/\/portaltela.pt\/noticias\/2026\/02\/01\/lider-que-orientou-equipa-sem-capitao-enfrenta-falhas-de-gestao\/#primaryimage"},"thumbnailUrl":"https:\/\/portaltela.pt\/s.01k8rhncp4jt1\/2026\/02\/unnamed-file-217.jpg","datePublished":"2026-02-01T20:21:00+00:00","author":{"@id":"https:\/\/portaltela.pt\/#\/schema\/person\/c4278d4a6028830caff9ee44b42d32ed"},"breadcrumb":{"@id":"https:\/\/portaltela.pt\/noticias\/2026\/02\/01\/lider-que-orientou-equipa-sem-capitao-enfrenta-falhas-de-gestao\/#breadcrumb"},"inLanguage":"pt-PT","potentialAction":[{"@type":"ReadAction","target":["https:\/\/portaltela.pt\/noticias\/2026\/02\/01\/lider-que-orientou-equipa-sem-capitao-enfrenta-falhas-de-gestao\/"]}]},{"@type":"ImageObject","inLanguage":"pt-PT","@id":"https:\/\/portaltela.pt\/noticias\/2026\/02\/01\/lider-que-orientou-equipa-sem-capitao-enfrenta-falhas-de-gestao\/#primaryimage","url":"https:\/\/portaltela.pt\/s.01k8rhncp4jt1\/2026\/02\/unnamed-file-217.jpg","contentUrl":"https:\/\/portaltela.pt\/s.01k8rhncp4jt1\/2026\/02\/unnamed-file-217.jpg","width":796,"height":448,"caption":"O calcanhar de um l\u00edder que orientou uma equipa sem capit\u00e3o"},{"@type":"BreadcrumbList","@id":"https:\/\/portaltela.pt\/noticias\/2026\/02\/01\/lider-que-orientou-equipa-sem-capitao-enfrenta-falhas-de-gestao\/#breadcrumb","itemListElement":[{"@type":"ListItem","position":1,"name":"In\u00edcio","item":"https:\/\/portaltela.pt\/"},{"@type":"ListItem","position":2,"name":"L\u00edder que orientou equipa sem capit\u00e3o enfrenta falhas de gest\u00e3o"}]},{"@type":"WebSite","@id":"https:\/\/portaltela.pt\/#website","url":"https:\/\/portaltela.pt\/","name":"Portal Tela Portugal","description":"","potentialAction":[{"@type":"SearchAction","target":{"@type":"EntryPoint","urlTemplate":"https:\/\/portaltela.pt\/?s={search_term_string}"},"query-input":{"@type":"PropertyValueSpecification","valueRequired":true,"valueName":"search_term_string"}}],"inLanguage":"pt-PT"},{"@type":"Person","@id":"https:\/\/portaltela.pt\/#\/schema\/person\/c4278d4a6028830caff9ee44b42d32ed","name":"Telinha","image":{"@type":"ImageObject","inLanguage":"pt-PT","@id":"https:\/\/portaltela.pt\/s.01k8rhncp4jt1\/2025\/11\/talking-bot-125x125.png","url":"https:\/\/portaltela.pt\/s.01k8rhncp4jt1\/2025\/11\/talking-bot-125x125.png","contentUrl":"https:\/\/portaltela.pt\/s.01k8rhncp4jt1\/2025\/11\/talking-bot-125x125.png","caption":"Telinha"},"sameAs":["https:\/\/portaltela.pt\/"],"url":"https:\/\/portaltela.pt\/por\/367410592786\/"}]}},"_links":{"self":[{"href":"https:\/\/portaltela.pt\/api\/wp\/v2\/posts\/189433","targetHints":{"allow":["GET"]}}],"collection":[{"href":"https:\/\/portaltela.pt\/api\/wp\/v2\/posts"}],"about":[{"href":"https:\/\/portaltela.pt\/api\/wp\/v2\/types\/post"}],"author":[{"embeddable":true,"href":"https:\/\/portaltela.pt\/api\/wp\/v2\/users\/2"}],"replies":[{"embeddable":true,"href":"https:\/\/portaltela.pt\/api\/wp\/v2\/comments?post=189433"}],"version-history":[{"count":0,"href":"https:\/\/portaltela.pt\/api\/wp\/v2\/posts\/189433\/revisions"}],"wp:featuredmedia":[{"embeddable":true,"href":"https:\/\/portaltela.pt\/api\/wp\/v2\/media\/189442"}],"wp:attachment":[{"href":"https:\/\/portaltela.pt\/api\/wp\/v2\/media?parent=189433"}],"wp:term":[{"taxonomy":"category","embeddable":true,"href":"https:\/\/portaltela.pt\/api\/wp\/v2\/categories?post=189433"},{"taxonomy":"post_tag","embeddable":true,"href":"https:\/\/portaltela.pt\/api\/wp\/v2\/tags?post=189433"}],"curies":[{"name":"wp","href":"https:\/\/api.w.org\/{rel}","templated":true}]}}