{"id":189420,"date":"2026-02-01T17:10:45","date_gmt":"2026-02-01T20:10:45","guid":{"rendered":"https:\/\/portaltela.pt\/noticias\/2026\/02\/01\/ultimo-dia-da-iii-feira-de-docaria-conventual-em-vila-vicosa\/"},"modified":"2026-02-01T17:10:45","modified_gmt":"2026-02-01T20:10:45","slug":"ultimo-dia-da-iii-feira-de-docaria-conventual-em-vila-vicosa","status":"publish","type":"post","link":"https:\/\/portaltela.pt\/noticias\/2026\/02\/01\/ultimo-dia-da-iii-feira-de-docaria-conventual-em-vila-vicosa\/","title":{"rendered":"\u00daltimo dia da III Feira de Do\u00e7aria Conventual em Vila Vi\u00e7osa"},"content":{"rendered":"<p>O Munic\u00edpio de Vila Vi\u00e7osa encerrou com sucesso a III Feira de Do\u00e7aria Conventual, dedicada \u00e0 figura de Lurdes Ramos, ap\u00f3s tr\u00eas dias de certame. O evento destacou a rica do\u00e7aria conventual da regi\u00e3o e contou com diversas atividades ao longo do per\u00edodo.<\/p>\n<p>A iniciativa, realizada em Vila Vi\u00e7osa, atraiu um grande n\u00famero de visitantes provenientes de localidades pr\u00f3ximas, conforme indicam os organizadores. O objetivo foi promover o patrim\u00f3nio gastron\u00f3mico e dinamizar a comunidade local.<\/p>\n<p>O Munic\u00edpio agradece sinceramente a participa\u00e7\u00e3o de todos os expositores e visitantes, cuja presen\u00e7a contribuiu para o sucesso do evento. A organiza\u00e7\u00e3o real\u00e7ou a import\u00e2ncia de manter viva a tradi\u00e7\u00e3o da do\u00e7aria conventual.<\/p>\n<h3>Encerramento e ades\u00e3o do p\u00fablico<\/h3>\n<p>O balan\u00e7o inicial aponta para uma participa\u00e7\u00e3o elevada ao longo dos tr\u00eas dias, com feedback positivo sobre as iguarias apresentadas e as atividades culturais. N\u00e3o foram reportadas ocorr\u00eancias relevantes durante o certame.<\/p>\n","protected":false},"excerpt":{"rendered":"<ul>\n<li>O Munic\u00edpio de Vila Vi\u00e7osa encerrou com sucesso a III Feira de Do\u00e7aria Conventual de Vila Vi\u00e7osa \u201cLurdes Ramos\u201d.<\/li>\n<li>O evento foi dedicado \u00e0 famosa Lurdes Ramos e \u00e0s suas iguarias.<\/li>\n<li>A feira decorreu ao longo de tr\u00eas dias, celebrando a do\u00e7aria conventual.<\/li>\n<li>Contou com um grande n\u00famero de visitantes de v\u00e1rias localidades pr\u00f3ximas.<\/li>\n<li>A organiza\u00e7\u00e3o agradece a participa\u00e7\u00e3o e a visita, destacando a contribui\u00e7\u00e3o para o sucesso do certame.<\/li>\n<\/ul>\n","protected":false},"author":2,"featured_media":189425,"comment_status":"closed","ping_status":"closed","sticky":false,"template":"","format":"standard","meta":{"footnotes":""},"categories":[1],"tags":[883,638,3731,219,814,169],"class_list":["post-189420","post","type-post","status-publish","format-standard","has-post-thumbnail","hentry","category-noticias","tag-alentejo","tag-docaria","tag-eventos","tag-gastronomia","tag-patrimonio","tag-turismo"],"yoast_head":"<!-- This site is optimized with the Yoast SEO plugin v27.2 - https:\/\/yoast.com\/product\/yoast-seo-wordpress\/ -->\n<title>\u00daltimo dia da III Feira de Do\u00e7aria Conventual em Vila Vi\u00e7osa - Portal Tela Portugal<\/title>\n<meta name=\"robots\" content=\"index, follow, max-snippet:-1, max-image-preview:large, max-video-preview:-1\" \/>\n<meta property=\"og:locale\" content=\"pt_PT\" \/>\n<meta property=\"og:type\" content=\"article\" \/>\n<meta property=\"og:title\" content=\"\u00daltimo dia da III Feira de Do\u00e7aria Conventual em Vila Vi\u00e7osa - Portal Tela Portugal\" \/>\n<meta property=\"og:description\" content=\"O Munic\u00edpio de Vila Vi\u00e7osa encerrou com sucesso a III Feira de Do\u00e7aria Conventual de Vila Vi\u00e7osa \u201cLurdes Ramos\u201d. O evento foi dedicado \u00e0 famosa Lurdes Ramos e \u00e0s suas iguarias. A feira decorreu ao longo de tr\u00eas dias, celebrando a do\u00e7aria conventual. Contou com um grande n\u00famero de visitantes de v\u00e1rias localidades pr\u00f3ximas. A organiza\u00e7\u00e3o agradece a participa\u00e7\u00e3o e a visita, destacando a contribui\u00e7\u00e3o para o sucesso do certame.\" \/>\n<meta property=\"og:url\" content=\"https:\/\/portaltela.pt\/noticias\/2026\/02\/01\/ultimo-dia-da-iii-feira-de-docaria-conventual-em-vila-vicosa\/\" \/>\n<meta property=\"og:site_name\" content=\"Portal Tela Portugal\" \/>\n<meta property=\"article:published_time\" content=\"2026-02-01T20:10:45+00:00\" \/>\n<meta name=\"author\" content=\"Telinha\" \/>\n<meta name=\"twitter:card\" content=\"summary_large_image\" \/>\n<meta name=\"twitter:label1\" content=\"Escrito por\" \/>\n\t<meta name=\"twitter:data1\" content=\"Telinha\" \/>\n\t<meta name=\"twitter:label2\" content=\"Tempo estimado de leitura\" \/>\n\t<meta name=\"twitter:data2\" content=\"1 minuto\" \/>\n<script type=\"application\/ld+json\" class=\"yoast-schema-graph\">{\"@context\":\"https:\/\/schema.org\",\"@graph\":[{\"@type\":\"Article\",\"@id\":\"https:\/\/portaltela.pt\/noticias\/2026\/02\/01\/ultimo-dia-da-iii-feira-de-docaria-conventual-em-vila-vicosa\/#article\",\"isPartOf\":{\"@id\":\"https:\/\/portaltela.pt\/noticias\/2026\/02\/01\/ultimo-dia-da-iii-feira-de-docaria-conventual-em-vila-vicosa\/\"},\"author\":{\"name\":\"Telinha\",\"@id\":\"https:\/\/portaltela.pt\/#\/schema\/person\/c4278d4a6028830caff9ee44b42d32ed\"},\"headline\":\"\u00daltimo dia da III Feira de Do\u00e7aria Conventual em Vila Vi\u00e7osa\",\"datePublished\":\"2026-02-01T20:10:45+00:00\",\"mainEntityOfPage\":{\"@id\":\"https:\/\/portaltela.pt\/noticias\/2026\/02\/01\/ultimo-dia-da-iii-feira-de-docaria-conventual-em-vila-vicosa\/\"},\"wordCount\":185,\"image\":{\"@id\":\"https:\/\/portaltela.pt\/noticias\/2026\/02\/01\/ultimo-dia-da-iii-feira-de-docaria-conventual-em-vila-vicosa\/#primaryimage\"},\"thumbnailUrl\":\"https:\/\/portaltela.pt\/s.01k8rhncp4jt1\/2026\/02\/Ultimo-dia-da-III-Feira-de-Docaria-Conventual-de-Vila.jpg\",\"keywords\":[\"Alentejo\",\"do\u00e7aria\",\"eventos\",\"gastronomia\",\"patrim\u00f3nio\",\"turismo\"],\"articleSection\":[\"Not\u00edcias\"],\"inLanguage\":\"pt-PT\"},{\"@type\":\"WebPage\",\"@id\":\"https:\/\/portaltela.pt\/noticias\/2026\/02\/01\/ultimo-dia-da-iii-feira-de-docaria-conventual-em-vila-vicosa\/\",\"url\":\"https:\/\/portaltela.pt\/noticias\/2026\/02\/01\/ultimo-dia-da-iii-feira-de-docaria-conventual-em-vila-vicosa\/\",\"name\":\"\u00daltimo dia da III Feira de Do\u00e7aria Conventual em Vila Vi\u00e7osa - Portal Tela Portugal\",\"isPartOf\":{\"@id\":\"https:\/\/portaltela.pt\/#website\"},\"primaryImageOfPage\":{\"@id\":\"https:\/\/portaltela.pt\/noticias\/2026\/02\/01\/ultimo-dia-da-iii-feira-de-docaria-conventual-em-vila-vicosa\/#primaryimage\"},\"image\":{\"@id\":\"https:\/\/portaltela.pt\/noticias\/2026\/02\/01\/ultimo-dia-da-iii-feira-de-docaria-conventual-em-vila-vicosa\/#primaryimage\"},\"thumbnailUrl\":\"https:\/\/portaltela.pt\/s.01k8rhncp4jt1\/2026\/02\/Ultimo-dia-da-III-Feira-de-Docaria-Conventual-de-Vila.jpg\",\"datePublished\":\"2026-02-01T20:10:45+00:00\",\"author\":{\"@id\":\"https:\/\/portaltela.pt\/#\/schema\/person\/c4278d4a6028830caff9ee44b42d32ed\"},\"breadcrumb\":{\"@id\":\"https:\/\/portaltela.pt\/noticias\/2026\/02\/01\/ultimo-dia-da-iii-feira-de-docaria-conventual-em-vila-vicosa\/#breadcrumb\"},\"inLanguage\":\"pt-PT\",\"potentialAction\":[{\"@type\":\"ReadAction\",\"target\":[\"https:\/\/portaltela.pt\/noticias\/2026\/02\/01\/ultimo-dia-da-iii-feira-de-docaria-conventual-em-vila-vicosa\/\"]}]},{\"@type\":\"ImageObject\",\"inLanguage\":\"pt-PT\",\"@id\":\"https:\/\/portaltela.pt\/noticias\/2026\/02\/01\/ultimo-dia-da-iii-feira-de-docaria-conventual-em-vila-vicosa\/#primaryimage\",\"url\":\"https:\/\/portaltela.pt\/s.01k8rhncp4jt1\/2026\/02\/Ultimo-dia-da-III-Feira-de-Docaria-Conventual-de-Vila.jpg\",\"contentUrl\":\"https:\/\/portaltela.pt\/s.01k8rhncp4jt1\/2026\/02\/Ultimo-dia-da-III-Feira-de-Docaria-Conventual-de-Vila.jpg\",\"width\":796,\"height\":448,\"caption\":\"\u00daltimo dia da III Feira de Do\u00e7aria Conventual de Vila Vi\u00e7osa \u201cLurdes Ramos\u201d\"},{\"@type\":\"BreadcrumbList\",\"@id\":\"https:\/\/portaltela.pt\/noticias\/2026\/02\/01\/ultimo-dia-da-iii-feira-de-docaria-conventual-em-vila-vicosa\/#breadcrumb\",\"itemListElement\":[{\"@type\":\"ListItem\",\"position\":1,\"name\":\"In\u00edcio\",\"item\":\"https:\/\/portaltela.pt\/\"},{\"@type\":\"ListItem\",\"position\":2,\"name\":\"\u00daltimo dia da III Feira de Do\u00e7aria Conventual em Vila Vi\u00e7osa\"}]},{\"@type\":\"WebSite\",\"@id\":\"https:\/\/portaltela.pt\/#website\",\"url\":\"https:\/\/portaltela.pt\/\",\"name\":\"Portal Tela Portugal\",\"description\":\"\",\"potentialAction\":[{\"@type\":\"SearchAction\",\"target\":{\"@type\":\"EntryPoint\",\"urlTemplate\":\"https:\/\/portaltela.pt\/?s={search_term_string}\"},\"query-input\":{\"@type\":\"PropertyValueSpecification\",\"valueRequired\":true,\"valueName\":\"search_term_string\"}}],\"inLanguage\":\"pt-PT\"},{\"@type\":\"Person\",\"@id\":\"https:\/\/portaltela.pt\/#\/schema\/person\/c4278d4a6028830caff9ee44b42d32ed\",\"name\":\"Telinha\",\"image\":{\"@type\":\"ImageObject\",\"inLanguage\":\"pt-PT\",\"@id\":\"https:\/\/portaltela.pt\/s.01k8rhncp4jt1\/2025\/11\/talking-bot-125x125.png\",\"url\":\"https:\/\/portaltela.pt\/s.01k8rhncp4jt1\/2025\/11\/talking-bot-125x125.png\",\"contentUrl\":\"https:\/\/portaltela.pt\/s.01k8rhncp4jt1\/2025\/11\/talking-bot-125x125.png\",\"caption\":\"Telinha\"},\"sameAs\":[\"https:\/\/portaltela.pt\/\"],\"url\":\"https:\/\/portaltela.pt\/por\/367410592786\/\"}]}<\/script>\n<!-- \/ Yoast SEO plugin. -->","yoast_head_json":{"title":"\u00daltimo dia da III Feira de Do\u00e7aria Conventual em Vila Vi\u00e7osa - Portal Tela Portugal","robots":{"index":"index","follow":"follow","max-snippet":"max-snippet:-1","max-image-preview":"max-image-preview:large","max-video-preview":"max-video-preview:-1"},"og_locale":"pt_PT","og_type":"article","og_title":"\u00daltimo dia da III Feira de Do\u00e7aria Conventual em Vila Vi\u00e7osa - Portal Tela Portugal","og_description":"O Munic\u00edpio de Vila Vi\u00e7osa encerrou com sucesso a III Feira de Do\u00e7aria Conventual de Vila Vi\u00e7osa \u201cLurdes Ramos\u201d. O evento foi dedicado \u00e0 famosa Lurdes Ramos e \u00e0s suas iguarias. A feira decorreu ao longo de tr\u00eas dias, celebrando a do\u00e7aria conventual. Contou com um grande n\u00famero de visitantes de v\u00e1rias localidades pr\u00f3ximas. A organiza\u00e7\u00e3o agradece a participa\u00e7\u00e3o e a visita, destacando a contribui\u00e7\u00e3o para o sucesso do certame.","og_url":"https:\/\/portaltela.pt\/noticias\/2026\/02\/01\/ultimo-dia-da-iii-feira-de-docaria-conventual-em-vila-vicosa\/","og_site_name":"Portal Tela Portugal","article_published_time":"2026-02-01T20:10:45+00:00","author":"Telinha","twitter_card":"summary_large_image","twitter_misc":{"Escrito por":"Telinha","Tempo estimado de leitura":"1 minuto"},"schema":{"@context":"https:\/\/schema.org","@graph":[{"@type":"Article","@id":"https:\/\/portaltela.pt\/noticias\/2026\/02\/01\/ultimo-dia-da-iii-feira-de-docaria-conventual-em-vila-vicosa\/#article","isPartOf":{"@id":"https:\/\/portaltela.pt\/noticias\/2026\/02\/01\/ultimo-dia-da-iii-feira-de-docaria-conventual-em-vila-vicosa\/"},"author":{"name":"Telinha","@id":"https:\/\/portaltela.pt\/#\/schema\/person\/c4278d4a6028830caff9ee44b42d32ed"},"headline":"\u00daltimo dia da III Feira de Do\u00e7aria Conventual em Vila Vi\u00e7osa","datePublished":"2026-02-01T20:10:45+00:00","mainEntityOfPage":{"@id":"https:\/\/portaltela.pt\/noticias\/2026\/02\/01\/ultimo-dia-da-iii-feira-de-docaria-conventual-em-vila-vicosa\/"},"wordCount":185,"image":{"@id":"https:\/\/portaltela.pt\/noticias\/2026\/02\/01\/ultimo-dia-da-iii-feira-de-docaria-conventual-em-vila-vicosa\/#primaryimage"},"thumbnailUrl":"https:\/\/portaltela.pt\/s.01k8rhncp4jt1\/2026\/02\/Ultimo-dia-da-III-Feira-de-Docaria-Conventual-de-Vila.jpg","keywords":["Alentejo","do\u00e7aria","eventos","gastronomia","patrim\u00f3nio","turismo"],"articleSection":["Not\u00edcias"],"inLanguage":"pt-PT"},{"@type":"WebPage","@id":"https:\/\/portaltela.pt\/noticias\/2026\/02\/01\/ultimo-dia-da-iii-feira-de-docaria-conventual-em-vila-vicosa\/","url":"https:\/\/portaltela.pt\/noticias\/2026\/02\/01\/ultimo-dia-da-iii-feira-de-docaria-conventual-em-vila-vicosa\/","name":"\u00daltimo dia da III Feira de Do\u00e7aria Conventual em Vila Vi\u00e7osa - Portal Tela Portugal","isPartOf":{"@id":"https:\/\/portaltela.pt\/#website"},"primaryImageOfPage":{"@id":"https:\/\/portaltela.pt\/noticias\/2026\/02\/01\/ultimo-dia-da-iii-feira-de-docaria-conventual-em-vila-vicosa\/#primaryimage"},"image":{"@id":"https:\/\/portaltela.pt\/noticias\/2026\/02\/01\/ultimo-dia-da-iii-feira-de-docaria-conventual-em-vila-vicosa\/#primaryimage"},"thumbnailUrl":"https:\/\/portaltela.pt\/s.01k8rhncp4jt1\/2026\/02\/Ultimo-dia-da-III-Feira-de-Docaria-Conventual-de-Vila.jpg","datePublished":"2026-02-01T20:10:45+00:00","author":{"@id":"https:\/\/portaltela.pt\/#\/schema\/person\/c4278d4a6028830caff9ee44b42d32ed"},"breadcrumb":{"@id":"https:\/\/portaltela.pt\/noticias\/2026\/02\/01\/ultimo-dia-da-iii-feira-de-docaria-conventual-em-vila-vicosa\/#breadcrumb"},"inLanguage":"pt-PT","potentialAction":[{"@type":"ReadAction","target":["https:\/\/portaltela.pt\/noticias\/2026\/02\/01\/ultimo-dia-da-iii-feira-de-docaria-conventual-em-vila-vicosa\/"]}]},{"@type":"ImageObject","inLanguage":"pt-PT","@id":"https:\/\/portaltela.pt\/noticias\/2026\/02\/01\/ultimo-dia-da-iii-feira-de-docaria-conventual-em-vila-vicosa\/#primaryimage","url":"https:\/\/portaltela.pt\/s.01k8rhncp4jt1\/2026\/02\/Ultimo-dia-da-III-Feira-de-Docaria-Conventual-de-Vila.jpg","contentUrl":"https:\/\/portaltela.pt\/s.01k8rhncp4jt1\/2026\/02\/Ultimo-dia-da-III-Feira-de-Docaria-Conventual-de-Vila.jpg","width":796,"height":448,"caption":"\u00daltimo dia da III Feira de Do\u00e7aria Conventual de Vila Vi\u00e7osa \u201cLurdes Ramos\u201d"},{"@type":"BreadcrumbList","@id":"https:\/\/portaltela.pt\/noticias\/2026\/02\/01\/ultimo-dia-da-iii-feira-de-docaria-conventual-em-vila-vicosa\/#breadcrumb","itemListElement":[{"@type":"ListItem","position":1,"name":"In\u00edcio","item":"https:\/\/portaltela.pt\/"},{"@type":"ListItem","position":2,"name":"\u00daltimo dia da III Feira de Do\u00e7aria Conventual em Vila Vi\u00e7osa"}]},{"@type":"WebSite","@id":"https:\/\/portaltela.pt\/#website","url":"https:\/\/portaltela.pt\/","name":"Portal Tela Portugal","description":"","potentialAction":[{"@type":"SearchAction","target":{"@type":"EntryPoint","urlTemplate":"https:\/\/portaltela.pt\/?s={search_term_string}"},"query-input":{"@type":"PropertyValueSpecification","valueRequired":true,"valueName":"search_term_string"}}],"inLanguage":"pt-PT"},{"@type":"Person","@id":"https:\/\/portaltela.pt\/#\/schema\/person\/c4278d4a6028830caff9ee44b42d32ed","name":"Telinha","image":{"@type":"ImageObject","inLanguage":"pt-PT","@id":"https:\/\/portaltela.pt\/s.01k8rhncp4jt1\/2025\/11\/talking-bot-125x125.png","url":"https:\/\/portaltela.pt\/s.01k8rhncp4jt1\/2025\/11\/talking-bot-125x125.png","contentUrl":"https:\/\/portaltela.pt\/s.01k8rhncp4jt1\/2025\/11\/talking-bot-125x125.png","caption":"Telinha"},"sameAs":["https:\/\/portaltela.pt\/"],"url":"https:\/\/portaltela.pt\/por\/367410592786\/"}]}},"_links":{"self":[{"href":"https:\/\/portaltela.pt\/api\/wp\/v2\/posts\/189420","targetHints":{"allow":["GET"]}}],"collection":[{"href":"https:\/\/portaltela.pt\/api\/wp\/v2\/posts"}],"about":[{"href":"https:\/\/portaltela.pt\/api\/wp\/v2\/types\/post"}],"author":[{"embeddable":true,"href":"https:\/\/portaltela.pt\/api\/wp\/v2\/users\/2"}],"replies":[{"embeddable":true,"href":"https:\/\/portaltela.pt\/api\/wp\/v2\/comments?post=189420"}],"version-history":[{"count":0,"href":"https:\/\/portaltela.pt\/api\/wp\/v2\/posts\/189420\/revisions"}],"wp:featuredmedia":[{"embeddable":true,"href":"https:\/\/portaltela.pt\/api\/wp\/v2\/media\/189425"}],"wp:attachment":[{"href":"https:\/\/portaltela.pt\/api\/wp\/v2\/media?parent=189420"}],"wp:term":[{"taxonomy":"category","embeddable":true,"href":"https:\/\/portaltela.pt\/api\/wp\/v2\/categories?post=189420"},{"taxonomy":"post_tag","embeddable":true,"href":"https:\/\/portaltela.pt\/api\/wp\/v2\/tags?post=189420"}],"curies":[{"name":"wp","href":"https:\/\/api.w.org\/{rel}","templated":true}]}}