{"id":189395,"date":"2026-02-01T17:13:00","date_gmt":"2026-02-01T20:13:00","guid":{"rendered":"https:\/\/portaltela.pt\/noticias\/2026\/02\/01\/familias-de-turistas-britanicos-mortos-em-cabo-verde-recorrem-a-justica\/"},"modified":"2026-02-01T17:13:00","modified_gmt":"2026-02-01T20:13:00","slug":"familias-de-turistas-britanicos-mortos-em-cabo-verde-recorrem-a-justica","status":"publish","type":"post","link":"https:\/\/portaltela.pt\/noticias\/2026\/02\/01\/familias-de-turistas-britanicos-mortos-em-cabo-verde-recorrem-a-justica\/","title":{"rendered":"Fam\u00edlias de turistas brit\u00e2nicos mortos em Cabo Verde recorrem \u00e0 justi\u00e7a"},"content":{"rendered":"<p>Tr\u00eas semanas antes do final do ano passado, quatro cidad\u00e3os brit\u00e2nicos morreram de infec\u00e7\u00f5es gastrointestinais contra\u00eddas durante f\u00e9rias na ilha do Sal, em Cabo Verde. As fam\u00edlias responsabilizam a operadora TUI, que vendeu os pacotes para hot\u00e9is da cadeia Riu.<\/p>\n<p>As v\u00edtimas s\u00e3o Elena Walsh, 64 anos, Mark Ashley, 55, Karen Pooley, 64, e um homem de 56 n\u00e3o identificado. Os casos ocorreram em unidades hoteleiras da Riu, em Cabo Verde, durante viagens reservadas pela TUI.<\/p>\n<p>Segundo o jornal Independent, as fam\u00edlias pretendem avan\u00e7ar com a\u00e7\u00f5es legais contra a TUI, alegando que as falhas de higiene nas hot\u00e9is causaram as infec\u00e7\u00f5es e, por consequ\u00eancia, as mortes. Existem seis mortes brit\u00e2nicas associadas a Cabo Verde desde 2023, segundo o escrit\u00f3rio Irwin Mitchell.<\/p>\n<h3>A\u00e7\u00e3o legal contra a TUI<\/h3>\n<p>O advogado Jatinder Paul refere que o n\u00famero de casos de doen\u00e7as gastrointestinais graves entre turistas em Cabo Verde tem sido elevado, com v\u00e1rias ocorr\u00eancias repetidas nos mesmos resorts. O Independent tentou ouvir a TUI, sem sucesso at\u00e9 ao momento.<\/p>\n<p>O Metro aponta um surto de infec\u00e7\u00e3o provocada pela bact\u00e9ria Shigella que tem atingido milhares de turistas em Cabo Verde, ampliando o contexto das queixas contra operadoras de viagens que vendem pacotes para a regi\u00e3o.<\/p>\n<p>Mais de 1.500 turistas teriam contratado advogados para a\u00e7\u00f5es legais depois de adoecerem em viagens reservadas atrav\u00e9s da TUI, segundo fontes citadas pela imprensa brit\u00e2nica.<\/p>\n<h3>Casos individuais na ilha do Sal<\/h3>\n<p>Mark Ashley e a mulher viajaram num pacote de tr\u00eas mil libras com a TUI para o Riu Palace Santa Maria, em Outubro. Tr\u00eas dias ap\u00f3s o in\u00edcio das f\u00e9rias, ele apresentou fortes sintomas e, de regresso ao Reino Unido, adoecimento persistiu, levando-o \u00e0 morte.<\/p>\n<p>Elena Walsh, enfermeira, ficou alojada no Riu Cabo Verde com o marido, o filho e a nora. Ap\u00f3s sentir fortes dores estomacais, foi hospitalizada; a fam\u00edlia descreve gravidade da doen\u00e7a desde a chegada.<\/p>\n<p>Karen Pooley chegou ao Riu Funana com uma amiga, em Outubro, e tamb\u00e9m apresentou sinais graves de doen\u00e7a. Enquanto esteve no resort, sofreu uma queda causada por \u00e1gua vinda de um frigor\u00edfico, agravando o seu estado. Transferida para Tenerife, acabou por falecer no dia seguinte.<\/p>\n","protected":false},"excerpt":{"rendered":"<ul>\n<li>Fam\u00edlias de quatro turistas brit\u00e2nicos que morreram no final de 2024 e in\u00edcio de 2025 em Cabo Verde recorrem \u00e0 justi\u00e7a contra a operadora de viagens TUI, alegando falhas de higiene nos hot\u00e9is da cadeia Riu na ilha do Sal.<\/li>\n<li>As mortes ocorreram ap\u00f3s f\u00e9rias em unidades hoteleiras do grupo Riu, vendidas pela TUI, com diagn\u00f3stico de infec\u00e7\u00f5es gastrointestinais agudas.<\/li>\n<li>Entre os casos identificados est\u00e3o Elena Walsh, Mark Ashley, Karen Pooley e um quarto homem de 56 anos; as fam\u00edlias afirmam que as falhas de higiene nos hot\u00e9is ser\u00e3o a origem das doen\u00e7as.<\/li>\n<li>O advogado Jatinder Paul indica que, desde 2023, seis brit\u00e2nicos morreram ap\u00f3s f\u00e9rias em Cabo Verde, em contexto de surtos de doen\u00e7as g\u00e1stricas, segundo o Independent.<\/li>\n<li>O Metro e o Sunday Times destacam ainda um surto de infec\u00e7\u00e3o provocado pela bact\u00e9ria shigella que afetou milhares de turistas e j\u00e1 levou advogados especializados a atuar em mais de 1.500 casos ligados a viagens reservadas via TUI.<\/li>\n<\/ul>\n","protected":false},"author":2,"featured_media":189396,"comment_status":"closed","ping_status":"closed","sticky":false,"template":"","format":"standard","meta":{"footnotes":""},"categories":[1],"tags":[2329,3633,3239,271,169,71],"class_list":["post-189395","post","type-post","status-publish","format-standard","has-post-thumbnail","hentry","category-noticias","tag-cabo-verde","tag-gastroenterologia","tag-infeccao","tag-saude-publica","tag-turismo","tag-viagens"],"yoast_head":"<!-- This site is optimized with the Yoast SEO plugin v27.2 - https:\/\/yoast.com\/product\/yoast-seo-wordpress\/ -->\n<title>Fam\u00edlias de turistas brit\u00e2nicos mortos em Cabo Verde recorrem \u00e0 justi\u00e7a - Portal Tela Portugal<\/title>\n<meta name=\"robots\" content=\"index, follow, max-snippet:-1, max-image-preview:large, max-video-preview:-1\" \/>\n<meta property=\"og:locale\" content=\"pt_PT\" \/>\n<meta property=\"og:type\" content=\"article\" \/>\n<meta property=\"og:title\" content=\"Fam\u00edlias de turistas brit\u00e2nicos mortos em Cabo Verde recorrem \u00e0 justi\u00e7a - Portal Tela Portugal\" \/>\n<meta property=\"og:description\" content=\"Fam\u00edlias de quatro turistas brit\u00e2nicos que morreram no final de 2024 e in\u00edcio de 2025 em Cabo Verde recorrem \u00e0 justi\u00e7a contra a operadora de viagens TUI, alegando falhas de higiene nos hot\u00e9is da cadeia Riu na ilha do Sal. As mortes ocorreram ap\u00f3s f\u00e9rias em unidades hoteleiras do grupo Riu, vendidas pela TUI, com diagn\u00f3stico de infec\u00e7\u00f5es gastrointestinais agudas. Entre os casos identificados est\u00e3o Elena Walsh, Mark Ashley, Karen Pooley e um quarto homem de 56 anos; as fam\u00edlias afirmam que as falhas de higiene nos hot\u00e9is ser\u00e3o a origem das doen\u00e7as. O advogado Jatinder Paul indica que, desde 2023, seis brit\u00e2nicos morreram ap\u00f3s f\u00e9rias em Cabo Verde, em contexto de surtos de doen\u00e7as g\u00e1stricas, segundo o Independent. O Metro e o Sunday Times destacam ainda um surto de infec\u00e7\u00e3o provocado pela bact\u00e9ria shigella que afetou milhares de turistas e j\u00e1 levou advogados especializados a atuar em mais de 1.500 casos ligados a viagens reservadas via TUI.\" \/>\n<meta property=\"og:url\" content=\"https:\/\/portaltela.pt\/noticias\/2026\/02\/01\/familias-de-turistas-britanicos-mortos-em-cabo-verde-recorrem-a-justica\/\" \/>\n<meta property=\"og:site_name\" content=\"Portal Tela Portugal\" \/>\n<meta property=\"article:published_time\" content=\"2026-02-01T20:13:00+00:00\" \/>\n<meta name=\"author\" content=\"Telinha\" \/>\n<meta name=\"twitter:card\" content=\"summary_large_image\" \/>\n<meta name=\"twitter:label1\" content=\"Escrito por\" \/>\n\t<meta name=\"twitter:data1\" content=\"Telinha\" \/>\n\t<meta name=\"twitter:label2\" content=\"Tempo estimado de leitura\" \/>\n\t<meta name=\"twitter:data2\" content=\"2 minutos\" \/>\n<script type=\"application\/ld+json\" class=\"yoast-schema-graph\">{\"@context\":\"https:\/\/schema.org\",\"@graph\":[{\"@type\":\"Article\",\"@id\":\"https:\/\/portaltela.pt\/noticias\/2026\/02\/01\/familias-de-turistas-britanicos-mortos-em-cabo-verde-recorrem-a-justica\/#article\",\"isPartOf\":{\"@id\":\"https:\/\/portaltela.pt\/noticias\/2026\/02\/01\/familias-de-turistas-britanicos-mortos-em-cabo-verde-recorrem-a-justica\/\"},\"author\":{\"name\":\"Telinha\",\"@id\":\"https:\/\/portaltela.pt\/#\/schema\/person\/c4278d4a6028830caff9ee44b42d32ed\"},\"headline\":\"Fam\u00edlias de turistas brit\u00e2nicos mortos em Cabo Verde recorrem \u00e0 justi\u00e7a\",\"datePublished\":\"2026-02-01T20:13:00+00:00\",\"mainEntityOfPage\":{\"@id\":\"https:\/\/portaltela.pt\/noticias\/2026\/02\/01\/familias-de-turistas-britanicos-mortos-em-cabo-verde-recorrem-a-justica\/\"},\"wordCount\":402,\"image\":{\"@id\":\"https:\/\/portaltela.pt\/noticias\/2026\/02\/01\/familias-de-turistas-britanicos-mortos-em-cabo-verde-recorrem-a-justica\/#primaryimage\"},\"thumbnailUrl\":\"https:\/\/portaltela.pt\/s.01k8rhncp4jt1\/2026\/02\/2063515.jpg\",\"keywords\":[\"Cabo Verde\",\"gastroenterologia\",\"infec\u00e7\u00e3o\",\"sa\u00fade p\u00fablica\",\"turismo\",\"viagens\"],\"articleSection\":[\"Not\u00edcias\"],\"inLanguage\":\"pt-PT\"},{\"@type\":\"WebPage\",\"@id\":\"https:\/\/portaltela.pt\/noticias\/2026\/02\/01\/familias-de-turistas-britanicos-mortos-em-cabo-verde-recorrem-a-justica\/\",\"url\":\"https:\/\/portaltela.pt\/noticias\/2026\/02\/01\/familias-de-turistas-britanicos-mortos-em-cabo-verde-recorrem-a-justica\/\",\"name\":\"Fam\u00edlias de turistas brit\u00e2nicos mortos em Cabo Verde recorrem \u00e0 justi\u00e7a - Portal Tela Portugal\",\"isPartOf\":{\"@id\":\"https:\/\/portaltela.pt\/#website\"},\"primaryImageOfPage\":{\"@id\":\"https:\/\/portaltela.pt\/noticias\/2026\/02\/01\/familias-de-turistas-britanicos-mortos-em-cabo-verde-recorrem-a-justica\/#primaryimage\"},\"image\":{\"@id\":\"https:\/\/portaltela.pt\/noticias\/2026\/02\/01\/familias-de-turistas-britanicos-mortos-em-cabo-verde-recorrem-a-justica\/#primaryimage\"},\"thumbnailUrl\":\"https:\/\/portaltela.pt\/s.01k8rhncp4jt1\/2026\/02\/2063515.jpg\",\"datePublished\":\"2026-02-01T20:13:00+00:00\",\"author\":{\"@id\":\"https:\/\/portaltela.pt\/#\/schema\/person\/c4278d4a6028830caff9ee44b42d32ed\"},\"breadcrumb\":{\"@id\":\"https:\/\/portaltela.pt\/noticias\/2026\/02\/01\/familias-de-turistas-britanicos-mortos-em-cabo-verde-recorrem-a-justica\/#breadcrumb\"},\"inLanguage\":\"pt-PT\",\"potentialAction\":[{\"@type\":\"ReadAction\",\"target\":[\"https:\/\/portaltela.pt\/noticias\/2026\/02\/01\/familias-de-turistas-britanicos-mortos-em-cabo-verde-recorrem-a-justica\/\"]}]},{\"@type\":\"ImageObject\",\"inLanguage\":\"pt-PT\",\"@id\":\"https:\/\/portaltela.pt\/noticias\/2026\/02\/01\/familias-de-turistas-britanicos-mortos-em-cabo-verde-recorrem-a-justica\/#primaryimage\",\"url\":\"https:\/\/portaltela.pt\/s.01k8rhncp4jt1\/2026\/02\/2063515.jpg\",\"contentUrl\":\"https:\/\/portaltela.pt\/s.01k8rhncp4jt1\/2026\/02\/2063515.jpg\",\"width\":796,\"height\":448,\"caption\":\"Imprensa brit\u00e2nica diz que familiares de turistas querem processar o operador tur\u00edstico alem\u00e3o TUI\"},{\"@type\":\"BreadcrumbList\",\"@id\":\"https:\/\/portaltela.pt\/noticias\/2026\/02\/01\/familias-de-turistas-britanicos-mortos-em-cabo-verde-recorrem-a-justica\/#breadcrumb\",\"itemListElement\":[{\"@type\":\"ListItem\",\"position\":1,\"name\":\"In\u00edcio\",\"item\":\"https:\/\/portaltela.pt\/\"},{\"@type\":\"ListItem\",\"position\":2,\"name\":\"Fam\u00edlias de turistas brit\u00e2nicos mortos em Cabo Verde recorrem \u00e0 justi\u00e7a\"}]},{\"@type\":\"WebSite\",\"@id\":\"https:\/\/portaltela.pt\/#website\",\"url\":\"https:\/\/portaltela.pt\/\",\"name\":\"Portal Tela Portugal\",\"description\":\"\",\"potentialAction\":[{\"@type\":\"SearchAction\",\"target\":{\"@type\":\"EntryPoint\",\"urlTemplate\":\"https:\/\/portaltela.pt\/?s={search_term_string}\"},\"query-input\":{\"@type\":\"PropertyValueSpecification\",\"valueRequired\":true,\"valueName\":\"search_term_string\"}}],\"inLanguage\":\"pt-PT\"},{\"@type\":\"Person\",\"@id\":\"https:\/\/portaltela.pt\/#\/schema\/person\/c4278d4a6028830caff9ee44b42d32ed\",\"name\":\"Telinha\",\"image\":{\"@type\":\"ImageObject\",\"inLanguage\":\"pt-PT\",\"@id\":\"https:\/\/portaltela.pt\/s.01k8rhncp4jt1\/2025\/11\/talking-bot-125x125.png\",\"url\":\"https:\/\/portaltela.pt\/s.01k8rhncp4jt1\/2025\/11\/talking-bot-125x125.png\",\"contentUrl\":\"https:\/\/portaltela.pt\/s.01k8rhncp4jt1\/2025\/11\/talking-bot-125x125.png\",\"caption\":\"Telinha\"},\"sameAs\":[\"https:\/\/portaltela.pt\/\"],\"url\":\"https:\/\/portaltela.pt\/por\/367410592786\/\"}]}<\/script>\n<!-- \/ Yoast SEO plugin. -->","yoast_head_json":{"title":"Fam\u00edlias de turistas brit\u00e2nicos mortos em Cabo Verde recorrem \u00e0 justi\u00e7a - Portal Tela Portugal","robots":{"index":"index","follow":"follow","max-snippet":"max-snippet:-1","max-image-preview":"max-image-preview:large","max-video-preview":"max-video-preview:-1"},"og_locale":"pt_PT","og_type":"article","og_title":"Fam\u00edlias de turistas brit\u00e2nicos mortos em Cabo Verde recorrem \u00e0 justi\u00e7a - Portal Tela Portugal","og_description":"Fam\u00edlias de quatro turistas brit\u00e2nicos que morreram no final de 2024 e in\u00edcio de 2025 em Cabo Verde recorrem \u00e0 justi\u00e7a contra a operadora de viagens TUI, alegando falhas de higiene nos hot\u00e9is da cadeia Riu na ilha do Sal. As mortes ocorreram ap\u00f3s f\u00e9rias em unidades hoteleiras do grupo Riu, vendidas pela TUI, com diagn\u00f3stico de infec\u00e7\u00f5es gastrointestinais agudas. Entre os casos identificados est\u00e3o Elena Walsh, Mark Ashley, Karen Pooley e um quarto homem de 56 anos; as fam\u00edlias afirmam que as falhas de higiene nos hot\u00e9is ser\u00e3o a origem das doen\u00e7as. O advogado Jatinder Paul indica que, desde 2023, seis brit\u00e2nicos morreram ap\u00f3s f\u00e9rias em Cabo Verde, em contexto de surtos de doen\u00e7as g\u00e1stricas, segundo o Independent. O Metro e o Sunday Times destacam ainda um surto de infec\u00e7\u00e3o provocado pela bact\u00e9ria shigella que afetou milhares de turistas e j\u00e1 levou advogados especializados a atuar em mais de 1.500 casos ligados a viagens reservadas via TUI.","og_url":"https:\/\/portaltela.pt\/noticias\/2026\/02\/01\/familias-de-turistas-britanicos-mortos-em-cabo-verde-recorrem-a-justica\/","og_site_name":"Portal Tela Portugal","article_published_time":"2026-02-01T20:13:00+00:00","author":"Telinha","twitter_card":"summary_large_image","twitter_misc":{"Escrito por":"Telinha","Tempo estimado de leitura":"2 minutos"},"schema":{"@context":"https:\/\/schema.org","@graph":[{"@type":"Article","@id":"https:\/\/portaltela.pt\/noticias\/2026\/02\/01\/familias-de-turistas-britanicos-mortos-em-cabo-verde-recorrem-a-justica\/#article","isPartOf":{"@id":"https:\/\/portaltela.pt\/noticias\/2026\/02\/01\/familias-de-turistas-britanicos-mortos-em-cabo-verde-recorrem-a-justica\/"},"author":{"name":"Telinha","@id":"https:\/\/portaltela.pt\/#\/schema\/person\/c4278d4a6028830caff9ee44b42d32ed"},"headline":"Fam\u00edlias de turistas brit\u00e2nicos mortos em Cabo Verde recorrem \u00e0 justi\u00e7a","datePublished":"2026-02-01T20:13:00+00:00","mainEntityOfPage":{"@id":"https:\/\/portaltela.pt\/noticias\/2026\/02\/01\/familias-de-turistas-britanicos-mortos-em-cabo-verde-recorrem-a-justica\/"},"wordCount":402,"image":{"@id":"https:\/\/portaltela.pt\/noticias\/2026\/02\/01\/familias-de-turistas-britanicos-mortos-em-cabo-verde-recorrem-a-justica\/#primaryimage"},"thumbnailUrl":"https:\/\/portaltela.pt\/s.01k8rhncp4jt1\/2026\/02\/2063515.jpg","keywords":["Cabo Verde","gastroenterologia","infec\u00e7\u00e3o","sa\u00fade p\u00fablica","turismo","viagens"],"articleSection":["Not\u00edcias"],"inLanguage":"pt-PT"},{"@type":"WebPage","@id":"https:\/\/portaltela.pt\/noticias\/2026\/02\/01\/familias-de-turistas-britanicos-mortos-em-cabo-verde-recorrem-a-justica\/","url":"https:\/\/portaltela.pt\/noticias\/2026\/02\/01\/familias-de-turistas-britanicos-mortos-em-cabo-verde-recorrem-a-justica\/","name":"Fam\u00edlias de turistas brit\u00e2nicos mortos em Cabo Verde recorrem \u00e0 justi\u00e7a - Portal Tela Portugal","isPartOf":{"@id":"https:\/\/portaltela.pt\/#website"},"primaryImageOfPage":{"@id":"https:\/\/portaltela.pt\/noticias\/2026\/02\/01\/familias-de-turistas-britanicos-mortos-em-cabo-verde-recorrem-a-justica\/#primaryimage"},"image":{"@id":"https:\/\/portaltela.pt\/noticias\/2026\/02\/01\/familias-de-turistas-britanicos-mortos-em-cabo-verde-recorrem-a-justica\/#primaryimage"},"thumbnailUrl":"https:\/\/portaltela.pt\/s.01k8rhncp4jt1\/2026\/02\/2063515.jpg","datePublished":"2026-02-01T20:13:00+00:00","author":{"@id":"https:\/\/portaltela.pt\/#\/schema\/person\/c4278d4a6028830caff9ee44b42d32ed"},"breadcrumb":{"@id":"https:\/\/portaltela.pt\/noticias\/2026\/02\/01\/familias-de-turistas-britanicos-mortos-em-cabo-verde-recorrem-a-justica\/#breadcrumb"},"inLanguage":"pt-PT","potentialAction":[{"@type":"ReadAction","target":["https:\/\/portaltela.pt\/noticias\/2026\/02\/01\/familias-de-turistas-britanicos-mortos-em-cabo-verde-recorrem-a-justica\/"]}]},{"@type":"ImageObject","inLanguage":"pt-PT","@id":"https:\/\/portaltela.pt\/noticias\/2026\/02\/01\/familias-de-turistas-britanicos-mortos-em-cabo-verde-recorrem-a-justica\/#primaryimage","url":"https:\/\/portaltela.pt\/s.01k8rhncp4jt1\/2026\/02\/2063515.jpg","contentUrl":"https:\/\/portaltela.pt\/s.01k8rhncp4jt1\/2026\/02\/2063515.jpg","width":796,"height":448,"caption":"Imprensa brit\u00e2nica diz que familiares de turistas querem processar o operador tur\u00edstico alem\u00e3o TUI"},{"@type":"BreadcrumbList","@id":"https:\/\/portaltela.pt\/noticias\/2026\/02\/01\/familias-de-turistas-britanicos-mortos-em-cabo-verde-recorrem-a-justica\/#breadcrumb","itemListElement":[{"@type":"ListItem","position":1,"name":"In\u00edcio","item":"https:\/\/portaltela.pt\/"},{"@type":"ListItem","position":2,"name":"Fam\u00edlias de turistas brit\u00e2nicos mortos em Cabo Verde recorrem \u00e0 justi\u00e7a"}]},{"@type":"WebSite","@id":"https:\/\/portaltela.pt\/#website","url":"https:\/\/portaltela.pt\/","name":"Portal Tela Portugal","description":"","potentialAction":[{"@type":"SearchAction","target":{"@type":"EntryPoint","urlTemplate":"https:\/\/portaltela.pt\/?s={search_term_string}"},"query-input":{"@type":"PropertyValueSpecification","valueRequired":true,"valueName":"search_term_string"}}],"inLanguage":"pt-PT"},{"@type":"Person","@id":"https:\/\/portaltela.pt\/#\/schema\/person\/c4278d4a6028830caff9ee44b42d32ed","name":"Telinha","image":{"@type":"ImageObject","inLanguage":"pt-PT","@id":"https:\/\/portaltela.pt\/s.01k8rhncp4jt1\/2025\/11\/talking-bot-125x125.png","url":"https:\/\/portaltela.pt\/s.01k8rhncp4jt1\/2025\/11\/talking-bot-125x125.png","contentUrl":"https:\/\/portaltela.pt\/s.01k8rhncp4jt1\/2025\/11\/talking-bot-125x125.png","caption":"Telinha"},"sameAs":["https:\/\/portaltela.pt\/"],"url":"https:\/\/portaltela.pt\/por\/367410592786\/"}]}},"_links":{"self":[{"href":"https:\/\/portaltela.pt\/api\/wp\/v2\/posts\/189395","targetHints":{"allow":["GET"]}}],"collection":[{"href":"https:\/\/portaltela.pt\/api\/wp\/v2\/posts"}],"about":[{"href":"https:\/\/portaltela.pt\/api\/wp\/v2\/types\/post"}],"author":[{"embeddable":true,"href":"https:\/\/portaltela.pt\/api\/wp\/v2\/users\/2"}],"replies":[{"embeddable":true,"href":"https:\/\/portaltela.pt\/api\/wp\/v2\/comments?post=189395"}],"version-history":[{"count":0,"href":"https:\/\/portaltela.pt\/api\/wp\/v2\/posts\/189395\/revisions"}],"wp:featuredmedia":[{"embeddable":true,"href":"https:\/\/portaltela.pt\/api\/wp\/v2\/media\/189396"}],"wp:attachment":[{"href":"https:\/\/portaltela.pt\/api\/wp\/v2\/media?parent=189395"}],"wp:term":[{"taxonomy":"category","embeddable":true,"href":"https:\/\/portaltela.pt\/api\/wp\/v2\/categories?post=189395"},{"taxonomy":"post_tag","embeddable":true,"href":"https:\/\/portaltela.pt\/api\/wp\/v2\/tags?post=189395"}],"curies":[{"name":"wp","href":"https:\/\/api.w.org\/{rel}","templated":true}]}}