{"id":189281,"date":"2026-02-01T16:30:00","date_gmt":"2026-02-01T19:30:00","guid":{"rendered":"https:\/\/portaltela.pt\/noticias\/2026\/02\/01\/camara-de-santa-cruz-e-forcas-politicas-manifestam-pesar-por-pedro-diniz\/"},"modified":"2026-02-01T16:30:00","modified_gmt":"2026-02-01T19:30:00","slug":"camara-de-santa-cruz-e-forcas-politicas-manifestam-pesar-por-pedro-diniz","status":"publish","type":"post","link":"https:\/\/portaltela.pt\/noticias\/2026\/02\/01\/camara-de-santa-cruz-e-forcas-politicas-manifestam-pesar-por-pedro-diniz\/","title":{"rendered":"C\u00e2mara de Santa Cruz e for\u00e7as pol\u00edticas manifestam pesar por Pedro Diniz"},"content":{"rendered":"<p>A C\u00e2mara Municipal de Santa Cruz comunicou, via nota publicada nas redes sociais, o falecimento de Pedro Diniz, candidato socialista \u00e0s elei\u00e7\u00f5es aut\u00e1rquicas de 2025 e que j\u00e1 serviu como deputado municipal. A autarquia expressa sentidas condol\u00eancias \u00e0 fam\u00edlia, aos amigos e ao PS-Madeira.<\/p>\n<p>Tamb\u00e9m o Bloco de Esquerda-Madeira apresentou publicamente as condol\u00eancias pelo sucedido, destacando a integridade e a dedica\u00e7\u00e3o de Pedro Diniz aos ideais que defendia, e reconhecendo a participa\u00e7\u00e3o dele no processo democr\u00e1tico em Santa Cruz. A mensagem \u00e9 dirigida \u00e0 fam\u00edlia, aos amigos e ao Partido Socialista, em respeito ao percurso c\u00edvico de Diniz e ao contributo dado \u00e0 vida p\u00fablica.<\/p>\n<p>Por sua vez, a Nova Direita, atrav\u00e9s do coordenador regional Paulo Azevedo, manifestou pesar \u00e0 fam\u00edlia de Pedro Diniz. Azevedo afirmou que a pol\u00edtica madeirense est\u00e1 de luto pela perda de um pol\u00edtico empenhado no bem-estar dos madeirenses, recordando que Diniz foi tamb\u00e9m uma presen\u00e7a pr\u00f3xima para muitos.<\/p>\n","protected":false},"excerpt":{"rendered":"<ul>\n<li>A C\u00e2mara Municipal de Santa Cruz lamentou a morte de Pedro Diniz, candidato socialista \u00e0s elei\u00e7\u00f5es de 2025 e ex-deputado municipal, atrav\u00e9s de uma nota nas redes sociais.<\/li>\n<li>O executivo municipal endere\u00e7ou sentidas condol\u00eancias \u00e0 fam\u00edlia, aos amigos e ao PS-Madeira.<\/li>\n<li>O Bloco de Esquerda-Madeira tamb\u00e9m fez publicas condol\u00eancias e destacou a integridade e a dedica\u00e7\u00e3o de Pedro Diniz aos ideais que defendia.<\/li>\n<li>O Bloco de Esquerda referiu ainda o ato democr\u00e1tico de concorrer \u00e0s elei\u00e7\u00f5es aut\u00e1rquicas em Santa Cruz, com a participa\u00e7\u00e3o do pr\u00f3prio Bloco.<\/li>\n<li>A Nova Direita, atrav\u00e9s de Paulo Azevedo, manifestou pesar \u00e0 fam\u00edlia e afirmou que Pedro Diniz mostrou garra e que era lembrado pelo seu trabalho pela situa\u00e7\u00e3o dos madeirenses, dizendo ter perdido um amigo.<\/li>\n<\/ul>\n","protected":false},"author":2,"featured_media":189283,"comment_status":"closed","ping_status":"closed","sticky":false,"template":"","format":"standard","meta":{"footnotes":""},"categories":[1],"tags":[3371,859,3676,2832,2144,1269],"class_list":["post-189281","post","type-post","status-publish","format-standard","has-post-thumbnail","hentry","category-noticias","tag-bloco-de-esquerda","tag-madeira","tag-partido-socialista","tag-politica","tag-ps","tag-santa-cruz"],"yoast_head":"<!-- This site is optimized with the Yoast SEO plugin v27.2 - https:\/\/yoast.com\/product\/yoast-seo-wordpress\/ -->\n<title>C\u00e2mara de Santa Cruz e for\u00e7as pol\u00edticas manifestam pesar por Pedro Diniz - Portal Tela Portugal<\/title>\n<meta name=\"robots\" content=\"index, follow, max-snippet:-1, max-image-preview:large, max-video-preview:-1\" \/>\n<meta property=\"og:locale\" content=\"pt_PT\" \/>\n<meta property=\"og:type\" content=\"article\" \/>\n<meta property=\"og:title\" content=\"C\u00e2mara de Santa Cruz e for\u00e7as pol\u00edticas manifestam pesar por Pedro Diniz - Portal Tela Portugal\" \/>\n<meta property=\"og:description\" content=\"A C\u00e2mara Municipal de Santa Cruz lamentou a morte de Pedro Diniz, candidato socialista \u00e0s elei\u00e7\u00f5es de 2025 e ex-deputado municipal, atrav\u00e9s de uma nota nas redes sociais. O executivo municipal endere\u00e7ou sentidas condol\u00eancias \u00e0 fam\u00edlia, aos amigos e ao PS-Madeira. O Bloco de Esquerda-Madeira tamb\u00e9m fez publicas condol\u00eancias e destacou a integridade e a dedica\u00e7\u00e3o de Pedro Diniz aos ideais que defendia. O Bloco de Esquerda referiu ainda o ato democr\u00e1tico de concorrer \u00e0s elei\u00e7\u00f5es aut\u00e1rquicas em Santa Cruz, com a participa\u00e7\u00e3o do pr\u00f3prio Bloco. A Nova Direita, atrav\u00e9s de Paulo Azevedo, manifestou pesar \u00e0 fam\u00edlia e afirmou que Pedro Diniz mostrou garra e que era lembrado pelo seu trabalho pela situa\u00e7\u00e3o dos madeirenses, dizendo ter perdido um amigo.\" \/>\n<meta property=\"og:url\" content=\"https:\/\/portaltela.pt\/noticias\/2026\/02\/01\/camara-de-santa-cruz-e-forcas-politicas-manifestam-pesar-por-pedro-diniz\/\" \/>\n<meta property=\"og:site_name\" content=\"Portal Tela Portugal\" \/>\n<meta property=\"article:published_time\" content=\"2026-02-01T19:30:00+00:00\" \/>\n<meta name=\"author\" content=\"Telinha\" \/>\n<meta name=\"twitter:card\" content=\"summary_large_image\" \/>\n<meta name=\"twitter:label1\" content=\"Escrito por\" \/>\n\t<meta name=\"twitter:data1\" content=\"Telinha\" \/>\n\t<meta name=\"twitter:label2\" content=\"Tempo estimado de leitura\" \/>\n\t<meta name=\"twitter:data2\" content=\"1 minuto\" \/>\n<script type=\"application\/ld+json\" class=\"yoast-schema-graph\">{\"@context\":\"https:\/\/schema.org\",\"@graph\":[{\"@type\":\"Article\",\"@id\":\"https:\/\/portaltela.pt\/noticias\/2026\/02\/01\/camara-de-santa-cruz-e-forcas-politicas-manifestam-pesar-por-pedro-diniz\/#article\",\"isPartOf\":{\"@id\":\"https:\/\/portaltela.pt\/noticias\/2026\/02\/01\/camara-de-santa-cruz-e-forcas-politicas-manifestam-pesar-por-pedro-diniz\/\"},\"author\":{\"name\":\"Telinha\",\"@id\":\"https:\/\/portaltela.pt\/#\/schema\/person\/c4278d4a6028830caff9ee44b42d32ed\"},\"headline\":\"C\u00e2mara de Santa Cruz e for\u00e7as pol\u00edticas manifestam pesar por Pedro Diniz\",\"datePublished\":\"2026-02-01T19:30:00+00:00\",\"mainEntityOfPage\":{\"@id\":\"https:\/\/portaltela.pt\/noticias\/2026\/02\/01\/camara-de-santa-cruz-e-forcas-politicas-manifestam-pesar-por-pedro-diniz\/\"},\"wordCount\":182,\"image\":{\"@id\":\"https:\/\/portaltela.pt\/noticias\/2026\/02\/01\/camara-de-santa-cruz-e-forcas-politicas-manifestam-pesar-por-pedro-diniz\/#primaryimage\"},\"thumbnailUrl\":\"https:\/\/portaltela.pt\/s.01k8rhncp4jt1\/2026\/02\/unnamed-file-197.jpg\",\"keywords\":[\"Bloco de Esquerda\",\"Madeira\",\"Partido Socialista\",\"pol\u00edtica\",\"PS\",\"Santa Cruz\"],\"articleSection\":[\"Not\u00edcias\"],\"inLanguage\":\"pt-PT\"},{\"@type\":\"WebPage\",\"@id\":\"https:\/\/portaltela.pt\/noticias\/2026\/02\/01\/camara-de-santa-cruz-e-forcas-politicas-manifestam-pesar-por-pedro-diniz\/\",\"url\":\"https:\/\/portaltela.pt\/noticias\/2026\/02\/01\/camara-de-santa-cruz-e-forcas-politicas-manifestam-pesar-por-pedro-diniz\/\",\"name\":\"C\u00e2mara de Santa Cruz e for\u00e7as pol\u00edticas manifestam pesar por Pedro Diniz - Portal Tela Portugal\",\"isPartOf\":{\"@id\":\"https:\/\/portaltela.pt\/#website\"},\"primaryImageOfPage\":{\"@id\":\"https:\/\/portaltela.pt\/noticias\/2026\/02\/01\/camara-de-santa-cruz-e-forcas-politicas-manifestam-pesar-por-pedro-diniz\/#primaryimage\"},\"image\":{\"@id\":\"https:\/\/portaltela.pt\/noticias\/2026\/02\/01\/camara-de-santa-cruz-e-forcas-politicas-manifestam-pesar-por-pedro-diniz\/#primaryimage\"},\"thumbnailUrl\":\"https:\/\/portaltela.pt\/s.01k8rhncp4jt1\/2026\/02\/unnamed-file-197.jpg\",\"datePublished\":\"2026-02-01T19:30:00+00:00\",\"author\":{\"@id\":\"https:\/\/portaltela.pt\/#\/schema\/person\/c4278d4a6028830caff9ee44b42d32ed\"},\"breadcrumb\":{\"@id\":\"https:\/\/portaltela.pt\/noticias\/2026\/02\/01\/camara-de-santa-cruz-e-forcas-politicas-manifestam-pesar-por-pedro-diniz\/#breadcrumb\"},\"inLanguage\":\"pt-PT\",\"potentialAction\":[{\"@type\":\"ReadAction\",\"target\":[\"https:\/\/portaltela.pt\/noticias\/2026\/02\/01\/camara-de-santa-cruz-e-forcas-politicas-manifestam-pesar-por-pedro-diniz\/\"]}]},{\"@type\":\"ImageObject\",\"inLanguage\":\"pt-PT\",\"@id\":\"https:\/\/portaltela.pt\/noticias\/2026\/02\/01\/camara-de-santa-cruz-e-forcas-politicas-manifestam-pesar-por-pedro-diniz\/#primaryimage\",\"url\":\"https:\/\/portaltela.pt\/s.01k8rhncp4jt1\/2026\/02\/unnamed-file-197.jpg\",\"contentUrl\":\"https:\/\/portaltela.pt\/s.01k8rhncp4jt1\/2026\/02\/unnamed-file-197.jpg\",\"width\":796,\"height\":448,\"caption\":\"C\u00e2mara de Santa Cruz e v\u00e1rias for\u00e7as pol\u00edticas manifestam pesar por Pedro Diniz\"},{\"@type\":\"BreadcrumbList\",\"@id\":\"https:\/\/portaltela.pt\/noticias\/2026\/02\/01\/camara-de-santa-cruz-e-forcas-politicas-manifestam-pesar-por-pedro-diniz\/#breadcrumb\",\"itemListElement\":[{\"@type\":\"ListItem\",\"position\":1,\"name\":\"In\u00edcio\",\"item\":\"https:\/\/portaltela.pt\/\"},{\"@type\":\"ListItem\",\"position\":2,\"name\":\"C\u00e2mara de Santa Cruz e for\u00e7as pol\u00edticas manifestam pesar por Pedro Diniz\"}]},{\"@type\":\"WebSite\",\"@id\":\"https:\/\/portaltela.pt\/#website\",\"url\":\"https:\/\/portaltela.pt\/\",\"name\":\"Portal Tela Portugal\",\"description\":\"\",\"potentialAction\":[{\"@type\":\"SearchAction\",\"target\":{\"@type\":\"EntryPoint\",\"urlTemplate\":\"https:\/\/portaltela.pt\/?s={search_term_string}\"},\"query-input\":{\"@type\":\"PropertyValueSpecification\",\"valueRequired\":true,\"valueName\":\"search_term_string\"}}],\"inLanguage\":\"pt-PT\"},{\"@type\":\"Person\",\"@id\":\"https:\/\/portaltela.pt\/#\/schema\/person\/c4278d4a6028830caff9ee44b42d32ed\",\"name\":\"Telinha\",\"image\":{\"@type\":\"ImageObject\",\"inLanguage\":\"pt-PT\",\"@id\":\"https:\/\/portaltela.pt\/s.01k8rhncp4jt1\/2025\/11\/talking-bot-125x125.png\",\"url\":\"https:\/\/portaltela.pt\/s.01k8rhncp4jt1\/2025\/11\/talking-bot-125x125.png\",\"contentUrl\":\"https:\/\/portaltela.pt\/s.01k8rhncp4jt1\/2025\/11\/talking-bot-125x125.png\",\"caption\":\"Telinha\"},\"sameAs\":[\"https:\/\/portaltela.pt\/\"],\"url\":\"https:\/\/portaltela.pt\/por\/367410592786\/\"}]}<\/script>\n<!-- \/ Yoast SEO plugin. -->","yoast_head_json":{"title":"C\u00e2mara de Santa Cruz e for\u00e7as pol\u00edticas manifestam pesar por Pedro Diniz - Portal Tela Portugal","robots":{"index":"index","follow":"follow","max-snippet":"max-snippet:-1","max-image-preview":"max-image-preview:large","max-video-preview":"max-video-preview:-1"},"og_locale":"pt_PT","og_type":"article","og_title":"C\u00e2mara de Santa Cruz e for\u00e7as pol\u00edticas manifestam pesar por Pedro Diniz - Portal Tela Portugal","og_description":"A C\u00e2mara Municipal de Santa Cruz lamentou a morte de Pedro Diniz, candidato socialista \u00e0s elei\u00e7\u00f5es de 2025 e ex-deputado municipal, atrav\u00e9s de uma nota nas redes sociais. O executivo municipal endere\u00e7ou sentidas condol\u00eancias \u00e0 fam\u00edlia, aos amigos e ao PS-Madeira. O Bloco de Esquerda-Madeira tamb\u00e9m fez publicas condol\u00eancias e destacou a integridade e a dedica\u00e7\u00e3o de Pedro Diniz aos ideais que defendia. O Bloco de Esquerda referiu ainda o ato democr\u00e1tico de concorrer \u00e0s elei\u00e7\u00f5es aut\u00e1rquicas em Santa Cruz, com a participa\u00e7\u00e3o do pr\u00f3prio Bloco. A Nova Direita, atrav\u00e9s de Paulo Azevedo, manifestou pesar \u00e0 fam\u00edlia e afirmou que Pedro Diniz mostrou garra e que era lembrado pelo seu trabalho pela situa\u00e7\u00e3o dos madeirenses, dizendo ter perdido um amigo.","og_url":"https:\/\/portaltela.pt\/noticias\/2026\/02\/01\/camara-de-santa-cruz-e-forcas-politicas-manifestam-pesar-por-pedro-diniz\/","og_site_name":"Portal Tela Portugal","article_published_time":"2026-02-01T19:30:00+00:00","author":"Telinha","twitter_card":"summary_large_image","twitter_misc":{"Escrito por":"Telinha","Tempo estimado de leitura":"1 minuto"},"schema":{"@context":"https:\/\/schema.org","@graph":[{"@type":"Article","@id":"https:\/\/portaltela.pt\/noticias\/2026\/02\/01\/camara-de-santa-cruz-e-forcas-politicas-manifestam-pesar-por-pedro-diniz\/#article","isPartOf":{"@id":"https:\/\/portaltela.pt\/noticias\/2026\/02\/01\/camara-de-santa-cruz-e-forcas-politicas-manifestam-pesar-por-pedro-diniz\/"},"author":{"name":"Telinha","@id":"https:\/\/portaltela.pt\/#\/schema\/person\/c4278d4a6028830caff9ee44b42d32ed"},"headline":"C\u00e2mara de Santa Cruz e for\u00e7as pol\u00edticas manifestam pesar por Pedro Diniz","datePublished":"2026-02-01T19:30:00+00:00","mainEntityOfPage":{"@id":"https:\/\/portaltela.pt\/noticias\/2026\/02\/01\/camara-de-santa-cruz-e-forcas-politicas-manifestam-pesar-por-pedro-diniz\/"},"wordCount":182,"image":{"@id":"https:\/\/portaltela.pt\/noticias\/2026\/02\/01\/camara-de-santa-cruz-e-forcas-politicas-manifestam-pesar-por-pedro-diniz\/#primaryimage"},"thumbnailUrl":"https:\/\/portaltela.pt\/s.01k8rhncp4jt1\/2026\/02\/unnamed-file-197.jpg","keywords":["Bloco de Esquerda","Madeira","Partido Socialista","pol\u00edtica","PS","Santa Cruz"],"articleSection":["Not\u00edcias"],"inLanguage":"pt-PT"},{"@type":"WebPage","@id":"https:\/\/portaltela.pt\/noticias\/2026\/02\/01\/camara-de-santa-cruz-e-forcas-politicas-manifestam-pesar-por-pedro-diniz\/","url":"https:\/\/portaltela.pt\/noticias\/2026\/02\/01\/camara-de-santa-cruz-e-forcas-politicas-manifestam-pesar-por-pedro-diniz\/","name":"C\u00e2mara de Santa Cruz e for\u00e7as pol\u00edticas manifestam pesar por Pedro Diniz - Portal Tela Portugal","isPartOf":{"@id":"https:\/\/portaltela.pt\/#website"},"primaryImageOfPage":{"@id":"https:\/\/portaltela.pt\/noticias\/2026\/02\/01\/camara-de-santa-cruz-e-forcas-politicas-manifestam-pesar-por-pedro-diniz\/#primaryimage"},"image":{"@id":"https:\/\/portaltela.pt\/noticias\/2026\/02\/01\/camara-de-santa-cruz-e-forcas-politicas-manifestam-pesar-por-pedro-diniz\/#primaryimage"},"thumbnailUrl":"https:\/\/portaltela.pt\/s.01k8rhncp4jt1\/2026\/02\/unnamed-file-197.jpg","datePublished":"2026-02-01T19:30:00+00:00","author":{"@id":"https:\/\/portaltela.pt\/#\/schema\/person\/c4278d4a6028830caff9ee44b42d32ed"},"breadcrumb":{"@id":"https:\/\/portaltela.pt\/noticias\/2026\/02\/01\/camara-de-santa-cruz-e-forcas-politicas-manifestam-pesar-por-pedro-diniz\/#breadcrumb"},"inLanguage":"pt-PT","potentialAction":[{"@type":"ReadAction","target":["https:\/\/portaltela.pt\/noticias\/2026\/02\/01\/camara-de-santa-cruz-e-forcas-politicas-manifestam-pesar-por-pedro-diniz\/"]}]},{"@type":"ImageObject","inLanguage":"pt-PT","@id":"https:\/\/portaltela.pt\/noticias\/2026\/02\/01\/camara-de-santa-cruz-e-forcas-politicas-manifestam-pesar-por-pedro-diniz\/#primaryimage","url":"https:\/\/portaltela.pt\/s.01k8rhncp4jt1\/2026\/02\/unnamed-file-197.jpg","contentUrl":"https:\/\/portaltela.pt\/s.01k8rhncp4jt1\/2026\/02\/unnamed-file-197.jpg","width":796,"height":448,"caption":"C\u00e2mara de Santa Cruz e v\u00e1rias for\u00e7as pol\u00edticas manifestam pesar por Pedro Diniz"},{"@type":"BreadcrumbList","@id":"https:\/\/portaltela.pt\/noticias\/2026\/02\/01\/camara-de-santa-cruz-e-forcas-politicas-manifestam-pesar-por-pedro-diniz\/#breadcrumb","itemListElement":[{"@type":"ListItem","position":1,"name":"In\u00edcio","item":"https:\/\/portaltela.pt\/"},{"@type":"ListItem","position":2,"name":"C\u00e2mara de Santa Cruz e for\u00e7as pol\u00edticas manifestam pesar por Pedro Diniz"}]},{"@type":"WebSite","@id":"https:\/\/portaltela.pt\/#website","url":"https:\/\/portaltela.pt\/","name":"Portal Tela Portugal","description":"","potentialAction":[{"@type":"SearchAction","target":{"@type":"EntryPoint","urlTemplate":"https:\/\/portaltela.pt\/?s={search_term_string}"},"query-input":{"@type":"PropertyValueSpecification","valueRequired":true,"valueName":"search_term_string"}}],"inLanguage":"pt-PT"},{"@type":"Person","@id":"https:\/\/portaltela.pt\/#\/schema\/person\/c4278d4a6028830caff9ee44b42d32ed","name":"Telinha","image":{"@type":"ImageObject","inLanguage":"pt-PT","@id":"https:\/\/portaltela.pt\/s.01k8rhncp4jt1\/2025\/11\/talking-bot-125x125.png","url":"https:\/\/portaltela.pt\/s.01k8rhncp4jt1\/2025\/11\/talking-bot-125x125.png","contentUrl":"https:\/\/portaltela.pt\/s.01k8rhncp4jt1\/2025\/11\/talking-bot-125x125.png","caption":"Telinha"},"sameAs":["https:\/\/portaltela.pt\/"],"url":"https:\/\/portaltela.pt\/por\/367410592786\/"}]}},"_links":{"self":[{"href":"https:\/\/portaltela.pt\/api\/wp\/v2\/posts\/189281","targetHints":{"allow":["GET"]}}],"collection":[{"href":"https:\/\/portaltela.pt\/api\/wp\/v2\/posts"}],"about":[{"href":"https:\/\/portaltela.pt\/api\/wp\/v2\/types\/post"}],"author":[{"embeddable":true,"href":"https:\/\/portaltela.pt\/api\/wp\/v2\/users\/2"}],"replies":[{"embeddable":true,"href":"https:\/\/portaltela.pt\/api\/wp\/v2\/comments?post=189281"}],"version-history":[{"count":0,"href":"https:\/\/portaltela.pt\/api\/wp\/v2\/posts\/189281\/revisions"}],"wp:featuredmedia":[{"embeddable":true,"href":"https:\/\/portaltela.pt\/api\/wp\/v2\/media\/189283"}],"wp:attachment":[{"href":"https:\/\/portaltela.pt\/api\/wp\/v2\/media?parent=189281"}],"wp:term":[{"taxonomy":"category","embeddable":true,"href":"https:\/\/portaltela.pt\/api\/wp\/v2\/categories?post=189281"},{"taxonomy":"post_tag","embeddable":true,"href":"https:\/\/portaltela.pt\/api\/wp\/v2\/tags?post=189281"}],"curies":[{"name":"wp","href":"https:\/\/api.w.org\/{rel}","templated":true}]}}