{"id":189279,"date":"2026-02-01T16:18:00","date_gmt":"2026-02-01T19:18:00","guid":{"rendered":"https:\/\/portaltela.pt\/noticias\/2026\/02\/01\/reino-unido-precisa-aprofundar-cooperacao-com-ue-em-defesa-comum\/"},"modified":"2026-02-01T16:18:00","modified_gmt":"2026-02-01T19:18:00","slug":"reino-unido-precisa-aprofundar-cooperacao-com-ue-em-defesa-comum","status":"publish","type":"post","link":"https:\/\/portaltela.pt\/noticias\/2026\/02\/01\/reino-unido-precisa-aprofundar-cooperacao-com-ue-em-defesa-comum\/","title":{"rendered":"Reino Unido precisa aprofundar coopera\u00e7\u00e3o com UE em defesa comum"},"content":{"rendered":"<p>O primeiro-ministro brit\u00e2nico, Keir Starmer, afirmou que o Reino Unido precisa de fazer mais com a Uni\u00e3o Europeia em mat\u00e9ria de defesa, incluindo a ades\u00e3o \u00e0 iniciativa conjunta dos 27 para refor\u00e7ar arsenais.<\/p>\n<p>Londres e Bruxelas n\u00e3o chegaram a acordo sobre a participa\u00e7\u00e3o brit\u00e2nica no programa de apoio \u00e0 ind\u00fastria de defesa da Europa, o SAFE, que tem uma dota\u00e7\u00e3o de 150 mil milh\u00f5es de euros em empr\u00e9stimos.<\/p>\n<p>As negocia\u00e7\u00f5es intensificaram-se porque o Governo brit\u00e2nico discorda da contribui\u00e7\u00e3o financeira de at\u00e9 6,5 mil milh\u00f5es de euros, considerada excessiva para o Reino Unido.<\/p>\n<p>Starmer indicou ainda que \u00e9 necess\u00e1rio analisar mecanismos como o SAFE para identificar formas de coopera\u00e7\u00e3o mais estreitas entre o Reino Unido e a UE em despesa e capacidade.<\/p>\n<p>Desde que assumiu o poder, em julho de 2024, o l\u00edder trabalhista tem procurado aproximar-se da UE e, em 2025, firmou uma nova parceria estrat\u00e9gica com Bruxelas, visando defesa, seguran\u00e7a e com\u00e9rcio.<\/p>\n<h3>Defesa comum e coopera\u00e7\u00e3o europeia<\/h3>\n<p>Maros Sefcovic, comiss\u00e1rio europeu do Com\u00e9rcio, vai a Londres na segunda-feira para encontros com ministros brit\u00e2nicos, antes de uma cimeira bilateral marcada para este ano.<\/p>\n<p>Starmer rejeita regressar \u00e0 uni\u00e3o aduaneira, mas pretende um maior alinhamento com o mercado \u00fanico, deixando em aberto avan\u00e7os em setores estrat\u00e9gicos do mercado.<\/p>\n<p>Numa visita recente \u00e0 China, o primeiro-ministro destacou a necessidade de ir al\u00e9m da aproxima\u00e7\u00e3o atual em mat\u00e9ria de mercado \u00fanico, sem detalhar pormenores.<\/p>\n<p>Paralelamente, o Governo brit\u00e2nico continua negocia\u00e7\u00f5es sobre um programa de mobilidade para jovens, com limite no n\u00famero de vistos e na dura\u00e7\u00e3o da estadia permitida.<\/p>\n<p>Londres e Bruxelas j\u00e1 acordaram que o Reino Unido participar\u00e1, a partir de 2027, no programa Erasmus de interc\u00e2mbio estudantil.<\/p>\n","protected":false},"excerpt":{"rendered":"<ul>\n<li>O primeiro-ministro, Keir Starmer, disse que o Reino Unido tem de fazer mais com a Uni\u00e3o Europeia em defesa, incluindo explorar uma coopera\u00e7\u00e3o mais estreita para refor\u00e7ar os arsenais.<\/li>\n<li>Londres e Bruxelas n\u00e3o chegaram a acordo sobre a participa\u00e7\u00e3o brit\u00e2nica no programa SAFE, que tem 150 mil milh\u00f5es de euros em empr\u00e9stimos para a ind\u00fastria de defesa da Europa.<\/li>\n<li>As negocia\u00e7\u00f5es estagnaram devido \u00e0 poss\u00edvel contribui\u00e7\u00e3o brit\u00e2nica de at\u00e9 6,5 mil milh\u00f5es de euros; Starmer rejeita regressar \u00e0 uni\u00e3o aduaneira, mas mostra-se aberto a um alinhamento mais pr\u00f3ximo com o mercado \u00fanico.<\/li>\n<li>Desde julho de 2024 no cargo, Starmer tem vindo a procurar aproxima\u00e7\u00e3o \u00e0 UE, com uma \u201cnova parceria estrat\u00e9gica\u201d acordada na primavera de 2025 para coopera\u00e7\u00e3o em defesa e seguran\u00e7a e menos restri\u00e7\u00f5es ao com\u00e9rcio de bens alimentares.<\/li>\n<li>Existem negocia\u00e7\u00f5es em curso sobre um programa de mobilidade jovem, com acordo para participa\u00e7\u00e3o do Reino Unido no Erasmus a partir de 2027.<\/li>\n<\/ul>\n","protected":false},"author":2,"featured_media":189280,"comment_status":"closed","ping_status":"closed","sticky":false,"template":"","format":"standard","meta":{"footnotes":""},"categories":[1],"tags":[256,2336,3861,2297,4424,2055],"class_list":["post-189279","post","type-post","status-publish","format-standard","has-post-thumbnail","hentry","category-noticias","tag-cooperacao-internacional","tag-defesa-nacional","tag-economia-internacional","tag-investigacoes-internacionais","tag-mobilidade-internacional","tag-uniao-europeia"],"yoast_head":"<!-- This site is optimized with the Yoast SEO plugin v27.2 - https:\/\/yoast.com\/product\/yoast-seo-wordpress\/ -->\n<title>Reino Unido precisa aprofundar coopera\u00e7\u00e3o com UE em defesa comum - Portal Tela Portugal<\/title>\n<meta name=\"robots\" content=\"index, follow, max-snippet:-1, max-image-preview:large, max-video-preview:-1\" \/>\n<meta property=\"og:locale\" content=\"pt_PT\" \/>\n<meta property=\"og:type\" content=\"article\" \/>\n<meta property=\"og:title\" content=\"Reino Unido precisa aprofundar coopera\u00e7\u00e3o com UE em defesa comum - Portal Tela Portugal\" \/>\n<meta property=\"og:description\" content=\"O primeiro-ministro, Keir Starmer, disse que o Reino Unido tem de fazer mais com a Uni\u00e3o Europeia em defesa, incluindo explorar uma coopera\u00e7\u00e3o mais estreita para refor\u00e7ar os arsenais. Londres e Bruxelas n\u00e3o chegaram a acordo sobre a participa\u00e7\u00e3o brit\u00e2nica no programa SAFE, que tem 150 mil milh\u00f5es de euros em empr\u00e9stimos para a ind\u00fastria de defesa da Europa. As negocia\u00e7\u00f5es estagnaram devido \u00e0 poss\u00edvel contribui\u00e7\u00e3o brit\u00e2nica de at\u00e9 6,5 mil milh\u00f5es de euros; Starmer rejeita regressar \u00e0 uni\u00e3o aduaneira, mas mostra-se aberto a um alinhamento mais pr\u00f3ximo com o mercado \u00fanico. Desde julho de 2024 no cargo, Starmer tem vindo a procurar aproxima\u00e7\u00e3o \u00e0 UE, com uma \u201cnova parceria estrat\u00e9gica\u201d acordada na primavera de 2025 para coopera\u00e7\u00e3o em defesa e seguran\u00e7a e menos restri\u00e7\u00f5es ao com\u00e9rcio de bens alimentares. Existem negocia\u00e7\u00f5es em curso sobre um programa de mobilidade jovem, com acordo para participa\u00e7\u00e3o do Reino Unido no Erasmus a partir de 2027.\" \/>\n<meta property=\"og:url\" content=\"https:\/\/portaltela.pt\/noticias\/2026\/02\/01\/reino-unido-precisa-aprofundar-cooperacao-com-ue-em-defesa-comum\/\" \/>\n<meta property=\"og:site_name\" content=\"Portal Tela Portugal\" \/>\n<meta property=\"article:published_time\" content=\"2026-02-01T19:18:00+00:00\" \/>\n<meta name=\"author\" content=\"Telinha\" \/>\n<meta name=\"twitter:card\" content=\"summary_large_image\" \/>\n<meta name=\"twitter:label1\" content=\"Escrito por\" \/>\n\t<meta name=\"twitter:data1\" content=\"Telinha\" \/>\n\t<meta name=\"twitter:label2\" content=\"Tempo estimado de leitura\" \/>\n\t<meta name=\"twitter:data2\" content=\"2 minutos\" \/>\n<script type=\"application\/ld+json\" class=\"yoast-schema-graph\">{\"@context\":\"https:\/\/schema.org\",\"@graph\":[{\"@type\":\"Article\",\"@id\":\"https:\/\/portaltela.pt\/noticias\/2026\/02\/01\/reino-unido-precisa-aprofundar-cooperacao-com-ue-em-defesa-comum\/#article\",\"isPartOf\":{\"@id\":\"https:\/\/portaltela.pt\/noticias\/2026\/02\/01\/reino-unido-precisa-aprofundar-cooperacao-com-ue-em-defesa-comum\/\"},\"author\":{\"name\":\"Telinha\",\"@id\":\"https:\/\/portaltela.pt\/#\/schema\/person\/c4278d4a6028830caff9ee44b42d32ed\"},\"headline\":\"Reino Unido precisa aprofundar coopera\u00e7\u00e3o com UE em defesa comum\",\"datePublished\":\"2026-02-01T19:18:00+00:00\",\"mainEntityOfPage\":{\"@id\":\"https:\/\/portaltela.pt\/noticias\/2026\/02\/01\/reino-unido-precisa-aprofundar-cooperacao-com-ue-em-defesa-comum\/\"},\"wordCount\":313,\"image\":{\"@id\":\"https:\/\/portaltela.pt\/noticias\/2026\/02\/01\/reino-unido-precisa-aprofundar-cooperacao-com-ue-em-defesa-comum\/#primaryimage\"},\"thumbnailUrl\":\"https:\/\/portaltela.pt\/s.01k8rhncp4jt1\/2026\/02\/naom_668a9ef3a76f9.jpg\",\"keywords\":[\"coopera\u00e7\u00e3o internacional\",\"Defesa Nacional\",\"economia internacional\",\"investiga\u00e7\u00f5es internacionais\",\"mobilidade internacional\",\"Uni\u00e3o Europeia\"],\"articleSection\":[\"Not\u00edcias\"],\"inLanguage\":\"pt-PT\"},{\"@type\":\"WebPage\",\"@id\":\"https:\/\/portaltela.pt\/noticias\/2026\/02\/01\/reino-unido-precisa-aprofundar-cooperacao-com-ue-em-defesa-comum\/\",\"url\":\"https:\/\/portaltela.pt\/noticias\/2026\/02\/01\/reino-unido-precisa-aprofundar-cooperacao-com-ue-em-defesa-comum\/\",\"name\":\"Reino Unido precisa aprofundar coopera\u00e7\u00e3o com UE em defesa comum - Portal Tela Portugal\",\"isPartOf\":{\"@id\":\"https:\/\/portaltela.pt\/#website\"},\"primaryImageOfPage\":{\"@id\":\"https:\/\/portaltela.pt\/noticias\/2026\/02\/01\/reino-unido-precisa-aprofundar-cooperacao-com-ue-em-defesa-comum\/#primaryimage\"},\"image\":{\"@id\":\"https:\/\/portaltela.pt\/noticias\/2026\/02\/01\/reino-unido-precisa-aprofundar-cooperacao-com-ue-em-defesa-comum\/#primaryimage\"},\"thumbnailUrl\":\"https:\/\/portaltela.pt\/s.01k8rhncp4jt1\/2026\/02\/naom_668a9ef3a76f9.jpg\",\"datePublished\":\"2026-02-01T19:18:00+00:00\",\"author\":{\"@id\":\"https:\/\/portaltela.pt\/#\/schema\/person\/c4278d4a6028830caff9ee44b42d32ed\"},\"breadcrumb\":{\"@id\":\"https:\/\/portaltela.pt\/noticias\/2026\/02\/01\/reino-unido-precisa-aprofundar-cooperacao-com-ue-em-defesa-comum\/#breadcrumb\"},\"inLanguage\":\"pt-PT\",\"potentialAction\":[{\"@type\":\"ReadAction\",\"target\":[\"https:\/\/portaltela.pt\/noticias\/2026\/02\/01\/reino-unido-precisa-aprofundar-cooperacao-com-ue-em-defesa-comum\/\"]}]},{\"@type\":\"ImageObject\",\"inLanguage\":\"pt-PT\",\"@id\":\"https:\/\/portaltela.pt\/noticias\/2026\/02\/01\/reino-unido-precisa-aprofundar-cooperacao-com-ue-em-defesa-comum\/#primaryimage\",\"url\":\"https:\/\/portaltela.pt\/s.01k8rhncp4jt1\/2026\/02\/naom_668a9ef3a76f9.jpg\",\"contentUrl\":\"https:\/\/portaltela.pt\/s.01k8rhncp4jt1\/2026\/02\/naom_668a9ef3a76f9.jpg\",\"width\":796,\"height\":448,\"caption\":\"Photo\"},{\"@type\":\"BreadcrumbList\",\"@id\":\"https:\/\/portaltela.pt\/noticias\/2026\/02\/01\/reino-unido-precisa-aprofundar-cooperacao-com-ue-em-defesa-comum\/#breadcrumb\",\"itemListElement\":[{\"@type\":\"ListItem\",\"position\":1,\"name\":\"In\u00edcio\",\"item\":\"https:\/\/portaltela.pt\/\"},{\"@type\":\"ListItem\",\"position\":2,\"name\":\"Reino Unido precisa aprofundar coopera\u00e7\u00e3o com UE em defesa comum\"}]},{\"@type\":\"WebSite\",\"@id\":\"https:\/\/portaltela.pt\/#website\",\"url\":\"https:\/\/portaltela.pt\/\",\"name\":\"Portal Tela Portugal\",\"description\":\"\",\"potentialAction\":[{\"@type\":\"SearchAction\",\"target\":{\"@type\":\"EntryPoint\",\"urlTemplate\":\"https:\/\/portaltela.pt\/?s={search_term_string}\"},\"query-input\":{\"@type\":\"PropertyValueSpecification\",\"valueRequired\":true,\"valueName\":\"search_term_string\"}}],\"inLanguage\":\"pt-PT\"},{\"@type\":\"Person\",\"@id\":\"https:\/\/portaltela.pt\/#\/schema\/person\/c4278d4a6028830caff9ee44b42d32ed\",\"name\":\"Telinha\",\"image\":{\"@type\":\"ImageObject\",\"inLanguage\":\"pt-PT\",\"@id\":\"https:\/\/portaltela.pt\/s.01k8rhncp4jt1\/2025\/11\/talking-bot-125x125.png\",\"url\":\"https:\/\/portaltela.pt\/s.01k8rhncp4jt1\/2025\/11\/talking-bot-125x125.png\",\"contentUrl\":\"https:\/\/portaltela.pt\/s.01k8rhncp4jt1\/2025\/11\/talking-bot-125x125.png\",\"caption\":\"Telinha\"},\"sameAs\":[\"https:\/\/portaltela.pt\/\"],\"url\":\"https:\/\/portaltela.pt\/por\/367410592786\/\"}]}<\/script>\n<!-- \/ Yoast SEO plugin. -->","yoast_head_json":{"title":"Reino Unido precisa aprofundar coopera\u00e7\u00e3o com UE em defesa comum - Portal Tela Portugal","robots":{"index":"index","follow":"follow","max-snippet":"max-snippet:-1","max-image-preview":"max-image-preview:large","max-video-preview":"max-video-preview:-1"},"og_locale":"pt_PT","og_type":"article","og_title":"Reino Unido precisa aprofundar coopera\u00e7\u00e3o com UE em defesa comum - Portal Tela Portugal","og_description":"O primeiro-ministro, Keir Starmer, disse que o Reino Unido tem de fazer mais com a Uni\u00e3o Europeia em defesa, incluindo explorar uma coopera\u00e7\u00e3o mais estreita para refor\u00e7ar os arsenais. Londres e Bruxelas n\u00e3o chegaram a acordo sobre a participa\u00e7\u00e3o brit\u00e2nica no programa SAFE, que tem 150 mil milh\u00f5es de euros em empr\u00e9stimos para a ind\u00fastria de defesa da Europa. As negocia\u00e7\u00f5es estagnaram devido \u00e0 poss\u00edvel contribui\u00e7\u00e3o brit\u00e2nica de at\u00e9 6,5 mil milh\u00f5es de euros; Starmer rejeita regressar \u00e0 uni\u00e3o aduaneira, mas mostra-se aberto a um alinhamento mais pr\u00f3ximo com o mercado \u00fanico. Desde julho de 2024 no cargo, Starmer tem vindo a procurar aproxima\u00e7\u00e3o \u00e0 UE, com uma \u201cnova parceria estrat\u00e9gica\u201d acordada na primavera de 2025 para coopera\u00e7\u00e3o em defesa e seguran\u00e7a e menos restri\u00e7\u00f5es ao com\u00e9rcio de bens alimentares. Existem negocia\u00e7\u00f5es em curso sobre um programa de mobilidade jovem, com acordo para participa\u00e7\u00e3o do Reino Unido no Erasmus a partir de 2027.","og_url":"https:\/\/portaltela.pt\/noticias\/2026\/02\/01\/reino-unido-precisa-aprofundar-cooperacao-com-ue-em-defesa-comum\/","og_site_name":"Portal Tela Portugal","article_published_time":"2026-02-01T19:18:00+00:00","author":"Telinha","twitter_card":"summary_large_image","twitter_misc":{"Escrito por":"Telinha","Tempo estimado de leitura":"2 minutos"},"schema":{"@context":"https:\/\/schema.org","@graph":[{"@type":"Article","@id":"https:\/\/portaltela.pt\/noticias\/2026\/02\/01\/reino-unido-precisa-aprofundar-cooperacao-com-ue-em-defesa-comum\/#article","isPartOf":{"@id":"https:\/\/portaltela.pt\/noticias\/2026\/02\/01\/reino-unido-precisa-aprofundar-cooperacao-com-ue-em-defesa-comum\/"},"author":{"name":"Telinha","@id":"https:\/\/portaltela.pt\/#\/schema\/person\/c4278d4a6028830caff9ee44b42d32ed"},"headline":"Reino Unido precisa aprofundar coopera\u00e7\u00e3o com UE em defesa comum","datePublished":"2026-02-01T19:18:00+00:00","mainEntityOfPage":{"@id":"https:\/\/portaltela.pt\/noticias\/2026\/02\/01\/reino-unido-precisa-aprofundar-cooperacao-com-ue-em-defesa-comum\/"},"wordCount":313,"image":{"@id":"https:\/\/portaltela.pt\/noticias\/2026\/02\/01\/reino-unido-precisa-aprofundar-cooperacao-com-ue-em-defesa-comum\/#primaryimage"},"thumbnailUrl":"https:\/\/portaltela.pt\/s.01k8rhncp4jt1\/2026\/02\/naom_668a9ef3a76f9.jpg","keywords":["coopera\u00e7\u00e3o internacional","Defesa Nacional","economia internacional","investiga\u00e7\u00f5es internacionais","mobilidade internacional","Uni\u00e3o Europeia"],"articleSection":["Not\u00edcias"],"inLanguage":"pt-PT"},{"@type":"WebPage","@id":"https:\/\/portaltela.pt\/noticias\/2026\/02\/01\/reino-unido-precisa-aprofundar-cooperacao-com-ue-em-defesa-comum\/","url":"https:\/\/portaltela.pt\/noticias\/2026\/02\/01\/reino-unido-precisa-aprofundar-cooperacao-com-ue-em-defesa-comum\/","name":"Reino Unido precisa aprofundar coopera\u00e7\u00e3o com UE em defesa comum - Portal Tela Portugal","isPartOf":{"@id":"https:\/\/portaltela.pt\/#website"},"primaryImageOfPage":{"@id":"https:\/\/portaltela.pt\/noticias\/2026\/02\/01\/reino-unido-precisa-aprofundar-cooperacao-com-ue-em-defesa-comum\/#primaryimage"},"image":{"@id":"https:\/\/portaltela.pt\/noticias\/2026\/02\/01\/reino-unido-precisa-aprofundar-cooperacao-com-ue-em-defesa-comum\/#primaryimage"},"thumbnailUrl":"https:\/\/portaltela.pt\/s.01k8rhncp4jt1\/2026\/02\/naom_668a9ef3a76f9.jpg","datePublished":"2026-02-01T19:18:00+00:00","author":{"@id":"https:\/\/portaltela.pt\/#\/schema\/person\/c4278d4a6028830caff9ee44b42d32ed"},"breadcrumb":{"@id":"https:\/\/portaltela.pt\/noticias\/2026\/02\/01\/reino-unido-precisa-aprofundar-cooperacao-com-ue-em-defesa-comum\/#breadcrumb"},"inLanguage":"pt-PT","potentialAction":[{"@type":"ReadAction","target":["https:\/\/portaltela.pt\/noticias\/2026\/02\/01\/reino-unido-precisa-aprofundar-cooperacao-com-ue-em-defesa-comum\/"]}]},{"@type":"ImageObject","inLanguage":"pt-PT","@id":"https:\/\/portaltela.pt\/noticias\/2026\/02\/01\/reino-unido-precisa-aprofundar-cooperacao-com-ue-em-defesa-comum\/#primaryimage","url":"https:\/\/portaltela.pt\/s.01k8rhncp4jt1\/2026\/02\/naom_668a9ef3a76f9.jpg","contentUrl":"https:\/\/portaltela.pt\/s.01k8rhncp4jt1\/2026\/02\/naom_668a9ef3a76f9.jpg","width":796,"height":448,"caption":"Photo"},{"@type":"BreadcrumbList","@id":"https:\/\/portaltela.pt\/noticias\/2026\/02\/01\/reino-unido-precisa-aprofundar-cooperacao-com-ue-em-defesa-comum\/#breadcrumb","itemListElement":[{"@type":"ListItem","position":1,"name":"In\u00edcio","item":"https:\/\/portaltela.pt\/"},{"@type":"ListItem","position":2,"name":"Reino Unido precisa aprofundar coopera\u00e7\u00e3o com UE em defesa comum"}]},{"@type":"WebSite","@id":"https:\/\/portaltela.pt\/#website","url":"https:\/\/portaltela.pt\/","name":"Portal Tela Portugal","description":"","potentialAction":[{"@type":"SearchAction","target":{"@type":"EntryPoint","urlTemplate":"https:\/\/portaltela.pt\/?s={search_term_string}"},"query-input":{"@type":"PropertyValueSpecification","valueRequired":true,"valueName":"search_term_string"}}],"inLanguage":"pt-PT"},{"@type":"Person","@id":"https:\/\/portaltela.pt\/#\/schema\/person\/c4278d4a6028830caff9ee44b42d32ed","name":"Telinha","image":{"@type":"ImageObject","inLanguage":"pt-PT","@id":"https:\/\/portaltela.pt\/s.01k8rhncp4jt1\/2025\/11\/talking-bot-125x125.png","url":"https:\/\/portaltela.pt\/s.01k8rhncp4jt1\/2025\/11\/talking-bot-125x125.png","contentUrl":"https:\/\/portaltela.pt\/s.01k8rhncp4jt1\/2025\/11\/talking-bot-125x125.png","caption":"Telinha"},"sameAs":["https:\/\/portaltela.pt\/"],"url":"https:\/\/portaltela.pt\/por\/367410592786\/"}]}},"_links":{"self":[{"href":"https:\/\/portaltela.pt\/api\/wp\/v2\/posts\/189279","targetHints":{"allow":["GET"]}}],"collection":[{"href":"https:\/\/portaltela.pt\/api\/wp\/v2\/posts"}],"about":[{"href":"https:\/\/portaltela.pt\/api\/wp\/v2\/types\/post"}],"author":[{"embeddable":true,"href":"https:\/\/portaltela.pt\/api\/wp\/v2\/users\/2"}],"replies":[{"embeddable":true,"href":"https:\/\/portaltela.pt\/api\/wp\/v2\/comments?post=189279"}],"version-history":[{"count":0,"href":"https:\/\/portaltela.pt\/api\/wp\/v2\/posts\/189279\/revisions"}],"wp:featuredmedia":[{"embeddable":true,"href":"https:\/\/portaltela.pt\/api\/wp\/v2\/media\/189280"}],"wp:attachment":[{"href":"https:\/\/portaltela.pt\/api\/wp\/v2\/media?parent=189279"}],"wp:term":[{"taxonomy":"category","embeddable":true,"href":"https:\/\/portaltela.pt\/api\/wp\/v2\/categories?post=189279"},{"taxonomy":"post_tag","embeddable":true,"href":"https:\/\/portaltela.pt\/api\/wp\/v2\/tags?post=189279"}],"curies":[{"name":"wp","href":"https:\/\/api.w.org\/{rel}","templated":true}]}}