{"id":189197,"date":"2026-02-01T15:06:00","date_gmt":"2026-02-01T18:06:00","guid":{"rendered":"https:\/\/portaltela.pt\/noticias\/2026\/02\/01\/camara-de-pombal-alerta-para-cheias-a-partir-da-meia-noite-devido-ao-mau-tempo\/"},"modified":"2026-02-01T15:06:00","modified_gmt":"2026-02-01T18:06:00","slug":"camara-de-pombal-alerta-para-cheias-a-partir-da-meia-noite-devido-ao-mau-tempo","status":"publish","type":"post","link":"https:\/\/portaltela.pt\/noticias\/2026\/02\/01\/camara-de-pombal-alerta-para-cheias-a-partir-da-meia-noite-devido-ao-mau-tempo\/","title":{"rendered":"C\u00e2mara de Pombal alerta para cheias a partir da meia-noite devido ao mau tempo"},"content":{"rendered":"<p>A C\u00e2mara Municipal de Pombal alertou para um elevado risco de cheias a partir da meia-noite, devido a precipita\u00e7\u00f5es intensas e rajadas de vento de cerca de 80 km\/h. A medida visa prevenir impactos relevantes no concelho.<\/p>\n<p>A autarquia j\u00e1 colocou em pr\u00e1tica medidas preventivas para mitigar os efeitos do mau tempo, com especial refer\u00eancia para \u00e1reas sujeitas a cheias. O objetivo \u00e9 reduzir danos e garantir a seguran\u00e7a da popula\u00e7\u00e3o.<\/p>\n<p>Entre as recomenda\u00e7\u00f5es dirigidas aos moradores, est\u00e1 a retirada de ve\u00edculos das garagens, sobretudo em zonas de risco, e a evita\u00e7\u00e3o de estacionar nessas \u00e1reas. O estacionamento alternativo pode ocorrer no Parque da Expocentro ou no Aquaparque.<\/p>\n<p>Quem reside em \u00e1reas de inunda\u00e7\u00e3o \u00e9 incentivado a procurar outro local para pernoitar, quando poss\u00edvel, ou ent\u00e3o protejar as habita\u00e7\u00f5es e manter vigil\u00e2ncia constante. Familiares devem acolher pessoas vulner\u00e1veis, levando identifica\u00e7\u00e3o e medica\u00e7\u00e3o.<\/p>\n<p>Caso n\u00e3o haja apoio familiar, as pessoas ser\u00e3o acolhidas na Escola Tecnol\u00f3gica e Art\u00edstica de Pombal (ETAP). T\u00e9cnicos de A\u00e7\u00e3o Social do Munic\u00edpio e a GNR est\u00e3o a levantar o invent\u00e1rio de situa\u00e7\u00f5es vulner\u00e1veis para encaminhamento adequado.<\/p>\n<p>A Zona de Concentra\u00e7\u00e3o e Apoio \u00e0 Popula\u00e7\u00e3o (ZCAP) e o Centro de Apoio Log\u00edstico v\u00e3o funcionar a partir das 19:00 na Escola Secund\u00e1ria Marqu\u00eas de Pombal, substituindo a anterior localiza\u00e7\u00e3o na zona desportiva.<\/p>\n<p>A autarca Isabel Marto refor\u00e7ou o apelo para que toda a popula\u00e7\u00e3o se proteja e proteja os seus bens, mantendo-se em alerta at\u00e9 ao agravamento da situa\u00e7\u00e3o.<\/p>\n<h3>Hist\u00f3rico das cheias em Pombal e contexto atual<\/h3>\n<p>As cheias de 2006 provocaram mortes e danos significativos, com 873 inunda\u00e7\u00f5es registadas no pa\u00eds e o concelho de Pombal destacado no distrito de Leiria. Na altura, uma mulher de cerca de 80 anos perdeu a vida em casa inundada.<\/p>\n<p>A C\u00e2mara ativou o Plano Municipal de Emerg\u00eancia para responder ao mau tempo no concelho. A gravidade da situa\u00e7\u00e3o de ent\u00e3o serve de refer\u00eancia para as a\u00e7\u00f5es atuais, que visam reduzir riscos \u00e0 popula\u00e7\u00e3o.<\/p>\n","protected":false},"excerpt":{"rendered":"<ul>\n<li>C\u00e2mara de Pombal alerta para elevado risco de cheias a partir da meia-noite, devido a muita precipita\u00e7\u00e3o e rajadas de vento de at\u00e9 80 km\/h.<\/li>\n<li>Medidas preventivas incluem retirar ve\u00edculos das garagens, evitar estacionamento em zonas de cheias e usar como op\u00e7\u00e3o o Parque da Expocentro ou o Aquaparque.<\/li>\n<li>Quem vive em zonas de inunda\u00e7\u00e3o deve procurar outro local para pernoitar, proteger a casa e manter vigil\u00e2ncia; familiares devem acolher pessoas vulner\u00e1veis, levando identifica\u00e7\u00e3o e medica\u00e7\u00e3o.<\/li>\n<li>T\u00e9cnicos de A\u00e7\u00e3o Social e a GNR est\u00e3o a levantar situa\u00e7\u00f5es; na falta de apoio familiar, estas pessoas ser\u00e3o acolhidas na Escola Tecnol\u00f3gica e Art\u00edstica de Pombal (ETAP).<\/li>\n<li>A Zona de Concentra\u00e7\u00e3o e Apoio \u00e0 Popula\u00e7\u00e3o (ZCAP) e o Centro de Apoio Log\u00edstico passam a funcionar a partir das 19:00 na Escola Secund\u00e1ria Marqu\u00eas de Pombal; est\u00e1 ativo o Plano Municipal de Emerg\u00eancia.<\/li>\n<\/ul>\n","protected":false},"author":2,"featured_media":189204,"comment_status":"closed","ping_status":"closed","sticky":false,"template":"","format":"standard","meta":{"footnotes":""},"categories":[1],"tags":[3812,3701,1380,1385,2075,5026],"class_list":["post-189197","post","type-post","status-publish","format-standard","has-post-thumbnail","hentry","category-noticias","tag-alagamentos","tag-cheias","tag-gnr","tag-leiria","tag-pombal","tag-zona-de-concentracao-e-apoio-a-populacao"],"yoast_head":"<!-- This site is optimized with the Yoast SEO plugin v27.2 - https:\/\/yoast.com\/product\/yoast-seo-wordpress\/ -->\n<title>C\u00e2mara de Pombal alerta para cheias a partir da meia-noite devido ao mau tempo - Portal Tela Portugal<\/title>\n<meta name=\"robots\" content=\"index, follow, max-snippet:-1, max-image-preview:large, max-video-preview:-1\" \/>\n<meta property=\"og:locale\" content=\"pt_PT\" \/>\n<meta property=\"og:type\" content=\"article\" \/>\n<meta property=\"og:title\" content=\"C\u00e2mara de Pombal alerta para cheias a partir da meia-noite devido ao mau tempo - Portal Tela Portugal\" \/>\n<meta property=\"og:description\" content=\"C\u00e2mara de Pombal alerta para elevado risco de cheias a partir da meia-noite, devido a muita precipita\u00e7\u00e3o e rajadas de vento de at\u00e9 80 km\/h. Medidas preventivas incluem retirar ve\u00edculos das garagens, evitar estacionamento em zonas de cheias e usar como op\u00e7\u00e3o o Parque da Expocentro ou o Aquaparque. Quem vive em zonas de inunda\u00e7\u00e3o deve procurar outro local para pernoitar, proteger a casa e manter vigil\u00e2ncia; familiares devem acolher pessoas vulner\u00e1veis, levando identifica\u00e7\u00e3o e medica\u00e7\u00e3o. T\u00e9cnicos de A\u00e7\u00e3o Social e a GNR est\u00e3o a levantar situa\u00e7\u00f5es; na falta de apoio familiar, estas pessoas ser\u00e3o acolhidas na Escola Tecnol\u00f3gica e Art\u00edstica de Pombal (ETAP). A Zona de Concentra\u00e7\u00e3o e Apoio \u00e0 Popula\u00e7\u00e3o (ZCAP) e o Centro de Apoio Log\u00edstico passam a funcionar a partir das 19:00 na Escola Secund\u00e1ria Marqu\u00eas de Pombal; est\u00e1 ativo o Plano Municipal de Emerg\u00eancia.\" \/>\n<meta property=\"og:url\" content=\"https:\/\/portaltela.pt\/noticias\/2026\/02\/01\/camara-de-pombal-alerta-para-cheias-a-partir-da-meia-noite-devido-ao-mau-tempo\/\" \/>\n<meta property=\"og:site_name\" content=\"Portal Tela Portugal\" \/>\n<meta property=\"article:published_time\" content=\"2026-02-01T18:06:00+00:00\" \/>\n<meta name=\"author\" content=\"Telinha\" \/>\n<meta name=\"twitter:card\" content=\"summary_large_image\" \/>\n<meta name=\"twitter:label1\" content=\"Escrito por\" \/>\n\t<meta name=\"twitter:data1\" content=\"Telinha\" \/>\n\t<meta name=\"twitter:label2\" content=\"Tempo estimado de leitura\" \/>\n\t<meta name=\"twitter:data2\" content=\"2 minutos\" \/>\n<script type=\"application\/ld+json\" class=\"yoast-schema-graph\">{\"@context\":\"https:\/\/schema.org\",\"@graph\":[{\"@type\":\"Article\",\"@id\":\"https:\/\/portaltela.pt\/noticias\/2026\/02\/01\/camara-de-pombal-alerta-para-cheias-a-partir-da-meia-noite-devido-ao-mau-tempo\/#article\",\"isPartOf\":{\"@id\":\"https:\/\/portaltela.pt\/noticias\/2026\/02\/01\/camara-de-pombal-alerta-para-cheias-a-partir-da-meia-noite-devido-ao-mau-tempo\/\"},\"author\":{\"name\":\"Telinha\",\"@id\":\"https:\/\/portaltela.pt\/#\/schema\/person\/c4278d4a6028830caff9ee44b42d32ed\"},\"headline\":\"C\u00e2mara de Pombal alerta para cheias a partir da meia-noite devido ao mau tempo\",\"datePublished\":\"2026-02-01T18:06:00+00:00\",\"mainEntityOfPage\":{\"@id\":\"https:\/\/portaltela.pt\/noticias\/2026\/02\/01\/camara-de-pombal-alerta-para-cheias-a-partir-da-meia-noite-devido-ao-mau-tempo\/\"},\"wordCount\":377,\"image\":{\"@id\":\"https:\/\/portaltela.pt\/noticias\/2026\/02\/01\/camara-de-pombal-alerta-para-cheias-a-partir-da-meia-noite-devido-ao-mau-tempo\/#primaryimage\"},\"thumbnailUrl\":\"https:\/\/portaltela.pt\/s.01k8rhncp4jt1\/2026\/02\/unnamed-file-187.jpg\",\"keywords\":[\"alagamentos\",\"cheias\",\"GNR\",\"Leiria\",\"Pombal\",\"Zona de Concentra\u00e7\u00e3o e Apoio \u00e0 Popula\u00e7\u00e3o\"],\"articleSection\":[\"Not\u00edcias\"],\"inLanguage\":\"pt-PT\"},{\"@type\":\"WebPage\",\"@id\":\"https:\/\/portaltela.pt\/noticias\/2026\/02\/01\/camara-de-pombal-alerta-para-cheias-a-partir-da-meia-noite-devido-ao-mau-tempo\/\",\"url\":\"https:\/\/portaltela.pt\/noticias\/2026\/02\/01\/camara-de-pombal-alerta-para-cheias-a-partir-da-meia-noite-devido-ao-mau-tempo\/\",\"name\":\"C\u00e2mara de Pombal alerta para cheias a partir da meia-noite devido ao mau tempo - Portal Tela Portugal\",\"isPartOf\":{\"@id\":\"https:\/\/portaltela.pt\/#website\"},\"primaryImageOfPage\":{\"@id\":\"https:\/\/portaltela.pt\/noticias\/2026\/02\/01\/camara-de-pombal-alerta-para-cheias-a-partir-da-meia-noite-devido-ao-mau-tempo\/#primaryimage\"},\"image\":{\"@id\":\"https:\/\/portaltela.pt\/noticias\/2026\/02\/01\/camara-de-pombal-alerta-para-cheias-a-partir-da-meia-noite-devido-ao-mau-tempo\/#primaryimage\"},\"thumbnailUrl\":\"https:\/\/portaltela.pt\/s.01k8rhncp4jt1\/2026\/02\/unnamed-file-187.jpg\",\"datePublished\":\"2026-02-01T18:06:00+00:00\",\"author\":{\"@id\":\"https:\/\/portaltela.pt\/#\/schema\/person\/c4278d4a6028830caff9ee44b42d32ed\"},\"breadcrumb\":{\"@id\":\"https:\/\/portaltela.pt\/noticias\/2026\/02\/01\/camara-de-pombal-alerta-para-cheias-a-partir-da-meia-noite-devido-ao-mau-tempo\/#breadcrumb\"},\"inLanguage\":\"pt-PT\",\"potentialAction\":[{\"@type\":\"ReadAction\",\"target\":[\"https:\/\/portaltela.pt\/noticias\/2026\/02\/01\/camara-de-pombal-alerta-para-cheias-a-partir-da-meia-noite-devido-ao-mau-tempo\/\"]}]},{\"@type\":\"ImageObject\",\"inLanguage\":\"pt-PT\",\"@id\":\"https:\/\/portaltela.pt\/noticias\/2026\/02\/01\/camara-de-pombal-alerta-para-cheias-a-partir-da-meia-noite-devido-ao-mau-tempo\/#primaryimage\",\"url\":\"https:\/\/portaltela.pt\/s.01k8rhncp4jt1\/2026\/02\/unnamed-file-187.jpg\",\"contentUrl\":\"https:\/\/portaltela.pt\/s.01k8rhncp4jt1\/2026\/02\/unnamed-file-187.jpg\",\"width\":796,\"height\":448,\"caption\":\"C\u00e2mara de Pombal alerta para risco elevado de cheias a partir da meia-noite devido a mau tempo\"},{\"@type\":\"BreadcrumbList\",\"@id\":\"https:\/\/portaltela.pt\/noticias\/2026\/02\/01\/camara-de-pombal-alerta-para-cheias-a-partir-da-meia-noite-devido-ao-mau-tempo\/#breadcrumb\",\"itemListElement\":[{\"@type\":\"ListItem\",\"position\":1,\"name\":\"In\u00edcio\",\"item\":\"https:\/\/portaltela.pt\/\"},{\"@type\":\"ListItem\",\"position\":2,\"name\":\"C\u00e2mara de Pombal alerta para cheias a partir da meia-noite devido ao mau tempo\"}]},{\"@type\":\"WebSite\",\"@id\":\"https:\/\/portaltela.pt\/#website\",\"url\":\"https:\/\/portaltela.pt\/\",\"name\":\"Portal Tela Portugal\",\"description\":\"\",\"potentialAction\":[{\"@type\":\"SearchAction\",\"target\":{\"@type\":\"EntryPoint\",\"urlTemplate\":\"https:\/\/portaltela.pt\/?s={search_term_string}\"},\"query-input\":{\"@type\":\"PropertyValueSpecification\",\"valueRequired\":true,\"valueName\":\"search_term_string\"}}],\"inLanguage\":\"pt-PT\"},{\"@type\":\"Person\",\"@id\":\"https:\/\/portaltela.pt\/#\/schema\/person\/c4278d4a6028830caff9ee44b42d32ed\",\"name\":\"Telinha\",\"image\":{\"@type\":\"ImageObject\",\"inLanguage\":\"pt-PT\",\"@id\":\"https:\/\/portaltela.pt\/s.01k8rhncp4jt1\/2025\/11\/talking-bot-125x125.png\",\"url\":\"https:\/\/portaltela.pt\/s.01k8rhncp4jt1\/2025\/11\/talking-bot-125x125.png\",\"contentUrl\":\"https:\/\/portaltela.pt\/s.01k8rhncp4jt1\/2025\/11\/talking-bot-125x125.png\",\"caption\":\"Telinha\"},\"sameAs\":[\"https:\/\/portaltela.pt\/\"],\"url\":\"https:\/\/portaltela.pt\/por\/367410592786\/\"}]}<\/script>\n<!-- \/ Yoast SEO plugin. -->","yoast_head_json":{"title":"C\u00e2mara de Pombal alerta para cheias a partir da meia-noite devido ao mau tempo - Portal Tela Portugal","robots":{"index":"index","follow":"follow","max-snippet":"max-snippet:-1","max-image-preview":"max-image-preview:large","max-video-preview":"max-video-preview:-1"},"og_locale":"pt_PT","og_type":"article","og_title":"C\u00e2mara de Pombal alerta para cheias a partir da meia-noite devido ao mau tempo - Portal Tela Portugal","og_description":"C\u00e2mara de Pombal alerta para elevado risco de cheias a partir da meia-noite, devido a muita precipita\u00e7\u00e3o e rajadas de vento de at\u00e9 80 km\/h. Medidas preventivas incluem retirar ve\u00edculos das garagens, evitar estacionamento em zonas de cheias e usar como op\u00e7\u00e3o o Parque da Expocentro ou o Aquaparque. Quem vive em zonas de inunda\u00e7\u00e3o deve procurar outro local para pernoitar, proteger a casa e manter vigil\u00e2ncia; familiares devem acolher pessoas vulner\u00e1veis, levando identifica\u00e7\u00e3o e medica\u00e7\u00e3o. T\u00e9cnicos de A\u00e7\u00e3o Social e a GNR est\u00e3o a levantar situa\u00e7\u00f5es; na falta de apoio familiar, estas pessoas ser\u00e3o acolhidas na Escola Tecnol\u00f3gica e Art\u00edstica de Pombal (ETAP). A Zona de Concentra\u00e7\u00e3o e Apoio \u00e0 Popula\u00e7\u00e3o (ZCAP) e o Centro de Apoio Log\u00edstico passam a funcionar a partir das 19:00 na Escola Secund\u00e1ria Marqu\u00eas de Pombal; est\u00e1 ativo o Plano Municipal de Emerg\u00eancia.","og_url":"https:\/\/portaltela.pt\/noticias\/2026\/02\/01\/camara-de-pombal-alerta-para-cheias-a-partir-da-meia-noite-devido-ao-mau-tempo\/","og_site_name":"Portal Tela Portugal","article_published_time":"2026-02-01T18:06:00+00:00","author":"Telinha","twitter_card":"summary_large_image","twitter_misc":{"Escrito por":"Telinha","Tempo estimado de leitura":"2 minutos"},"schema":{"@context":"https:\/\/schema.org","@graph":[{"@type":"Article","@id":"https:\/\/portaltela.pt\/noticias\/2026\/02\/01\/camara-de-pombal-alerta-para-cheias-a-partir-da-meia-noite-devido-ao-mau-tempo\/#article","isPartOf":{"@id":"https:\/\/portaltela.pt\/noticias\/2026\/02\/01\/camara-de-pombal-alerta-para-cheias-a-partir-da-meia-noite-devido-ao-mau-tempo\/"},"author":{"name":"Telinha","@id":"https:\/\/portaltela.pt\/#\/schema\/person\/c4278d4a6028830caff9ee44b42d32ed"},"headline":"C\u00e2mara de Pombal alerta para cheias a partir da meia-noite devido ao mau tempo","datePublished":"2026-02-01T18:06:00+00:00","mainEntityOfPage":{"@id":"https:\/\/portaltela.pt\/noticias\/2026\/02\/01\/camara-de-pombal-alerta-para-cheias-a-partir-da-meia-noite-devido-ao-mau-tempo\/"},"wordCount":377,"image":{"@id":"https:\/\/portaltela.pt\/noticias\/2026\/02\/01\/camara-de-pombal-alerta-para-cheias-a-partir-da-meia-noite-devido-ao-mau-tempo\/#primaryimage"},"thumbnailUrl":"https:\/\/portaltela.pt\/s.01k8rhncp4jt1\/2026\/02\/unnamed-file-187.jpg","keywords":["alagamentos","cheias","GNR","Leiria","Pombal","Zona de Concentra\u00e7\u00e3o e Apoio \u00e0 Popula\u00e7\u00e3o"],"articleSection":["Not\u00edcias"],"inLanguage":"pt-PT"},{"@type":"WebPage","@id":"https:\/\/portaltela.pt\/noticias\/2026\/02\/01\/camara-de-pombal-alerta-para-cheias-a-partir-da-meia-noite-devido-ao-mau-tempo\/","url":"https:\/\/portaltela.pt\/noticias\/2026\/02\/01\/camara-de-pombal-alerta-para-cheias-a-partir-da-meia-noite-devido-ao-mau-tempo\/","name":"C\u00e2mara de Pombal alerta para cheias a partir da meia-noite devido ao mau tempo - Portal Tela Portugal","isPartOf":{"@id":"https:\/\/portaltela.pt\/#website"},"primaryImageOfPage":{"@id":"https:\/\/portaltela.pt\/noticias\/2026\/02\/01\/camara-de-pombal-alerta-para-cheias-a-partir-da-meia-noite-devido-ao-mau-tempo\/#primaryimage"},"image":{"@id":"https:\/\/portaltela.pt\/noticias\/2026\/02\/01\/camara-de-pombal-alerta-para-cheias-a-partir-da-meia-noite-devido-ao-mau-tempo\/#primaryimage"},"thumbnailUrl":"https:\/\/portaltela.pt\/s.01k8rhncp4jt1\/2026\/02\/unnamed-file-187.jpg","datePublished":"2026-02-01T18:06:00+00:00","author":{"@id":"https:\/\/portaltela.pt\/#\/schema\/person\/c4278d4a6028830caff9ee44b42d32ed"},"breadcrumb":{"@id":"https:\/\/portaltela.pt\/noticias\/2026\/02\/01\/camara-de-pombal-alerta-para-cheias-a-partir-da-meia-noite-devido-ao-mau-tempo\/#breadcrumb"},"inLanguage":"pt-PT","potentialAction":[{"@type":"ReadAction","target":["https:\/\/portaltela.pt\/noticias\/2026\/02\/01\/camara-de-pombal-alerta-para-cheias-a-partir-da-meia-noite-devido-ao-mau-tempo\/"]}]},{"@type":"ImageObject","inLanguage":"pt-PT","@id":"https:\/\/portaltela.pt\/noticias\/2026\/02\/01\/camara-de-pombal-alerta-para-cheias-a-partir-da-meia-noite-devido-ao-mau-tempo\/#primaryimage","url":"https:\/\/portaltela.pt\/s.01k8rhncp4jt1\/2026\/02\/unnamed-file-187.jpg","contentUrl":"https:\/\/portaltela.pt\/s.01k8rhncp4jt1\/2026\/02\/unnamed-file-187.jpg","width":796,"height":448,"caption":"C\u00e2mara de Pombal alerta para risco elevado de cheias a partir da meia-noite devido a mau tempo"},{"@type":"BreadcrumbList","@id":"https:\/\/portaltela.pt\/noticias\/2026\/02\/01\/camara-de-pombal-alerta-para-cheias-a-partir-da-meia-noite-devido-ao-mau-tempo\/#breadcrumb","itemListElement":[{"@type":"ListItem","position":1,"name":"In\u00edcio","item":"https:\/\/portaltela.pt\/"},{"@type":"ListItem","position":2,"name":"C\u00e2mara de Pombal alerta para cheias a partir da meia-noite devido ao mau tempo"}]},{"@type":"WebSite","@id":"https:\/\/portaltela.pt\/#website","url":"https:\/\/portaltela.pt\/","name":"Portal Tela Portugal","description":"","potentialAction":[{"@type":"SearchAction","target":{"@type":"EntryPoint","urlTemplate":"https:\/\/portaltela.pt\/?s={search_term_string}"},"query-input":{"@type":"PropertyValueSpecification","valueRequired":true,"valueName":"search_term_string"}}],"inLanguage":"pt-PT"},{"@type":"Person","@id":"https:\/\/portaltela.pt\/#\/schema\/person\/c4278d4a6028830caff9ee44b42d32ed","name":"Telinha","image":{"@type":"ImageObject","inLanguage":"pt-PT","@id":"https:\/\/portaltela.pt\/s.01k8rhncp4jt1\/2025\/11\/talking-bot-125x125.png","url":"https:\/\/portaltela.pt\/s.01k8rhncp4jt1\/2025\/11\/talking-bot-125x125.png","contentUrl":"https:\/\/portaltela.pt\/s.01k8rhncp4jt1\/2025\/11\/talking-bot-125x125.png","caption":"Telinha"},"sameAs":["https:\/\/portaltela.pt\/"],"url":"https:\/\/portaltela.pt\/por\/367410592786\/"}]}},"_links":{"self":[{"href":"https:\/\/portaltela.pt\/api\/wp\/v2\/posts\/189197","targetHints":{"allow":["GET"]}}],"collection":[{"href":"https:\/\/portaltela.pt\/api\/wp\/v2\/posts"}],"about":[{"href":"https:\/\/portaltela.pt\/api\/wp\/v2\/types\/post"}],"author":[{"embeddable":true,"href":"https:\/\/portaltela.pt\/api\/wp\/v2\/users\/2"}],"replies":[{"embeddable":true,"href":"https:\/\/portaltela.pt\/api\/wp\/v2\/comments?post=189197"}],"version-history":[{"count":0,"href":"https:\/\/portaltela.pt\/api\/wp\/v2\/posts\/189197\/revisions"}],"wp:featuredmedia":[{"embeddable":true,"href":"https:\/\/portaltela.pt\/api\/wp\/v2\/media\/189204"}],"wp:attachment":[{"href":"https:\/\/portaltela.pt\/api\/wp\/v2\/media?parent=189197"}],"wp:term":[{"taxonomy":"category","embeddable":true,"href":"https:\/\/portaltela.pt\/api\/wp\/v2\/categories?post=189197"},{"taxonomy":"post_tag","embeddable":true,"href":"https:\/\/portaltela.pt\/api\/wp\/v2\/tags?post=189197"}],"curies":[{"name":"wp","href":"https:\/\/api.w.org\/{rel}","templated":true}]}}