{"id":189092,"date":"2026-02-01T14:29:00","date_gmt":"2026-02-01T17:29:00","guid":{"rendered":"https:\/\/portaltela.pt\/noticias\/2026\/02\/01\/surto-de-colera-em-mocambique-cresce-seis-mortos-em-24-horas\/"},"modified":"2026-02-01T14:29:00","modified_gmt":"2026-02-01T17:29:00","slug":"surto-de-colera-em-mocambique-cresce-seis-mortos-em-24-horas","status":"publish","type":"post","link":"https:\/\/portaltela.pt\/noticias\/2026\/02\/01\/surto-de-colera-em-mocambique-cresce-seis-mortos-em-24-horas\/","title":{"rendered":"Surto de c\u00f3lera em Mo\u00e7ambique cresce: seis mortos em 24 horas"},"content":{"rendered":"<p>Mozambique regista 95 novos casos de c\u00f3lera e seis \u00f3bitos em 24 horas, elevando o total do surto para 55 mortes desde o in\u00edcio, em setembro. A deteriora\u00e7\u00e3o concentra-se em Cabo Delgado, com novos surtos confirmados.<\/p>\n<p>De acordo com o \u00faltimo boletim da Dire\u00e7\u00e3o Nacional de Sa\u00fade P\u00fablica, relativo a dados entre 3 de setembro e 30 de janeiro, o pa\u00eds soma 3.725 casos. Nampula tem 1.621 casos e 21 \u00f3bitos; Tete regista 1.481 casos e 28 \u00f3bitos; Cabo Delgado soma 566 casos com seis mortes.<\/p>\n<p>No balan\u00e7o anterior, at\u00e9 28 de janeiro, eram 3.449 casos e 48 \u00f3bitos. Entre as 24 horas anteriores, foram registados 135 novos doentes e 12 mortes. A taxa de letalidade nacional situa-se em 1,5%.<\/p>\n<p>O epicentro do surto continua em Tete, centro do pa\u00eds, com uma taxa de letalidade de 1,9%. Nos \u00faltimos dias, o surto afecta os distritos de Marara, Tsangano, Moatize, Changara, Cahora Bassa e Tete, estendendo-se ainda a Morrumbala, na Zamb\u00e9zia.<\/p>\n<p>Contudo, em Cabo Delgado, cinco dos seis mortos foram notificados nas \u00faltimas 24 horas. Foi declarado um novo surto nos distritos de Mecufi e Montepuez, al\u00e9m de Pemba e Metuge, segundo o boletim.<\/p>\n<p>Em 2024-2025, o surto anterior registou 4.420 infetados, com 3.590 na prov\u00edncia de Nampula, e 64 \u00f3bitos no total, de acordo com dados anteriores da Dire\u00e7\u00e3o Nacional de Sa\u00fade P\u00fablica.<\/p>\n<p>Pelo menos 169 mortes por c\u00f3lera foram registadas em Mo\u00e7ambique em 2025, entre cerca de 40 mil casos. O ministro da Sa\u00fade destacou a necessidade de higiene e de comunica\u00e7\u00e3o eficaz com as comunidades.<\/p>\n<p>O Governo pretende eliminar a c\u00f3lera como problema de sa\u00fade p\u00fablica at\u00e9 2030, com um or\u00e7amento de 31 mil milh\u00f5es de meticais. O objetivo passa por acesso a \u00e1gua segura, saneamento e cuidados de sa\u00fade de qualidade, atrav\u00e9s de a\u00e7\u00f5es coordenadas.<\/p>\n","protected":false},"excerpt":{"rendered":"<ul>\n<li>Mo\u00e7ambique registou 95 novos casos de c\u00f3lera e seis mortes em 24 horas, aumentando o total de \u00f3bitos para 55 desde o in\u00edcio do surto em setembro.<\/li>\n<li>Entre 3 de setembro e 30 de janeiro foram registados 3.725 casos, com 1.621 na prov\u00edncia de Nampula (21 mortes), 1.481 em Tete (28 mortes) e 566 em Cabo Delgado (seis mortes).<\/li>\n<li>O epicentro \u00e9 Tete, com taxa de letalidade de 1,9%, e surtos ativos nos distritos Marara, Tsangano, Moatize, Changara, Cahora Bassa e Tete; Morrumbala, da Zamb\u00e9zia, tamb\u00e9m est\u00e1 afetado.<\/li>\n<li>Em Cabo Delgado, morreram cinco pessoas nas \u00faltimas 24 horas e foi declarado novo surto nos distritos de Mecufi e Montepuez, al\u00e9m de Pemba e Metuge.<\/li>\n<li>O Governo quer eliminar a c\u00f3lera como problema de sa\u00fade p\u00fablica at\u00e9 2030, com um plano de 31 mil milh\u00f5es de meticais para \u00e1gua segura, saneamento e cuidados de sa\u00fade de qualidade.<\/li>\n<\/ul>\n","protected":false},"author":2,"featured_media":189098,"comment_status":"closed","ping_status":"closed","sticky":false,"template":"","format":"standard","meta":{"footnotes":""},"categories":[1],"tags":[1503,1090,1911,1948,271,3440],"class_list":["post-189092","post","type-post","status-publish","format-standard","has-post-thumbnail","hentry","category-noticias","tag-abastecimento-de-agua","tag-agua","tag-mocambique","tag-nampula","tag-saude-publica","tag-tete"],"yoast_head":"<!-- This site is optimized with the Yoast SEO plugin v27.2 - https:\/\/yoast.com\/product\/yoast-seo-wordpress\/ -->\n<title>Surto de c\u00f3lera em Mo\u00e7ambique cresce: seis mortos em 24 horas - Portal Tela Portugal<\/title>\n<meta name=\"robots\" content=\"index, follow, max-snippet:-1, max-image-preview:large, max-video-preview:-1\" \/>\n<meta property=\"og:locale\" content=\"pt_PT\" \/>\n<meta property=\"og:type\" content=\"article\" \/>\n<meta property=\"og:title\" content=\"Surto de c\u00f3lera em Mo\u00e7ambique cresce: seis mortos em 24 horas - Portal Tela Portugal\" \/>\n<meta property=\"og:description\" content=\"Mo\u00e7ambique registou 95 novos casos de c\u00f3lera e seis mortes em 24 horas, aumentando o total de \u00f3bitos para 55 desde o in\u00edcio do surto em setembro. Entre 3 de setembro e 30 de janeiro foram registados 3.725 casos, com 1.621 na prov\u00edncia de Nampula (21 mortes), 1.481 em Tete (28 mortes) e 566 em Cabo Delgado (seis mortes). O epicentro \u00e9 Tete, com taxa de letalidade de 1,9%, e surtos ativos nos distritos Marara, Tsangano, Moatize, Changara, Cahora Bassa e Tete; Morrumbala, da Zamb\u00e9zia, tamb\u00e9m est\u00e1 afetado. Em Cabo Delgado, morreram cinco pessoas nas \u00faltimas 24 horas e foi declarado novo surto nos distritos de Mecufi e Montepuez, al\u00e9m de Pemba e Metuge. O Governo quer eliminar a c\u00f3lera como problema de sa\u00fade p\u00fablica at\u00e9 2030, com um plano de 31 mil milh\u00f5es de meticais para \u00e1gua segura, saneamento e cuidados de sa\u00fade de qualidade.\" \/>\n<meta property=\"og:url\" content=\"https:\/\/portaltela.pt\/noticias\/2026\/02\/01\/surto-de-colera-em-mocambique-cresce-seis-mortos-em-24-horas\/\" \/>\n<meta property=\"og:site_name\" content=\"Portal Tela Portugal\" \/>\n<meta property=\"article:published_time\" content=\"2026-02-01T17:29:00+00:00\" \/>\n<meta name=\"author\" content=\"Telinha\" \/>\n<meta name=\"twitter:card\" content=\"summary_large_image\" \/>\n<meta name=\"twitter:label1\" content=\"Escrito por\" \/>\n\t<meta name=\"twitter:data1\" content=\"Telinha\" \/>\n\t<meta name=\"twitter:label2\" content=\"Tempo estimado de leitura\" \/>\n\t<meta name=\"twitter:data2\" content=\"1 minuto\" \/>\n<script type=\"application\/ld+json\" class=\"yoast-schema-graph\">{\"@context\":\"https:\/\/schema.org\",\"@graph\":[{\"@type\":\"Article\",\"@id\":\"https:\/\/portaltela.pt\/noticias\/2026\/02\/01\/surto-de-colera-em-mocambique-cresce-seis-mortos-em-24-horas\/#article\",\"isPartOf\":{\"@id\":\"https:\/\/portaltela.pt\/noticias\/2026\/02\/01\/surto-de-colera-em-mocambique-cresce-seis-mortos-em-24-horas\/\"},\"author\":{\"name\":\"Telinha\",\"@id\":\"https:\/\/portaltela.pt\/#\/schema\/person\/c4278d4a6028830caff9ee44b42d32ed\"},\"headline\":\"Surto de c\u00f3lera em Mo\u00e7ambique cresce: seis mortos em 24 horas\",\"datePublished\":\"2026-02-01T17:29:00+00:00\",\"mainEntityOfPage\":{\"@id\":\"https:\/\/portaltela.pt\/noticias\/2026\/02\/01\/surto-de-colera-em-mocambique-cresce-seis-mortos-em-24-horas\/\"},\"wordCount\":309,\"image\":{\"@id\":\"https:\/\/portaltela.pt\/noticias\/2026\/02\/01\/surto-de-colera-em-mocambique-cresce-seis-mortos-em-24-horas\/#primaryimage\"},\"thumbnailUrl\":\"https:\/\/portaltela.pt\/s.01k8rhncp4jt1\/2026\/02\/45896813.jpg\",\"keywords\":[\"abastecimento de \u00e1gua\",\"\u00e1gua\",\"Mo\u00e7ambique\",\"Nampula\",\"sa\u00fade p\u00fablica\",\"Tete\"],\"articleSection\":[\"Not\u00edcias\"],\"inLanguage\":\"pt-PT\"},{\"@type\":\"WebPage\",\"@id\":\"https:\/\/portaltela.pt\/noticias\/2026\/02\/01\/surto-de-colera-em-mocambique-cresce-seis-mortos-em-24-horas\/\",\"url\":\"https:\/\/portaltela.pt\/noticias\/2026\/02\/01\/surto-de-colera-em-mocambique-cresce-seis-mortos-em-24-horas\/\",\"name\":\"Surto de c\u00f3lera em Mo\u00e7ambique cresce: seis mortos em 24 horas - Portal Tela Portugal\",\"isPartOf\":{\"@id\":\"https:\/\/portaltela.pt\/#website\"},\"primaryImageOfPage\":{\"@id\":\"https:\/\/portaltela.pt\/noticias\/2026\/02\/01\/surto-de-colera-em-mocambique-cresce-seis-mortos-em-24-horas\/#primaryimage\"},\"image\":{\"@id\":\"https:\/\/portaltela.pt\/noticias\/2026\/02\/01\/surto-de-colera-em-mocambique-cresce-seis-mortos-em-24-horas\/#primaryimage\"},\"thumbnailUrl\":\"https:\/\/portaltela.pt\/s.01k8rhncp4jt1\/2026\/02\/45896813.jpg\",\"datePublished\":\"2026-02-01T17:29:00+00:00\",\"author\":{\"@id\":\"https:\/\/portaltela.pt\/#\/schema\/person\/c4278d4a6028830caff9ee44b42d32ed\"},\"breadcrumb\":{\"@id\":\"https:\/\/portaltela.pt\/noticias\/2026\/02\/01\/surto-de-colera-em-mocambique-cresce-seis-mortos-em-24-horas\/#breadcrumb\"},\"inLanguage\":\"pt-PT\",\"potentialAction\":[{\"@type\":\"ReadAction\",\"target\":[\"https:\/\/portaltela.pt\/noticias\/2026\/02\/01\/surto-de-colera-em-mocambique-cresce-seis-mortos-em-24-horas\/\"]}]},{\"@type\":\"ImageObject\",\"inLanguage\":\"pt-PT\",\"@id\":\"https:\/\/portaltela.pt\/noticias\/2026\/02\/01\/surto-de-colera-em-mocambique-cresce-seis-mortos-em-24-horas\/#primaryimage\",\"url\":\"https:\/\/portaltela.pt\/s.01k8rhncp4jt1\/2026\/02\/45896813.jpg\",\"contentUrl\":\"https:\/\/portaltela.pt\/s.01k8rhncp4jt1\/2026\/02\/45896813.jpg\",\"width\":796,\"height\":448,\"caption\":\"Surto de c\u00f3lera em Mo\u00e7ambique continua a crescer. Seis mortos em 24 horas\"},{\"@type\":\"BreadcrumbList\",\"@id\":\"https:\/\/portaltela.pt\/noticias\/2026\/02\/01\/surto-de-colera-em-mocambique-cresce-seis-mortos-em-24-horas\/#breadcrumb\",\"itemListElement\":[{\"@type\":\"ListItem\",\"position\":1,\"name\":\"In\u00edcio\",\"item\":\"https:\/\/portaltela.pt\/\"},{\"@type\":\"ListItem\",\"position\":2,\"name\":\"Surto de c\u00f3lera em Mo\u00e7ambique cresce: seis mortos em 24 horas\"}]},{\"@type\":\"WebSite\",\"@id\":\"https:\/\/portaltela.pt\/#website\",\"url\":\"https:\/\/portaltela.pt\/\",\"name\":\"Portal Tela Portugal\",\"description\":\"\",\"potentialAction\":[{\"@type\":\"SearchAction\",\"target\":{\"@type\":\"EntryPoint\",\"urlTemplate\":\"https:\/\/portaltela.pt\/?s={search_term_string}\"},\"query-input\":{\"@type\":\"PropertyValueSpecification\",\"valueRequired\":true,\"valueName\":\"search_term_string\"}}],\"inLanguage\":\"pt-PT\"},{\"@type\":\"Person\",\"@id\":\"https:\/\/portaltela.pt\/#\/schema\/person\/c4278d4a6028830caff9ee44b42d32ed\",\"name\":\"Telinha\",\"image\":{\"@type\":\"ImageObject\",\"inLanguage\":\"pt-PT\",\"@id\":\"https:\/\/portaltela.pt\/s.01k8rhncp4jt1\/2025\/11\/talking-bot-125x125.png\",\"url\":\"https:\/\/portaltela.pt\/s.01k8rhncp4jt1\/2025\/11\/talking-bot-125x125.png\",\"contentUrl\":\"https:\/\/portaltela.pt\/s.01k8rhncp4jt1\/2025\/11\/talking-bot-125x125.png\",\"caption\":\"Telinha\"},\"sameAs\":[\"https:\/\/portaltela.pt\/\"],\"url\":\"https:\/\/portaltela.pt\/por\/367410592786\/\"}]}<\/script>\n<!-- \/ Yoast SEO plugin. -->","yoast_head_json":{"title":"Surto de c\u00f3lera em Mo\u00e7ambique cresce: seis mortos em 24 horas - Portal Tela Portugal","robots":{"index":"index","follow":"follow","max-snippet":"max-snippet:-1","max-image-preview":"max-image-preview:large","max-video-preview":"max-video-preview:-1"},"og_locale":"pt_PT","og_type":"article","og_title":"Surto de c\u00f3lera em Mo\u00e7ambique cresce: seis mortos em 24 horas - Portal Tela Portugal","og_description":"Mo\u00e7ambique registou 95 novos casos de c\u00f3lera e seis mortes em 24 horas, aumentando o total de \u00f3bitos para 55 desde o in\u00edcio do surto em setembro. Entre 3 de setembro e 30 de janeiro foram registados 3.725 casos, com 1.621 na prov\u00edncia de Nampula (21 mortes), 1.481 em Tete (28 mortes) e 566 em Cabo Delgado (seis mortes). O epicentro \u00e9 Tete, com taxa de letalidade de 1,9%, e surtos ativos nos distritos Marara, Tsangano, Moatize, Changara, Cahora Bassa e Tete; Morrumbala, da Zamb\u00e9zia, tamb\u00e9m est\u00e1 afetado. Em Cabo Delgado, morreram cinco pessoas nas \u00faltimas 24 horas e foi declarado novo surto nos distritos de Mecufi e Montepuez, al\u00e9m de Pemba e Metuge. O Governo quer eliminar a c\u00f3lera como problema de sa\u00fade p\u00fablica at\u00e9 2030, com um plano de 31 mil milh\u00f5es de meticais para \u00e1gua segura, saneamento e cuidados de sa\u00fade de qualidade.","og_url":"https:\/\/portaltela.pt\/noticias\/2026\/02\/01\/surto-de-colera-em-mocambique-cresce-seis-mortos-em-24-horas\/","og_site_name":"Portal Tela Portugal","article_published_time":"2026-02-01T17:29:00+00:00","author":"Telinha","twitter_card":"summary_large_image","twitter_misc":{"Escrito por":"Telinha","Tempo estimado de leitura":"1 minuto"},"schema":{"@context":"https:\/\/schema.org","@graph":[{"@type":"Article","@id":"https:\/\/portaltela.pt\/noticias\/2026\/02\/01\/surto-de-colera-em-mocambique-cresce-seis-mortos-em-24-horas\/#article","isPartOf":{"@id":"https:\/\/portaltela.pt\/noticias\/2026\/02\/01\/surto-de-colera-em-mocambique-cresce-seis-mortos-em-24-horas\/"},"author":{"name":"Telinha","@id":"https:\/\/portaltela.pt\/#\/schema\/person\/c4278d4a6028830caff9ee44b42d32ed"},"headline":"Surto de c\u00f3lera em Mo\u00e7ambique cresce: seis mortos em 24 horas","datePublished":"2026-02-01T17:29:00+00:00","mainEntityOfPage":{"@id":"https:\/\/portaltela.pt\/noticias\/2026\/02\/01\/surto-de-colera-em-mocambique-cresce-seis-mortos-em-24-horas\/"},"wordCount":309,"image":{"@id":"https:\/\/portaltela.pt\/noticias\/2026\/02\/01\/surto-de-colera-em-mocambique-cresce-seis-mortos-em-24-horas\/#primaryimage"},"thumbnailUrl":"https:\/\/portaltela.pt\/s.01k8rhncp4jt1\/2026\/02\/45896813.jpg","keywords":["abastecimento de \u00e1gua","\u00e1gua","Mo\u00e7ambique","Nampula","sa\u00fade p\u00fablica","Tete"],"articleSection":["Not\u00edcias"],"inLanguage":"pt-PT"},{"@type":"WebPage","@id":"https:\/\/portaltela.pt\/noticias\/2026\/02\/01\/surto-de-colera-em-mocambique-cresce-seis-mortos-em-24-horas\/","url":"https:\/\/portaltela.pt\/noticias\/2026\/02\/01\/surto-de-colera-em-mocambique-cresce-seis-mortos-em-24-horas\/","name":"Surto de c\u00f3lera em Mo\u00e7ambique cresce: seis mortos em 24 horas - Portal Tela Portugal","isPartOf":{"@id":"https:\/\/portaltela.pt\/#website"},"primaryImageOfPage":{"@id":"https:\/\/portaltela.pt\/noticias\/2026\/02\/01\/surto-de-colera-em-mocambique-cresce-seis-mortos-em-24-horas\/#primaryimage"},"image":{"@id":"https:\/\/portaltela.pt\/noticias\/2026\/02\/01\/surto-de-colera-em-mocambique-cresce-seis-mortos-em-24-horas\/#primaryimage"},"thumbnailUrl":"https:\/\/portaltela.pt\/s.01k8rhncp4jt1\/2026\/02\/45896813.jpg","datePublished":"2026-02-01T17:29:00+00:00","author":{"@id":"https:\/\/portaltela.pt\/#\/schema\/person\/c4278d4a6028830caff9ee44b42d32ed"},"breadcrumb":{"@id":"https:\/\/portaltela.pt\/noticias\/2026\/02\/01\/surto-de-colera-em-mocambique-cresce-seis-mortos-em-24-horas\/#breadcrumb"},"inLanguage":"pt-PT","potentialAction":[{"@type":"ReadAction","target":["https:\/\/portaltela.pt\/noticias\/2026\/02\/01\/surto-de-colera-em-mocambique-cresce-seis-mortos-em-24-horas\/"]}]},{"@type":"ImageObject","inLanguage":"pt-PT","@id":"https:\/\/portaltela.pt\/noticias\/2026\/02\/01\/surto-de-colera-em-mocambique-cresce-seis-mortos-em-24-horas\/#primaryimage","url":"https:\/\/portaltela.pt\/s.01k8rhncp4jt1\/2026\/02\/45896813.jpg","contentUrl":"https:\/\/portaltela.pt\/s.01k8rhncp4jt1\/2026\/02\/45896813.jpg","width":796,"height":448,"caption":"Surto de c\u00f3lera em Mo\u00e7ambique continua a crescer. Seis mortos em 24 horas"},{"@type":"BreadcrumbList","@id":"https:\/\/portaltela.pt\/noticias\/2026\/02\/01\/surto-de-colera-em-mocambique-cresce-seis-mortos-em-24-horas\/#breadcrumb","itemListElement":[{"@type":"ListItem","position":1,"name":"In\u00edcio","item":"https:\/\/portaltela.pt\/"},{"@type":"ListItem","position":2,"name":"Surto de c\u00f3lera em Mo\u00e7ambique cresce: seis mortos em 24 horas"}]},{"@type":"WebSite","@id":"https:\/\/portaltela.pt\/#website","url":"https:\/\/portaltela.pt\/","name":"Portal Tela Portugal","description":"","potentialAction":[{"@type":"SearchAction","target":{"@type":"EntryPoint","urlTemplate":"https:\/\/portaltela.pt\/?s={search_term_string}"},"query-input":{"@type":"PropertyValueSpecification","valueRequired":true,"valueName":"search_term_string"}}],"inLanguage":"pt-PT"},{"@type":"Person","@id":"https:\/\/portaltela.pt\/#\/schema\/person\/c4278d4a6028830caff9ee44b42d32ed","name":"Telinha","image":{"@type":"ImageObject","inLanguage":"pt-PT","@id":"https:\/\/portaltela.pt\/s.01k8rhncp4jt1\/2025\/11\/talking-bot-125x125.png","url":"https:\/\/portaltela.pt\/s.01k8rhncp4jt1\/2025\/11\/talking-bot-125x125.png","contentUrl":"https:\/\/portaltela.pt\/s.01k8rhncp4jt1\/2025\/11\/talking-bot-125x125.png","caption":"Telinha"},"sameAs":["https:\/\/portaltela.pt\/"],"url":"https:\/\/portaltela.pt\/por\/367410592786\/"}]}},"_links":{"self":[{"href":"https:\/\/portaltela.pt\/api\/wp\/v2\/posts\/189092","targetHints":{"allow":["GET"]}}],"collection":[{"href":"https:\/\/portaltela.pt\/api\/wp\/v2\/posts"}],"about":[{"href":"https:\/\/portaltela.pt\/api\/wp\/v2\/types\/post"}],"author":[{"embeddable":true,"href":"https:\/\/portaltela.pt\/api\/wp\/v2\/users\/2"}],"replies":[{"embeddable":true,"href":"https:\/\/portaltela.pt\/api\/wp\/v2\/comments?post=189092"}],"version-history":[{"count":0,"href":"https:\/\/portaltela.pt\/api\/wp\/v2\/posts\/189092\/revisions"}],"wp:featuredmedia":[{"embeddable":true,"href":"https:\/\/portaltela.pt\/api\/wp\/v2\/media\/189098"}],"wp:attachment":[{"href":"https:\/\/portaltela.pt\/api\/wp\/v2\/media?parent=189092"}],"wp:term":[{"taxonomy":"category","embeddable":true,"href":"https:\/\/portaltela.pt\/api\/wp\/v2\/categories?post=189092"},{"taxonomy":"post_tag","embeddable":true,"href":"https:\/\/portaltela.pt\/api\/wp\/v2\/tags?post=189092"}],"curies":[{"name":"wp","href":"https:\/\/api.w.org\/{rel}","templated":true}]}}