{"id":189083,"date":"2026-02-01T14:39:11","date_gmt":"2026-02-01T17:39:11","guid":{"rendered":"https:\/\/portaltela.pt\/noticias\/2026\/02\/01\/afvr-resultados-marcadores-e-classificacao-da-20a-jornada-da-divisao-de-honra\/"},"modified":"2026-02-01T14:39:11","modified_gmt":"2026-02-01T17:39:11","slug":"afvr-resultados-marcadores-e-classificacao-da-20a-jornada-da-divisao-de-honra","status":"publish","type":"post","link":"https:\/\/portaltela.pt\/desporto\/futebol\/2026\/02\/01\/afvr-resultados-marcadores-e-classificacao-da-20a-jornada-da-divisao-de-honra\/","title":{"rendered":"AFVR: resultados, marcadores e classifica\u00e7\u00e3o da 20\u00aa jornada da Divis\u00e3o de Honra"},"content":{"rendered":"<p>O portal da AF Vila Real apresenta os resultados, marcadores e a classifica\u00e7\u00e3o da 20\u00aa Jornada da Divis\u00e3o de Honra. A ronda trouxe vit\u00f3rias expressivas, desloca\u00e7\u00f5es emocionantes e mudan\u00e7as na tabela, com v\u00e1rias partidas disputadas ao longo de fim de semana.<\/p>\n<p>Pedras Salgadas 0\u20131 Mondinense. Marcadores: Gabriel.<\/p>\n<p>Vila Pouca 5\u20130 Santa Marta. Marcadores: Pedro Pereira (2), Mika, David Freitas, Baralh\u00f3.<\/p>\n<p>R\u00e9gua 1\u20132 Vilar Perdizes. Marcadores: Diogo Paix\u00e3o \/\/ F\u00e1bio Pais, Hudson.<\/p>\n<p>Cerva 2\u20131 Valpa\u00e7os. Marcadores: Paulinho Botelho, Ruben \/\/ Pepe Man\u00e9.<\/p>\n<p>Mes\u00e3o Frio 4\u20130 Abambres. Marcadores: Jo\u00e3o Pinto (2), M\u00e1rcio Meireles, Francisco Santos.<\/p>\n<p>Cumieira 3\u20133 Fontelas. Marcadores: Renato Silva (2), Magalh\u00e3es \/\/ Jokito (2), S\u00e9rgio.<\/p>\n<p>Atei 2\u20130 Sabroso. Marcadores: Z\u00e9 Pedro, Dani.<\/p>\n<p>Vidago 1\u20130 Constantim. Marcadores: Ri\u00e7a.<\/p>\n<p>Folga: Montalegre.<\/p>\n<h3>Classifica\u00e7\u00e3o<\/h3>\n<p>R\u00e9gua lidera com 46 pontos em 19 jogos.<\/p>\n<p>Montalegre segue com 44 pontos em 17 jogos.<\/p>\n<p>Vila Pouca ocupa a terceira posi\u00e7\u00e3o com 43 pontos em 19 jogos.<\/p>\n<p>Mondinense est\u00e1 em quarto, com 37 pontos em 19 jogos.<\/p>\n<p>Vidago fecha o top-5, com 36 pontos em 19 partidas.<\/p>\n<p>Abaixo, Vilar Perdizes e Mes\u00e3o Frio aparecem empatados em 6.\u00ba e 7.\u00ba, com 34 pontos cada.<\/p>\n<p>Pedras Salgadas soma 31 pontos em 19 jogos, enquanto Valpa\u00e7os e Santa Marta t\u00eam 28.<\/p>\n<p>Atei soma 26 pontos em 19, Cerva 17 em 18, Constantim 16 em 19, Cumieira 12 em 17.<\/p>\n<p>Sabroso tem 9 e Abambres 6 pontos; Fontelas fecha com 4 pontos.<\/p>\n","protected":false},"excerpt":{"rendered":"<ul>\n<li>Pedras Salgadas 0\u20131 Mondinense; golo de Gabriel Vila Pouca.<\/li>\n<li>Vila Pouca 5\u20130 Santa Marta; marcadores Pedro Pereira (2), Mika, David Freitas, Baralh\u00f3.<\/li>\n<li>R\u00e9gua 1\u20132 Vilar Perdizes; marcadores Diogo Paix\u00e3o \/\/ F\u00e1bio Pais, Hudson.<\/li>\n<li>Cerva 2\u20131 Valpa\u00e7os; marcadores Paulinho Botelho, Ruben \/\/ Pepe Man\u00e9.<\/li>\n<li>Mes\u00e3o Frio 4\u20130 Abambres; marcadores Jo\u00e3o Pinto (2), M\u00e1rcio Meireles, Francisco Santos.<\/li>\n<\/ul>\n","protected":false},"author":2,"featured_media":189086,"comment_status":"closed","ping_status":"closed","sticky":false,"template":"","format":"standard","meta":{"footnotes":""},"categories":[21,24],"tags":[1392,32,1390,1393,1391,2884],"class_list":["post-189083","post","type-post","status-publish","format-standard","has-post-thumbnail","hentry","category-desporto","category-futebol","tag-cerva","tag-futebol","tag-mondinense","tag-pedras-salgadas","tag-regua","tag-vidago"],"yoast_head":"<!-- This site is optimized with the Yoast SEO plugin v27.2 - https:\/\/yoast.com\/product\/yoast-seo-wordpress\/ -->\n<title>AFVR: resultados, marcadores e classifica\u00e7\u00e3o da 20\u00aa jornada da Divis\u00e3o de Honra - Portal Tela Portugal<\/title>\n<meta name=\"robots\" content=\"index, follow, max-snippet:-1, max-image-preview:large, max-video-preview:-1\" \/>\n<meta property=\"og:locale\" content=\"pt_PT\" \/>\n<meta property=\"og:type\" content=\"article\" \/>\n<meta property=\"og:title\" content=\"AFVR: resultados, marcadores e classifica\u00e7\u00e3o da 20\u00aa jornada da Divis\u00e3o de Honra - Portal Tela Portugal\" \/>\n<meta property=\"og:description\" content=\"Pedras Salgadas 0\u20131 Mondinense; golo de Gabriel Vila Pouca. Vila Pouca 5\u20130 Santa Marta; marcadores Pedro Pereira (2), Mika, David Freitas, Baralh\u00f3. R\u00e9gua 1\u20132 Vilar Perdizes; marcadores Diogo Paix\u00e3o \/\/ F\u00e1bio Pais, Hudson. Cerva 2\u20131 Valpa\u00e7os; marcadores Paulinho Botelho, Ruben \/\/ Pepe Man\u00e9. Mes\u00e3o Frio 4\u20130 Abambres; marcadores Jo\u00e3o Pinto (2), M\u00e1rcio Meireles, Francisco Santos.\" \/>\n<meta property=\"og:url\" content=\"https:\/\/portaltela.pt\/noticias\/2026\/02\/01\/afvr-resultados-marcadores-e-classificacao-da-20a-jornada-da-divisao-de-honra\/\" \/>\n<meta property=\"og:site_name\" content=\"Portal Tela Portugal\" \/>\n<meta property=\"article:published_time\" content=\"2026-02-01T17:39:11+00:00\" \/>\n<meta name=\"author\" content=\"Telinha\" \/>\n<meta name=\"twitter:card\" content=\"summary_large_image\" \/>\n<meta name=\"twitter:label1\" content=\"Escrito por\" \/>\n\t<meta name=\"twitter:data1\" content=\"Telinha\" \/>\n\t<meta name=\"twitter:label2\" content=\"Tempo estimado de leitura\" \/>\n\t<meta name=\"twitter:data2\" content=\"1 minuto\" \/>\n<script type=\"application\/ld+json\" class=\"yoast-schema-graph\">{\"@context\":\"https:\/\/schema.org\",\"@graph\":[{\"@type\":\"Article\",\"@id\":\"https:\/\/portaltela.pt\/noticias\/2026\/02\/01\/afvr-resultados-marcadores-e-classificacao-da-20a-jornada-da-divisao-de-honra\/#article\",\"isPartOf\":{\"@id\":\"https:\/\/portaltela.pt\/noticias\/2026\/02\/01\/afvr-resultados-marcadores-e-classificacao-da-20a-jornada-da-divisao-de-honra\/\"},\"author\":{\"name\":\"Telinha\",\"@id\":\"https:\/\/portaltela.pt\/#\/schema\/person\/c4278d4a6028830caff9ee44b42d32ed\"},\"headline\":\"AFVR: resultados, marcadores e classifica\u00e7\u00e3o da 20\u00aa jornada da Divis\u00e3o de Honra\",\"datePublished\":\"2026-02-01T17:39:11+00:00\",\"mainEntityOfPage\":{\"@id\":\"https:\/\/portaltela.pt\/noticias\/2026\/02\/01\/afvr-resultados-marcadores-e-classificacao-da-20a-jornada-da-divisao-de-honra\/\"},\"wordCount\":221,\"image\":{\"@id\":\"https:\/\/portaltela.pt\/noticias\/2026\/02\/01\/afvr-resultados-marcadores-e-classificacao-da-20a-jornada-da-divisao-de-honra\/#primaryimage\"},\"thumbnailUrl\":\"https:\/\/portaltela.pt\/s.01k8rhncp4jt1\/2026\/02\/unnamed-file-173.jpg\",\"keywords\":[\"Cerva\",\"futebol\",\"Mondinense\",\"Pedras Salgadas\",\"R\u00e9gua\",\"Vidago\"],\"articleSection\":[\"Desporto\",\"Futebol\"],\"inLanguage\":\"pt-PT\"},{\"@type\":\"WebPage\",\"@id\":\"https:\/\/portaltela.pt\/noticias\/2026\/02\/01\/afvr-resultados-marcadores-e-classificacao-da-20a-jornada-da-divisao-de-honra\/\",\"url\":\"https:\/\/portaltela.pt\/noticias\/2026\/02\/01\/afvr-resultados-marcadores-e-classificacao-da-20a-jornada-da-divisao-de-honra\/\",\"name\":\"AFVR: resultados, marcadores e classifica\u00e7\u00e3o da 20\u00aa jornada da Divis\u00e3o de Honra - Portal Tela Portugal\",\"isPartOf\":{\"@id\":\"https:\/\/portaltela.pt\/#website\"},\"primaryImageOfPage\":{\"@id\":\"https:\/\/portaltela.pt\/noticias\/2026\/02\/01\/afvr-resultados-marcadores-e-classificacao-da-20a-jornada-da-divisao-de-honra\/#primaryimage\"},\"image\":{\"@id\":\"https:\/\/portaltela.pt\/noticias\/2026\/02\/01\/afvr-resultados-marcadores-e-classificacao-da-20a-jornada-da-divisao-de-honra\/#primaryimage\"},\"thumbnailUrl\":\"https:\/\/portaltela.pt\/s.01k8rhncp4jt1\/2026\/02\/unnamed-file-173.jpg\",\"datePublished\":\"2026-02-01T17:39:11+00:00\",\"author\":{\"@id\":\"https:\/\/portaltela.pt\/#\/schema\/person\/c4278d4a6028830caff9ee44b42d32ed\"},\"breadcrumb\":{\"@id\":\"https:\/\/portaltela.pt\/noticias\/2026\/02\/01\/afvr-resultados-marcadores-e-classificacao-da-20a-jornada-da-divisao-de-honra\/#breadcrumb\"},\"inLanguage\":\"pt-PT\",\"potentialAction\":[{\"@type\":\"ReadAction\",\"target\":[\"https:\/\/portaltela.pt\/noticias\/2026\/02\/01\/afvr-resultados-marcadores-e-classificacao-da-20a-jornada-da-divisao-de-honra\/\"]}]},{\"@type\":\"ImageObject\",\"inLanguage\":\"pt-PT\",\"@id\":\"https:\/\/portaltela.pt\/noticias\/2026\/02\/01\/afvr-resultados-marcadores-e-classificacao-da-20a-jornada-da-divisao-de-honra\/#primaryimage\",\"url\":\"https:\/\/portaltela.pt\/s.01k8rhncp4jt1\/2026\/02\/unnamed-file-173.jpg\",\"contentUrl\":\"https:\/\/portaltela.pt\/s.01k8rhncp4jt1\/2026\/02\/unnamed-file-173.jpg\",\"width\":796,\"height\":448,\"caption\":\"Photo\"},{\"@type\":\"BreadcrumbList\",\"@id\":\"https:\/\/portaltela.pt\/noticias\/2026\/02\/01\/afvr-resultados-marcadores-e-classificacao-da-20a-jornada-da-divisao-de-honra\/#breadcrumb\",\"itemListElement\":[{\"@type\":\"ListItem\",\"position\":1,\"name\":\"In\u00edcio\",\"item\":\"https:\/\/portaltela.pt\/\"},{\"@type\":\"ListItem\",\"position\":2,\"name\":\"AFVR: resultados, marcadores e classifica\u00e7\u00e3o da 20\u00aa jornada da Divis\u00e3o de Honra\"}]},{\"@type\":\"WebSite\",\"@id\":\"https:\/\/portaltela.pt\/#website\",\"url\":\"https:\/\/portaltela.pt\/\",\"name\":\"Portal Tela Portugal\",\"description\":\"\",\"potentialAction\":[{\"@type\":\"SearchAction\",\"target\":{\"@type\":\"EntryPoint\",\"urlTemplate\":\"https:\/\/portaltela.pt\/?s={search_term_string}\"},\"query-input\":{\"@type\":\"PropertyValueSpecification\",\"valueRequired\":true,\"valueName\":\"search_term_string\"}}],\"inLanguage\":\"pt-PT\"},{\"@type\":\"Person\",\"@id\":\"https:\/\/portaltela.pt\/#\/schema\/person\/c4278d4a6028830caff9ee44b42d32ed\",\"name\":\"Telinha\",\"image\":{\"@type\":\"ImageObject\",\"inLanguage\":\"pt-PT\",\"@id\":\"https:\/\/portaltela.pt\/s.01k8rhncp4jt1\/2025\/11\/talking-bot-125x125.png\",\"url\":\"https:\/\/portaltela.pt\/s.01k8rhncp4jt1\/2025\/11\/talking-bot-125x125.png\",\"contentUrl\":\"https:\/\/portaltela.pt\/s.01k8rhncp4jt1\/2025\/11\/talking-bot-125x125.png\",\"caption\":\"Telinha\"},\"sameAs\":[\"https:\/\/portaltela.pt\/\"],\"url\":\"https:\/\/portaltela.pt\/por\/367410592786\/\"}]}<\/script>\n<!-- \/ Yoast SEO plugin. -->","yoast_head_json":{"title":"AFVR: resultados, marcadores e classifica\u00e7\u00e3o da 20\u00aa jornada da Divis\u00e3o de Honra - Portal Tela Portugal","robots":{"index":"index","follow":"follow","max-snippet":"max-snippet:-1","max-image-preview":"max-image-preview:large","max-video-preview":"max-video-preview:-1"},"og_locale":"pt_PT","og_type":"article","og_title":"AFVR: resultados, marcadores e classifica\u00e7\u00e3o da 20\u00aa jornada da Divis\u00e3o de Honra - Portal Tela Portugal","og_description":"Pedras Salgadas 0\u20131 Mondinense; golo de Gabriel Vila Pouca. Vila Pouca 5\u20130 Santa Marta; marcadores Pedro Pereira (2), Mika, David Freitas, Baralh\u00f3. R\u00e9gua 1\u20132 Vilar Perdizes; marcadores Diogo Paix\u00e3o \/\/ F\u00e1bio Pais, Hudson. Cerva 2\u20131 Valpa\u00e7os; marcadores Paulinho Botelho, Ruben \/\/ Pepe Man\u00e9. Mes\u00e3o Frio 4\u20130 Abambres; marcadores Jo\u00e3o Pinto (2), M\u00e1rcio Meireles, Francisco Santos.","og_url":"https:\/\/portaltela.pt\/noticias\/2026\/02\/01\/afvr-resultados-marcadores-e-classificacao-da-20a-jornada-da-divisao-de-honra\/","og_site_name":"Portal Tela Portugal","article_published_time":"2026-02-01T17:39:11+00:00","author":"Telinha","twitter_card":"summary_large_image","twitter_misc":{"Escrito por":"Telinha","Tempo estimado de leitura":"1 minuto"},"schema":{"@context":"https:\/\/schema.org","@graph":[{"@type":"Article","@id":"https:\/\/portaltela.pt\/noticias\/2026\/02\/01\/afvr-resultados-marcadores-e-classificacao-da-20a-jornada-da-divisao-de-honra\/#article","isPartOf":{"@id":"https:\/\/portaltela.pt\/noticias\/2026\/02\/01\/afvr-resultados-marcadores-e-classificacao-da-20a-jornada-da-divisao-de-honra\/"},"author":{"name":"Telinha","@id":"https:\/\/portaltela.pt\/#\/schema\/person\/c4278d4a6028830caff9ee44b42d32ed"},"headline":"AFVR: resultados, marcadores e classifica\u00e7\u00e3o da 20\u00aa jornada da Divis\u00e3o de Honra","datePublished":"2026-02-01T17:39:11+00:00","mainEntityOfPage":{"@id":"https:\/\/portaltela.pt\/noticias\/2026\/02\/01\/afvr-resultados-marcadores-e-classificacao-da-20a-jornada-da-divisao-de-honra\/"},"wordCount":221,"image":{"@id":"https:\/\/portaltela.pt\/noticias\/2026\/02\/01\/afvr-resultados-marcadores-e-classificacao-da-20a-jornada-da-divisao-de-honra\/#primaryimage"},"thumbnailUrl":"https:\/\/portaltela.pt\/s.01k8rhncp4jt1\/2026\/02\/unnamed-file-173.jpg","keywords":["Cerva","futebol","Mondinense","Pedras Salgadas","R\u00e9gua","Vidago"],"articleSection":["Desporto","Futebol"],"inLanguage":"pt-PT"},{"@type":"WebPage","@id":"https:\/\/portaltela.pt\/noticias\/2026\/02\/01\/afvr-resultados-marcadores-e-classificacao-da-20a-jornada-da-divisao-de-honra\/","url":"https:\/\/portaltela.pt\/noticias\/2026\/02\/01\/afvr-resultados-marcadores-e-classificacao-da-20a-jornada-da-divisao-de-honra\/","name":"AFVR: resultados, marcadores e classifica\u00e7\u00e3o da 20\u00aa jornada da Divis\u00e3o de Honra - Portal Tela Portugal","isPartOf":{"@id":"https:\/\/portaltela.pt\/#website"},"primaryImageOfPage":{"@id":"https:\/\/portaltela.pt\/noticias\/2026\/02\/01\/afvr-resultados-marcadores-e-classificacao-da-20a-jornada-da-divisao-de-honra\/#primaryimage"},"image":{"@id":"https:\/\/portaltela.pt\/noticias\/2026\/02\/01\/afvr-resultados-marcadores-e-classificacao-da-20a-jornada-da-divisao-de-honra\/#primaryimage"},"thumbnailUrl":"https:\/\/portaltela.pt\/s.01k8rhncp4jt1\/2026\/02\/unnamed-file-173.jpg","datePublished":"2026-02-01T17:39:11+00:00","author":{"@id":"https:\/\/portaltela.pt\/#\/schema\/person\/c4278d4a6028830caff9ee44b42d32ed"},"breadcrumb":{"@id":"https:\/\/portaltela.pt\/noticias\/2026\/02\/01\/afvr-resultados-marcadores-e-classificacao-da-20a-jornada-da-divisao-de-honra\/#breadcrumb"},"inLanguage":"pt-PT","potentialAction":[{"@type":"ReadAction","target":["https:\/\/portaltela.pt\/noticias\/2026\/02\/01\/afvr-resultados-marcadores-e-classificacao-da-20a-jornada-da-divisao-de-honra\/"]}]},{"@type":"ImageObject","inLanguage":"pt-PT","@id":"https:\/\/portaltela.pt\/noticias\/2026\/02\/01\/afvr-resultados-marcadores-e-classificacao-da-20a-jornada-da-divisao-de-honra\/#primaryimage","url":"https:\/\/portaltela.pt\/s.01k8rhncp4jt1\/2026\/02\/unnamed-file-173.jpg","contentUrl":"https:\/\/portaltela.pt\/s.01k8rhncp4jt1\/2026\/02\/unnamed-file-173.jpg","width":796,"height":448,"caption":"Photo"},{"@type":"BreadcrumbList","@id":"https:\/\/portaltela.pt\/noticias\/2026\/02\/01\/afvr-resultados-marcadores-e-classificacao-da-20a-jornada-da-divisao-de-honra\/#breadcrumb","itemListElement":[{"@type":"ListItem","position":1,"name":"In\u00edcio","item":"https:\/\/portaltela.pt\/"},{"@type":"ListItem","position":2,"name":"AFVR: resultados, marcadores e classifica\u00e7\u00e3o da 20\u00aa jornada da Divis\u00e3o de Honra"}]},{"@type":"WebSite","@id":"https:\/\/portaltela.pt\/#website","url":"https:\/\/portaltela.pt\/","name":"Portal Tela Portugal","description":"","potentialAction":[{"@type":"SearchAction","target":{"@type":"EntryPoint","urlTemplate":"https:\/\/portaltela.pt\/?s={search_term_string}"},"query-input":{"@type":"PropertyValueSpecification","valueRequired":true,"valueName":"search_term_string"}}],"inLanguage":"pt-PT"},{"@type":"Person","@id":"https:\/\/portaltela.pt\/#\/schema\/person\/c4278d4a6028830caff9ee44b42d32ed","name":"Telinha","image":{"@type":"ImageObject","inLanguage":"pt-PT","@id":"https:\/\/portaltela.pt\/s.01k8rhncp4jt1\/2025\/11\/talking-bot-125x125.png","url":"https:\/\/portaltela.pt\/s.01k8rhncp4jt1\/2025\/11\/talking-bot-125x125.png","contentUrl":"https:\/\/portaltela.pt\/s.01k8rhncp4jt1\/2025\/11\/talking-bot-125x125.png","caption":"Telinha"},"sameAs":["https:\/\/portaltela.pt\/"],"url":"https:\/\/portaltela.pt\/por\/367410592786\/"}]}},"_links":{"self":[{"href":"https:\/\/portaltela.pt\/api\/wp\/v2\/posts\/189083","targetHints":{"allow":["GET"]}}],"collection":[{"href":"https:\/\/portaltela.pt\/api\/wp\/v2\/posts"}],"about":[{"href":"https:\/\/portaltela.pt\/api\/wp\/v2\/types\/post"}],"author":[{"embeddable":true,"href":"https:\/\/portaltela.pt\/api\/wp\/v2\/users\/2"}],"replies":[{"embeddable":true,"href":"https:\/\/portaltela.pt\/api\/wp\/v2\/comments?post=189083"}],"version-history":[{"count":0,"href":"https:\/\/portaltela.pt\/api\/wp\/v2\/posts\/189083\/revisions"}],"wp:featuredmedia":[{"embeddable":true,"href":"https:\/\/portaltela.pt\/api\/wp\/v2\/media\/189086"}],"wp:attachment":[{"href":"https:\/\/portaltela.pt\/api\/wp\/v2\/media?parent=189083"}],"wp:term":[{"taxonomy":"category","embeddable":true,"href":"https:\/\/portaltela.pt\/api\/wp\/v2\/categories?post=189083"},{"taxonomy":"post_tag","embeddable":true,"href":"https:\/\/portaltela.pt\/api\/wp\/v2\/tags?post=189083"}],"curies":[{"name":"wp","href":"https:\/\/api.w.org\/{rel}","templated":true}]}}