{"id":188986,"date":"2026-02-01T14:04:38","date_gmt":"2026-02-01T17:04:38","guid":{"rendered":"https:\/\/portaltela.pt\/noticias\/2026\/02\/01\/nuno-pereira-aproxima-se-do-sao-joao-ver\/"},"modified":"2026-02-01T14:04:38","modified_gmt":"2026-02-01T17:04:38","slug":"nuno-pereira-aproxima-se-do-sao-joao-ver","status":"publish","type":"post","link":"https:\/\/portaltela.pt\/desporto\/futebol\/2026\/02\/01\/nuno-pereira-aproxima-se-do-sao-joao-ver\/","title":{"rendered":"Nuno Pereira aproxima-se do S\u00e3o Jo\u00e3o V\u00ear"},"content":{"rendered":"<p>Nuno Pereira est\u00e1 perto de fechar um acordo com o S\u00e3o Jo\u00e3o de V\u00ear, ap\u00f3s rescindir com a Acad\u00e9mica de Coimbra. O jogador, de 30 anos, chega em regime de livre.<\/p>\n<p>A sa\u00edda da Briosa ocorreu na primeira metade desta temporada, altura em que o extremo disputou 13 partidas, com um golo e uma assist\u00eancia. A forma\u00e7\u00e3o lisboeta procura refor\u00e7os na Liga 3.<\/p>\n<p>Nuno Pereira foi formado no Boavista e soma ampla experi\u00eancia na competi\u00e7\u00e3o, onde vai oriental refor\u00e7ar o plantel do S\u00e3o Jo\u00e3o de V\u00ear. O objetivo passa por dar continuidade ao rendimento demonstrado na \u00faltima \u00e9poca.<\/p>\n<p>O S\u00e3o Jo\u00e3o de V\u00ear, atualmente liderado pelo ex-internacional brasileiro Daniel Alves, pretende consolidar a equipa na Liga 3 com contrata\u00e7\u00f5es que elevem o rendimento ofensivo e a din\u00e2mica do ataque.<\/p>\n","protected":false},"excerpt":{"rendered":"<ul>\n<li>Nuno Pereira, extremo de 30 anos, est\u00e1 perto de assinar com o S\u00e3o Jo\u00e3o de V\u00ear, chegando como jogador livre.<\/li>\n<li>O jogador rescindiu com a Acad\u00e9mica de Coimbra, equipa que representou na primeira metade da presente temporada.<\/li>\n<li>Ao servi\u00e7o da briosa, apontou um golo e fez uma assist\u00eancia em 13 jogos.<\/li>\n<li>Formado no Boavista, tem experi\u00eancia na Liga 3, onde atuar\u00e1 com a camisola do S\u00e3o Jo\u00e3o de V\u00ear.<\/li>\n<li>O clube \u00e9 liderado pelo ex-internacional brasileiro Daniel Alves.<\/li>\n<\/ul>\n","protected":false},"author":2,"featured_media":188987,"comment_status":"closed","ping_status":"closed","sticky":false,"template":"","format":"standard","meta":{"footnotes":""},"categories":[21,24],"tags":[3736,3281,32,242,1786],"class_list":["post-188986","post","type-post","status-publish","format-standard","has-post-thumbnail","hentry","category-desporto","category-futebol","tag-academica-de-coimbra","tag-dani-alves","tag-futebol","tag-jogadores","tag-liga"],"yoast_head":"<!-- This site is optimized with the Yoast SEO plugin v27.2 - https:\/\/yoast.com\/product\/yoast-seo-wordpress\/ -->\n<title>Nuno Pereira aproxima-se do S\u00e3o Jo\u00e3o V\u00ear - Portal Tela Portugal<\/title>\n<meta name=\"robots\" content=\"index, follow, max-snippet:-1, max-image-preview:large, max-video-preview:-1\" \/>\n<meta property=\"og:locale\" content=\"pt_PT\" \/>\n<meta property=\"og:type\" content=\"article\" \/>\n<meta property=\"og:title\" content=\"Nuno Pereira aproxima-se do S\u00e3o Jo\u00e3o V\u00ear - Portal Tela Portugal\" \/>\n<meta property=\"og:description\" content=\"Nuno Pereira, extremo de 30 anos, est\u00e1 perto de assinar com o S\u00e3o Jo\u00e3o de V\u00ear, chegando como jogador livre. O jogador rescindiu com a Acad\u00e9mica de Coimbra, equipa que representou na primeira metade da presente temporada. Ao servi\u00e7o da briosa, apontou um golo e fez uma assist\u00eancia em 13 jogos. Formado no Boavista, tem experi\u00eancia na Liga 3, onde atuar\u00e1 com a camisola do S\u00e3o Jo\u00e3o de V\u00ear. O clube \u00e9 liderado pelo ex-internacional brasileiro Daniel Alves.\" \/>\n<meta property=\"og:url\" content=\"https:\/\/portaltela.pt\/noticias\/2026\/02\/01\/nuno-pereira-aproxima-se-do-sao-joao-ver\/\" \/>\n<meta property=\"og:site_name\" content=\"Portal Tela Portugal\" \/>\n<meta property=\"article:published_time\" content=\"2026-02-01T17:04:38+00:00\" \/>\n<meta name=\"author\" content=\"Telinha\" \/>\n<meta name=\"twitter:card\" content=\"summary_large_image\" \/>\n<meta name=\"twitter:label1\" content=\"Escrito por\" \/>\n\t<meta name=\"twitter:data1\" content=\"Telinha\" \/>\n\t<meta name=\"twitter:label2\" content=\"Tempo estimado de leitura\" \/>\n\t<meta name=\"twitter:data2\" content=\"1 minuto\" \/>\n<script type=\"application\/ld+json\" class=\"yoast-schema-graph\">{\"@context\":\"https:\/\/schema.org\",\"@graph\":[{\"@type\":\"Article\",\"@id\":\"https:\/\/portaltela.pt\/noticias\/2026\/02\/01\/nuno-pereira-aproxima-se-do-sao-joao-ver\/#article\",\"isPartOf\":{\"@id\":\"https:\/\/portaltela.pt\/noticias\/2026\/02\/01\/nuno-pereira-aproxima-se-do-sao-joao-ver\/\"},\"author\":{\"name\":\"Telinha\",\"@id\":\"https:\/\/portaltela.pt\/#\/schema\/person\/c4278d4a6028830caff9ee44b42d32ed\"},\"headline\":\"Nuno Pereira aproxima-se do S\u00e3o Jo\u00e3o V\u00ear\",\"datePublished\":\"2026-02-01T17:04:38+00:00\",\"mainEntityOfPage\":{\"@id\":\"https:\/\/portaltela.pt\/noticias\/2026\/02\/01\/nuno-pereira-aproxima-se-do-sao-joao-ver\/\"},\"wordCount\":155,\"image\":{\"@id\":\"https:\/\/portaltela.pt\/noticias\/2026\/02\/01\/nuno-pereira-aproxima-se-do-sao-joao-ver\/#primaryimage\"},\"thumbnailUrl\":\"https:\/\/portaltela.pt\/s.01k8rhncp4jt1\/2026\/02\/img_920x518uu2026-02-01-16-20-49-2418844-im-639055622529351542.jpg\",\"keywords\":[\"Acad\u00e9mica de Coimbra\",\"Dani Alves\",\"futebol\",\"jogadores\",\"Liga\"],\"articleSection\":[\"Desporto\",\"Futebol\"],\"inLanguage\":\"pt-PT\"},{\"@type\":\"WebPage\",\"@id\":\"https:\/\/portaltela.pt\/noticias\/2026\/02\/01\/nuno-pereira-aproxima-se-do-sao-joao-ver\/\",\"url\":\"https:\/\/portaltela.pt\/noticias\/2026\/02\/01\/nuno-pereira-aproxima-se-do-sao-joao-ver\/\",\"name\":\"Nuno Pereira aproxima-se do S\u00e3o Jo\u00e3o V\u00ear - Portal Tela Portugal\",\"isPartOf\":{\"@id\":\"https:\/\/portaltela.pt\/#website\"},\"primaryImageOfPage\":{\"@id\":\"https:\/\/portaltela.pt\/noticias\/2026\/02\/01\/nuno-pereira-aproxima-se-do-sao-joao-ver\/#primaryimage\"},\"image\":{\"@id\":\"https:\/\/portaltela.pt\/noticias\/2026\/02\/01\/nuno-pereira-aproxima-se-do-sao-joao-ver\/#primaryimage\"},\"thumbnailUrl\":\"https:\/\/portaltela.pt\/s.01k8rhncp4jt1\/2026\/02\/img_920x518uu2026-02-01-16-20-49-2418844-im-639055622529351542.jpg\",\"datePublished\":\"2026-02-01T17:04:38+00:00\",\"author\":{\"@id\":\"https:\/\/portaltela.pt\/#\/schema\/person\/c4278d4a6028830caff9ee44b42d32ed\"},\"breadcrumb\":{\"@id\":\"https:\/\/portaltela.pt\/noticias\/2026\/02\/01\/nuno-pereira-aproxima-se-do-sao-joao-ver\/#breadcrumb\"},\"inLanguage\":\"pt-PT\",\"potentialAction\":[{\"@type\":\"ReadAction\",\"target\":[\"https:\/\/portaltela.pt\/noticias\/2026\/02\/01\/nuno-pereira-aproxima-se-do-sao-joao-ver\/\"]}]},{\"@type\":\"ImageObject\",\"inLanguage\":\"pt-PT\",\"@id\":\"https:\/\/portaltela.pt\/noticias\/2026\/02\/01\/nuno-pereira-aproxima-se-do-sao-joao-ver\/#primaryimage\",\"url\":\"https:\/\/portaltela.pt\/s.01k8rhncp4jt1\/2026\/02\/img_920x518uu2026-02-01-16-20-49-2418844-im-639055622529351542.jpg\",\"contentUrl\":\"https:\/\/portaltela.pt\/s.01k8rhncp4jt1\/2026\/02\/img_920x518uu2026-02-01-16-20-49-2418844-im-639055622529351542.jpg\",\"width\":796,\"height\":448,\"caption\":\"Nuno Pereira, ex-Acad\u00e9mica, refor\u00e7a o S\u00e3o Jo\u00e3o V\u00ear\"},{\"@type\":\"BreadcrumbList\",\"@id\":\"https:\/\/portaltela.pt\/noticias\/2026\/02\/01\/nuno-pereira-aproxima-se-do-sao-joao-ver\/#breadcrumb\",\"itemListElement\":[{\"@type\":\"ListItem\",\"position\":1,\"name\":\"In\u00edcio\",\"item\":\"https:\/\/portaltela.pt\/\"},{\"@type\":\"ListItem\",\"position\":2,\"name\":\"Nuno Pereira aproxima-se do S\u00e3o Jo\u00e3o V\u00ear\"}]},{\"@type\":\"WebSite\",\"@id\":\"https:\/\/portaltela.pt\/#website\",\"url\":\"https:\/\/portaltela.pt\/\",\"name\":\"Portal Tela Portugal\",\"description\":\"\",\"potentialAction\":[{\"@type\":\"SearchAction\",\"target\":{\"@type\":\"EntryPoint\",\"urlTemplate\":\"https:\/\/portaltela.pt\/?s={search_term_string}\"},\"query-input\":{\"@type\":\"PropertyValueSpecification\",\"valueRequired\":true,\"valueName\":\"search_term_string\"}}],\"inLanguage\":\"pt-PT\"},{\"@type\":\"Person\",\"@id\":\"https:\/\/portaltela.pt\/#\/schema\/person\/c4278d4a6028830caff9ee44b42d32ed\",\"name\":\"Telinha\",\"image\":{\"@type\":\"ImageObject\",\"inLanguage\":\"pt-PT\",\"@id\":\"https:\/\/portaltela.pt\/s.01k8rhncp4jt1\/2025\/11\/talking-bot-125x125.png\",\"url\":\"https:\/\/portaltela.pt\/s.01k8rhncp4jt1\/2025\/11\/talking-bot-125x125.png\",\"contentUrl\":\"https:\/\/portaltela.pt\/s.01k8rhncp4jt1\/2025\/11\/talking-bot-125x125.png\",\"caption\":\"Telinha\"},\"sameAs\":[\"https:\/\/portaltela.pt\/\"],\"url\":\"https:\/\/portaltela.pt\/por\/367410592786\/\"}]}<\/script>\n<!-- \/ Yoast SEO plugin. -->","yoast_head_json":{"title":"Nuno Pereira aproxima-se do S\u00e3o Jo\u00e3o V\u00ear - Portal Tela Portugal","robots":{"index":"index","follow":"follow","max-snippet":"max-snippet:-1","max-image-preview":"max-image-preview:large","max-video-preview":"max-video-preview:-1"},"og_locale":"pt_PT","og_type":"article","og_title":"Nuno Pereira aproxima-se do S\u00e3o Jo\u00e3o V\u00ear - Portal Tela Portugal","og_description":"Nuno Pereira, extremo de 30 anos, est\u00e1 perto de assinar com o S\u00e3o Jo\u00e3o de V\u00ear, chegando como jogador livre. O jogador rescindiu com a Acad\u00e9mica de Coimbra, equipa que representou na primeira metade da presente temporada. Ao servi\u00e7o da briosa, apontou um golo e fez uma assist\u00eancia em 13 jogos. Formado no Boavista, tem experi\u00eancia na Liga 3, onde atuar\u00e1 com a camisola do S\u00e3o Jo\u00e3o de V\u00ear. O clube \u00e9 liderado pelo ex-internacional brasileiro Daniel Alves.","og_url":"https:\/\/portaltela.pt\/noticias\/2026\/02\/01\/nuno-pereira-aproxima-se-do-sao-joao-ver\/","og_site_name":"Portal Tela Portugal","article_published_time":"2026-02-01T17:04:38+00:00","author":"Telinha","twitter_card":"summary_large_image","twitter_misc":{"Escrito por":"Telinha","Tempo estimado de leitura":"1 minuto"},"schema":{"@context":"https:\/\/schema.org","@graph":[{"@type":"Article","@id":"https:\/\/portaltela.pt\/noticias\/2026\/02\/01\/nuno-pereira-aproxima-se-do-sao-joao-ver\/#article","isPartOf":{"@id":"https:\/\/portaltela.pt\/noticias\/2026\/02\/01\/nuno-pereira-aproxima-se-do-sao-joao-ver\/"},"author":{"name":"Telinha","@id":"https:\/\/portaltela.pt\/#\/schema\/person\/c4278d4a6028830caff9ee44b42d32ed"},"headline":"Nuno Pereira aproxima-se do S\u00e3o Jo\u00e3o V\u00ear","datePublished":"2026-02-01T17:04:38+00:00","mainEntityOfPage":{"@id":"https:\/\/portaltela.pt\/noticias\/2026\/02\/01\/nuno-pereira-aproxima-se-do-sao-joao-ver\/"},"wordCount":155,"image":{"@id":"https:\/\/portaltela.pt\/noticias\/2026\/02\/01\/nuno-pereira-aproxima-se-do-sao-joao-ver\/#primaryimage"},"thumbnailUrl":"https:\/\/portaltela.pt\/s.01k8rhncp4jt1\/2026\/02\/img_920x518uu2026-02-01-16-20-49-2418844-im-639055622529351542.jpg","keywords":["Acad\u00e9mica de Coimbra","Dani Alves","futebol","jogadores","Liga"],"articleSection":["Desporto","Futebol"],"inLanguage":"pt-PT"},{"@type":"WebPage","@id":"https:\/\/portaltela.pt\/noticias\/2026\/02\/01\/nuno-pereira-aproxima-se-do-sao-joao-ver\/","url":"https:\/\/portaltela.pt\/noticias\/2026\/02\/01\/nuno-pereira-aproxima-se-do-sao-joao-ver\/","name":"Nuno Pereira aproxima-se do S\u00e3o Jo\u00e3o V\u00ear - Portal Tela Portugal","isPartOf":{"@id":"https:\/\/portaltela.pt\/#website"},"primaryImageOfPage":{"@id":"https:\/\/portaltela.pt\/noticias\/2026\/02\/01\/nuno-pereira-aproxima-se-do-sao-joao-ver\/#primaryimage"},"image":{"@id":"https:\/\/portaltela.pt\/noticias\/2026\/02\/01\/nuno-pereira-aproxima-se-do-sao-joao-ver\/#primaryimage"},"thumbnailUrl":"https:\/\/portaltela.pt\/s.01k8rhncp4jt1\/2026\/02\/img_920x518uu2026-02-01-16-20-49-2418844-im-639055622529351542.jpg","datePublished":"2026-02-01T17:04:38+00:00","author":{"@id":"https:\/\/portaltela.pt\/#\/schema\/person\/c4278d4a6028830caff9ee44b42d32ed"},"breadcrumb":{"@id":"https:\/\/portaltela.pt\/noticias\/2026\/02\/01\/nuno-pereira-aproxima-se-do-sao-joao-ver\/#breadcrumb"},"inLanguage":"pt-PT","potentialAction":[{"@type":"ReadAction","target":["https:\/\/portaltela.pt\/noticias\/2026\/02\/01\/nuno-pereira-aproxima-se-do-sao-joao-ver\/"]}]},{"@type":"ImageObject","inLanguage":"pt-PT","@id":"https:\/\/portaltela.pt\/noticias\/2026\/02\/01\/nuno-pereira-aproxima-se-do-sao-joao-ver\/#primaryimage","url":"https:\/\/portaltela.pt\/s.01k8rhncp4jt1\/2026\/02\/img_920x518uu2026-02-01-16-20-49-2418844-im-639055622529351542.jpg","contentUrl":"https:\/\/portaltela.pt\/s.01k8rhncp4jt1\/2026\/02\/img_920x518uu2026-02-01-16-20-49-2418844-im-639055622529351542.jpg","width":796,"height":448,"caption":"Nuno Pereira, ex-Acad\u00e9mica, refor\u00e7a o S\u00e3o Jo\u00e3o V\u00ear"},{"@type":"BreadcrumbList","@id":"https:\/\/portaltela.pt\/noticias\/2026\/02\/01\/nuno-pereira-aproxima-se-do-sao-joao-ver\/#breadcrumb","itemListElement":[{"@type":"ListItem","position":1,"name":"In\u00edcio","item":"https:\/\/portaltela.pt\/"},{"@type":"ListItem","position":2,"name":"Nuno Pereira aproxima-se do S\u00e3o Jo\u00e3o V\u00ear"}]},{"@type":"WebSite","@id":"https:\/\/portaltela.pt\/#website","url":"https:\/\/portaltela.pt\/","name":"Portal Tela Portugal","description":"","potentialAction":[{"@type":"SearchAction","target":{"@type":"EntryPoint","urlTemplate":"https:\/\/portaltela.pt\/?s={search_term_string}"},"query-input":{"@type":"PropertyValueSpecification","valueRequired":true,"valueName":"search_term_string"}}],"inLanguage":"pt-PT"},{"@type":"Person","@id":"https:\/\/portaltela.pt\/#\/schema\/person\/c4278d4a6028830caff9ee44b42d32ed","name":"Telinha","image":{"@type":"ImageObject","inLanguage":"pt-PT","@id":"https:\/\/portaltela.pt\/s.01k8rhncp4jt1\/2025\/11\/talking-bot-125x125.png","url":"https:\/\/portaltela.pt\/s.01k8rhncp4jt1\/2025\/11\/talking-bot-125x125.png","contentUrl":"https:\/\/portaltela.pt\/s.01k8rhncp4jt1\/2025\/11\/talking-bot-125x125.png","caption":"Telinha"},"sameAs":["https:\/\/portaltela.pt\/"],"url":"https:\/\/portaltela.pt\/por\/367410592786\/"}]}},"_links":{"self":[{"href":"https:\/\/portaltela.pt\/api\/wp\/v2\/posts\/188986","targetHints":{"allow":["GET"]}}],"collection":[{"href":"https:\/\/portaltela.pt\/api\/wp\/v2\/posts"}],"about":[{"href":"https:\/\/portaltela.pt\/api\/wp\/v2\/types\/post"}],"author":[{"embeddable":true,"href":"https:\/\/portaltela.pt\/api\/wp\/v2\/users\/2"}],"replies":[{"embeddable":true,"href":"https:\/\/portaltela.pt\/api\/wp\/v2\/comments?post=188986"}],"version-history":[{"count":0,"href":"https:\/\/portaltela.pt\/api\/wp\/v2\/posts\/188986\/revisions"}],"wp:featuredmedia":[{"embeddable":true,"href":"https:\/\/portaltela.pt\/api\/wp\/v2\/media\/188987"}],"wp:attachment":[{"href":"https:\/\/portaltela.pt\/api\/wp\/v2\/media?parent=188986"}],"wp:term":[{"taxonomy":"category","embeddable":true,"href":"https:\/\/portaltela.pt\/api\/wp\/v2\/categories?post=188986"},{"taxonomy":"post_tag","embeddable":true,"href":"https:\/\/portaltela.pt\/api\/wp\/v2\/tags?post=188986"}],"curies":[{"name":"wp","href":"https:\/\/api.w.org\/{rel}","templated":true}]}}