{"id":188981,"date":"2026-02-01T13:50:00","date_gmt":"2026-02-01T16:50:00","guid":{"rendered":"https:\/\/portaltela.pt\/noticias\/2026\/02\/01\/empresas-de-santo-tirso-apoiam-bombeiros-na-resposta-a-catastrofe-em-ferreira-do-zezere\/"},"modified":"2026-02-01T13:50:00","modified_gmt":"2026-02-01T16:50:00","slug":"empresas-de-santo-tirso-apoiam-bombeiros-na-resposta-a-catastrofe-em-ferreira-do-zezere","status":"publish","type":"post","link":"https:\/\/portaltela.pt\/noticias\/2026\/02\/01\/empresas-de-santo-tirso-apoiam-bombeiros-na-resposta-a-catastrofe-em-ferreira-do-zezere\/","title":{"rendered":"Empresas de Santo Tirso apoiam bombeiros na resposta a cat\u00e1strofe em Ferreira do Z\u00eazere"},"content":{"rendered":"<p>V\u00e1rias empresas do concelho de Santo Tirso juntaram-se aos Bombeiros Volunt\u00e1rios de Santo Tirso para apoiar as popula\u00e7\u00f5es afetadas pelo mau tempo em Ferreira do Z\u00eazere. A opera\u00e7\u00e3o decorreu ao longo de todo o fim de semana, com interven\u00e7\u00e3o r\u00e1pida e coordenada.<\/p>\n<p>O dispositivo mobilizado incluiu dois cami\u00f5es porta-m\u00e1quinas, uma retroescavadora, uma bomba de grande capacidade, geradores, uma viatura ligeira e equipmento de serras. Tamb\u00e9m houve uma grua telesc\u00f3pica de 16 metros e ve\u00edculo de comando t\u00e9cnico.<\/p>\n<p>Parte do material pesado foi cedido por empresas e particulares de Santo Tirso, refor\u00e7ando a capacidade de atua\u00e7\u00e3o no terreno. Os Bombeiros Volunt\u00e1rios de Gondomar contribu\u00edram com uma m\u00e1quina e o manobrador.<\/p>\n<p>O comandante Pedro Sim\u00e3o Santos descreveu a miss\u00e3o como de apoio solid\u00e1rio, centrada nas necessidades mais urgentes da popula\u00e7\u00e3o local e na r\u00e1pida mobiliza\u00e7\u00e3o de recursos. A articula\u00e7\u00e3o entre entidades foi destacada como determinante.<\/p>\n<p>Ao final da tarde, os Bombeiros de Santo Tirso regressaram ao concelho, com a passagem de opera\u00e7\u00f5es para outras unidades da Prote\u00e7\u00e3o Civil para assegurar a continuidade do apoio.<\/p>\n<p>No \u00e2mbito da miss\u00e3o, ficou ainda no concelho de Oleiros um gerador de elevada capacidade, assegurando o fornecimento de energia el\u00e9trica e o suporte \u00e0s opera\u00e7\u00f5es em curso naquele territ\u00f3rio.<\/p>\n","protected":false},"excerpt":{"rendered":"<ul>\n<li>Empresas de Santo Tirso associaram-se ao apoio aos Bombeiros Volunt\u00e1rios de Santo Tirso para ajudar popula\u00e7\u00f5es afetadas pelo mau tempo em Ferreira do Z\u00eazere, ao longo do fim de semana.<\/li>\n<li>A opera\u00e7\u00e3o mobilizou um dispositivo com dois cami\u00f5es porta-m\u00e1quinas, uma retroescavadora, uma bomba de grande capacidade, um gerador de 100 kVA, um gerador trif\u00e1sico, uma viatura ligeira, motosserras, um ve\u00edculo de comando t\u00e9cnico e uma grua telesc\u00f3pica com alcance de 16 metros.<\/li>\n<li>O material pesado foi disponibilizado por empresas e particulares do concelho, refor\u00e7ando a interven\u00e7\u00e3o; houve ainda colabora\u00e7\u00e3o dos Bombeiros Volunt\u00e1rios de Gondomar, que cederam uma m\u00e1quina e o manobrador.<\/li>\n<li>O comandante Pedro Sim\u00e3o Santos descreveu a miss\u00e3o como de apoio solid\u00e1rio, dirigida \u00e0s necessidades mais urgentes, sublinhando a import\u00e2ncia da articula\u00e7\u00e3o entre entidades e da r\u00e1pida mobiliza\u00e7\u00e3o de recursos.<\/li>\n<li>No final, os Bombeiros de Santo Tirso regressaram ao concelho e foram substitu\u00eddos pela Prote\u00e7\u00e3o Civil; deixaram no concelho de Oleiros um gerador de elevada capacidade para apoiar as opera\u00e7\u00f5es locais.<\/li>\n<\/ul>\n","protected":false},"author":2,"featured_media":188984,"comment_status":"closed","ping_status":"closed","sticky":false,"template":"","format":"standard","meta":{"footnotes":""},"categories":[1],"tags":[4351,174,1243,2387,320,1146],"class_list":["post-188981","post","type-post","status-publish","format-standard","has-post-thumbnail","hentry","category-noticias","tag-bombeiros-voluntarios","tag-energia","tag-gondomar","tag-oleiros","tag-protecao-civil","tag-santo-tirso"],"yoast_head":"<!-- This site is optimized with the Yoast SEO plugin v27.2 - https:\/\/yoast.com\/product\/yoast-seo-wordpress\/ -->\n<title>Empresas de Santo Tirso apoiam bombeiros na resposta a cat\u00e1strofe em Ferreira do Z\u00eazere - Portal Tela Portugal<\/title>\n<meta name=\"robots\" content=\"index, follow, max-snippet:-1, max-image-preview:large, max-video-preview:-1\" \/>\n<meta property=\"og:locale\" content=\"pt_PT\" \/>\n<meta property=\"og:type\" content=\"article\" \/>\n<meta property=\"og:title\" content=\"Empresas de Santo Tirso apoiam bombeiros na resposta a cat\u00e1strofe em Ferreira do Z\u00eazere - Portal Tela Portugal\" \/>\n<meta property=\"og:description\" content=\"Empresas de Santo Tirso associaram-se ao apoio aos Bombeiros Volunt\u00e1rios de Santo Tirso para ajudar popula\u00e7\u00f5es afetadas pelo mau tempo em Ferreira do Z\u00eazere, ao longo do fim de semana. A opera\u00e7\u00e3o mobilizou um dispositivo com dois cami\u00f5es porta-m\u00e1quinas, uma retroescavadora, uma bomba de grande capacidade, um gerador de 100 kVA, um gerador trif\u00e1sico, uma viatura ligeira, motosserras, um ve\u00edculo de comando t\u00e9cnico e uma grua telesc\u00f3pica com alcance de 16 metros. O material pesado foi disponibilizado por empresas e particulares do concelho, refor\u00e7ando a interven\u00e7\u00e3o; houve ainda colabora\u00e7\u00e3o dos Bombeiros Volunt\u00e1rios de Gondomar, que cederam uma m\u00e1quina e o manobrador. O comandante Pedro Sim\u00e3o Santos descreveu a miss\u00e3o como de apoio solid\u00e1rio, dirigida \u00e0s necessidades mais urgentes, sublinhando a import\u00e2ncia da articula\u00e7\u00e3o entre entidades e da r\u00e1pida mobiliza\u00e7\u00e3o de recursos. No final, os Bombeiros de Santo Tirso regressaram ao concelho e foram substitu\u00eddos pela Prote\u00e7\u00e3o Civil; deixaram no concelho de Oleiros um gerador de elevada capacidade para apoiar as opera\u00e7\u00f5es locais.\" \/>\n<meta property=\"og:url\" content=\"https:\/\/portaltela.pt\/noticias\/2026\/02\/01\/empresas-de-santo-tirso-apoiam-bombeiros-na-resposta-a-catastrofe-em-ferreira-do-zezere\/\" \/>\n<meta property=\"og:site_name\" content=\"Portal Tela Portugal\" \/>\n<meta property=\"article:published_time\" content=\"2026-02-01T16:50:00+00:00\" \/>\n<meta name=\"author\" content=\"Telinha\" \/>\n<meta name=\"twitter:card\" content=\"summary_large_image\" \/>\n<meta name=\"twitter:label1\" content=\"Escrito por\" \/>\n\t<meta name=\"twitter:data1\" content=\"Telinha\" \/>\n\t<meta name=\"twitter:label2\" content=\"Tempo estimado de leitura\" \/>\n\t<meta name=\"twitter:data2\" content=\"1 minuto\" \/>\n<script type=\"application\/ld+json\" class=\"yoast-schema-graph\">{\"@context\":\"https:\/\/schema.org\",\"@graph\":[{\"@type\":\"Article\",\"@id\":\"https:\/\/portaltela.pt\/noticias\/2026\/02\/01\/empresas-de-santo-tirso-apoiam-bombeiros-na-resposta-a-catastrofe-em-ferreira-do-zezere\/#article\",\"isPartOf\":{\"@id\":\"https:\/\/portaltela.pt\/noticias\/2026\/02\/01\/empresas-de-santo-tirso-apoiam-bombeiros-na-resposta-a-catastrofe-em-ferreira-do-zezere\/\"},\"author\":{\"name\":\"Telinha\",\"@id\":\"https:\/\/portaltela.pt\/#\/schema\/person\/c4278d4a6028830caff9ee44b42d32ed\"},\"headline\":\"Empresas de Santo Tirso apoiam bombeiros na resposta a cat\u00e1strofe em Ferreira do Z\u00eazere\",\"datePublished\":\"2026-02-01T16:50:00+00:00\",\"mainEntityOfPage\":{\"@id\":\"https:\/\/portaltela.pt\/noticias\/2026\/02\/01\/empresas-de-santo-tirso-apoiam-bombeiros-na-resposta-a-catastrofe-em-ferreira-do-zezere\/\"},\"wordCount\":248,\"image\":{\"@id\":\"https:\/\/portaltela.pt\/noticias\/2026\/02\/01\/empresas-de-santo-tirso-apoiam-bombeiros-na-resposta-a-catastrofe-em-ferreira-do-zezere\/#primaryimage\"},\"thumbnailUrl\":\"https:\/\/portaltela.pt\/s.01k8rhncp4jt1\/2026\/02\/8FD62543-F2CA-44F5-B0D1-1B28E18D684E.jpg\",\"keywords\":[\"Bombeiros Volunt\u00e1rios\",\"energia\",\"Gondomar\",\"Oleiros\",\"prote\u00e7\u00e3o civil\",\"Santo Tirso\"],\"articleSection\":[\"Not\u00edcias\"],\"inLanguage\":\"pt-PT\"},{\"@type\":\"WebPage\",\"@id\":\"https:\/\/portaltela.pt\/noticias\/2026\/02\/01\/empresas-de-santo-tirso-apoiam-bombeiros-na-resposta-a-catastrofe-em-ferreira-do-zezere\/\",\"url\":\"https:\/\/portaltela.pt\/noticias\/2026\/02\/01\/empresas-de-santo-tirso-apoiam-bombeiros-na-resposta-a-catastrofe-em-ferreira-do-zezere\/\",\"name\":\"Empresas de Santo Tirso apoiam bombeiros na resposta a cat\u00e1strofe em Ferreira do Z\u00eazere - Portal Tela Portugal\",\"isPartOf\":{\"@id\":\"https:\/\/portaltela.pt\/#website\"},\"primaryImageOfPage\":{\"@id\":\"https:\/\/portaltela.pt\/noticias\/2026\/02\/01\/empresas-de-santo-tirso-apoiam-bombeiros-na-resposta-a-catastrofe-em-ferreira-do-zezere\/#primaryimage\"},\"image\":{\"@id\":\"https:\/\/portaltela.pt\/noticias\/2026\/02\/01\/empresas-de-santo-tirso-apoiam-bombeiros-na-resposta-a-catastrofe-em-ferreira-do-zezere\/#primaryimage\"},\"thumbnailUrl\":\"https:\/\/portaltela.pt\/s.01k8rhncp4jt1\/2026\/02\/8FD62543-F2CA-44F5-B0D1-1B28E18D684E.jpg\",\"datePublished\":\"2026-02-01T16:50:00+00:00\",\"author\":{\"@id\":\"https:\/\/portaltela.pt\/#\/schema\/person\/c4278d4a6028830caff9ee44b42d32ed\"},\"breadcrumb\":{\"@id\":\"https:\/\/portaltela.pt\/noticias\/2026\/02\/01\/empresas-de-santo-tirso-apoiam-bombeiros-na-resposta-a-catastrofe-em-ferreira-do-zezere\/#breadcrumb\"},\"inLanguage\":\"pt-PT\",\"potentialAction\":[{\"@type\":\"ReadAction\",\"target\":[\"https:\/\/portaltela.pt\/noticias\/2026\/02\/01\/empresas-de-santo-tirso-apoiam-bombeiros-na-resposta-a-catastrofe-em-ferreira-do-zezere\/\"]}]},{\"@type\":\"ImageObject\",\"inLanguage\":\"pt-PT\",\"@id\":\"https:\/\/portaltela.pt\/noticias\/2026\/02\/01\/empresas-de-santo-tirso-apoiam-bombeiros-na-resposta-a-catastrofe-em-ferreira-do-zezere\/#primaryimage\",\"url\":\"https:\/\/portaltela.pt\/s.01k8rhncp4jt1\/2026\/02\/8FD62543-F2CA-44F5-B0D1-1B28E18D684E.jpg\",\"contentUrl\":\"https:\/\/portaltela.pt\/s.01k8rhncp4jt1\/2026\/02\/8FD62543-F2CA-44F5-B0D1-1B28E18D684E.jpg\",\"width\":796,\"height\":448,\"caption\":\"Empresas de Santo Tirso apoiam bombeiros na resposta \u00e0 cat\u00e1strofe em Ferreira do Z\u00eazere\"},{\"@type\":\"BreadcrumbList\",\"@id\":\"https:\/\/portaltela.pt\/noticias\/2026\/02\/01\/empresas-de-santo-tirso-apoiam-bombeiros-na-resposta-a-catastrofe-em-ferreira-do-zezere\/#breadcrumb\",\"itemListElement\":[{\"@type\":\"ListItem\",\"position\":1,\"name\":\"In\u00edcio\",\"item\":\"https:\/\/portaltela.pt\/\"},{\"@type\":\"ListItem\",\"position\":2,\"name\":\"Empresas de Santo Tirso apoiam bombeiros na resposta a cat\u00e1strofe em Ferreira do Z\u00eazere\"}]},{\"@type\":\"WebSite\",\"@id\":\"https:\/\/portaltela.pt\/#website\",\"url\":\"https:\/\/portaltela.pt\/\",\"name\":\"Portal Tela Portugal\",\"description\":\"\",\"potentialAction\":[{\"@type\":\"SearchAction\",\"target\":{\"@type\":\"EntryPoint\",\"urlTemplate\":\"https:\/\/portaltela.pt\/?s={search_term_string}\"},\"query-input\":{\"@type\":\"PropertyValueSpecification\",\"valueRequired\":true,\"valueName\":\"search_term_string\"}}],\"inLanguage\":\"pt-PT\"},{\"@type\":\"Person\",\"@id\":\"https:\/\/portaltela.pt\/#\/schema\/person\/c4278d4a6028830caff9ee44b42d32ed\",\"name\":\"Telinha\",\"image\":{\"@type\":\"ImageObject\",\"inLanguage\":\"pt-PT\",\"@id\":\"https:\/\/portaltela.pt\/s.01k8rhncp4jt1\/2025\/11\/talking-bot-125x125.png\",\"url\":\"https:\/\/portaltela.pt\/s.01k8rhncp4jt1\/2025\/11\/talking-bot-125x125.png\",\"contentUrl\":\"https:\/\/portaltela.pt\/s.01k8rhncp4jt1\/2025\/11\/talking-bot-125x125.png\",\"caption\":\"Telinha\"},\"sameAs\":[\"https:\/\/portaltela.pt\/\"],\"url\":\"https:\/\/portaltela.pt\/por\/367410592786\/\"}]}<\/script>\n<!-- \/ Yoast SEO plugin. -->","yoast_head_json":{"title":"Empresas de Santo Tirso apoiam bombeiros na resposta a cat\u00e1strofe em Ferreira do Z\u00eazere - Portal Tela Portugal","robots":{"index":"index","follow":"follow","max-snippet":"max-snippet:-1","max-image-preview":"max-image-preview:large","max-video-preview":"max-video-preview:-1"},"og_locale":"pt_PT","og_type":"article","og_title":"Empresas de Santo Tirso apoiam bombeiros na resposta a cat\u00e1strofe em Ferreira do Z\u00eazere - Portal Tela Portugal","og_description":"Empresas de Santo Tirso associaram-se ao apoio aos Bombeiros Volunt\u00e1rios de Santo Tirso para ajudar popula\u00e7\u00f5es afetadas pelo mau tempo em Ferreira do Z\u00eazere, ao longo do fim de semana. A opera\u00e7\u00e3o mobilizou um dispositivo com dois cami\u00f5es porta-m\u00e1quinas, uma retroescavadora, uma bomba de grande capacidade, um gerador de 100 kVA, um gerador trif\u00e1sico, uma viatura ligeira, motosserras, um ve\u00edculo de comando t\u00e9cnico e uma grua telesc\u00f3pica com alcance de 16 metros. O material pesado foi disponibilizado por empresas e particulares do concelho, refor\u00e7ando a interven\u00e7\u00e3o; houve ainda colabora\u00e7\u00e3o dos Bombeiros Volunt\u00e1rios de Gondomar, que cederam uma m\u00e1quina e o manobrador. O comandante Pedro Sim\u00e3o Santos descreveu a miss\u00e3o como de apoio solid\u00e1rio, dirigida \u00e0s necessidades mais urgentes, sublinhando a import\u00e2ncia da articula\u00e7\u00e3o entre entidades e da r\u00e1pida mobiliza\u00e7\u00e3o de recursos. No final, os Bombeiros de Santo Tirso regressaram ao concelho e foram substitu\u00eddos pela Prote\u00e7\u00e3o Civil; deixaram no concelho de Oleiros um gerador de elevada capacidade para apoiar as opera\u00e7\u00f5es locais.","og_url":"https:\/\/portaltela.pt\/noticias\/2026\/02\/01\/empresas-de-santo-tirso-apoiam-bombeiros-na-resposta-a-catastrofe-em-ferreira-do-zezere\/","og_site_name":"Portal Tela Portugal","article_published_time":"2026-02-01T16:50:00+00:00","author":"Telinha","twitter_card":"summary_large_image","twitter_misc":{"Escrito por":"Telinha","Tempo estimado de leitura":"1 minuto"},"schema":{"@context":"https:\/\/schema.org","@graph":[{"@type":"Article","@id":"https:\/\/portaltela.pt\/noticias\/2026\/02\/01\/empresas-de-santo-tirso-apoiam-bombeiros-na-resposta-a-catastrofe-em-ferreira-do-zezere\/#article","isPartOf":{"@id":"https:\/\/portaltela.pt\/noticias\/2026\/02\/01\/empresas-de-santo-tirso-apoiam-bombeiros-na-resposta-a-catastrofe-em-ferreira-do-zezere\/"},"author":{"name":"Telinha","@id":"https:\/\/portaltela.pt\/#\/schema\/person\/c4278d4a6028830caff9ee44b42d32ed"},"headline":"Empresas de Santo Tirso apoiam bombeiros na resposta a cat\u00e1strofe em Ferreira do Z\u00eazere","datePublished":"2026-02-01T16:50:00+00:00","mainEntityOfPage":{"@id":"https:\/\/portaltela.pt\/noticias\/2026\/02\/01\/empresas-de-santo-tirso-apoiam-bombeiros-na-resposta-a-catastrofe-em-ferreira-do-zezere\/"},"wordCount":248,"image":{"@id":"https:\/\/portaltela.pt\/noticias\/2026\/02\/01\/empresas-de-santo-tirso-apoiam-bombeiros-na-resposta-a-catastrofe-em-ferreira-do-zezere\/#primaryimage"},"thumbnailUrl":"https:\/\/portaltela.pt\/s.01k8rhncp4jt1\/2026\/02\/8FD62543-F2CA-44F5-B0D1-1B28E18D684E.jpg","keywords":["Bombeiros Volunt\u00e1rios","energia","Gondomar","Oleiros","prote\u00e7\u00e3o civil","Santo Tirso"],"articleSection":["Not\u00edcias"],"inLanguage":"pt-PT"},{"@type":"WebPage","@id":"https:\/\/portaltela.pt\/noticias\/2026\/02\/01\/empresas-de-santo-tirso-apoiam-bombeiros-na-resposta-a-catastrofe-em-ferreira-do-zezere\/","url":"https:\/\/portaltela.pt\/noticias\/2026\/02\/01\/empresas-de-santo-tirso-apoiam-bombeiros-na-resposta-a-catastrofe-em-ferreira-do-zezere\/","name":"Empresas de Santo Tirso apoiam bombeiros na resposta a cat\u00e1strofe em Ferreira do Z\u00eazere - Portal Tela Portugal","isPartOf":{"@id":"https:\/\/portaltela.pt\/#website"},"primaryImageOfPage":{"@id":"https:\/\/portaltela.pt\/noticias\/2026\/02\/01\/empresas-de-santo-tirso-apoiam-bombeiros-na-resposta-a-catastrofe-em-ferreira-do-zezere\/#primaryimage"},"image":{"@id":"https:\/\/portaltela.pt\/noticias\/2026\/02\/01\/empresas-de-santo-tirso-apoiam-bombeiros-na-resposta-a-catastrofe-em-ferreira-do-zezere\/#primaryimage"},"thumbnailUrl":"https:\/\/portaltela.pt\/s.01k8rhncp4jt1\/2026\/02\/8FD62543-F2CA-44F5-B0D1-1B28E18D684E.jpg","datePublished":"2026-02-01T16:50:00+00:00","author":{"@id":"https:\/\/portaltela.pt\/#\/schema\/person\/c4278d4a6028830caff9ee44b42d32ed"},"breadcrumb":{"@id":"https:\/\/portaltela.pt\/noticias\/2026\/02\/01\/empresas-de-santo-tirso-apoiam-bombeiros-na-resposta-a-catastrofe-em-ferreira-do-zezere\/#breadcrumb"},"inLanguage":"pt-PT","potentialAction":[{"@type":"ReadAction","target":["https:\/\/portaltela.pt\/noticias\/2026\/02\/01\/empresas-de-santo-tirso-apoiam-bombeiros-na-resposta-a-catastrofe-em-ferreira-do-zezere\/"]}]},{"@type":"ImageObject","inLanguage":"pt-PT","@id":"https:\/\/portaltela.pt\/noticias\/2026\/02\/01\/empresas-de-santo-tirso-apoiam-bombeiros-na-resposta-a-catastrofe-em-ferreira-do-zezere\/#primaryimage","url":"https:\/\/portaltela.pt\/s.01k8rhncp4jt1\/2026\/02\/8FD62543-F2CA-44F5-B0D1-1B28E18D684E.jpg","contentUrl":"https:\/\/portaltela.pt\/s.01k8rhncp4jt1\/2026\/02\/8FD62543-F2CA-44F5-B0D1-1B28E18D684E.jpg","width":796,"height":448,"caption":"Empresas de Santo Tirso apoiam bombeiros na resposta \u00e0 cat\u00e1strofe em Ferreira do Z\u00eazere"},{"@type":"BreadcrumbList","@id":"https:\/\/portaltela.pt\/noticias\/2026\/02\/01\/empresas-de-santo-tirso-apoiam-bombeiros-na-resposta-a-catastrofe-em-ferreira-do-zezere\/#breadcrumb","itemListElement":[{"@type":"ListItem","position":1,"name":"In\u00edcio","item":"https:\/\/portaltela.pt\/"},{"@type":"ListItem","position":2,"name":"Empresas de Santo Tirso apoiam bombeiros na resposta a cat\u00e1strofe em Ferreira do Z\u00eazere"}]},{"@type":"WebSite","@id":"https:\/\/portaltela.pt\/#website","url":"https:\/\/portaltela.pt\/","name":"Portal Tela Portugal","description":"","potentialAction":[{"@type":"SearchAction","target":{"@type":"EntryPoint","urlTemplate":"https:\/\/portaltela.pt\/?s={search_term_string}"},"query-input":{"@type":"PropertyValueSpecification","valueRequired":true,"valueName":"search_term_string"}}],"inLanguage":"pt-PT"},{"@type":"Person","@id":"https:\/\/portaltela.pt\/#\/schema\/person\/c4278d4a6028830caff9ee44b42d32ed","name":"Telinha","image":{"@type":"ImageObject","inLanguage":"pt-PT","@id":"https:\/\/portaltela.pt\/s.01k8rhncp4jt1\/2025\/11\/talking-bot-125x125.png","url":"https:\/\/portaltela.pt\/s.01k8rhncp4jt1\/2025\/11\/talking-bot-125x125.png","contentUrl":"https:\/\/portaltela.pt\/s.01k8rhncp4jt1\/2025\/11\/talking-bot-125x125.png","caption":"Telinha"},"sameAs":["https:\/\/portaltela.pt\/"],"url":"https:\/\/portaltela.pt\/por\/367410592786\/"}]}},"_links":{"self":[{"href":"https:\/\/portaltela.pt\/api\/wp\/v2\/posts\/188981","targetHints":{"allow":["GET"]}}],"collection":[{"href":"https:\/\/portaltela.pt\/api\/wp\/v2\/posts"}],"about":[{"href":"https:\/\/portaltela.pt\/api\/wp\/v2\/types\/post"}],"author":[{"embeddable":true,"href":"https:\/\/portaltela.pt\/api\/wp\/v2\/users\/2"}],"replies":[{"embeddable":true,"href":"https:\/\/portaltela.pt\/api\/wp\/v2\/comments?post=188981"}],"version-history":[{"count":0,"href":"https:\/\/portaltela.pt\/api\/wp\/v2\/posts\/188981\/revisions"}],"wp:featuredmedia":[{"embeddable":true,"href":"https:\/\/portaltela.pt\/api\/wp\/v2\/media\/188984"}],"wp:attachment":[{"href":"https:\/\/portaltela.pt\/api\/wp\/v2\/media?parent=188981"}],"wp:term":[{"taxonomy":"category","embeddable":true,"href":"https:\/\/portaltela.pt\/api\/wp\/v2\/categories?post=188981"},{"taxonomy":"post_tag","embeddable":true,"href":"https:\/\/portaltela.pt\/api\/wp\/v2\/tags?post=188981"}],"curies":[{"name":"wp","href":"https:\/\/api.w.org\/{rel}","templated":true}]}}