{"id":188965,"date":"2026-02-01T13:44:00","date_gmt":"2026-02-01T16:44:00","guid":{"rendered":"https:\/\/portaltela.pt\/noticias\/2026\/02\/01\/jpp-lamenta-falecimento-de-pedro-diniz-socialista\/"},"modified":"2026-02-01T13:44:00","modified_gmt":"2026-02-01T16:44:00","slug":"jpp-lamenta-falecimento-de-pedro-diniz-socialista","status":"publish","type":"post","link":"https:\/\/portaltela.pt\/noticias\/politica\/2026\/02\/01\/jpp-lamenta-falecimento-de-pedro-diniz-socialista\/","title":{"rendered":"JPP lamenta falecimento de Pedro Diniz, socialista"},"content":{"rendered":"<p>O Juntos pelo Povo (JPP) expressou, em comunicado, o profundo pesar pelo falecimento de Pedro Diniz. Diniz era candidato \u00e0 presid\u00eancia da C\u00e2mara Municipal de Santa Cruz pela coliga\u00e7\u00e3o PS nas elei\u00e7\u00f5es aut\u00e1rquicas de Outubro de 2025. A not\u00edcia \u00e9 confirmada pelo pr\u00f3prio partido.<\/p>\n<p>Segundo o JPP, Pedro Diniz teve um percurso p\u00fablico marcado pela dedica\u00e7\u00e3o \u00e0 causa p\u00fablica e \u00e0 participa\u00e7\u00e3o democr\u00e1tica, com v\u00e1rias fun\u00e7\u00f5es p\u00fablicas ao longo da sua carreira. O comunicado refor\u00e7a o respeito pelo trabalho desenvolvido.<\/p>\n<h3>Contexto<\/h3>\n<p>Neste momento de luto, o JPP endere\u00e7a as condol\u00eancias \u00e0 fam\u00edlia, aos amigos e a todos os que conviveram com Pedro Diniz. O partido manifesta a sua homenagem pelo legado c\u00edvico e pol\u00edtico do falecido. A confirma\u00e7\u00e3o da morte foi recebida com pesar pela comunidade pol\u00edtica local.<\/p>\n","protected":false},"excerpt":{"rendered":"<ul>\n<li>O Juntos pelo Povo (JPP) informou, em comunicado, o profundo pesar pela morte de Pedro Diniz.<\/li>\n<li>Pedro Diniz era candidato \u00e0 presid\u00eancia da C\u00e2mara Municipal de Santa Cruz pelo Partido Socialista nas elei\u00e7\u00f5es aut\u00e1rquicas de outubro de 2025.<\/li>\n<li>O partido destacou que, ao longo do seu percurso pol\u00edtico, Diniz desempenhou v\u00e1rias fun\u00e7\u00f5es p\u00fablicas e mostrou dedic a\u00e7\u00e3o \u00e0 participa\u00e7\u00e3o democr\u00e1tica.<\/li>\n<li>O JPP endere\u00e7ou condol\u00eancias \u00e0 fam\u00edlia, aos amigos e a quem privou com ele, em sinal de respeito.<\/li>\n<li>O comunicado refor\u00e7a a despedida e o pesar pelo falecimento da figura p\u00fablica.<\/li>\n<\/ul>\n","protected":false},"author":2,"featured_media":188972,"comment_status":"closed","ping_status":"closed","sticky":false,"template":"","format":"standard","meta":{"footnotes":""},"categories":[1,5],"tags":[703,68,4669,3676,2832,1269],"class_list":["post-188965","post","type-post","status-publish","format-standard","has-post-thumbnail","hentry","category-noticias","category-politica","tag-camara","tag-eleicoes","tag-jpp","tag-partido-socialista","tag-politica","tag-santa-cruz"],"yoast_head":"<!-- This site is optimized with the Yoast SEO plugin v27.2 - https:\/\/yoast.com\/product\/yoast-seo-wordpress\/ -->\n<title>JPP lamenta falecimento de Pedro Diniz, socialista - Portal Tela Portugal<\/title>\n<meta name=\"robots\" content=\"index, follow, max-snippet:-1, max-image-preview:large, max-video-preview:-1\" \/>\n<meta property=\"og:locale\" content=\"pt_PT\" \/>\n<meta property=\"og:type\" content=\"article\" \/>\n<meta property=\"og:title\" content=\"JPP lamenta falecimento de Pedro Diniz, socialista - Portal Tela Portugal\" \/>\n<meta property=\"og:description\" content=\"O Juntos pelo Povo (JPP) informou, em comunicado, o profundo pesar pela morte de Pedro Diniz. Pedro Diniz era candidato \u00e0 presid\u00eancia da C\u00e2mara Municipal de Santa Cruz pelo Partido Socialista nas elei\u00e7\u00f5es aut\u00e1rquicas de outubro de 2025. O partido destacou que, ao longo do seu percurso pol\u00edtico, Diniz desempenhou v\u00e1rias fun\u00e7\u00f5es p\u00fablicas e mostrou dedic a\u00e7\u00e3o \u00e0 participa\u00e7\u00e3o democr\u00e1tica. O JPP endere\u00e7ou condol\u00eancias \u00e0 fam\u00edlia, aos amigos e a quem privou com ele, em sinal de respeito. O comunicado refor\u00e7a a despedida e o pesar pelo falecimento da figura p\u00fablica.\" \/>\n<meta property=\"og:url\" content=\"https:\/\/portaltela.pt\/noticias\/2026\/02\/01\/jpp-lamenta-falecimento-de-pedro-diniz-socialista\/\" \/>\n<meta property=\"og:site_name\" content=\"Portal Tela Portugal\" \/>\n<meta property=\"article:published_time\" content=\"2026-02-01T16:44:00+00:00\" \/>\n<meta name=\"author\" content=\"Telinha\" \/>\n<meta name=\"twitter:card\" content=\"summary_large_image\" \/>\n<meta name=\"twitter:label1\" content=\"Escrito por\" \/>\n\t<meta name=\"twitter:data1\" content=\"Telinha\" \/>\n\t<meta name=\"twitter:label2\" content=\"Tempo estimado de leitura\" \/>\n\t<meta name=\"twitter:data2\" content=\"1 minuto\" \/>\n<script type=\"application\/ld+json\" class=\"yoast-schema-graph\">{\"@context\":\"https:\/\/schema.org\",\"@graph\":[{\"@type\":\"Article\",\"@id\":\"https:\/\/portaltela.pt\/noticias\/2026\/02\/01\/jpp-lamenta-falecimento-de-pedro-diniz-socialista\/#article\",\"isPartOf\":{\"@id\":\"https:\/\/portaltela.pt\/noticias\/2026\/02\/01\/jpp-lamenta-falecimento-de-pedro-diniz-socialista\/\"},\"author\":{\"name\":\"Telinha\",\"@id\":\"https:\/\/portaltela.pt\/#\/schema\/person\/c4278d4a6028830caff9ee44b42d32ed\"},\"headline\":\"JPP lamenta falecimento de Pedro Diniz, socialista\",\"datePublished\":\"2026-02-01T16:44:00+00:00\",\"mainEntityOfPage\":{\"@id\":\"https:\/\/portaltela.pt\/noticias\/2026\/02\/01\/jpp-lamenta-falecimento-de-pedro-diniz-socialista\/\"},\"wordCount\":152,\"image\":{\"@id\":\"https:\/\/portaltela.pt\/noticias\/2026\/02\/01\/jpp-lamenta-falecimento-de-pedro-diniz-socialista\/#primaryimage\"},\"thumbnailUrl\":\"https:\/\/portaltela.pt\/s.01k8rhncp4jt1\/2026\/02\/unnamed-file-159.jpg\",\"keywords\":[\"c\u00e2mara\",\"elei\u00e7\u00f5es\",\"JPP\",\"Partido Socialista\",\"pol\u00edtica\",\"Santa Cruz\"],\"articleSection\":[\"Not\u00edcias\",\"Pol\u00edtica\"],\"inLanguage\":\"pt-PT\"},{\"@type\":\"WebPage\",\"@id\":\"https:\/\/portaltela.pt\/noticias\/2026\/02\/01\/jpp-lamenta-falecimento-de-pedro-diniz-socialista\/\",\"url\":\"https:\/\/portaltela.pt\/noticias\/2026\/02\/01\/jpp-lamenta-falecimento-de-pedro-diniz-socialista\/\",\"name\":\"JPP lamenta falecimento de Pedro Diniz, socialista - Portal Tela Portugal\",\"isPartOf\":{\"@id\":\"https:\/\/portaltela.pt\/#website\"},\"primaryImageOfPage\":{\"@id\":\"https:\/\/portaltela.pt\/noticias\/2026\/02\/01\/jpp-lamenta-falecimento-de-pedro-diniz-socialista\/#primaryimage\"},\"image\":{\"@id\":\"https:\/\/portaltela.pt\/noticias\/2026\/02\/01\/jpp-lamenta-falecimento-de-pedro-diniz-socialista\/#primaryimage\"},\"thumbnailUrl\":\"https:\/\/portaltela.pt\/s.01k8rhncp4jt1\/2026\/02\/unnamed-file-159.jpg\",\"datePublished\":\"2026-02-01T16:44:00+00:00\",\"author\":{\"@id\":\"https:\/\/portaltela.pt\/#\/schema\/person\/c4278d4a6028830caff9ee44b42d32ed\"},\"breadcrumb\":{\"@id\":\"https:\/\/portaltela.pt\/noticias\/2026\/02\/01\/jpp-lamenta-falecimento-de-pedro-diniz-socialista\/#breadcrumb\"},\"inLanguage\":\"pt-PT\",\"potentialAction\":[{\"@type\":\"ReadAction\",\"target\":[\"https:\/\/portaltela.pt\/noticias\/2026\/02\/01\/jpp-lamenta-falecimento-de-pedro-diniz-socialista\/\"]}]},{\"@type\":\"ImageObject\",\"inLanguage\":\"pt-PT\",\"@id\":\"https:\/\/portaltela.pt\/noticias\/2026\/02\/01\/jpp-lamenta-falecimento-de-pedro-diniz-socialista\/#primaryimage\",\"url\":\"https:\/\/portaltela.pt\/s.01k8rhncp4jt1\/2026\/02\/unnamed-file-159.jpg\",\"contentUrl\":\"https:\/\/portaltela.pt\/s.01k8rhncp4jt1\/2026\/02\/unnamed-file-159.jpg\",\"width\":796,\"height\":448,\"caption\":\"JPP manifesta pesar pela morte do socialista Pedro Diniz\"},{\"@type\":\"BreadcrumbList\",\"@id\":\"https:\/\/portaltela.pt\/noticias\/2026\/02\/01\/jpp-lamenta-falecimento-de-pedro-diniz-socialista\/#breadcrumb\",\"itemListElement\":[{\"@type\":\"ListItem\",\"position\":1,\"name\":\"In\u00edcio\",\"item\":\"https:\/\/portaltela.pt\/\"},{\"@type\":\"ListItem\",\"position\":2,\"name\":\"JPP lamenta falecimento de Pedro Diniz, socialista\"}]},{\"@type\":\"WebSite\",\"@id\":\"https:\/\/portaltela.pt\/#website\",\"url\":\"https:\/\/portaltela.pt\/\",\"name\":\"Portal Tela Portugal\",\"description\":\"\",\"potentialAction\":[{\"@type\":\"SearchAction\",\"target\":{\"@type\":\"EntryPoint\",\"urlTemplate\":\"https:\/\/portaltela.pt\/?s={search_term_string}\"},\"query-input\":{\"@type\":\"PropertyValueSpecification\",\"valueRequired\":true,\"valueName\":\"search_term_string\"}}],\"inLanguage\":\"pt-PT\"},{\"@type\":\"Person\",\"@id\":\"https:\/\/portaltela.pt\/#\/schema\/person\/c4278d4a6028830caff9ee44b42d32ed\",\"name\":\"Telinha\",\"image\":{\"@type\":\"ImageObject\",\"inLanguage\":\"pt-PT\",\"@id\":\"https:\/\/portaltela.pt\/s.01k8rhncp4jt1\/2025\/11\/talking-bot-125x125.png\",\"url\":\"https:\/\/portaltela.pt\/s.01k8rhncp4jt1\/2025\/11\/talking-bot-125x125.png\",\"contentUrl\":\"https:\/\/portaltela.pt\/s.01k8rhncp4jt1\/2025\/11\/talking-bot-125x125.png\",\"caption\":\"Telinha\"},\"sameAs\":[\"https:\/\/portaltela.pt\/\"],\"url\":\"https:\/\/portaltela.pt\/por\/367410592786\/\"}]}<\/script>\n<!-- \/ Yoast SEO plugin. -->","yoast_head_json":{"title":"JPP lamenta falecimento de Pedro Diniz, socialista - Portal Tela Portugal","robots":{"index":"index","follow":"follow","max-snippet":"max-snippet:-1","max-image-preview":"max-image-preview:large","max-video-preview":"max-video-preview:-1"},"og_locale":"pt_PT","og_type":"article","og_title":"JPP lamenta falecimento de Pedro Diniz, socialista - Portal Tela Portugal","og_description":"O Juntos pelo Povo (JPP) informou, em comunicado, o profundo pesar pela morte de Pedro Diniz. Pedro Diniz era candidato \u00e0 presid\u00eancia da C\u00e2mara Municipal de Santa Cruz pelo Partido Socialista nas elei\u00e7\u00f5es aut\u00e1rquicas de outubro de 2025. O partido destacou que, ao longo do seu percurso pol\u00edtico, Diniz desempenhou v\u00e1rias fun\u00e7\u00f5es p\u00fablicas e mostrou dedic a\u00e7\u00e3o \u00e0 participa\u00e7\u00e3o democr\u00e1tica. O JPP endere\u00e7ou condol\u00eancias \u00e0 fam\u00edlia, aos amigos e a quem privou com ele, em sinal de respeito. O comunicado refor\u00e7a a despedida e o pesar pelo falecimento da figura p\u00fablica.","og_url":"https:\/\/portaltela.pt\/noticias\/2026\/02\/01\/jpp-lamenta-falecimento-de-pedro-diniz-socialista\/","og_site_name":"Portal Tela Portugal","article_published_time":"2026-02-01T16:44:00+00:00","author":"Telinha","twitter_card":"summary_large_image","twitter_misc":{"Escrito por":"Telinha","Tempo estimado de leitura":"1 minuto"},"schema":{"@context":"https:\/\/schema.org","@graph":[{"@type":"Article","@id":"https:\/\/portaltela.pt\/noticias\/2026\/02\/01\/jpp-lamenta-falecimento-de-pedro-diniz-socialista\/#article","isPartOf":{"@id":"https:\/\/portaltela.pt\/noticias\/2026\/02\/01\/jpp-lamenta-falecimento-de-pedro-diniz-socialista\/"},"author":{"name":"Telinha","@id":"https:\/\/portaltela.pt\/#\/schema\/person\/c4278d4a6028830caff9ee44b42d32ed"},"headline":"JPP lamenta falecimento de Pedro Diniz, socialista","datePublished":"2026-02-01T16:44:00+00:00","mainEntityOfPage":{"@id":"https:\/\/portaltela.pt\/noticias\/2026\/02\/01\/jpp-lamenta-falecimento-de-pedro-diniz-socialista\/"},"wordCount":152,"image":{"@id":"https:\/\/portaltela.pt\/noticias\/2026\/02\/01\/jpp-lamenta-falecimento-de-pedro-diniz-socialista\/#primaryimage"},"thumbnailUrl":"https:\/\/portaltela.pt\/s.01k8rhncp4jt1\/2026\/02\/unnamed-file-159.jpg","keywords":["c\u00e2mara","elei\u00e7\u00f5es","JPP","Partido Socialista","pol\u00edtica","Santa Cruz"],"articleSection":["Not\u00edcias","Pol\u00edtica"],"inLanguage":"pt-PT"},{"@type":"WebPage","@id":"https:\/\/portaltela.pt\/noticias\/2026\/02\/01\/jpp-lamenta-falecimento-de-pedro-diniz-socialista\/","url":"https:\/\/portaltela.pt\/noticias\/2026\/02\/01\/jpp-lamenta-falecimento-de-pedro-diniz-socialista\/","name":"JPP lamenta falecimento de Pedro Diniz, socialista - Portal Tela Portugal","isPartOf":{"@id":"https:\/\/portaltela.pt\/#website"},"primaryImageOfPage":{"@id":"https:\/\/portaltela.pt\/noticias\/2026\/02\/01\/jpp-lamenta-falecimento-de-pedro-diniz-socialista\/#primaryimage"},"image":{"@id":"https:\/\/portaltela.pt\/noticias\/2026\/02\/01\/jpp-lamenta-falecimento-de-pedro-diniz-socialista\/#primaryimage"},"thumbnailUrl":"https:\/\/portaltela.pt\/s.01k8rhncp4jt1\/2026\/02\/unnamed-file-159.jpg","datePublished":"2026-02-01T16:44:00+00:00","author":{"@id":"https:\/\/portaltela.pt\/#\/schema\/person\/c4278d4a6028830caff9ee44b42d32ed"},"breadcrumb":{"@id":"https:\/\/portaltela.pt\/noticias\/2026\/02\/01\/jpp-lamenta-falecimento-de-pedro-diniz-socialista\/#breadcrumb"},"inLanguage":"pt-PT","potentialAction":[{"@type":"ReadAction","target":["https:\/\/portaltela.pt\/noticias\/2026\/02\/01\/jpp-lamenta-falecimento-de-pedro-diniz-socialista\/"]}]},{"@type":"ImageObject","inLanguage":"pt-PT","@id":"https:\/\/portaltela.pt\/noticias\/2026\/02\/01\/jpp-lamenta-falecimento-de-pedro-diniz-socialista\/#primaryimage","url":"https:\/\/portaltela.pt\/s.01k8rhncp4jt1\/2026\/02\/unnamed-file-159.jpg","contentUrl":"https:\/\/portaltela.pt\/s.01k8rhncp4jt1\/2026\/02\/unnamed-file-159.jpg","width":796,"height":448,"caption":"JPP manifesta pesar pela morte do socialista Pedro Diniz"},{"@type":"BreadcrumbList","@id":"https:\/\/portaltela.pt\/noticias\/2026\/02\/01\/jpp-lamenta-falecimento-de-pedro-diniz-socialista\/#breadcrumb","itemListElement":[{"@type":"ListItem","position":1,"name":"In\u00edcio","item":"https:\/\/portaltela.pt\/"},{"@type":"ListItem","position":2,"name":"JPP lamenta falecimento de Pedro Diniz, socialista"}]},{"@type":"WebSite","@id":"https:\/\/portaltela.pt\/#website","url":"https:\/\/portaltela.pt\/","name":"Portal Tela Portugal","description":"","potentialAction":[{"@type":"SearchAction","target":{"@type":"EntryPoint","urlTemplate":"https:\/\/portaltela.pt\/?s={search_term_string}"},"query-input":{"@type":"PropertyValueSpecification","valueRequired":true,"valueName":"search_term_string"}}],"inLanguage":"pt-PT"},{"@type":"Person","@id":"https:\/\/portaltela.pt\/#\/schema\/person\/c4278d4a6028830caff9ee44b42d32ed","name":"Telinha","image":{"@type":"ImageObject","inLanguage":"pt-PT","@id":"https:\/\/portaltela.pt\/s.01k8rhncp4jt1\/2025\/11\/talking-bot-125x125.png","url":"https:\/\/portaltela.pt\/s.01k8rhncp4jt1\/2025\/11\/talking-bot-125x125.png","contentUrl":"https:\/\/portaltela.pt\/s.01k8rhncp4jt1\/2025\/11\/talking-bot-125x125.png","caption":"Telinha"},"sameAs":["https:\/\/portaltela.pt\/"],"url":"https:\/\/portaltela.pt\/por\/367410592786\/"}]}},"_links":{"self":[{"href":"https:\/\/portaltela.pt\/api\/wp\/v2\/posts\/188965","targetHints":{"allow":["GET"]}}],"collection":[{"href":"https:\/\/portaltela.pt\/api\/wp\/v2\/posts"}],"about":[{"href":"https:\/\/portaltela.pt\/api\/wp\/v2\/types\/post"}],"author":[{"embeddable":true,"href":"https:\/\/portaltela.pt\/api\/wp\/v2\/users\/2"}],"replies":[{"embeddable":true,"href":"https:\/\/portaltela.pt\/api\/wp\/v2\/comments?post=188965"}],"version-history":[{"count":0,"href":"https:\/\/portaltela.pt\/api\/wp\/v2\/posts\/188965\/revisions"}],"wp:featuredmedia":[{"embeddable":true,"href":"https:\/\/portaltela.pt\/api\/wp\/v2\/media\/188972"}],"wp:attachment":[{"href":"https:\/\/portaltela.pt\/api\/wp\/v2\/media?parent=188965"}],"wp:term":[{"taxonomy":"category","embeddable":true,"href":"https:\/\/portaltela.pt\/api\/wp\/v2\/categories?post=188965"},{"taxonomy":"post_tag","embeddable":true,"href":"https:\/\/portaltela.pt\/api\/wp\/v2\/tags?post=188965"}],"curies":[{"name":"wp","href":"https:\/\/api.w.org\/{rel}","templated":true}]}}