{"id":188949,"date":"2026-02-01T13:50:00","date_gmt":"2026-02-01T16:50:00","guid":{"rendered":"https:\/\/portaltela.pt\/noticias\/2026\/02\/01\/penalti-de-mbappe-aos-90-10-da-vitoria-ao-real-madrid-sobre-o-rayo-vallecano-2\/"},"modified":"2026-02-01T13:50:00","modified_gmt":"2026-02-01T16:50:00","slug":"penalti-de-mbappe-aos-90-10-da-vitoria-ao-real-madrid-sobre-o-rayo-vallecano-2","status":"publish","type":"post","link":"https:\/\/portaltela.pt\/desporto\/futebol\/2026\/02\/01\/penalti-de-mbappe-aos-90-10-da-vitoria-ao-real-madrid-sobre-o-rayo-vallecano-2\/","title":{"rendered":"Pen\u00e1lti de Mbapp\u00e9 aos 90+10 d\u00e1 vit\u00f3ria ao Real Madrid sobre o Rayo Vallecano"},"content":{"rendered":"<p>O Real Madrid venceu o Rayo Vallecano por 2-1 no Est\u00e1dio Santiago Bernab\u00e9u, em jogo da 22.\u00aa jornada da La Liga. Mbapp\u00e9 converteu uma grande penalidade aos 90+10 minutos, assegurando os tr\u00eas pontos para os merengues. A vit\u00f3ria mant\u00e9m o Real a um ponto do l\u00edder Barcelona.<\/p>\n<p>Vinicius J\u00fanior inaugurou o marcador aos 15 minutos, com um remate colocado ao canto superior esquerdo. O Rayo deu a volta ao marcador no reatamento, aos 49, por interven\u00e7\u00e3o de Jorge de Frutos. No final, expuls\u00e3o de Path\u00e9 Ciss aos 80 minutos facilitou o desfecho a favor do Real.<\/p>\n<p>Ap\u00f3s a derrota frente ao Benfica, o t\u00e9cnico \u00c1lvaro Arbeloa efetuou apenas uma altera\u00e7\u00e3o no 11, mas viu a equipa sofrer com a perda de Jude Bellingham, lesionado, ainda cedo. O Real soma a sexta vit\u00f3ria consecutiva na Liga.<\/p>\n<h3>Desempenho e pr\u00f3ximos desafios<\/h3>\n<p>O Real Madrid soma 54 pontos, mantendo-se no segundo lugar, a um do Bar\u00e7a, que venceu Elche no s\u00e1bado. O Rayo Vallecano continua no 17.\u00ba posto, com 22 pontos, conforme lideran\u00e7a ligeiramente sob press\u00e3o pela zona de despromo\u00e7\u00e3o.<\/p>\n<p>O conjunto merengue continua em prepara\u00e7\u00e3o para o play-off de acesso aos oitavos de final da Liga dos Campe\u00f5es, diante do Benfica, com dois jogos marcados para fevereiro: 17 em Lisboa e 25 em Madrid.<\/p>\n","protected":false},"excerpt":{"rendered":"<ul>\n<li>O Real Madrid venceu por 2-1 o Rayo Vallecano no Est\u00e1dio Santiago Bernab\u00e9u, com um pen\u00e1lti de Kylian Mbapp\u00e9 aos 90+10.<\/li>\n<li>O brasileiro Vin\u00edcius J\u00fanior abriu o marcador aos 15 minutos; Jorge de Frutos empatou aos 49, para o Rayo.<\/li>\n<li>Path\u00e9 Ciss foi expulso aos 80 minutos, abrindo espa\u00e7o para o Real Madrid ter uma grande pen\u00e1lti nos descontos, convertida por Mbapp\u00e9.<\/li>\n<li>Com a vit\u00f3ria, o Real Madrid soma a sexta vit\u00f3ria consecutiva na La Liga e fica a um ponto do l\u00edder Barcelona, que venceu Elche por 3-1.<\/li>\n<li>O Rayo Vallecano, com tr\u00eas derrotas seguidas, ocupa a 17.\u00aa posi\u00e7\u00e3o, com 22 pontos, mantendo-se acima da zona de despromo\u00e7\u00e3o e preparando-se para o play-off da Liga dos Campe\u00f5es contra o Benfica.<\/li>\n<\/ul>\n","protected":false},"author":2,"featured_media":188951,"comment_status":"closed","ping_status":"closed","sticky":false,"template":"","format":"standard","meta":{"footnotes":""},"categories":[21,24],"tags":[32,4159,1789,3375,1885,5009],"class_list":["post-188949","post","type-post","status-publish","format-standard","has-post-thumbnail","hentry","category-desporto","category-futebol","tag-futebol","tag-jogo","tag-la-liga","tag-mbappe","tag-penalti","tag-rayo-vallecano"],"yoast_head":"<!-- This site is optimized with the Yoast SEO plugin v27.2 - https:\/\/yoast.com\/product\/yoast-seo-wordpress\/ -->\n<title>Pen\u00e1lti de Mbapp\u00e9 aos 90+10 d\u00e1 vit\u00f3ria ao Real Madrid sobre o Rayo Vallecano - Portal Tela Portugal<\/title>\n<meta name=\"robots\" content=\"index, follow, max-snippet:-1, max-image-preview:large, max-video-preview:-1\" \/>\n<meta property=\"og:locale\" content=\"pt_PT\" \/>\n<meta property=\"og:type\" content=\"article\" \/>\n<meta property=\"og:title\" content=\"Pen\u00e1lti de Mbapp\u00e9 aos 90+10 d\u00e1 vit\u00f3ria ao Real Madrid sobre o Rayo Vallecano - Portal Tela Portugal\" \/>\n<meta property=\"og:description\" content=\"O Real Madrid venceu por 2-1 o Rayo Vallecano no Est\u00e1dio Santiago Bernab\u00e9u, com um pen\u00e1lti de Kylian Mbapp\u00e9 aos 90+10. O brasileiro Vin\u00edcius J\u00fanior abriu o marcador aos 15 minutos; Jorge de Frutos empatou aos 49, para o Rayo. Path\u00e9 Ciss foi expulso aos 80 minutos, abrindo espa\u00e7o para o Real Madrid ter uma grande pen\u00e1lti nos descontos, convertida por Mbapp\u00e9. Com a vit\u00f3ria, o Real Madrid soma a sexta vit\u00f3ria consecutiva na La Liga e fica a um ponto do l\u00edder Barcelona, que venceu Elche por 3-1. O Rayo Vallecano, com tr\u00eas derrotas seguidas, ocupa a 17.\u00aa posi\u00e7\u00e3o, com 22 pontos, mantendo-se acima da zona de despromo\u00e7\u00e3o e preparando-se para o play-off da Liga dos Campe\u00f5es contra o Benfica.\" \/>\n<meta property=\"og:url\" content=\"https:\/\/portaltela.pt\/noticias\/2026\/02\/01\/penalti-de-mbappe-aos-90-10-da-vitoria-ao-real-madrid-sobre-o-rayo-vallecano-2\/\" \/>\n<meta property=\"og:site_name\" content=\"Portal Tela Portugal\" \/>\n<meta property=\"article:published_time\" content=\"2026-02-01T16:50:00+00:00\" \/>\n<meta name=\"author\" content=\"Telinha\" \/>\n<meta name=\"twitter:card\" content=\"summary_large_image\" \/>\n<meta name=\"twitter:label1\" content=\"Escrito por\" \/>\n\t<meta name=\"twitter:data1\" content=\"Telinha\" \/>\n\t<meta name=\"twitter:label2\" content=\"Tempo estimado de leitura\" \/>\n\t<meta name=\"twitter:data2\" content=\"1 minuto\" \/>\n<script type=\"application\/ld+json\" class=\"yoast-schema-graph\">{\"@context\":\"https:\/\/schema.org\",\"@graph\":[{\"@type\":\"Article\",\"@id\":\"https:\/\/portaltela.pt\/noticias\/2026\/02\/01\/penalti-de-mbappe-aos-90-10-da-vitoria-ao-real-madrid-sobre-o-rayo-vallecano-2\/#article\",\"isPartOf\":{\"@id\":\"https:\/\/portaltela.pt\/noticias\/2026\/02\/01\/penalti-de-mbappe-aos-90-10-da-vitoria-ao-real-madrid-sobre-o-rayo-vallecano-2\/\"},\"author\":{\"name\":\"Telinha\",\"@id\":\"https:\/\/portaltela.pt\/#\/schema\/person\/c4278d4a6028830caff9ee44b42d32ed\"},\"headline\":\"Pen\u00e1lti de Mbapp\u00e9 aos 90+10 d\u00e1 vit\u00f3ria ao Real Madrid sobre o Rayo Vallecano\",\"datePublished\":\"2026-02-01T16:50:00+00:00\",\"mainEntityOfPage\":{\"@id\":\"https:\/\/portaltela.pt\/noticias\/2026\/02\/01\/penalti-de-mbappe-aos-90-10-da-vitoria-ao-real-madrid-sobre-o-rayo-vallecano-2\/\"},\"wordCount\":237,\"image\":{\"@id\":\"https:\/\/portaltela.pt\/noticias\/2026\/02\/01\/penalti-de-mbappe-aos-90-10-da-vitoria-ao-real-madrid-sobre-o-rayo-vallecano-2\/#primaryimage\"},\"thumbnailUrl\":\"https:\/\/portaltela.pt\/s.01k8rhncp4jt1\/2026\/02\/image-41.jpg\",\"keywords\":[\"futebol\",\"jogo\",\"La Liga\",\"Mbapp\u00e9\",\"pen\u00e1lti\",\"Rayo Vallecano\"],\"articleSection\":[\"Desporto\",\"Futebol\"],\"inLanguage\":\"pt-PT\"},{\"@type\":\"WebPage\",\"@id\":\"https:\/\/portaltela.pt\/noticias\/2026\/02\/01\/penalti-de-mbappe-aos-90-10-da-vitoria-ao-real-madrid-sobre-o-rayo-vallecano-2\/\",\"url\":\"https:\/\/portaltela.pt\/noticias\/2026\/02\/01\/penalti-de-mbappe-aos-90-10-da-vitoria-ao-real-madrid-sobre-o-rayo-vallecano-2\/\",\"name\":\"Pen\u00e1lti de Mbapp\u00e9 aos 90+10 d\u00e1 vit\u00f3ria ao Real Madrid sobre o Rayo Vallecano - Portal Tela Portugal\",\"isPartOf\":{\"@id\":\"https:\/\/portaltela.pt\/#website\"},\"primaryImageOfPage\":{\"@id\":\"https:\/\/portaltela.pt\/noticias\/2026\/02\/01\/penalti-de-mbappe-aos-90-10-da-vitoria-ao-real-madrid-sobre-o-rayo-vallecano-2\/#primaryimage\"},\"image\":{\"@id\":\"https:\/\/portaltela.pt\/noticias\/2026\/02\/01\/penalti-de-mbappe-aos-90-10-da-vitoria-ao-real-madrid-sobre-o-rayo-vallecano-2\/#primaryimage\"},\"thumbnailUrl\":\"https:\/\/portaltela.pt\/s.01k8rhncp4jt1\/2026\/02\/image-41.jpg\",\"datePublished\":\"2026-02-01T16:50:00+00:00\",\"author\":{\"@id\":\"https:\/\/portaltela.pt\/#\/schema\/person\/c4278d4a6028830caff9ee44b42d32ed\"},\"breadcrumb\":{\"@id\":\"https:\/\/portaltela.pt\/noticias\/2026\/02\/01\/penalti-de-mbappe-aos-90-10-da-vitoria-ao-real-madrid-sobre-o-rayo-vallecano-2\/#breadcrumb\"},\"inLanguage\":\"pt-PT\",\"potentialAction\":[{\"@type\":\"ReadAction\",\"target\":[\"https:\/\/portaltela.pt\/noticias\/2026\/02\/01\/penalti-de-mbappe-aos-90-10-da-vitoria-ao-real-madrid-sobre-o-rayo-vallecano-2\/\"]}]},{\"@type\":\"ImageObject\",\"inLanguage\":\"pt-PT\",\"@id\":\"https:\/\/portaltela.pt\/noticias\/2026\/02\/01\/penalti-de-mbappe-aos-90-10-da-vitoria-ao-real-madrid-sobre-o-rayo-vallecano-2\/#primaryimage\",\"url\":\"https:\/\/portaltela.pt\/s.01k8rhncp4jt1\/2026\/02\/image-41.jpg\",\"contentUrl\":\"https:\/\/portaltela.pt\/s.01k8rhncp4jt1\/2026\/02\/image-41.jpg\",\"width\":796,\"height\":448,\"caption\":\"Craque franc\u00eas marcou o golo da vit\u00f3ria no \u00faltimo suspiro\"},{\"@type\":\"BreadcrumbList\",\"@id\":\"https:\/\/portaltela.pt\/noticias\/2026\/02\/01\/penalti-de-mbappe-aos-90-10-da-vitoria-ao-real-madrid-sobre-o-rayo-vallecano-2\/#breadcrumb\",\"itemListElement\":[{\"@type\":\"ListItem\",\"position\":1,\"name\":\"In\u00edcio\",\"item\":\"https:\/\/portaltela.pt\/\"},{\"@type\":\"ListItem\",\"position\":2,\"name\":\"Pen\u00e1lti de Mbapp\u00e9 aos 90+10 d\u00e1 vit\u00f3ria ao Real Madrid sobre o Rayo Vallecano\"}]},{\"@type\":\"WebSite\",\"@id\":\"https:\/\/portaltela.pt\/#website\",\"url\":\"https:\/\/portaltela.pt\/\",\"name\":\"Portal Tela Portugal\",\"description\":\"\",\"potentialAction\":[{\"@type\":\"SearchAction\",\"target\":{\"@type\":\"EntryPoint\",\"urlTemplate\":\"https:\/\/portaltela.pt\/?s={search_term_string}\"},\"query-input\":{\"@type\":\"PropertyValueSpecification\",\"valueRequired\":true,\"valueName\":\"search_term_string\"}}],\"inLanguage\":\"pt-PT\"},{\"@type\":\"Person\",\"@id\":\"https:\/\/portaltela.pt\/#\/schema\/person\/c4278d4a6028830caff9ee44b42d32ed\",\"name\":\"Telinha\",\"image\":{\"@type\":\"ImageObject\",\"inLanguage\":\"pt-PT\",\"@id\":\"https:\/\/portaltela.pt\/s.01k8rhncp4jt1\/2025\/11\/talking-bot-125x125.png\",\"url\":\"https:\/\/portaltela.pt\/s.01k8rhncp4jt1\/2025\/11\/talking-bot-125x125.png\",\"contentUrl\":\"https:\/\/portaltela.pt\/s.01k8rhncp4jt1\/2025\/11\/talking-bot-125x125.png\",\"caption\":\"Telinha\"},\"sameAs\":[\"https:\/\/portaltela.pt\/\"],\"url\":\"https:\/\/portaltela.pt\/por\/367410592786\/\"}]}<\/script>\n<!-- \/ Yoast SEO plugin. -->","yoast_head_json":{"title":"Pen\u00e1lti de Mbapp\u00e9 aos 90+10 d\u00e1 vit\u00f3ria ao Real Madrid sobre o Rayo Vallecano - Portal Tela Portugal","robots":{"index":"index","follow":"follow","max-snippet":"max-snippet:-1","max-image-preview":"max-image-preview:large","max-video-preview":"max-video-preview:-1"},"og_locale":"pt_PT","og_type":"article","og_title":"Pen\u00e1lti de Mbapp\u00e9 aos 90+10 d\u00e1 vit\u00f3ria ao Real Madrid sobre o Rayo Vallecano - Portal Tela Portugal","og_description":"O Real Madrid venceu por 2-1 o Rayo Vallecano no Est\u00e1dio Santiago Bernab\u00e9u, com um pen\u00e1lti de Kylian Mbapp\u00e9 aos 90+10. O brasileiro Vin\u00edcius J\u00fanior abriu o marcador aos 15 minutos; Jorge de Frutos empatou aos 49, para o Rayo. Path\u00e9 Ciss foi expulso aos 80 minutos, abrindo espa\u00e7o para o Real Madrid ter uma grande pen\u00e1lti nos descontos, convertida por Mbapp\u00e9. Com a vit\u00f3ria, o Real Madrid soma a sexta vit\u00f3ria consecutiva na La Liga e fica a um ponto do l\u00edder Barcelona, que venceu Elche por 3-1. O Rayo Vallecano, com tr\u00eas derrotas seguidas, ocupa a 17.\u00aa posi\u00e7\u00e3o, com 22 pontos, mantendo-se acima da zona de despromo\u00e7\u00e3o e preparando-se para o play-off da Liga dos Campe\u00f5es contra o Benfica.","og_url":"https:\/\/portaltela.pt\/noticias\/2026\/02\/01\/penalti-de-mbappe-aos-90-10-da-vitoria-ao-real-madrid-sobre-o-rayo-vallecano-2\/","og_site_name":"Portal Tela Portugal","article_published_time":"2026-02-01T16:50:00+00:00","author":"Telinha","twitter_card":"summary_large_image","twitter_misc":{"Escrito por":"Telinha","Tempo estimado de leitura":"1 minuto"},"schema":{"@context":"https:\/\/schema.org","@graph":[{"@type":"Article","@id":"https:\/\/portaltela.pt\/noticias\/2026\/02\/01\/penalti-de-mbappe-aos-90-10-da-vitoria-ao-real-madrid-sobre-o-rayo-vallecano-2\/#article","isPartOf":{"@id":"https:\/\/portaltela.pt\/noticias\/2026\/02\/01\/penalti-de-mbappe-aos-90-10-da-vitoria-ao-real-madrid-sobre-o-rayo-vallecano-2\/"},"author":{"name":"Telinha","@id":"https:\/\/portaltela.pt\/#\/schema\/person\/c4278d4a6028830caff9ee44b42d32ed"},"headline":"Pen\u00e1lti de Mbapp\u00e9 aos 90+10 d\u00e1 vit\u00f3ria ao Real Madrid sobre o Rayo Vallecano","datePublished":"2026-02-01T16:50:00+00:00","mainEntityOfPage":{"@id":"https:\/\/portaltela.pt\/noticias\/2026\/02\/01\/penalti-de-mbappe-aos-90-10-da-vitoria-ao-real-madrid-sobre-o-rayo-vallecano-2\/"},"wordCount":237,"image":{"@id":"https:\/\/portaltela.pt\/noticias\/2026\/02\/01\/penalti-de-mbappe-aos-90-10-da-vitoria-ao-real-madrid-sobre-o-rayo-vallecano-2\/#primaryimage"},"thumbnailUrl":"https:\/\/portaltela.pt\/s.01k8rhncp4jt1\/2026\/02\/image-41.jpg","keywords":["futebol","jogo","La Liga","Mbapp\u00e9","pen\u00e1lti","Rayo Vallecano"],"articleSection":["Desporto","Futebol"],"inLanguage":"pt-PT"},{"@type":"WebPage","@id":"https:\/\/portaltela.pt\/noticias\/2026\/02\/01\/penalti-de-mbappe-aos-90-10-da-vitoria-ao-real-madrid-sobre-o-rayo-vallecano-2\/","url":"https:\/\/portaltela.pt\/noticias\/2026\/02\/01\/penalti-de-mbappe-aos-90-10-da-vitoria-ao-real-madrid-sobre-o-rayo-vallecano-2\/","name":"Pen\u00e1lti de Mbapp\u00e9 aos 90+10 d\u00e1 vit\u00f3ria ao Real Madrid sobre o Rayo Vallecano - Portal Tela Portugal","isPartOf":{"@id":"https:\/\/portaltela.pt\/#website"},"primaryImageOfPage":{"@id":"https:\/\/portaltela.pt\/noticias\/2026\/02\/01\/penalti-de-mbappe-aos-90-10-da-vitoria-ao-real-madrid-sobre-o-rayo-vallecano-2\/#primaryimage"},"image":{"@id":"https:\/\/portaltela.pt\/noticias\/2026\/02\/01\/penalti-de-mbappe-aos-90-10-da-vitoria-ao-real-madrid-sobre-o-rayo-vallecano-2\/#primaryimage"},"thumbnailUrl":"https:\/\/portaltela.pt\/s.01k8rhncp4jt1\/2026\/02\/image-41.jpg","datePublished":"2026-02-01T16:50:00+00:00","author":{"@id":"https:\/\/portaltela.pt\/#\/schema\/person\/c4278d4a6028830caff9ee44b42d32ed"},"breadcrumb":{"@id":"https:\/\/portaltela.pt\/noticias\/2026\/02\/01\/penalti-de-mbappe-aos-90-10-da-vitoria-ao-real-madrid-sobre-o-rayo-vallecano-2\/#breadcrumb"},"inLanguage":"pt-PT","potentialAction":[{"@type":"ReadAction","target":["https:\/\/portaltela.pt\/noticias\/2026\/02\/01\/penalti-de-mbappe-aos-90-10-da-vitoria-ao-real-madrid-sobre-o-rayo-vallecano-2\/"]}]},{"@type":"ImageObject","inLanguage":"pt-PT","@id":"https:\/\/portaltela.pt\/noticias\/2026\/02\/01\/penalti-de-mbappe-aos-90-10-da-vitoria-ao-real-madrid-sobre-o-rayo-vallecano-2\/#primaryimage","url":"https:\/\/portaltela.pt\/s.01k8rhncp4jt1\/2026\/02\/image-41.jpg","contentUrl":"https:\/\/portaltela.pt\/s.01k8rhncp4jt1\/2026\/02\/image-41.jpg","width":796,"height":448,"caption":"Craque franc\u00eas marcou o golo da vit\u00f3ria no \u00faltimo suspiro"},{"@type":"BreadcrumbList","@id":"https:\/\/portaltela.pt\/noticias\/2026\/02\/01\/penalti-de-mbappe-aos-90-10-da-vitoria-ao-real-madrid-sobre-o-rayo-vallecano-2\/#breadcrumb","itemListElement":[{"@type":"ListItem","position":1,"name":"In\u00edcio","item":"https:\/\/portaltela.pt\/"},{"@type":"ListItem","position":2,"name":"Pen\u00e1lti de Mbapp\u00e9 aos 90+10 d\u00e1 vit\u00f3ria ao Real Madrid sobre o Rayo Vallecano"}]},{"@type":"WebSite","@id":"https:\/\/portaltela.pt\/#website","url":"https:\/\/portaltela.pt\/","name":"Portal Tela Portugal","description":"","potentialAction":[{"@type":"SearchAction","target":{"@type":"EntryPoint","urlTemplate":"https:\/\/portaltela.pt\/?s={search_term_string}"},"query-input":{"@type":"PropertyValueSpecification","valueRequired":true,"valueName":"search_term_string"}}],"inLanguage":"pt-PT"},{"@type":"Person","@id":"https:\/\/portaltela.pt\/#\/schema\/person\/c4278d4a6028830caff9ee44b42d32ed","name":"Telinha","image":{"@type":"ImageObject","inLanguage":"pt-PT","@id":"https:\/\/portaltela.pt\/s.01k8rhncp4jt1\/2025\/11\/talking-bot-125x125.png","url":"https:\/\/portaltela.pt\/s.01k8rhncp4jt1\/2025\/11\/talking-bot-125x125.png","contentUrl":"https:\/\/portaltela.pt\/s.01k8rhncp4jt1\/2025\/11\/talking-bot-125x125.png","caption":"Telinha"},"sameAs":["https:\/\/portaltela.pt\/"],"url":"https:\/\/portaltela.pt\/por\/367410592786\/"}]}},"_links":{"self":[{"href":"https:\/\/portaltela.pt\/api\/wp\/v2\/posts\/188949","targetHints":{"allow":["GET"]}}],"collection":[{"href":"https:\/\/portaltela.pt\/api\/wp\/v2\/posts"}],"about":[{"href":"https:\/\/portaltela.pt\/api\/wp\/v2\/types\/post"}],"author":[{"embeddable":true,"href":"https:\/\/portaltela.pt\/api\/wp\/v2\/users\/2"}],"replies":[{"embeddable":true,"href":"https:\/\/portaltela.pt\/api\/wp\/v2\/comments?post=188949"}],"version-history":[{"count":0,"href":"https:\/\/portaltela.pt\/api\/wp\/v2\/posts\/188949\/revisions"}],"wp:featuredmedia":[{"embeddable":true,"href":"https:\/\/portaltela.pt\/api\/wp\/v2\/media\/188951"}],"wp:attachment":[{"href":"https:\/\/portaltela.pt\/api\/wp\/v2\/media?parent=188949"}],"wp:term":[{"taxonomy":"category","embeddable":true,"href":"https:\/\/portaltela.pt\/api\/wp\/v2\/categories?post=188949"},{"taxonomy":"post_tag","embeddable":true,"href":"https:\/\/portaltela.pt\/api\/wp\/v2\/tags?post=188949"}],"curies":[{"name":"wp","href":"https:\/\/api.w.org\/{rel}","templated":true}]}}