{"id":188925,"date":"2026-02-01T13:35:00","date_gmt":"2026-02-01T16:35:00","guid":{"rendered":"https:\/\/portaltela.pt\/noticias\/2026\/02\/01\/joao-luis-lima-da-silva-e-o-novo-secretario-executivo-da-cim-cavado\/"},"modified":"2026-02-01T13:35:00","modified_gmt":"2026-02-01T16:35:00","slug":"joao-luis-lima-da-silva-e-o-novo-secretario-executivo-da-cim-cavado","status":"publish","type":"post","link":"https:\/\/portaltela.pt\/noticias\/2026\/02\/01\/joao-luis-lima-da-silva-e-o-novo-secretario-executivo-da-cim-cavado\/","title":{"rendered":"Jo\u00e3o Lu\u00eds Lima da Silva \u00e9 o novo Secret\u00e1rio Executivo da CIM C\u00e1vado"},"content":{"rendered":"<p>A CIM C\u00e1vado realizou ontem, em plen\u00e1rio na sua sede, a elei\u00e7\u00e3o do novo Secretariado Executivo Intermunicipal. A sess\u00e3o decorreu no \u00e2mbito da Assembleia Intermunicipal, destinada a compor a Mesa e a designar os membros do Secretariado. A elei\u00e7\u00e3o ocorreu ap\u00f3s a apresenta\u00e7\u00e3o de uma proposta previamente aprovada pelo Conselho Intermunicipal.<\/p>\n<p>A Mesa da Assembleia Intermunicipal ficou assim definida: <strong>Joaquim Manuel Ara\u00fajo Barbosa<\/strong>, Presidente; <strong>Alexandrino Manuel Oliveira Ribeiro<\/strong>, Vice-Presidente; <strong>Susana Sofia Pereira da Silva<\/strong>, Secret\u00e1ria. A escolha da Mesa precedeu a elei\u00e7\u00e3o do Secretariado Executivo.<\/p>\n<p>No decorrer da sess\u00e3o, o Presidente do Conselho Intermunicipal apresentou a composi\u00e7\u00e3o do Secretariado Executivo Intermunicipal, j\u00e1 aprovada pelo Conselho, conforme a al\u00ednea c) do artigo 84.\u00ba da Lei n.\u00ba 75\/2013. Submetida a sufr\u00e1gio, a proposta foi aprovada.<\/p>\n<h3>Novo Secretariado Executivo Intermunicipal<\/h3>\n<p>O Secretariado Executivo Intermunicipal da CIM C\u00e1vado passa a ser integrado por tr\u00eas membros: <strong>Jo\u00e3o Lu\u00eds Lima da Silva<\/strong>, Primeiro Secret\u00e1rio Executivo; <strong>Carlos Duarte Oliveira e Silva<\/strong>, Secret\u00e1rio Executivo; e <strong>Marta Sofia Barros Magalh\u00e3es<\/strong>, Secret\u00e1ria Executiva. A equipa re\u00fane experi\u00eancia na Administra\u00e7\u00e3o P\u00fablica Local, gest\u00e3o de pol\u00edticas p\u00fablicas, coordena\u00e7\u00e3o de projetos intermunicipais e gest\u00e3o de fundos europeus.<\/p>\n<p>Este n\u00facleo tem a miss\u00e3o de apoiar a gest\u00e3o estrat\u00e9gica e operacional da CIM C\u00e1vado, promovendo a coopera\u00e7\u00e3o entre os munic\u00edpios de Amares, Barcelos, Braga, Esposende, Terras de Bouro e Vila Verde. A atua\u00e7\u00e3o visa assegurar a execu\u00e7\u00e3o eficaz de pol\u00edticas p\u00fablicas e de projetos de interesse comum.<\/p>\n<p>Ainda na mesma sess\u00e3o, a Assembleia Intermunicipal aprovou o Plano e Or\u00e7amento para 2026. O documento define prioridades, investimentos e recursos financeiros para o pr\u00f3ximo exerc\u00edcio, orientando as a\u00e7\u00f5es da CIM C\u00e1vado.<\/p>\n<p>Com a nova equipa, a CIM C\u00e1vado pretende refor\u00e7ar a efici\u00eancia, a transpar\u00eancia e a inova\u00e7\u00e3o na gest\u00e3o p\u00fablica local, alinhando as iniciativas \u00e0s necessidades da popula\u00e7\u00e3o e aos desafios do territ\u00f3rio.<\/p>\n","protected":false},"excerpt":{"rendered":"<ul>\n<li>Jo\u00e3o Lu\u00eds Lima da Silva foi eleito Primeiro Secret\u00e1rio Executivo da CIM C\u00e1vado, acompanhado por Carlos Duarte Oliveira e Silva (Secret\u00e1rio Executivo) e Marta Sofia Barros Magalh\u00e3es (Secret\u00e1ria Executiva).<\/li>\n<li>A elei\u00e7\u00e3o ocorreu na sess\u00e3o da Assembleia Intermunicipal, que na pr\u00e1tica confirmou a composi\u00e7\u00e3o do Secretariado Executivo Intermunicipal.<\/li>\n<li>A Mesa da Assembleia Intermunicipal ficou constitu\u00edda por Joaquim Manuel Ara\u00fajo Barbosa (Presidente), Alexandrino Manuel Oliveira Ribeiro (Vice-Presidente) e Susana Sofia Pereira da Silva (Secret\u00e1ria).<\/li>\n<li>O Secretariado Executivo Intermunicipal re\u00fane tr\u00eas membros com experi\u00eancia na Administra\u00e7\u00e3o P\u00fablica Local, gest\u00e3o de pol\u00edticas p\u00fablicas, coordena\u00e7\u00e3o de projetos intermunicipais e gest\u00e3o de fundos europeus.<\/li>\n<li>Foi tamb\u00e9m aprovado o Plano e Or\u00e7amento da CIM C\u00e1vado para 2026, definindo prioridades, investimentos e recursos para as pol\u00edticas e projetos intermunicipais.<\/li>\n<\/ul>\n","protected":false},"author":2,"featured_media":188927,"comment_status":"closed","ping_status":"closed","sticky":false,"template":"","format":"standard","meta":{"footnotes":""},"categories":[1],"tags":[168,1977,1027,1207,1545,5020],"class_list":["post-188925","post","type-post","status-publish","format-standard","has-post-thumbnail","hentry","category-noticias","tag-administracao-publica","tag-amares","tag-barcelos","tag-braga","tag-esposende","tag-vila-verde"],"yoast_head":"<!-- This site is optimized with the Yoast SEO plugin v27.2 - https:\/\/yoast.com\/product\/yoast-seo-wordpress\/ -->\n<title>Jo\u00e3o Lu\u00eds Lima da Silva \u00e9 o novo Secret\u00e1rio Executivo da CIM C\u00e1vado - Portal Tela Portugal<\/title>\n<meta name=\"robots\" content=\"index, follow, max-snippet:-1, max-image-preview:large, max-video-preview:-1\" \/>\n<meta property=\"og:locale\" content=\"pt_PT\" \/>\n<meta property=\"og:type\" content=\"article\" \/>\n<meta property=\"og:title\" content=\"Jo\u00e3o Lu\u00eds Lima da Silva \u00e9 o novo Secret\u00e1rio Executivo da CIM C\u00e1vado - Portal Tela Portugal\" \/>\n<meta property=\"og:description\" content=\"Jo\u00e3o Lu\u00eds Lima da Silva foi eleito Primeiro Secret\u00e1rio Executivo da CIM C\u00e1vado, acompanhado por Carlos Duarte Oliveira e Silva (Secret\u00e1rio Executivo) e Marta Sofia Barros Magalh\u00e3es (Secret\u00e1ria Executiva). A elei\u00e7\u00e3o ocorreu na sess\u00e3o da Assembleia Intermunicipal, que na pr\u00e1tica confirmou a composi\u00e7\u00e3o do Secretariado Executivo Intermunicipal. A Mesa da Assembleia Intermunicipal ficou constitu\u00edda por Joaquim Manuel Ara\u00fajo Barbosa (Presidente), Alexandrino Manuel Oliveira Ribeiro (Vice-Presidente) e Susana Sofia Pereira da Silva (Secret\u00e1ria). O Secretariado Executivo Intermunicipal re\u00fane tr\u00eas membros com experi\u00eancia na Administra\u00e7\u00e3o P\u00fablica Local, gest\u00e3o de pol\u00edticas p\u00fablicas, coordena\u00e7\u00e3o de projetos intermunicipais e gest\u00e3o de fundos europeus. Foi tamb\u00e9m aprovado o Plano e Or\u00e7amento da CIM C\u00e1vado para 2026, definindo prioridades, investimentos e recursos para as pol\u00edticas e projetos intermunicipais.\" \/>\n<meta property=\"og:url\" content=\"https:\/\/portaltela.pt\/noticias\/2026\/02\/01\/joao-luis-lima-da-silva-e-o-novo-secretario-executivo-da-cim-cavado\/\" \/>\n<meta property=\"og:site_name\" content=\"Portal Tela Portugal\" \/>\n<meta property=\"article:published_time\" content=\"2026-02-01T16:35:00+00:00\" \/>\n<meta name=\"author\" content=\"Telinha\" \/>\n<meta name=\"twitter:card\" content=\"summary_large_image\" \/>\n<meta name=\"twitter:label1\" content=\"Escrito por\" \/>\n\t<meta name=\"twitter:data1\" content=\"Telinha\" \/>\n\t<meta name=\"twitter:label2\" content=\"Tempo estimado de leitura\" \/>\n\t<meta name=\"twitter:data2\" content=\"2 minutos\" \/>\n<script type=\"application\/ld+json\" class=\"yoast-schema-graph\">{\"@context\":\"https:\/\/schema.org\",\"@graph\":[{\"@type\":\"Article\",\"@id\":\"https:\/\/portaltela.pt\/noticias\/2026\/02\/01\/joao-luis-lima-da-silva-e-o-novo-secretario-executivo-da-cim-cavado\/#article\",\"isPartOf\":{\"@id\":\"https:\/\/portaltela.pt\/noticias\/2026\/02\/01\/joao-luis-lima-da-silva-e-o-novo-secretario-executivo-da-cim-cavado\/\"},\"author\":{\"name\":\"Telinha\",\"@id\":\"https:\/\/portaltela.pt\/#\/schema\/person\/c4278d4a6028830caff9ee44b42d32ed\"},\"headline\":\"Jo\u00e3o Lu\u00eds Lima da Silva \u00e9 o novo Secret\u00e1rio Executivo da CIM C\u00e1vado\",\"datePublished\":\"2026-02-01T16:35:00+00:00\",\"mainEntityOfPage\":{\"@id\":\"https:\/\/portaltela.pt\/noticias\/2026\/02\/01\/joao-luis-lima-da-silva-e-o-novo-secretario-executivo-da-cim-cavado\/\"},\"wordCount\":366,\"image\":{\"@id\":\"https:\/\/portaltela.pt\/noticias\/2026\/02\/01\/joao-luis-lima-da-silva-e-o-novo-secretario-executivo-da-cim-cavado\/#primaryimage\"},\"thumbnailUrl\":\"https:\/\/portaltela.pt\/s.01k8rhncp4jt1\/2026\/02\/unnamed-file-156.jpg\",\"keywords\":[\"administra\u00e7\u00e3o p\u00fablica\",\"Amares\",\"Barcelos\",\"Braga\",\"Esposende\",\"Vila Verde\"],\"articleSection\":[\"Not\u00edcias\"],\"inLanguage\":\"pt-PT\"},{\"@type\":\"WebPage\",\"@id\":\"https:\/\/portaltela.pt\/noticias\/2026\/02\/01\/joao-luis-lima-da-silva-e-o-novo-secretario-executivo-da-cim-cavado\/\",\"url\":\"https:\/\/portaltela.pt\/noticias\/2026\/02\/01\/joao-luis-lima-da-silva-e-o-novo-secretario-executivo-da-cim-cavado\/\",\"name\":\"Jo\u00e3o Lu\u00eds Lima da Silva \u00e9 o novo Secret\u00e1rio Executivo da CIM C\u00e1vado - Portal Tela Portugal\",\"isPartOf\":{\"@id\":\"https:\/\/portaltela.pt\/#website\"},\"primaryImageOfPage\":{\"@id\":\"https:\/\/portaltela.pt\/noticias\/2026\/02\/01\/joao-luis-lima-da-silva-e-o-novo-secretario-executivo-da-cim-cavado\/#primaryimage\"},\"image\":{\"@id\":\"https:\/\/portaltela.pt\/noticias\/2026\/02\/01\/joao-luis-lima-da-silva-e-o-novo-secretario-executivo-da-cim-cavado\/#primaryimage\"},\"thumbnailUrl\":\"https:\/\/portaltela.pt\/s.01k8rhncp4jt1\/2026\/02\/unnamed-file-156.jpg\",\"datePublished\":\"2026-02-01T16:35:00+00:00\",\"author\":{\"@id\":\"https:\/\/portaltela.pt\/#\/schema\/person\/c4278d4a6028830caff9ee44b42d32ed\"},\"breadcrumb\":{\"@id\":\"https:\/\/portaltela.pt\/noticias\/2026\/02\/01\/joao-luis-lima-da-silva-e-o-novo-secretario-executivo-da-cim-cavado\/#breadcrumb\"},\"inLanguage\":\"pt-PT\",\"potentialAction\":[{\"@type\":\"ReadAction\",\"target\":[\"https:\/\/portaltela.pt\/noticias\/2026\/02\/01\/joao-luis-lima-da-silva-e-o-novo-secretario-executivo-da-cim-cavado\/\"]}]},{\"@type\":\"ImageObject\",\"inLanguage\":\"pt-PT\",\"@id\":\"https:\/\/portaltela.pt\/noticias\/2026\/02\/01\/joao-luis-lima-da-silva-e-o-novo-secretario-executivo-da-cim-cavado\/#primaryimage\",\"url\":\"https:\/\/portaltela.pt\/s.01k8rhncp4jt1\/2026\/02\/unnamed-file-156.jpg\",\"contentUrl\":\"https:\/\/portaltela.pt\/s.01k8rhncp4jt1\/2026\/02\/unnamed-file-156.jpg\",\"width\":796,\"height\":448,\"caption\":\"Jo\u00e3o Lu\u00eds Lima da Silva \u00e9 o novo Primeiro Secret\u00e1rio Executivo da CIM C\u00e1vado\"},{\"@type\":\"BreadcrumbList\",\"@id\":\"https:\/\/portaltela.pt\/noticias\/2026\/02\/01\/joao-luis-lima-da-silva-e-o-novo-secretario-executivo-da-cim-cavado\/#breadcrumb\",\"itemListElement\":[{\"@type\":\"ListItem\",\"position\":1,\"name\":\"In\u00edcio\",\"item\":\"https:\/\/portaltela.pt\/\"},{\"@type\":\"ListItem\",\"position\":2,\"name\":\"Jo\u00e3o Lu\u00eds Lima da Silva \u00e9 o novo Secret\u00e1rio Executivo da CIM C\u00e1vado\"}]},{\"@type\":\"WebSite\",\"@id\":\"https:\/\/portaltela.pt\/#website\",\"url\":\"https:\/\/portaltela.pt\/\",\"name\":\"Portal Tela Portugal\",\"description\":\"\",\"potentialAction\":[{\"@type\":\"SearchAction\",\"target\":{\"@type\":\"EntryPoint\",\"urlTemplate\":\"https:\/\/portaltela.pt\/?s={search_term_string}\"},\"query-input\":{\"@type\":\"PropertyValueSpecification\",\"valueRequired\":true,\"valueName\":\"search_term_string\"}}],\"inLanguage\":\"pt-PT\"},{\"@type\":\"Person\",\"@id\":\"https:\/\/portaltela.pt\/#\/schema\/person\/c4278d4a6028830caff9ee44b42d32ed\",\"name\":\"Telinha\",\"image\":{\"@type\":\"ImageObject\",\"inLanguage\":\"pt-PT\",\"@id\":\"https:\/\/portaltela.pt\/s.01k8rhncp4jt1\/2025\/11\/talking-bot-125x125.png\",\"url\":\"https:\/\/portaltela.pt\/s.01k8rhncp4jt1\/2025\/11\/talking-bot-125x125.png\",\"contentUrl\":\"https:\/\/portaltela.pt\/s.01k8rhncp4jt1\/2025\/11\/talking-bot-125x125.png\",\"caption\":\"Telinha\"},\"sameAs\":[\"https:\/\/portaltela.pt\/\"],\"url\":\"https:\/\/portaltela.pt\/por\/367410592786\/\"}]}<\/script>\n<!-- \/ Yoast SEO plugin. -->","yoast_head_json":{"title":"Jo\u00e3o Lu\u00eds Lima da Silva \u00e9 o novo Secret\u00e1rio Executivo da CIM C\u00e1vado - Portal Tela Portugal","robots":{"index":"index","follow":"follow","max-snippet":"max-snippet:-1","max-image-preview":"max-image-preview:large","max-video-preview":"max-video-preview:-1"},"og_locale":"pt_PT","og_type":"article","og_title":"Jo\u00e3o Lu\u00eds Lima da Silva \u00e9 o novo Secret\u00e1rio Executivo da CIM C\u00e1vado - Portal Tela Portugal","og_description":"Jo\u00e3o Lu\u00eds Lima da Silva foi eleito Primeiro Secret\u00e1rio Executivo da CIM C\u00e1vado, acompanhado por Carlos Duarte Oliveira e Silva (Secret\u00e1rio Executivo) e Marta Sofia Barros Magalh\u00e3es (Secret\u00e1ria Executiva). A elei\u00e7\u00e3o ocorreu na sess\u00e3o da Assembleia Intermunicipal, que na pr\u00e1tica confirmou a composi\u00e7\u00e3o do Secretariado Executivo Intermunicipal. A Mesa da Assembleia Intermunicipal ficou constitu\u00edda por Joaquim Manuel Ara\u00fajo Barbosa (Presidente), Alexandrino Manuel Oliveira Ribeiro (Vice-Presidente) e Susana Sofia Pereira da Silva (Secret\u00e1ria). O Secretariado Executivo Intermunicipal re\u00fane tr\u00eas membros com experi\u00eancia na Administra\u00e7\u00e3o P\u00fablica Local, gest\u00e3o de pol\u00edticas p\u00fablicas, coordena\u00e7\u00e3o de projetos intermunicipais e gest\u00e3o de fundos europeus. Foi tamb\u00e9m aprovado o Plano e Or\u00e7amento da CIM C\u00e1vado para 2026, definindo prioridades, investimentos e recursos para as pol\u00edticas e projetos intermunicipais.","og_url":"https:\/\/portaltela.pt\/noticias\/2026\/02\/01\/joao-luis-lima-da-silva-e-o-novo-secretario-executivo-da-cim-cavado\/","og_site_name":"Portal Tela Portugal","article_published_time":"2026-02-01T16:35:00+00:00","author":"Telinha","twitter_card":"summary_large_image","twitter_misc":{"Escrito por":"Telinha","Tempo estimado de leitura":"2 minutos"},"schema":{"@context":"https:\/\/schema.org","@graph":[{"@type":"Article","@id":"https:\/\/portaltela.pt\/noticias\/2026\/02\/01\/joao-luis-lima-da-silva-e-o-novo-secretario-executivo-da-cim-cavado\/#article","isPartOf":{"@id":"https:\/\/portaltela.pt\/noticias\/2026\/02\/01\/joao-luis-lima-da-silva-e-o-novo-secretario-executivo-da-cim-cavado\/"},"author":{"name":"Telinha","@id":"https:\/\/portaltela.pt\/#\/schema\/person\/c4278d4a6028830caff9ee44b42d32ed"},"headline":"Jo\u00e3o Lu\u00eds Lima da Silva \u00e9 o novo Secret\u00e1rio Executivo da CIM C\u00e1vado","datePublished":"2026-02-01T16:35:00+00:00","mainEntityOfPage":{"@id":"https:\/\/portaltela.pt\/noticias\/2026\/02\/01\/joao-luis-lima-da-silva-e-o-novo-secretario-executivo-da-cim-cavado\/"},"wordCount":366,"image":{"@id":"https:\/\/portaltela.pt\/noticias\/2026\/02\/01\/joao-luis-lima-da-silva-e-o-novo-secretario-executivo-da-cim-cavado\/#primaryimage"},"thumbnailUrl":"https:\/\/portaltela.pt\/s.01k8rhncp4jt1\/2026\/02\/unnamed-file-156.jpg","keywords":["administra\u00e7\u00e3o p\u00fablica","Amares","Barcelos","Braga","Esposende","Vila Verde"],"articleSection":["Not\u00edcias"],"inLanguage":"pt-PT"},{"@type":"WebPage","@id":"https:\/\/portaltela.pt\/noticias\/2026\/02\/01\/joao-luis-lima-da-silva-e-o-novo-secretario-executivo-da-cim-cavado\/","url":"https:\/\/portaltela.pt\/noticias\/2026\/02\/01\/joao-luis-lima-da-silva-e-o-novo-secretario-executivo-da-cim-cavado\/","name":"Jo\u00e3o Lu\u00eds Lima da Silva \u00e9 o novo Secret\u00e1rio Executivo da CIM C\u00e1vado - Portal Tela Portugal","isPartOf":{"@id":"https:\/\/portaltela.pt\/#website"},"primaryImageOfPage":{"@id":"https:\/\/portaltela.pt\/noticias\/2026\/02\/01\/joao-luis-lima-da-silva-e-o-novo-secretario-executivo-da-cim-cavado\/#primaryimage"},"image":{"@id":"https:\/\/portaltela.pt\/noticias\/2026\/02\/01\/joao-luis-lima-da-silva-e-o-novo-secretario-executivo-da-cim-cavado\/#primaryimage"},"thumbnailUrl":"https:\/\/portaltela.pt\/s.01k8rhncp4jt1\/2026\/02\/unnamed-file-156.jpg","datePublished":"2026-02-01T16:35:00+00:00","author":{"@id":"https:\/\/portaltela.pt\/#\/schema\/person\/c4278d4a6028830caff9ee44b42d32ed"},"breadcrumb":{"@id":"https:\/\/portaltela.pt\/noticias\/2026\/02\/01\/joao-luis-lima-da-silva-e-o-novo-secretario-executivo-da-cim-cavado\/#breadcrumb"},"inLanguage":"pt-PT","potentialAction":[{"@type":"ReadAction","target":["https:\/\/portaltela.pt\/noticias\/2026\/02\/01\/joao-luis-lima-da-silva-e-o-novo-secretario-executivo-da-cim-cavado\/"]}]},{"@type":"ImageObject","inLanguage":"pt-PT","@id":"https:\/\/portaltela.pt\/noticias\/2026\/02\/01\/joao-luis-lima-da-silva-e-o-novo-secretario-executivo-da-cim-cavado\/#primaryimage","url":"https:\/\/portaltela.pt\/s.01k8rhncp4jt1\/2026\/02\/unnamed-file-156.jpg","contentUrl":"https:\/\/portaltela.pt\/s.01k8rhncp4jt1\/2026\/02\/unnamed-file-156.jpg","width":796,"height":448,"caption":"Jo\u00e3o Lu\u00eds Lima da Silva \u00e9 o novo Primeiro Secret\u00e1rio Executivo da CIM C\u00e1vado"},{"@type":"BreadcrumbList","@id":"https:\/\/portaltela.pt\/noticias\/2026\/02\/01\/joao-luis-lima-da-silva-e-o-novo-secretario-executivo-da-cim-cavado\/#breadcrumb","itemListElement":[{"@type":"ListItem","position":1,"name":"In\u00edcio","item":"https:\/\/portaltela.pt\/"},{"@type":"ListItem","position":2,"name":"Jo\u00e3o Lu\u00eds Lima da Silva \u00e9 o novo Secret\u00e1rio Executivo da CIM C\u00e1vado"}]},{"@type":"WebSite","@id":"https:\/\/portaltela.pt\/#website","url":"https:\/\/portaltela.pt\/","name":"Portal Tela Portugal","description":"","potentialAction":[{"@type":"SearchAction","target":{"@type":"EntryPoint","urlTemplate":"https:\/\/portaltela.pt\/?s={search_term_string}"},"query-input":{"@type":"PropertyValueSpecification","valueRequired":true,"valueName":"search_term_string"}}],"inLanguage":"pt-PT"},{"@type":"Person","@id":"https:\/\/portaltela.pt\/#\/schema\/person\/c4278d4a6028830caff9ee44b42d32ed","name":"Telinha","image":{"@type":"ImageObject","inLanguage":"pt-PT","@id":"https:\/\/portaltela.pt\/s.01k8rhncp4jt1\/2025\/11\/talking-bot-125x125.png","url":"https:\/\/portaltela.pt\/s.01k8rhncp4jt1\/2025\/11\/talking-bot-125x125.png","contentUrl":"https:\/\/portaltela.pt\/s.01k8rhncp4jt1\/2025\/11\/talking-bot-125x125.png","caption":"Telinha"},"sameAs":["https:\/\/portaltela.pt\/"],"url":"https:\/\/portaltela.pt\/por\/367410592786\/"}]}},"_links":{"self":[{"href":"https:\/\/portaltela.pt\/api\/wp\/v2\/posts\/188925","targetHints":{"allow":["GET"]}}],"collection":[{"href":"https:\/\/portaltela.pt\/api\/wp\/v2\/posts"}],"about":[{"href":"https:\/\/portaltela.pt\/api\/wp\/v2\/types\/post"}],"author":[{"embeddable":true,"href":"https:\/\/portaltela.pt\/api\/wp\/v2\/users\/2"}],"replies":[{"embeddable":true,"href":"https:\/\/portaltela.pt\/api\/wp\/v2\/comments?post=188925"}],"version-history":[{"count":0,"href":"https:\/\/portaltela.pt\/api\/wp\/v2\/posts\/188925\/revisions"}],"wp:featuredmedia":[{"embeddable":true,"href":"https:\/\/portaltela.pt\/api\/wp\/v2\/media\/188927"}],"wp:attachment":[{"href":"https:\/\/portaltela.pt\/api\/wp\/v2\/media?parent=188925"}],"wp:term":[{"taxonomy":"category","embeddable":true,"href":"https:\/\/portaltela.pt\/api\/wp\/v2\/categories?post=188925"},{"taxonomy":"post_tag","embeddable":true,"href":"https:\/\/portaltela.pt\/api\/wp\/v2\/tags?post=188925"}],"curies":[{"name":"wp","href":"https:\/\/api.w.org\/{rel}","templated":true}]}}