{"id":188897,"date":"2026-02-01T11:27:10","date_gmt":"2026-02-01T14:27:10","guid":{"rendered":"https:\/\/portaltela.pt\/noticias\/2026\/02\/01\/voluntarios-do-canil-gatil-de-seixal-lancam-campanha-os-gatos-do-meu-concelho\/"},"modified":"2026-02-01T11:27:10","modified_gmt":"2026-02-01T14:27:10","slug":"voluntarios-do-canil-gatil-de-seixal-lancam-campanha-os-gatos-do-meu-concelho","status":"publish","type":"post","link":"https:\/\/portaltela.pt\/noticias\/2026\/02\/01\/voluntarios-do-canil-gatil-de-seixal-lancam-campanha-os-gatos-do-meu-concelho\/","title":{"rendered":"Volunt\u00e1rios do Canil\/Gatil de Seixal lan\u00e7am campanha Os gatos do meu concelho"},"content":{"rendered":"<p>O Grupo de Volunt\u00e1rios do Canil\/Gatil Municipal do Seixal lan\u00e7ou a campanha solid\u00e1ria Os gatos do meu concelho, destinada a apoiar cuidadores de animais de rua no concelho do Seixal. A iniciativa pretende reconhecer quem alimenta as col\u00f3nias de gatos mesmo diante de dificuldades financeiras.<\/p>\n<p>A campanha foi partilhada nas redes sociais do grupo, que recorda que existem m\u00e3os invis\u00edveis a cuidar destes animais em cada canto do concelho. Os cuidadores dedicam tempo, muitas vezes sem apoio, para evitar que haja fome entre os gatos.<\/p>\n<p>O objetivo \u00e9 apoiar quem mantiene estas col\u00f3nias, destacando o esfor\u00e7o cont\u00ednuo de quem garante alimenta\u00e7\u00e3o aos gatos, independentemente das condi\u00e7\u00f5es meteorol\u00f3gicas. A iniciativa surge para facilitar o trabalho destes cuidadores.<\/p>\n<p>Os respons\u00e1veis por col\u00f3nias podem candidatar-se preenchendo o formul\u00e1rio de inscri\u00e7\u00e3o para receber apoio alimentar. A entrega est\u00e1 prevista para 28 de fevereiro, e as inscri\u00e7\u00f5es v\u00e3o manter-se abertas at\u00e9 25 de fevereiro.<\/p>\n<h3>Como participar<\/h3>\n<p>Os interessados devem submeter o formul\u00e1rio criado pela organiza\u00e7\u00e3o. O apoio alimentar ser\u00e1 distribu\u00eddo conforme a disponibilidade, com foco nas necessidades identificadas pelos cuidadores.<\/p>\n","protected":false},"excerpt":{"rendered":"<ul>\n<li>O Grupo de Volunt\u00e1rios do Canil\/Gatil Municipal do Seixal lan\u00e7ou a campanha solid\u00e1ria \u201cOs gatos do meu concelho\u201d.<\/li>\n<li>A iniciativa visa apoiar cuidadores de col\u00f3nias de gatos de rua no concelho, que asseguram alimenta\u00e7\u00e3o aos animais.<\/li>\n<li>Cuidadores podem preencher um formul\u00e1rio para receber apoio alimentar; a entrega est\u00e1 prevista para o dia 28 de fevereiro.<\/li>\n<li>As inscri\u00e7\u00f5es est\u00e3o abertas at\u00e9 25 de fevereiro.<\/li>\n<li>A campanha foi partilhada nas redes sociais do grupo para sensibilizar a comunidade a apoiar os cuidadores locais.<\/li>\n<\/ul>\n","protected":false},"author":2,"featured_media":188899,"comment_status":"closed","ping_status":"closed","sticky":false,"template":"","format":"standard","meta":{"footnotes":""},"categories":[1],"tags":[86,3091,136,945,1064,3266],"class_list":["post-188897","post","type-post","status-publish","format-standard","has-post-thumbnail","hentry","category-noticias","tag-alimentacao","tag-animais","tag-organizacoes","tag-protecao-alimentar","tag-seixal","tag-voluntariado-apoiado"],"yoast_head":"<!-- This site is optimized with the Yoast SEO plugin v27.2 - https:\/\/yoast.com\/product\/yoast-seo-wordpress\/ -->\n<title>Volunt\u00e1rios do Canil\/Gatil de Seixal lan\u00e7am campanha Os gatos do meu concelho - Portal Tela Portugal<\/title>\n<meta name=\"robots\" content=\"index, follow, max-snippet:-1, max-image-preview:large, max-video-preview:-1\" \/>\n<meta property=\"og:locale\" content=\"pt_PT\" \/>\n<meta property=\"og:type\" content=\"article\" \/>\n<meta property=\"og:title\" content=\"Volunt\u00e1rios do Canil\/Gatil de Seixal lan\u00e7am campanha Os gatos do meu concelho - Portal Tela Portugal\" \/>\n<meta property=\"og:description\" content=\"O Grupo de Volunt\u00e1rios do Canil\/Gatil Municipal do Seixal lan\u00e7ou a campanha solid\u00e1ria \u201cOs gatos do meu concelho\u201d. A iniciativa visa apoiar cuidadores de col\u00f3nias de gatos de rua no concelho, que asseguram alimenta\u00e7\u00e3o aos animais. Cuidadores podem preencher um formul\u00e1rio para receber apoio alimentar; a entrega est\u00e1 prevista para o dia 28 de fevereiro. As inscri\u00e7\u00f5es est\u00e3o abertas at\u00e9 25 de fevereiro. A campanha foi partilhada nas redes sociais do grupo para sensibilizar a comunidade a apoiar os cuidadores locais.\" \/>\n<meta property=\"og:url\" content=\"https:\/\/portaltela.pt\/noticias\/2026\/02\/01\/voluntarios-do-canil-gatil-de-seixal-lancam-campanha-os-gatos-do-meu-concelho\/\" \/>\n<meta property=\"og:site_name\" content=\"Portal Tela Portugal\" \/>\n<meta property=\"article:published_time\" content=\"2026-02-01T14:27:10+00:00\" \/>\n<meta name=\"author\" content=\"Telinha\" \/>\n<meta name=\"twitter:card\" content=\"summary_large_image\" \/>\n<meta name=\"twitter:label1\" content=\"Escrito por\" \/>\n\t<meta name=\"twitter:data1\" content=\"Telinha\" \/>\n\t<meta name=\"twitter:label2\" content=\"Tempo estimado de leitura\" \/>\n\t<meta name=\"twitter:data2\" content=\"1 minuto\" \/>\n<script type=\"application\/ld+json\" class=\"yoast-schema-graph\">{\"@context\":\"https:\/\/schema.org\",\"@graph\":[{\"@type\":\"Article\",\"@id\":\"https:\/\/portaltela.pt\/noticias\/2026\/02\/01\/voluntarios-do-canil-gatil-de-seixal-lancam-campanha-os-gatos-do-meu-concelho\/#article\",\"isPartOf\":{\"@id\":\"https:\/\/portaltela.pt\/noticias\/2026\/02\/01\/voluntarios-do-canil-gatil-de-seixal-lancam-campanha-os-gatos-do-meu-concelho\/\"},\"author\":{\"name\":\"Telinha\",\"@id\":\"https:\/\/portaltela.pt\/#\/schema\/person\/c4278d4a6028830caff9ee44b42d32ed\"},\"headline\":\"Volunt\u00e1rios do Canil\/Gatil de Seixal lan\u00e7am campanha Os gatos do meu concelho\",\"datePublished\":\"2026-02-01T14:27:10+00:00\",\"mainEntityOfPage\":{\"@id\":\"https:\/\/portaltela.pt\/noticias\/2026\/02\/01\/voluntarios-do-canil-gatil-de-seixal-lancam-campanha-os-gatos-do-meu-concelho\/\"},\"wordCount\":209,\"image\":{\"@id\":\"https:\/\/portaltela.pt\/noticias\/2026\/02\/01\/voluntarios-do-canil-gatil-de-seixal-lancam-campanha-os-gatos-do-meu-concelho\/#primaryimage\"},\"thumbnailUrl\":\"https:\/\/portaltela.pt\/s.01k8rhncp4jt1\/2026\/02\/unnamed-file-149.jpg\",\"keywords\":[\"alimenta\u00e7\u00e3o\",\"animais\",\"organiza\u00e7\u00f5es\",\"prote\u00e7\u00e3o alimentar\",\"Seixal\",\"Voluntariado Apoiado\"],\"articleSection\":[\"Not\u00edcias\"],\"inLanguage\":\"pt-PT\"},{\"@type\":\"WebPage\",\"@id\":\"https:\/\/portaltela.pt\/noticias\/2026\/02\/01\/voluntarios-do-canil-gatil-de-seixal-lancam-campanha-os-gatos-do-meu-concelho\/\",\"url\":\"https:\/\/portaltela.pt\/noticias\/2026\/02\/01\/voluntarios-do-canil-gatil-de-seixal-lancam-campanha-os-gatos-do-meu-concelho\/\",\"name\":\"Volunt\u00e1rios do Canil\/Gatil de Seixal lan\u00e7am campanha Os gatos do meu concelho - Portal Tela Portugal\",\"isPartOf\":{\"@id\":\"https:\/\/portaltela.pt\/#website\"},\"primaryImageOfPage\":{\"@id\":\"https:\/\/portaltela.pt\/noticias\/2026\/02\/01\/voluntarios-do-canil-gatil-de-seixal-lancam-campanha-os-gatos-do-meu-concelho\/#primaryimage\"},\"image\":{\"@id\":\"https:\/\/portaltela.pt\/noticias\/2026\/02\/01\/voluntarios-do-canil-gatil-de-seixal-lancam-campanha-os-gatos-do-meu-concelho\/#primaryimage\"},\"thumbnailUrl\":\"https:\/\/portaltela.pt\/s.01k8rhncp4jt1\/2026\/02\/unnamed-file-149.jpg\",\"datePublished\":\"2026-02-01T14:27:10+00:00\",\"author\":{\"@id\":\"https:\/\/portaltela.pt\/#\/schema\/person\/c4278d4a6028830caff9ee44b42d32ed\"},\"breadcrumb\":{\"@id\":\"https:\/\/portaltela.pt\/noticias\/2026\/02\/01\/voluntarios-do-canil-gatil-de-seixal-lancam-campanha-os-gatos-do-meu-concelho\/#breadcrumb\"},\"inLanguage\":\"pt-PT\",\"potentialAction\":[{\"@type\":\"ReadAction\",\"target\":[\"https:\/\/portaltela.pt\/noticias\/2026\/02\/01\/voluntarios-do-canil-gatil-de-seixal-lancam-campanha-os-gatos-do-meu-concelho\/\"]}]},{\"@type\":\"ImageObject\",\"inLanguage\":\"pt-PT\",\"@id\":\"https:\/\/portaltela.pt\/noticias\/2026\/02\/01\/voluntarios-do-canil-gatil-de-seixal-lancam-campanha-os-gatos-do-meu-concelho\/#primaryimage\",\"url\":\"https:\/\/portaltela.pt\/s.01k8rhncp4jt1\/2026\/02\/unnamed-file-149.jpg\",\"contentUrl\":\"https:\/\/portaltela.pt\/s.01k8rhncp4jt1\/2026\/02\/unnamed-file-149.jpg\",\"width\":796,\"height\":448,\"caption\":\"Grupo de Volunt\u00e1rios no Canil\/Gatil Municipal do Seixal lan\u00e7a campanha \u2018Os gatos do meu concelho\u2019\"},{\"@type\":\"BreadcrumbList\",\"@id\":\"https:\/\/portaltela.pt\/noticias\/2026\/02\/01\/voluntarios-do-canil-gatil-de-seixal-lancam-campanha-os-gatos-do-meu-concelho\/#breadcrumb\",\"itemListElement\":[{\"@type\":\"ListItem\",\"position\":1,\"name\":\"In\u00edcio\",\"item\":\"https:\/\/portaltela.pt\/\"},{\"@type\":\"ListItem\",\"position\":2,\"name\":\"Volunt\u00e1rios do Canil\/Gatil de Seixal lan\u00e7am campanha Os gatos do meu concelho\"}]},{\"@type\":\"WebSite\",\"@id\":\"https:\/\/portaltela.pt\/#website\",\"url\":\"https:\/\/portaltela.pt\/\",\"name\":\"Portal Tela Portugal\",\"description\":\"\",\"potentialAction\":[{\"@type\":\"SearchAction\",\"target\":{\"@type\":\"EntryPoint\",\"urlTemplate\":\"https:\/\/portaltela.pt\/?s={search_term_string}\"},\"query-input\":{\"@type\":\"PropertyValueSpecification\",\"valueRequired\":true,\"valueName\":\"search_term_string\"}}],\"inLanguage\":\"pt-PT\"},{\"@type\":\"Person\",\"@id\":\"https:\/\/portaltela.pt\/#\/schema\/person\/c4278d4a6028830caff9ee44b42d32ed\",\"name\":\"Telinha\",\"image\":{\"@type\":\"ImageObject\",\"inLanguage\":\"pt-PT\",\"@id\":\"https:\/\/portaltela.pt\/s.01k8rhncp4jt1\/2025\/11\/talking-bot-125x125.png\",\"url\":\"https:\/\/portaltela.pt\/s.01k8rhncp4jt1\/2025\/11\/talking-bot-125x125.png\",\"contentUrl\":\"https:\/\/portaltela.pt\/s.01k8rhncp4jt1\/2025\/11\/talking-bot-125x125.png\",\"caption\":\"Telinha\"},\"sameAs\":[\"https:\/\/portaltela.pt\/\"],\"url\":\"https:\/\/portaltela.pt\/por\/367410592786\/\"}]}<\/script>\n<!-- \/ Yoast SEO plugin. -->","yoast_head_json":{"title":"Volunt\u00e1rios do Canil\/Gatil de Seixal lan\u00e7am campanha Os gatos do meu concelho - Portal Tela Portugal","robots":{"index":"index","follow":"follow","max-snippet":"max-snippet:-1","max-image-preview":"max-image-preview:large","max-video-preview":"max-video-preview:-1"},"og_locale":"pt_PT","og_type":"article","og_title":"Volunt\u00e1rios do Canil\/Gatil de Seixal lan\u00e7am campanha Os gatos do meu concelho - Portal Tela Portugal","og_description":"O Grupo de Volunt\u00e1rios do Canil\/Gatil Municipal do Seixal lan\u00e7ou a campanha solid\u00e1ria \u201cOs gatos do meu concelho\u201d. A iniciativa visa apoiar cuidadores de col\u00f3nias de gatos de rua no concelho, que asseguram alimenta\u00e7\u00e3o aos animais. Cuidadores podem preencher um formul\u00e1rio para receber apoio alimentar; a entrega est\u00e1 prevista para o dia 28 de fevereiro. As inscri\u00e7\u00f5es est\u00e3o abertas at\u00e9 25 de fevereiro. A campanha foi partilhada nas redes sociais do grupo para sensibilizar a comunidade a apoiar os cuidadores locais.","og_url":"https:\/\/portaltela.pt\/noticias\/2026\/02\/01\/voluntarios-do-canil-gatil-de-seixal-lancam-campanha-os-gatos-do-meu-concelho\/","og_site_name":"Portal Tela Portugal","article_published_time":"2026-02-01T14:27:10+00:00","author":"Telinha","twitter_card":"summary_large_image","twitter_misc":{"Escrito por":"Telinha","Tempo estimado de leitura":"1 minuto"},"schema":{"@context":"https:\/\/schema.org","@graph":[{"@type":"Article","@id":"https:\/\/portaltela.pt\/noticias\/2026\/02\/01\/voluntarios-do-canil-gatil-de-seixal-lancam-campanha-os-gatos-do-meu-concelho\/#article","isPartOf":{"@id":"https:\/\/portaltela.pt\/noticias\/2026\/02\/01\/voluntarios-do-canil-gatil-de-seixal-lancam-campanha-os-gatos-do-meu-concelho\/"},"author":{"name":"Telinha","@id":"https:\/\/portaltela.pt\/#\/schema\/person\/c4278d4a6028830caff9ee44b42d32ed"},"headline":"Volunt\u00e1rios do Canil\/Gatil de Seixal lan\u00e7am campanha Os gatos do meu concelho","datePublished":"2026-02-01T14:27:10+00:00","mainEntityOfPage":{"@id":"https:\/\/portaltela.pt\/noticias\/2026\/02\/01\/voluntarios-do-canil-gatil-de-seixal-lancam-campanha-os-gatos-do-meu-concelho\/"},"wordCount":209,"image":{"@id":"https:\/\/portaltela.pt\/noticias\/2026\/02\/01\/voluntarios-do-canil-gatil-de-seixal-lancam-campanha-os-gatos-do-meu-concelho\/#primaryimage"},"thumbnailUrl":"https:\/\/portaltela.pt\/s.01k8rhncp4jt1\/2026\/02\/unnamed-file-149.jpg","keywords":["alimenta\u00e7\u00e3o","animais","organiza\u00e7\u00f5es","prote\u00e7\u00e3o alimentar","Seixal","Voluntariado Apoiado"],"articleSection":["Not\u00edcias"],"inLanguage":"pt-PT"},{"@type":"WebPage","@id":"https:\/\/portaltela.pt\/noticias\/2026\/02\/01\/voluntarios-do-canil-gatil-de-seixal-lancam-campanha-os-gatos-do-meu-concelho\/","url":"https:\/\/portaltela.pt\/noticias\/2026\/02\/01\/voluntarios-do-canil-gatil-de-seixal-lancam-campanha-os-gatos-do-meu-concelho\/","name":"Volunt\u00e1rios do Canil\/Gatil de Seixal lan\u00e7am campanha Os gatos do meu concelho - Portal Tela Portugal","isPartOf":{"@id":"https:\/\/portaltela.pt\/#website"},"primaryImageOfPage":{"@id":"https:\/\/portaltela.pt\/noticias\/2026\/02\/01\/voluntarios-do-canil-gatil-de-seixal-lancam-campanha-os-gatos-do-meu-concelho\/#primaryimage"},"image":{"@id":"https:\/\/portaltela.pt\/noticias\/2026\/02\/01\/voluntarios-do-canil-gatil-de-seixal-lancam-campanha-os-gatos-do-meu-concelho\/#primaryimage"},"thumbnailUrl":"https:\/\/portaltela.pt\/s.01k8rhncp4jt1\/2026\/02\/unnamed-file-149.jpg","datePublished":"2026-02-01T14:27:10+00:00","author":{"@id":"https:\/\/portaltela.pt\/#\/schema\/person\/c4278d4a6028830caff9ee44b42d32ed"},"breadcrumb":{"@id":"https:\/\/portaltela.pt\/noticias\/2026\/02\/01\/voluntarios-do-canil-gatil-de-seixal-lancam-campanha-os-gatos-do-meu-concelho\/#breadcrumb"},"inLanguage":"pt-PT","potentialAction":[{"@type":"ReadAction","target":["https:\/\/portaltela.pt\/noticias\/2026\/02\/01\/voluntarios-do-canil-gatil-de-seixal-lancam-campanha-os-gatos-do-meu-concelho\/"]}]},{"@type":"ImageObject","inLanguage":"pt-PT","@id":"https:\/\/portaltela.pt\/noticias\/2026\/02\/01\/voluntarios-do-canil-gatil-de-seixal-lancam-campanha-os-gatos-do-meu-concelho\/#primaryimage","url":"https:\/\/portaltela.pt\/s.01k8rhncp4jt1\/2026\/02\/unnamed-file-149.jpg","contentUrl":"https:\/\/portaltela.pt\/s.01k8rhncp4jt1\/2026\/02\/unnamed-file-149.jpg","width":796,"height":448,"caption":"Grupo de Volunt\u00e1rios no Canil\/Gatil Municipal do Seixal lan\u00e7a campanha \u2018Os gatos do meu concelho\u2019"},{"@type":"BreadcrumbList","@id":"https:\/\/portaltela.pt\/noticias\/2026\/02\/01\/voluntarios-do-canil-gatil-de-seixal-lancam-campanha-os-gatos-do-meu-concelho\/#breadcrumb","itemListElement":[{"@type":"ListItem","position":1,"name":"In\u00edcio","item":"https:\/\/portaltela.pt\/"},{"@type":"ListItem","position":2,"name":"Volunt\u00e1rios do Canil\/Gatil de Seixal lan\u00e7am campanha Os gatos do meu concelho"}]},{"@type":"WebSite","@id":"https:\/\/portaltela.pt\/#website","url":"https:\/\/portaltela.pt\/","name":"Portal Tela Portugal","description":"","potentialAction":[{"@type":"SearchAction","target":{"@type":"EntryPoint","urlTemplate":"https:\/\/portaltela.pt\/?s={search_term_string}"},"query-input":{"@type":"PropertyValueSpecification","valueRequired":true,"valueName":"search_term_string"}}],"inLanguage":"pt-PT"},{"@type":"Person","@id":"https:\/\/portaltela.pt\/#\/schema\/person\/c4278d4a6028830caff9ee44b42d32ed","name":"Telinha","image":{"@type":"ImageObject","inLanguage":"pt-PT","@id":"https:\/\/portaltela.pt\/s.01k8rhncp4jt1\/2025\/11\/talking-bot-125x125.png","url":"https:\/\/portaltela.pt\/s.01k8rhncp4jt1\/2025\/11\/talking-bot-125x125.png","contentUrl":"https:\/\/portaltela.pt\/s.01k8rhncp4jt1\/2025\/11\/talking-bot-125x125.png","caption":"Telinha"},"sameAs":["https:\/\/portaltela.pt\/"],"url":"https:\/\/portaltela.pt\/por\/367410592786\/"}]}},"_links":{"self":[{"href":"https:\/\/portaltela.pt\/api\/wp\/v2\/posts\/188897","targetHints":{"allow":["GET"]}}],"collection":[{"href":"https:\/\/portaltela.pt\/api\/wp\/v2\/posts"}],"about":[{"href":"https:\/\/portaltela.pt\/api\/wp\/v2\/types\/post"}],"author":[{"embeddable":true,"href":"https:\/\/portaltela.pt\/api\/wp\/v2\/users\/2"}],"replies":[{"embeddable":true,"href":"https:\/\/portaltela.pt\/api\/wp\/v2\/comments?post=188897"}],"version-history":[{"count":0,"href":"https:\/\/portaltela.pt\/api\/wp\/v2\/posts\/188897\/revisions"}],"wp:featuredmedia":[{"embeddable":true,"href":"https:\/\/portaltela.pt\/api\/wp\/v2\/media\/188899"}],"wp:attachment":[{"href":"https:\/\/portaltela.pt\/api\/wp\/v2\/media?parent=188897"}],"wp:term":[{"taxonomy":"category","embeddable":true,"href":"https:\/\/portaltela.pt\/api\/wp\/v2\/categories?post=188897"},{"taxonomy":"post_tag","embeddable":true,"href":"https:\/\/portaltela.pt\/api\/wp\/v2\/tags?post=188897"}],"curies":[{"name":"wp","href":"https:\/\/api.w.org\/{rel}","templated":true}]}}