{"id":188881,"date":"2026-02-01T13:00:38","date_gmt":"2026-02-01T16:00:38","guid":{"rendered":"https:\/\/portaltela.pt\/noticias\/2026\/02\/01\/estado-de-calamidade-alargado-ate-8-de-fevereiro\/"},"modified":"2026-02-01T13:00:38","modified_gmt":"2026-02-01T16:00:38","slug":"estado-de-calamidade-alargado-ate-8-de-fevereiro","status":"publish","type":"post","link":"https:\/\/portaltela.pt\/noticias\/2026\/02\/01\/estado-de-calamidade-alargado-ate-8-de-fevereiro\/","title":{"rendered":"Estado de calamidade alargado at\u00e9 8 de fevereiro"},"content":{"rendered":"<p>O Governo anunciou o alargamento do estado de calamidade at\u00e9 8 de fevereiro, acompanhado por um pacote de apoios de 2,5 mil milh\u00f5es de euros para responder aos preju\u00edzos das intemp\u00e9ries.<\/p>\n<p>As medidas incluem apoio at\u00e9 10 mil euros para a reconstru\u00e7\u00e3o de habita\u00e7\u00e3o pr\u00f3pria e permanente, acess\u00edvel a todos os cidad\u00e3os sem necessidade de documenta\u00e7\u00e3o quando n\u00e3o houver cobertura de seguro.<\/p>\n<p>O pacote abrange tamb\u00e9m agricultura e floresta, com o mesmo teto de 10 mil euros e processo simplificado para casos sem seguro, conforme anunciado pelo Executivo.<\/p>\n<p>O Munic\u00edpio da Nazar\u00e9 compromete-se a acompanhar a situa\u00e7\u00e3o no terreno e a articular com entidades competentes para assegurar que os apoios chegam a quem dele necessita.<\/p>\n<p>O Governo refor\u00e7a o alerta para o agravamento das condi\u00e7\u00f5es meteorol\u00f3gicas nas pr\u00f3ximas horas e apela \u00e0 popula\u00e7\u00e3o para cumprir as recomenda\u00e7\u00f5es oficiais e adotar comportamentos preventivos.<\/p>\n<h3>Plano de apoios<\/h3>\n<p>O conjunto de medidas totaliza 2,5 mil milh\u00f5es de euros, destinados a habita\u00e7\u00e3o, agricultura e floresta, com tr\u00e2mites simplificados para situa\u00e7\u00f5es sem seguro. A prioridade \u00e9 reduzir danos elevados.<\/p>\n<p>Apoios para reconstru\u00e7\u00e3o de habita\u00e7\u00e3o destinam-se a habita\u00e7\u00f5es pr\u00f3prias sem cobertura de seguro, com procedimento r\u00e1pido, at\u00e9 aos 10 mil euros por agregado familiar.<\/p>\n<p>Para o setor agr\u00edcola e florestal, o apoio tamb\u00e9m pode alcan\u00e7ar at\u00e9 10 mil euros, mantendo o mesmo regime simplificado de elegibilidade.<\/p>\n","protected":false},"excerpt":{"rendered":"<ul>\n<li>O estado de calamidade foi alargado at\u00e9 ao dia 8 de fevereiro, com um pacote de apoios de 2.500 milh\u00f5es de euros para responder aos preju\u00edzos das intemp\u00e9ries.<\/li>\n<li>O conjunto de medidas inclui apoios \u00e0 reconstru\u00e7\u00e3o de habita\u00e7\u00e3o pr\u00f3pria e permanente at\u00e9 10 mil euros, sem necessidade de apresenta\u00e7\u00e3o de documenta\u00e7\u00e3o, quando n\u00e3o exista cobertura de seguro aplic\u00e1vel.<\/li>\n<li>O mesmo procedimento simplificado \u00e9 aplicado a situa\u00e7\u00f5es relacionadas com a agricultura e a floresta, tamb\u00e9m at\u00e9 10 mil euros.<\/li>\n<li>O Munic\u00edpio da Nazar\u00e9 manter\u00e1 o apoio \u00e0 popula\u00e7\u00e3o, acompanhando a situa\u00e7\u00e3o no terreno e articulando com as entidades competentes para chegar aos benefici\u00e1rios.<\/li>\n<li>Foi refor\u00e7ado o aviso sobre o agravamento das condi\u00e7\u00f5es meteorol\u00f3gicas e a popula\u00e7\u00e3o \u00e9 alertada para adotar comportamentos preventivos e seguir as recomenda\u00e7\u00f5es das autoridades.<\/li>\n<\/ul>\n","protected":false},"author":2,"featured_media":188885,"comment_status":"closed","ping_status":"closed","sticky":false,"template":"","format":"standard","meta":{"footnotes":""},"categories":[1],"tags":[179,4155,1211,4687,150,894],"class_list":["post-188881","post","type-post","status-publish","format-standard","has-post-thumbnail","hentry","category-noticias","tag-agricultura","tag-agroflorestal","tag-apoio-social","tag-calamidade-publica","tag-habitacao","tag-nazare"],"yoast_head":"<!-- This site is optimized with the Yoast SEO plugin v27.2 - https:\/\/yoast.com\/product\/yoast-seo-wordpress\/ -->\n<title>Estado de calamidade alargado at\u00e9 8 de fevereiro - Portal Tela Portugal<\/title>\n<meta name=\"robots\" content=\"index, follow, max-snippet:-1, max-image-preview:large, max-video-preview:-1\" \/>\n<meta property=\"og:locale\" content=\"pt_PT\" \/>\n<meta property=\"og:type\" content=\"article\" \/>\n<meta property=\"og:title\" content=\"Estado de calamidade alargado at\u00e9 8 de fevereiro - Portal Tela Portugal\" \/>\n<meta property=\"og:description\" content=\"O estado de calamidade foi alargado at\u00e9 ao dia 8 de fevereiro, com um pacote de apoios de 2.500 milh\u00f5es de euros para responder aos preju\u00edzos das intemp\u00e9ries. O conjunto de medidas inclui apoios \u00e0 reconstru\u00e7\u00e3o de habita\u00e7\u00e3o pr\u00f3pria e permanente at\u00e9 10 mil euros, sem necessidade de apresenta\u00e7\u00e3o de documenta\u00e7\u00e3o, quando n\u00e3o exista cobertura de seguro aplic\u00e1vel. O mesmo procedimento simplificado \u00e9 aplicado a situa\u00e7\u00f5es relacionadas com a agricultura e a floresta, tamb\u00e9m at\u00e9 10 mil euros. O Munic\u00edpio da Nazar\u00e9 manter\u00e1 o apoio \u00e0 popula\u00e7\u00e3o, acompanhando a situa\u00e7\u00e3o no terreno e articulando com as entidades competentes para chegar aos benefici\u00e1rios. Foi refor\u00e7ado o aviso sobre o agravamento das condi\u00e7\u00f5es meteorol\u00f3gicas e a popula\u00e7\u00e3o \u00e9 alertada para adotar comportamentos preventivos e seguir as recomenda\u00e7\u00f5es das autoridades.\" \/>\n<meta property=\"og:url\" content=\"https:\/\/portaltela.pt\/noticias\/2026\/02\/01\/estado-de-calamidade-alargado-ate-8-de-fevereiro\/\" \/>\n<meta property=\"og:site_name\" content=\"Portal Tela Portugal\" \/>\n<meta property=\"article:published_time\" content=\"2026-02-01T16:00:38+00:00\" \/>\n<meta name=\"author\" content=\"Telinha\" \/>\n<meta name=\"twitter:card\" content=\"summary_large_image\" \/>\n<meta name=\"twitter:label1\" content=\"Escrito por\" \/>\n\t<meta name=\"twitter:data1\" content=\"Telinha\" \/>\n\t<meta name=\"twitter:label2\" content=\"Tempo estimado de leitura\" \/>\n\t<meta name=\"twitter:data2\" content=\"1 minuto\" \/>\n<script type=\"application\/ld+json\" class=\"yoast-schema-graph\">{\"@context\":\"https:\/\/schema.org\",\"@graph\":[{\"@type\":\"Article\",\"@id\":\"https:\/\/portaltela.pt\/noticias\/2026\/02\/01\/estado-de-calamidade-alargado-ate-8-de-fevereiro\/#article\",\"isPartOf\":{\"@id\":\"https:\/\/portaltela.pt\/noticias\/2026\/02\/01\/estado-de-calamidade-alargado-ate-8-de-fevereiro\/\"},\"author\":{\"name\":\"Telinha\",\"@id\":\"https:\/\/portaltela.pt\/#\/schema\/person\/c4278d4a6028830caff9ee44b42d32ed\"},\"headline\":\"Estado de calamidade alargado at\u00e9 8 de fevereiro\",\"datePublished\":\"2026-02-01T16:00:38+00:00\",\"mainEntityOfPage\":{\"@id\":\"https:\/\/portaltela.pt\/noticias\/2026\/02\/01\/estado-de-calamidade-alargado-ate-8-de-fevereiro\/\"},\"wordCount\":249,\"image\":{\"@id\":\"https:\/\/portaltela.pt\/noticias\/2026\/02\/01\/estado-de-calamidade-alargado-ate-8-de-fevereiro\/#primaryimage\"},\"thumbnailUrl\":\"https:\/\/portaltela.pt\/s.01k8rhncp4jt1\/2026\/02\/unnamed-file-145.jpg\",\"keywords\":[\"agricultura\",\"agroflorestal\",\"Apoio Social\",\"calamidade p\u00fablica\",\"habita\u00e7\u00e3o\",\"Nazar\u00e9\"],\"articleSection\":[\"Not\u00edcias\"],\"inLanguage\":\"pt-PT\"},{\"@type\":\"WebPage\",\"@id\":\"https:\/\/portaltela.pt\/noticias\/2026\/02\/01\/estado-de-calamidade-alargado-ate-8-de-fevereiro\/\",\"url\":\"https:\/\/portaltela.pt\/noticias\/2026\/02\/01\/estado-de-calamidade-alargado-ate-8-de-fevereiro\/\",\"name\":\"Estado de calamidade alargado at\u00e9 8 de fevereiro - Portal Tela Portugal\",\"isPartOf\":{\"@id\":\"https:\/\/portaltela.pt\/#website\"},\"primaryImageOfPage\":{\"@id\":\"https:\/\/portaltela.pt\/noticias\/2026\/02\/01\/estado-de-calamidade-alargado-ate-8-de-fevereiro\/#primaryimage\"},\"image\":{\"@id\":\"https:\/\/portaltela.pt\/noticias\/2026\/02\/01\/estado-de-calamidade-alargado-ate-8-de-fevereiro\/#primaryimage\"},\"thumbnailUrl\":\"https:\/\/portaltela.pt\/s.01k8rhncp4jt1\/2026\/02\/unnamed-file-145.jpg\",\"datePublished\":\"2026-02-01T16:00:38+00:00\",\"author\":{\"@id\":\"https:\/\/portaltela.pt\/#\/schema\/person\/c4278d4a6028830caff9ee44b42d32ed\"},\"breadcrumb\":{\"@id\":\"https:\/\/portaltela.pt\/noticias\/2026\/02\/01\/estado-de-calamidade-alargado-ate-8-de-fevereiro\/#breadcrumb\"},\"inLanguage\":\"pt-PT\",\"potentialAction\":[{\"@type\":\"ReadAction\",\"target\":[\"https:\/\/portaltela.pt\/noticias\/2026\/02\/01\/estado-de-calamidade-alargado-ate-8-de-fevereiro\/\"]}]},{\"@type\":\"ImageObject\",\"inLanguage\":\"pt-PT\",\"@id\":\"https:\/\/portaltela.pt\/noticias\/2026\/02\/01\/estado-de-calamidade-alargado-ate-8-de-fevereiro\/#primaryimage\",\"url\":\"https:\/\/portaltela.pt\/s.01k8rhncp4jt1\/2026\/02\/unnamed-file-145.jpg\",\"contentUrl\":\"https:\/\/portaltela.pt\/s.01k8rhncp4jt1\/2026\/02\/unnamed-file-145.jpg\",\"width\":796,\"height\":448,\"caption\":\"Estado de calamidade alargado at\u00e9 8 de fevereiro\"},{\"@type\":\"BreadcrumbList\",\"@id\":\"https:\/\/portaltela.pt\/noticias\/2026\/02\/01\/estado-de-calamidade-alargado-ate-8-de-fevereiro\/#breadcrumb\",\"itemListElement\":[{\"@type\":\"ListItem\",\"position\":1,\"name\":\"In\u00edcio\",\"item\":\"https:\/\/portaltela.pt\/\"},{\"@type\":\"ListItem\",\"position\":2,\"name\":\"Estado de calamidade alargado at\u00e9 8 de fevereiro\"}]},{\"@type\":\"WebSite\",\"@id\":\"https:\/\/portaltela.pt\/#website\",\"url\":\"https:\/\/portaltela.pt\/\",\"name\":\"Portal Tela Portugal\",\"description\":\"\",\"potentialAction\":[{\"@type\":\"SearchAction\",\"target\":{\"@type\":\"EntryPoint\",\"urlTemplate\":\"https:\/\/portaltela.pt\/?s={search_term_string}\"},\"query-input\":{\"@type\":\"PropertyValueSpecification\",\"valueRequired\":true,\"valueName\":\"search_term_string\"}}],\"inLanguage\":\"pt-PT\"},{\"@type\":\"Person\",\"@id\":\"https:\/\/portaltela.pt\/#\/schema\/person\/c4278d4a6028830caff9ee44b42d32ed\",\"name\":\"Telinha\",\"image\":{\"@type\":\"ImageObject\",\"inLanguage\":\"pt-PT\",\"@id\":\"https:\/\/portaltela.pt\/s.01k8rhncp4jt1\/2025\/11\/talking-bot-125x125.png\",\"url\":\"https:\/\/portaltela.pt\/s.01k8rhncp4jt1\/2025\/11\/talking-bot-125x125.png\",\"contentUrl\":\"https:\/\/portaltela.pt\/s.01k8rhncp4jt1\/2025\/11\/talking-bot-125x125.png\",\"caption\":\"Telinha\"},\"sameAs\":[\"https:\/\/portaltela.pt\/\"],\"url\":\"https:\/\/portaltela.pt\/por\/367410592786\/\"}]}<\/script>\n<!-- \/ Yoast SEO plugin. -->","yoast_head_json":{"title":"Estado de calamidade alargado at\u00e9 8 de fevereiro - Portal Tela Portugal","robots":{"index":"index","follow":"follow","max-snippet":"max-snippet:-1","max-image-preview":"max-image-preview:large","max-video-preview":"max-video-preview:-1"},"og_locale":"pt_PT","og_type":"article","og_title":"Estado de calamidade alargado at\u00e9 8 de fevereiro - Portal Tela Portugal","og_description":"O estado de calamidade foi alargado at\u00e9 ao dia 8 de fevereiro, com um pacote de apoios de 2.500 milh\u00f5es de euros para responder aos preju\u00edzos das intemp\u00e9ries. O conjunto de medidas inclui apoios \u00e0 reconstru\u00e7\u00e3o de habita\u00e7\u00e3o pr\u00f3pria e permanente at\u00e9 10 mil euros, sem necessidade de apresenta\u00e7\u00e3o de documenta\u00e7\u00e3o, quando n\u00e3o exista cobertura de seguro aplic\u00e1vel. O mesmo procedimento simplificado \u00e9 aplicado a situa\u00e7\u00f5es relacionadas com a agricultura e a floresta, tamb\u00e9m at\u00e9 10 mil euros. O Munic\u00edpio da Nazar\u00e9 manter\u00e1 o apoio \u00e0 popula\u00e7\u00e3o, acompanhando a situa\u00e7\u00e3o no terreno e articulando com as entidades competentes para chegar aos benefici\u00e1rios. Foi refor\u00e7ado o aviso sobre o agravamento das condi\u00e7\u00f5es meteorol\u00f3gicas e a popula\u00e7\u00e3o \u00e9 alertada para adotar comportamentos preventivos e seguir as recomenda\u00e7\u00f5es das autoridades.","og_url":"https:\/\/portaltela.pt\/noticias\/2026\/02\/01\/estado-de-calamidade-alargado-ate-8-de-fevereiro\/","og_site_name":"Portal Tela Portugal","article_published_time":"2026-02-01T16:00:38+00:00","author":"Telinha","twitter_card":"summary_large_image","twitter_misc":{"Escrito por":"Telinha","Tempo estimado de leitura":"1 minuto"},"schema":{"@context":"https:\/\/schema.org","@graph":[{"@type":"Article","@id":"https:\/\/portaltela.pt\/noticias\/2026\/02\/01\/estado-de-calamidade-alargado-ate-8-de-fevereiro\/#article","isPartOf":{"@id":"https:\/\/portaltela.pt\/noticias\/2026\/02\/01\/estado-de-calamidade-alargado-ate-8-de-fevereiro\/"},"author":{"name":"Telinha","@id":"https:\/\/portaltela.pt\/#\/schema\/person\/c4278d4a6028830caff9ee44b42d32ed"},"headline":"Estado de calamidade alargado at\u00e9 8 de fevereiro","datePublished":"2026-02-01T16:00:38+00:00","mainEntityOfPage":{"@id":"https:\/\/portaltela.pt\/noticias\/2026\/02\/01\/estado-de-calamidade-alargado-ate-8-de-fevereiro\/"},"wordCount":249,"image":{"@id":"https:\/\/portaltela.pt\/noticias\/2026\/02\/01\/estado-de-calamidade-alargado-ate-8-de-fevereiro\/#primaryimage"},"thumbnailUrl":"https:\/\/portaltela.pt\/s.01k8rhncp4jt1\/2026\/02\/unnamed-file-145.jpg","keywords":["agricultura","agroflorestal","Apoio Social","calamidade p\u00fablica","habita\u00e7\u00e3o","Nazar\u00e9"],"articleSection":["Not\u00edcias"],"inLanguage":"pt-PT"},{"@type":"WebPage","@id":"https:\/\/portaltela.pt\/noticias\/2026\/02\/01\/estado-de-calamidade-alargado-ate-8-de-fevereiro\/","url":"https:\/\/portaltela.pt\/noticias\/2026\/02\/01\/estado-de-calamidade-alargado-ate-8-de-fevereiro\/","name":"Estado de calamidade alargado at\u00e9 8 de fevereiro - Portal Tela Portugal","isPartOf":{"@id":"https:\/\/portaltela.pt\/#website"},"primaryImageOfPage":{"@id":"https:\/\/portaltela.pt\/noticias\/2026\/02\/01\/estado-de-calamidade-alargado-ate-8-de-fevereiro\/#primaryimage"},"image":{"@id":"https:\/\/portaltela.pt\/noticias\/2026\/02\/01\/estado-de-calamidade-alargado-ate-8-de-fevereiro\/#primaryimage"},"thumbnailUrl":"https:\/\/portaltela.pt\/s.01k8rhncp4jt1\/2026\/02\/unnamed-file-145.jpg","datePublished":"2026-02-01T16:00:38+00:00","author":{"@id":"https:\/\/portaltela.pt\/#\/schema\/person\/c4278d4a6028830caff9ee44b42d32ed"},"breadcrumb":{"@id":"https:\/\/portaltela.pt\/noticias\/2026\/02\/01\/estado-de-calamidade-alargado-ate-8-de-fevereiro\/#breadcrumb"},"inLanguage":"pt-PT","potentialAction":[{"@type":"ReadAction","target":["https:\/\/portaltela.pt\/noticias\/2026\/02\/01\/estado-de-calamidade-alargado-ate-8-de-fevereiro\/"]}]},{"@type":"ImageObject","inLanguage":"pt-PT","@id":"https:\/\/portaltela.pt\/noticias\/2026\/02\/01\/estado-de-calamidade-alargado-ate-8-de-fevereiro\/#primaryimage","url":"https:\/\/portaltela.pt\/s.01k8rhncp4jt1\/2026\/02\/unnamed-file-145.jpg","contentUrl":"https:\/\/portaltela.pt\/s.01k8rhncp4jt1\/2026\/02\/unnamed-file-145.jpg","width":796,"height":448,"caption":"Estado de calamidade alargado at\u00e9 8 de fevereiro"},{"@type":"BreadcrumbList","@id":"https:\/\/portaltela.pt\/noticias\/2026\/02\/01\/estado-de-calamidade-alargado-ate-8-de-fevereiro\/#breadcrumb","itemListElement":[{"@type":"ListItem","position":1,"name":"In\u00edcio","item":"https:\/\/portaltela.pt\/"},{"@type":"ListItem","position":2,"name":"Estado de calamidade alargado at\u00e9 8 de fevereiro"}]},{"@type":"WebSite","@id":"https:\/\/portaltela.pt\/#website","url":"https:\/\/portaltela.pt\/","name":"Portal Tela Portugal","description":"","potentialAction":[{"@type":"SearchAction","target":{"@type":"EntryPoint","urlTemplate":"https:\/\/portaltela.pt\/?s={search_term_string}"},"query-input":{"@type":"PropertyValueSpecification","valueRequired":true,"valueName":"search_term_string"}}],"inLanguage":"pt-PT"},{"@type":"Person","@id":"https:\/\/portaltela.pt\/#\/schema\/person\/c4278d4a6028830caff9ee44b42d32ed","name":"Telinha","image":{"@type":"ImageObject","inLanguage":"pt-PT","@id":"https:\/\/portaltela.pt\/s.01k8rhncp4jt1\/2025\/11\/talking-bot-125x125.png","url":"https:\/\/portaltela.pt\/s.01k8rhncp4jt1\/2025\/11\/talking-bot-125x125.png","contentUrl":"https:\/\/portaltela.pt\/s.01k8rhncp4jt1\/2025\/11\/talking-bot-125x125.png","caption":"Telinha"},"sameAs":["https:\/\/portaltela.pt\/"],"url":"https:\/\/portaltela.pt\/por\/367410592786\/"}]}},"_links":{"self":[{"href":"https:\/\/portaltela.pt\/api\/wp\/v2\/posts\/188881","targetHints":{"allow":["GET"]}}],"collection":[{"href":"https:\/\/portaltela.pt\/api\/wp\/v2\/posts"}],"about":[{"href":"https:\/\/portaltela.pt\/api\/wp\/v2\/types\/post"}],"author":[{"embeddable":true,"href":"https:\/\/portaltela.pt\/api\/wp\/v2\/users\/2"}],"replies":[{"embeddable":true,"href":"https:\/\/portaltela.pt\/api\/wp\/v2\/comments?post=188881"}],"version-history":[{"count":0,"href":"https:\/\/portaltela.pt\/api\/wp\/v2\/posts\/188881\/revisions"}],"wp:featuredmedia":[{"embeddable":true,"href":"https:\/\/portaltela.pt\/api\/wp\/v2\/media\/188885"}],"wp:attachment":[{"href":"https:\/\/portaltela.pt\/api\/wp\/v2\/media?parent=188881"}],"wp:term":[{"taxonomy":"category","embeddable":true,"href":"https:\/\/portaltela.pt\/api\/wp\/v2\/categories?post=188881"},{"taxonomy":"post_tag","embeddable":true,"href":"https:\/\/portaltela.pt\/api\/wp\/v2\/tags?post=188881"}],"curies":[{"name":"wp","href":"https:\/\/api.w.org\/{rel}","templated":true}]}}