{"id":188846,"date":"2026-02-01T12:33:00","date_gmt":"2026-02-01T15:33:00","guid":{"rendered":"https:\/\/portaltela.pt\/noticias\/2026\/02\/01\/cinco-agrupamentos-avancam-para-a-ultima-fase-da-obra-do-hospital-da-madeira\/"},"modified":"2026-02-01T12:33:00","modified_gmt":"2026-02-01T15:33:00","slug":"cinco-agrupamentos-avancam-para-a-ultima-fase-da-obra-do-hospital-da-madeira","status":"publish","type":"post","link":"https:\/\/portaltela.pt\/noticias\/2026\/02\/01\/cinco-agrupamentos-avancam-para-a-ultima-fase-da-obra-do-hospital-da-madeira\/","title":{"rendered":"Cinco agrupamentos avan\u00e7am para a \u00faltima fase da obra do Hospital da Madeira"},"content":{"rendered":"<p>Cinco agrupamentos foram apurados na sequ\u00eancia do concurso limitado por pr\u00e9via qualifica\u00e7\u00e3o para a 3.\u00aa Fase das obras do Hospital Central e Universit\u00e1rio da Madeira. A fase envolve Infraestruturas Gerais, Acabamentos e Instala\u00e7\u00f5es T\u00e9cnicas. Os agrupamentos passam \u00e0 \u00faltima fase e s\u00e3o convidados a apresentar propostas num prazo de 45 dias.<\/p>\n<p>A decis\u00e3o foi anunciada pelo gabinete do Secret\u00e1rio Regional de Equipamentos e Infraestruturas. A tutela refere que a an\u00e1lise das candidaturas foi realizada pelo j\u00fari, que elaborou o relat\u00f3rio final de qualifica\u00e7\u00e3o.<\/p>\n<p>O governante descreve a etapa como estrat\u00e9gica, assegurando o arranque da 3.\u00aa e \u00faltima fase da empreitada. O objetivo \u00e9 consolidar um hospital moderno que responda \u00e0s necessidades da popula\u00e7\u00e3o e eleve a Madeira como refer\u00eancia na sa\u00fade.<\/p>\n<p>Para o futuro, a interliga\u00e7\u00e3o entre SREI, a Secretaria Regional de Sa\u00fade e Prote\u00e7\u00e3o Civil e a Estrutura de Miss\u00e3o liderada pelo Dr. Pedro Ramos \u00e9 essencial para o projecto. Est\u00e3o j\u00e1 identificados os caminhos de coopera\u00e7\u00e3o entre as entidades.<\/p>\n<p>O pre\u00e7o base do procedimento para esta 3.\u00aa fase \u00e9 de 265.000.000 euros e abrange infraestruturas, acabamentos e instala\u00e7\u00f5es t\u00e9cnicas. O in\u00edcio est\u00e1 previsto para o primeiro semestre de 2026.<\/p>\n<p>A \u00faltima fase ficar\u00e1 a cargo da Secretaria Regional da Sa\u00fade, com a aquisi\u00e7\u00e3o de equipamentos hospitalares. A conclus\u00e3o da unidade est\u00e1 prevista para o final de 2029.<\/p>\n","protected":false},"excerpt":{"rendered":"<ul>\n<li>Cinco agrupamentos passaram \u00e0 \u00faltima fase do concurso para a 3.\u00aa Fase do Hospital Central e Universit\u00e1rio da Madeira, dedicada a Infraestruturas Gerais, Acabamentos e Instala\u00e7\u00f5es T\u00e9cnicas.<\/li>\n<li>Os agrupamentos seleccionados est\u00e3o convidados a apresentar propostas no prazo m\u00e1ximo de 45 dias.<\/li>\n<li>A decis\u00e3o foi tomada ap\u00f3s an\u00e1lise das candidaturas na fase de qualifica\u00e7\u00e3o, considerada pelo governo como etapa estrat\u00e9gica para o arranque da 3.\u00aa e \u00faltima fase do projeto.<\/li>\n<li>O pre\u00e7o base da 3.\u00aa fase \u00e9 de 265 milh\u00f5es de euros e o in\u00edcio est\u00e1 previsto para o primeiro semestre de 2026.<\/li>\n<li>A \u00faltima fase ficar\u00e1 a cargo da Secretaria Regional da Sa\u00fade, com aquisi\u00e7\u00e3o de equipamentos hospitalares, prevendo-se a conclus\u00e3o da unidade no final de 2029; a interliga\u00e7\u00e3o entre as \u00e1reas envolvidas \u00e9 essencial.<\/li>\n<\/ul>\n","protected":false},"author":2,"featured_media":188855,"comment_status":"closed","ping_status":"closed","sticky":false,"template":"","format":"standard","meta":{"footnotes":""},"categories":[1],"tags":[5015,2417,2581,258,316,859],"class_list":["post-188846","post","type-post","status-publish","format-standard","has-post-thumbnail","hentry","category-noticias","tag-acabamentos","tag-financiamento","tag-hospitais","tag-infraestruturas","tag-investimento","tag-madeira"],"yoast_head":"<!-- This site is optimized with the Yoast SEO plugin v27.2 - https:\/\/yoast.com\/product\/yoast-seo-wordpress\/ -->\n<title>Cinco agrupamentos avan\u00e7am para a \u00faltima fase da obra do Hospital da Madeira - Portal Tela Portugal<\/title>\n<meta name=\"robots\" content=\"index, follow, max-snippet:-1, max-image-preview:large, max-video-preview:-1\" \/>\n<meta property=\"og:locale\" content=\"pt_PT\" \/>\n<meta property=\"og:type\" content=\"article\" \/>\n<meta property=\"og:title\" content=\"Cinco agrupamentos avan\u00e7am para a \u00faltima fase da obra do Hospital da Madeira - Portal Tela Portugal\" \/>\n<meta property=\"og:description\" content=\"Cinco agrupamentos passaram \u00e0 \u00faltima fase do concurso para a 3.\u00aa Fase do Hospital Central e Universit\u00e1rio da Madeira, dedicada a Infraestruturas Gerais, Acabamentos e Instala\u00e7\u00f5es T\u00e9cnicas. Os agrupamentos seleccionados est\u00e3o convidados a apresentar propostas no prazo m\u00e1ximo de 45 dias. A decis\u00e3o foi tomada ap\u00f3s an\u00e1lise das candidaturas na fase de qualifica\u00e7\u00e3o, considerada pelo governo como etapa estrat\u00e9gica para o arranque da 3.\u00aa e \u00faltima fase do projeto. O pre\u00e7o base da 3.\u00aa fase \u00e9 de 265 milh\u00f5es de euros e o in\u00edcio est\u00e1 previsto para o primeiro semestre de 2026. A \u00faltima fase ficar\u00e1 a cargo da Secretaria Regional da Sa\u00fade, com aquisi\u00e7\u00e3o de equipamentos hospitalares, prevendo-se a conclus\u00e3o da unidade no final de 2029; a interliga\u00e7\u00e3o entre as \u00e1reas envolvidas \u00e9 essencial.\" \/>\n<meta property=\"og:url\" content=\"https:\/\/portaltela.pt\/noticias\/2026\/02\/01\/cinco-agrupamentos-avancam-para-a-ultima-fase-da-obra-do-hospital-da-madeira\/\" \/>\n<meta property=\"og:site_name\" content=\"Portal Tela Portugal\" \/>\n<meta property=\"article:published_time\" content=\"2026-02-01T15:33:00+00:00\" \/>\n<meta name=\"author\" content=\"Telinha\" \/>\n<meta name=\"twitter:card\" content=\"summary_large_image\" \/>\n<meta name=\"twitter:label1\" content=\"Escrito por\" \/>\n\t<meta name=\"twitter:data1\" content=\"Telinha\" \/>\n\t<meta name=\"twitter:label2\" content=\"Tempo estimado de leitura\" \/>\n\t<meta name=\"twitter:data2\" content=\"1 minuto\" \/>\n<script type=\"application\/ld+json\" class=\"yoast-schema-graph\">{\"@context\":\"https:\/\/schema.org\",\"@graph\":[{\"@type\":\"Article\",\"@id\":\"https:\/\/portaltela.pt\/noticias\/2026\/02\/01\/cinco-agrupamentos-avancam-para-a-ultima-fase-da-obra-do-hospital-da-madeira\/#article\",\"isPartOf\":{\"@id\":\"https:\/\/portaltela.pt\/noticias\/2026\/02\/01\/cinco-agrupamentos-avancam-para-a-ultima-fase-da-obra-do-hospital-da-madeira\/\"},\"author\":{\"name\":\"Telinha\",\"@id\":\"https:\/\/portaltela.pt\/#\/schema\/person\/c4278d4a6028830caff9ee44b42d32ed\"},\"headline\":\"Cinco agrupamentos avan\u00e7am para a \u00faltima fase da obra do Hospital da Madeira\",\"datePublished\":\"2026-02-01T15:33:00+00:00\",\"mainEntityOfPage\":{\"@id\":\"https:\/\/portaltela.pt\/noticias\/2026\/02\/01\/cinco-agrupamentos-avancam-para-a-ultima-fase-da-obra-do-hospital-da-madeira\/\"},\"wordCount\":252,\"image\":{\"@id\":\"https:\/\/portaltela.pt\/noticias\/2026\/02\/01\/cinco-agrupamentos-avancam-para-a-ultima-fase-da-obra-do-hospital-da-madeira\/#primaryimage\"},\"thumbnailUrl\":\"https:\/\/portaltela.pt\/s.01k8rhncp4jt1\/2026\/02\/unnamed-file-137.jpg\",\"keywords\":[\"acabamentos\",\"financiamento\",\"hospitais\",\"infraestruturas\",\"investimento\",\"Madeira\"],\"articleSection\":[\"Not\u00edcias\"],\"inLanguage\":\"pt-PT\"},{\"@type\":\"WebPage\",\"@id\":\"https:\/\/portaltela.pt\/noticias\/2026\/02\/01\/cinco-agrupamentos-avancam-para-a-ultima-fase-da-obra-do-hospital-da-madeira\/\",\"url\":\"https:\/\/portaltela.pt\/noticias\/2026\/02\/01\/cinco-agrupamentos-avancam-para-a-ultima-fase-da-obra-do-hospital-da-madeira\/\",\"name\":\"Cinco agrupamentos avan\u00e7am para a \u00faltima fase da obra do Hospital da Madeira - Portal Tela Portugal\",\"isPartOf\":{\"@id\":\"https:\/\/portaltela.pt\/#website\"},\"primaryImageOfPage\":{\"@id\":\"https:\/\/portaltela.pt\/noticias\/2026\/02\/01\/cinco-agrupamentos-avancam-para-a-ultima-fase-da-obra-do-hospital-da-madeira\/#primaryimage\"},\"image\":{\"@id\":\"https:\/\/portaltela.pt\/noticias\/2026\/02\/01\/cinco-agrupamentos-avancam-para-a-ultima-fase-da-obra-do-hospital-da-madeira\/#primaryimage\"},\"thumbnailUrl\":\"https:\/\/portaltela.pt\/s.01k8rhncp4jt1\/2026\/02\/unnamed-file-137.jpg\",\"datePublished\":\"2026-02-01T15:33:00+00:00\",\"author\":{\"@id\":\"https:\/\/portaltela.pt\/#\/schema\/person\/c4278d4a6028830caff9ee44b42d32ed\"},\"breadcrumb\":{\"@id\":\"https:\/\/portaltela.pt\/noticias\/2026\/02\/01\/cinco-agrupamentos-avancam-para-a-ultima-fase-da-obra-do-hospital-da-madeira\/#breadcrumb\"},\"inLanguage\":\"pt-PT\",\"potentialAction\":[{\"@type\":\"ReadAction\",\"target\":[\"https:\/\/portaltela.pt\/noticias\/2026\/02\/01\/cinco-agrupamentos-avancam-para-a-ultima-fase-da-obra-do-hospital-da-madeira\/\"]}]},{\"@type\":\"ImageObject\",\"inLanguage\":\"pt-PT\",\"@id\":\"https:\/\/portaltela.pt\/noticias\/2026\/02\/01\/cinco-agrupamentos-avancam-para-a-ultima-fase-da-obra-do-hospital-da-madeira\/#primaryimage\",\"url\":\"https:\/\/portaltela.pt\/s.01k8rhncp4jt1\/2026\/02\/unnamed-file-137.jpg\",\"contentUrl\":\"https:\/\/portaltela.pt\/s.01k8rhncp4jt1\/2026\/02\/unnamed-file-137.jpg\",\"width\":796,\"height\":448,\"caption\":\"Cinco agrupamentos avan\u00e7am para a \u00faltima fase da obra do Hospital Central e Universit\u00e1rio da Madeira\"},{\"@type\":\"BreadcrumbList\",\"@id\":\"https:\/\/portaltela.pt\/noticias\/2026\/02\/01\/cinco-agrupamentos-avancam-para-a-ultima-fase-da-obra-do-hospital-da-madeira\/#breadcrumb\",\"itemListElement\":[{\"@type\":\"ListItem\",\"position\":1,\"name\":\"In\u00edcio\",\"item\":\"https:\/\/portaltela.pt\/\"},{\"@type\":\"ListItem\",\"position\":2,\"name\":\"Cinco agrupamentos avan\u00e7am para a \u00faltima fase da obra do Hospital da Madeira\"}]},{\"@type\":\"WebSite\",\"@id\":\"https:\/\/portaltela.pt\/#website\",\"url\":\"https:\/\/portaltela.pt\/\",\"name\":\"Portal Tela Portugal\",\"description\":\"\",\"potentialAction\":[{\"@type\":\"SearchAction\",\"target\":{\"@type\":\"EntryPoint\",\"urlTemplate\":\"https:\/\/portaltela.pt\/?s={search_term_string}\"},\"query-input\":{\"@type\":\"PropertyValueSpecification\",\"valueRequired\":true,\"valueName\":\"search_term_string\"}}],\"inLanguage\":\"pt-PT\"},{\"@type\":\"Person\",\"@id\":\"https:\/\/portaltela.pt\/#\/schema\/person\/c4278d4a6028830caff9ee44b42d32ed\",\"name\":\"Telinha\",\"image\":{\"@type\":\"ImageObject\",\"inLanguage\":\"pt-PT\",\"@id\":\"https:\/\/portaltela.pt\/s.01k8rhncp4jt1\/2025\/11\/talking-bot-125x125.png\",\"url\":\"https:\/\/portaltela.pt\/s.01k8rhncp4jt1\/2025\/11\/talking-bot-125x125.png\",\"contentUrl\":\"https:\/\/portaltela.pt\/s.01k8rhncp4jt1\/2025\/11\/talking-bot-125x125.png\",\"caption\":\"Telinha\"},\"sameAs\":[\"https:\/\/portaltela.pt\/\"],\"url\":\"https:\/\/portaltela.pt\/por\/367410592786\/\"}]}<\/script>\n<!-- \/ Yoast SEO plugin. -->","yoast_head_json":{"title":"Cinco agrupamentos avan\u00e7am para a \u00faltima fase da obra do Hospital da Madeira - Portal Tela Portugal","robots":{"index":"index","follow":"follow","max-snippet":"max-snippet:-1","max-image-preview":"max-image-preview:large","max-video-preview":"max-video-preview:-1"},"og_locale":"pt_PT","og_type":"article","og_title":"Cinco agrupamentos avan\u00e7am para a \u00faltima fase da obra do Hospital da Madeira - Portal Tela Portugal","og_description":"Cinco agrupamentos passaram \u00e0 \u00faltima fase do concurso para a 3.\u00aa Fase do Hospital Central e Universit\u00e1rio da Madeira, dedicada a Infraestruturas Gerais, Acabamentos e Instala\u00e7\u00f5es T\u00e9cnicas. Os agrupamentos seleccionados est\u00e3o convidados a apresentar propostas no prazo m\u00e1ximo de 45 dias. A decis\u00e3o foi tomada ap\u00f3s an\u00e1lise das candidaturas na fase de qualifica\u00e7\u00e3o, considerada pelo governo como etapa estrat\u00e9gica para o arranque da 3.\u00aa e \u00faltima fase do projeto. O pre\u00e7o base da 3.\u00aa fase \u00e9 de 265 milh\u00f5es de euros e o in\u00edcio est\u00e1 previsto para o primeiro semestre de 2026. A \u00faltima fase ficar\u00e1 a cargo da Secretaria Regional da Sa\u00fade, com aquisi\u00e7\u00e3o de equipamentos hospitalares, prevendo-se a conclus\u00e3o da unidade no final de 2029; a interliga\u00e7\u00e3o entre as \u00e1reas envolvidas \u00e9 essencial.","og_url":"https:\/\/portaltela.pt\/noticias\/2026\/02\/01\/cinco-agrupamentos-avancam-para-a-ultima-fase-da-obra-do-hospital-da-madeira\/","og_site_name":"Portal Tela Portugal","article_published_time":"2026-02-01T15:33:00+00:00","author":"Telinha","twitter_card":"summary_large_image","twitter_misc":{"Escrito por":"Telinha","Tempo estimado de leitura":"1 minuto"},"schema":{"@context":"https:\/\/schema.org","@graph":[{"@type":"Article","@id":"https:\/\/portaltela.pt\/noticias\/2026\/02\/01\/cinco-agrupamentos-avancam-para-a-ultima-fase-da-obra-do-hospital-da-madeira\/#article","isPartOf":{"@id":"https:\/\/portaltela.pt\/noticias\/2026\/02\/01\/cinco-agrupamentos-avancam-para-a-ultima-fase-da-obra-do-hospital-da-madeira\/"},"author":{"name":"Telinha","@id":"https:\/\/portaltela.pt\/#\/schema\/person\/c4278d4a6028830caff9ee44b42d32ed"},"headline":"Cinco agrupamentos avan\u00e7am para a \u00faltima fase da obra do Hospital da Madeira","datePublished":"2026-02-01T15:33:00+00:00","mainEntityOfPage":{"@id":"https:\/\/portaltela.pt\/noticias\/2026\/02\/01\/cinco-agrupamentos-avancam-para-a-ultima-fase-da-obra-do-hospital-da-madeira\/"},"wordCount":252,"image":{"@id":"https:\/\/portaltela.pt\/noticias\/2026\/02\/01\/cinco-agrupamentos-avancam-para-a-ultima-fase-da-obra-do-hospital-da-madeira\/#primaryimage"},"thumbnailUrl":"https:\/\/portaltela.pt\/s.01k8rhncp4jt1\/2026\/02\/unnamed-file-137.jpg","keywords":["acabamentos","financiamento","hospitais","infraestruturas","investimento","Madeira"],"articleSection":["Not\u00edcias"],"inLanguage":"pt-PT"},{"@type":"WebPage","@id":"https:\/\/portaltela.pt\/noticias\/2026\/02\/01\/cinco-agrupamentos-avancam-para-a-ultima-fase-da-obra-do-hospital-da-madeira\/","url":"https:\/\/portaltela.pt\/noticias\/2026\/02\/01\/cinco-agrupamentos-avancam-para-a-ultima-fase-da-obra-do-hospital-da-madeira\/","name":"Cinco agrupamentos avan\u00e7am para a \u00faltima fase da obra do Hospital da Madeira - Portal Tela Portugal","isPartOf":{"@id":"https:\/\/portaltela.pt\/#website"},"primaryImageOfPage":{"@id":"https:\/\/portaltela.pt\/noticias\/2026\/02\/01\/cinco-agrupamentos-avancam-para-a-ultima-fase-da-obra-do-hospital-da-madeira\/#primaryimage"},"image":{"@id":"https:\/\/portaltela.pt\/noticias\/2026\/02\/01\/cinco-agrupamentos-avancam-para-a-ultima-fase-da-obra-do-hospital-da-madeira\/#primaryimage"},"thumbnailUrl":"https:\/\/portaltela.pt\/s.01k8rhncp4jt1\/2026\/02\/unnamed-file-137.jpg","datePublished":"2026-02-01T15:33:00+00:00","author":{"@id":"https:\/\/portaltela.pt\/#\/schema\/person\/c4278d4a6028830caff9ee44b42d32ed"},"breadcrumb":{"@id":"https:\/\/portaltela.pt\/noticias\/2026\/02\/01\/cinco-agrupamentos-avancam-para-a-ultima-fase-da-obra-do-hospital-da-madeira\/#breadcrumb"},"inLanguage":"pt-PT","potentialAction":[{"@type":"ReadAction","target":["https:\/\/portaltela.pt\/noticias\/2026\/02\/01\/cinco-agrupamentos-avancam-para-a-ultima-fase-da-obra-do-hospital-da-madeira\/"]}]},{"@type":"ImageObject","inLanguage":"pt-PT","@id":"https:\/\/portaltela.pt\/noticias\/2026\/02\/01\/cinco-agrupamentos-avancam-para-a-ultima-fase-da-obra-do-hospital-da-madeira\/#primaryimage","url":"https:\/\/portaltela.pt\/s.01k8rhncp4jt1\/2026\/02\/unnamed-file-137.jpg","contentUrl":"https:\/\/portaltela.pt\/s.01k8rhncp4jt1\/2026\/02\/unnamed-file-137.jpg","width":796,"height":448,"caption":"Cinco agrupamentos avan\u00e7am para a \u00faltima fase da obra do Hospital Central e Universit\u00e1rio da Madeira"},{"@type":"BreadcrumbList","@id":"https:\/\/portaltela.pt\/noticias\/2026\/02\/01\/cinco-agrupamentos-avancam-para-a-ultima-fase-da-obra-do-hospital-da-madeira\/#breadcrumb","itemListElement":[{"@type":"ListItem","position":1,"name":"In\u00edcio","item":"https:\/\/portaltela.pt\/"},{"@type":"ListItem","position":2,"name":"Cinco agrupamentos avan\u00e7am para a \u00faltima fase da obra do Hospital da Madeira"}]},{"@type":"WebSite","@id":"https:\/\/portaltela.pt\/#website","url":"https:\/\/portaltela.pt\/","name":"Portal Tela Portugal","description":"","potentialAction":[{"@type":"SearchAction","target":{"@type":"EntryPoint","urlTemplate":"https:\/\/portaltela.pt\/?s={search_term_string}"},"query-input":{"@type":"PropertyValueSpecification","valueRequired":true,"valueName":"search_term_string"}}],"inLanguage":"pt-PT"},{"@type":"Person","@id":"https:\/\/portaltela.pt\/#\/schema\/person\/c4278d4a6028830caff9ee44b42d32ed","name":"Telinha","image":{"@type":"ImageObject","inLanguage":"pt-PT","@id":"https:\/\/portaltela.pt\/s.01k8rhncp4jt1\/2025\/11\/talking-bot-125x125.png","url":"https:\/\/portaltela.pt\/s.01k8rhncp4jt1\/2025\/11\/talking-bot-125x125.png","contentUrl":"https:\/\/portaltela.pt\/s.01k8rhncp4jt1\/2025\/11\/talking-bot-125x125.png","caption":"Telinha"},"sameAs":["https:\/\/portaltela.pt\/"],"url":"https:\/\/portaltela.pt\/por\/367410592786\/"}]}},"_links":{"self":[{"href":"https:\/\/portaltela.pt\/api\/wp\/v2\/posts\/188846","targetHints":{"allow":["GET"]}}],"collection":[{"href":"https:\/\/portaltela.pt\/api\/wp\/v2\/posts"}],"about":[{"href":"https:\/\/portaltela.pt\/api\/wp\/v2\/types\/post"}],"author":[{"embeddable":true,"href":"https:\/\/portaltela.pt\/api\/wp\/v2\/users\/2"}],"replies":[{"embeddable":true,"href":"https:\/\/portaltela.pt\/api\/wp\/v2\/comments?post=188846"}],"version-history":[{"count":0,"href":"https:\/\/portaltela.pt\/api\/wp\/v2\/posts\/188846\/revisions"}],"wp:featuredmedia":[{"embeddable":true,"href":"https:\/\/portaltela.pt\/api\/wp\/v2\/media\/188855"}],"wp:attachment":[{"href":"https:\/\/portaltela.pt\/api\/wp\/v2\/media?parent=188846"}],"wp:term":[{"taxonomy":"category","embeddable":true,"href":"https:\/\/portaltela.pt\/api\/wp\/v2\/categories?post=188846"},{"taxonomy":"post_tag","embeddable":true,"href":"https:\/\/portaltela.pt\/api\/wp\/v2\/tags?post=188846"}],"curies":[{"name":"wp","href":"https:\/\/api.w.org\/{rel}","templated":true}]}}