{"id":188835,"date":"2026-02-01T12:45:00","date_gmt":"2026-02-01T15:45:00","guid":{"rendered":"https:\/\/portaltela.pt\/noticias\/2026\/02\/01\/familia-de-opositor-domingos-simoes-pereira-denuncia-vigilancia-armada-em-casa\/"},"modified":"2026-02-01T12:45:00","modified_gmt":"2026-02-01T15:45:00","slug":"familia-de-opositor-domingos-simoes-pereira-denuncia-vigilancia-armada-em-casa","status":"publish","type":"post","link":"https:\/\/portaltela.pt\/noticias\/politica\/2026\/02\/01\/familia-de-opositor-domingos-simoes-pereira-denuncia-vigilancia-armada-em-casa\/","title":{"rendered":"Fam\u00edlia de opositor Domingos Sim\u00f5es Pereira denuncia vigil\u00e2ncia armada em casa"},"content":{"rendered":"<p>A fam\u00edlia do opositor Domingos Sim\u00f5es Pereira denunciou ter sido alvo de vigil\u00e2ncia armada na resid\u00eancia. A den\u00fancia \u00e9 reportada pela ag\u00eancia Lusa. N\u00e3o foram divulgados detalhes sobre quem estaria a vigiar ou qual a origem da vigil\u00e2ncia.<\/p>\n<p>De acordo com a comunica\u00e7\u00e3o publicada, a den\u00fancia envolve a pr\u00f3pria casa do opositor e aponta para a exist\u00eancia de algum tipo de monitoriza\u00e7\u00e3o com uso de armamento. As informa\u00e7\u00f5es dispon\u00edveis s\u00e3o limitadas neste momento.<\/p>\n<p>O conte\u00fado completo da den\u00fancia est\u00e1 acess\u00edvel apenas para subscritores da Lusa. A ag\u00eancia n\u00e3o divulgou, at\u00e9 ao momento, dados adicionais ou documentos que comprovem a ocorr\u00eancia.<\/p>\n<p>N\u00e3o foi especificada a data, o local exato ou as circunst\u00e2ncias daquele suposto epis\u00f3dio. A vers\u00e3o completa poder\u00e1 apresentar declara\u00e7\u00f5es da defesa, da fam\u00edlia e de representantes pol\u00edticos.<\/p>\n<p>At\u00e9 novas informa\u00e7\u00f5es, mant\u00e9m-se a tens\u00e3o entre as informa\u00e7\u00f5es veiculadas pela fam\u00edlia de Sim\u00f5es Pereira e a posi\u00e7\u00e3o de outros atores pol\u00edticos sobre o assunto. Fonte: Lusa.<\/p>\n","protected":false},"excerpt":{"rendered":"<ul>\n<li>A fam\u00edlia do opositor Domingos Sim\u00f5es Pereira denunciou vigil\u00e2ncia armada na sua casa.<\/li>\n<li>A den\u00fancia foi feita pela fam\u00edlia do pol\u00edtico Domingos Sim\u00f5es Pereira.<\/li>\n<li>O conte\u00fado completo da not\u00edcia est\u00e1 dispon\u00edvel apenas para subscritores.<\/li>\n<li>N\u00e3o foram fornecidos detalhes adicionais no texto apresentado.<\/li>\n<\/ul>\n","protected":false},"author":2,"featured_media":188838,"comment_status":"closed","ping_status":"closed","sticky":false,"template":"","format":"standard","meta":{"footnotes":""},"categories":[1,5],"tags":[215,3767,2832,3562,250,3045],"class_list":["post-188835","post","type-post","status-publish","format-standard","has-post-thumbnail","hentry","category-noticias","category-politica","tag-investigacao","tag-oposicao","tag-politica","tag-privacidade","tag-seguranca-publica","tag-vigilancia-electronica"],"yoast_head":"<!-- This site is optimized with the Yoast SEO plugin v27.2 - https:\/\/yoast.com\/product\/yoast-seo-wordpress\/ -->\n<title>Fam\u00edlia de opositor Domingos Sim\u00f5es Pereira denuncia vigil\u00e2ncia armada em casa - Portal Tela Portugal<\/title>\n<meta name=\"robots\" content=\"index, follow, max-snippet:-1, max-image-preview:large, max-video-preview:-1\" \/>\n<meta property=\"og:locale\" content=\"pt_PT\" \/>\n<meta property=\"og:type\" content=\"article\" \/>\n<meta property=\"og:title\" content=\"Fam\u00edlia de opositor Domingos Sim\u00f5es Pereira denuncia vigil\u00e2ncia armada em casa - Portal Tela Portugal\" \/>\n<meta property=\"og:description\" content=\"A fam\u00edlia do opositor Domingos Sim\u00f5es Pereira denunciou vigil\u00e2ncia armada na sua casa. A den\u00fancia foi feita pela fam\u00edlia do pol\u00edtico Domingos Sim\u00f5es Pereira. O conte\u00fado completo da not\u00edcia est\u00e1 dispon\u00edvel apenas para subscritores. N\u00e3o foram fornecidos detalhes adicionais no texto apresentado.\" \/>\n<meta property=\"og:url\" content=\"https:\/\/portaltela.pt\/noticias\/2026\/02\/01\/familia-de-opositor-domingos-simoes-pereira-denuncia-vigilancia-armada-em-casa\/\" \/>\n<meta property=\"og:site_name\" content=\"Portal Tela Portugal\" \/>\n<meta property=\"article:published_time\" content=\"2026-02-01T15:45:00+00:00\" \/>\n<meta name=\"author\" content=\"Telinha\" \/>\n<meta name=\"twitter:card\" content=\"summary_large_image\" \/>\n<meta name=\"twitter:label1\" content=\"Escrito por\" \/>\n\t<meta name=\"twitter:data1\" content=\"Telinha\" \/>\n\t<meta name=\"twitter:label2\" content=\"Tempo estimado de leitura\" \/>\n\t<meta name=\"twitter:data2\" content=\"1 minuto\" \/>\n<script type=\"application\/ld+json\" class=\"yoast-schema-graph\">{\"@context\":\"https:\/\/schema.org\",\"@graph\":[{\"@type\":\"Article\",\"@id\":\"https:\/\/portaltela.pt\/noticias\/2026\/02\/01\/familia-de-opositor-domingos-simoes-pereira-denuncia-vigilancia-armada-em-casa\/#article\",\"isPartOf\":{\"@id\":\"https:\/\/portaltela.pt\/noticias\/2026\/02\/01\/familia-de-opositor-domingos-simoes-pereira-denuncia-vigilancia-armada-em-casa\/\"},\"author\":{\"name\":\"Telinha\",\"@id\":\"https:\/\/portaltela.pt\/#\/schema\/person\/c4278d4a6028830caff9ee44b42d32ed\"},\"headline\":\"Fam\u00edlia de opositor Domingos Sim\u00f5es Pereira denuncia vigil\u00e2ncia armada em casa\",\"datePublished\":\"2026-02-01T15:45:00+00:00\",\"mainEntityOfPage\":{\"@id\":\"https:\/\/portaltela.pt\/noticias\/2026\/02\/01\/familia-de-opositor-domingos-simoes-pereira-denuncia-vigilancia-armada-em-casa\/\"},\"wordCount\":205,\"image\":{\"@id\":\"https:\/\/portaltela.pt\/noticias\/2026\/02\/01\/familia-de-opositor-domingos-simoes-pereira-denuncia-vigilancia-armada-em-casa\/#primaryimage\"},\"thumbnailUrl\":\"https:\/\/portaltela.pt\/s.01k8rhncp4jt1\/2026\/02\/CACHE_780X1200_ANALOG_WATERMARKED_40873168_327946121342053.jpg\",\"keywords\":[\"investiga\u00e7\u00e3o\",\"oposi\u00e7\u00e3o\",\"pol\u00edtica\",\"privacidade\",\"seguran\u00e7a p\u00fablica\",\"vigil\u00e2ncia electr\u00f3nica\"],\"articleSection\":[\"Not\u00edcias\",\"Pol\u00edtica\"],\"inLanguage\":\"pt-PT\"},{\"@type\":\"WebPage\",\"@id\":\"https:\/\/portaltela.pt\/noticias\/2026\/02\/01\/familia-de-opositor-domingos-simoes-pereira-denuncia-vigilancia-armada-em-casa\/\",\"url\":\"https:\/\/portaltela.pt\/noticias\/2026\/02\/01\/familia-de-opositor-domingos-simoes-pereira-denuncia-vigilancia-armada-em-casa\/\",\"name\":\"Fam\u00edlia de opositor Domingos Sim\u00f5es Pereira denuncia vigil\u00e2ncia armada em casa - Portal Tela Portugal\",\"isPartOf\":{\"@id\":\"https:\/\/portaltela.pt\/#website\"},\"primaryImageOfPage\":{\"@id\":\"https:\/\/portaltela.pt\/noticias\/2026\/02\/01\/familia-de-opositor-domingos-simoes-pereira-denuncia-vigilancia-armada-em-casa\/#primaryimage\"},\"image\":{\"@id\":\"https:\/\/portaltela.pt\/noticias\/2026\/02\/01\/familia-de-opositor-domingos-simoes-pereira-denuncia-vigilancia-armada-em-casa\/#primaryimage\"},\"thumbnailUrl\":\"https:\/\/portaltela.pt\/s.01k8rhncp4jt1\/2026\/02\/CACHE_780X1200_ANALOG_WATERMARKED_40873168_327946121342053.jpg\",\"datePublished\":\"2026-02-01T15:45:00+00:00\",\"author\":{\"@id\":\"https:\/\/portaltela.pt\/#\/schema\/person\/c4278d4a6028830caff9ee44b42d32ed\"},\"breadcrumb\":{\"@id\":\"https:\/\/portaltela.pt\/noticias\/2026\/02\/01\/familia-de-opositor-domingos-simoes-pereira-denuncia-vigilancia-armada-em-casa\/#breadcrumb\"},\"inLanguage\":\"pt-PT\",\"potentialAction\":[{\"@type\":\"ReadAction\",\"target\":[\"https:\/\/portaltela.pt\/noticias\/2026\/02\/01\/familia-de-opositor-domingos-simoes-pereira-denuncia-vigilancia-armada-em-casa\/\"]}]},{\"@type\":\"ImageObject\",\"inLanguage\":\"pt-PT\",\"@id\":\"https:\/\/portaltela.pt\/noticias\/2026\/02\/01\/familia-de-opositor-domingos-simoes-pereira-denuncia-vigilancia-armada-em-casa\/#primaryimage\",\"url\":\"https:\/\/portaltela.pt\/s.01k8rhncp4jt1\/2026\/02\/CACHE_780X1200_ANALOG_WATERMARKED_40873168_327946121342053.jpg\",\"contentUrl\":\"https:\/\/portaltela.pt\/s.01k8rhncp4jt1\/2026\/02\/CACHE_780X1200_ANALOG_WATERMARKED_40873168_327946121342053.jpg\",\"width\":796,\"height\":448,\"caption\":\"Fam\u00edlia de opositor Domingos Sim\u00f5es Pereira denuncia vigil\u00e2ncia armada em casa\"},{\"@type\":\"BreadcrumbList\",\"@id\":\"https:\/\/portaltela.pt\/noticias\/2026\/02\/01\/familia-de-opositor-domingos-simoes-pereira-denuncia-vigilancia-armada-em-casa\/#breadcrumb\",\"itemListElement\":[{\"@type\":\"ListItem\",\"position\":1,\"name\":\"In\u00edcio\",\"item\":\"https:\/\/portaltela.pt\/\"},{\"@type\":\"ListItem\",\"position\":2,\"name\":\"Fam\u00edlia de opositor Domingos Sim\u00f5es Pereira denuncia vigil\u00e2ncia armada em casa\"}]},{\"@type\":\"WebSite\",\"@id\":\"https:\/\/portaltela.pt\/#website\",\"url\":\"https:\/\/portaltela.pt\/\",\"name\":\"Portal Tela Portugal\",\"description\":\"\",\"potentialAction\":[{\"@type\":\"SearchAction\",\"target\":{\"@type\":\"EntryPoint\",\"urlTemplate\":\"https:\/\/portaltela.pt\/?s={search_term_string}\"},\"query-input\":{\"@type\":\"PropertyValueSpecification\",\"valueRequired\":true,\"valueName\":\"search_term_string\"}}],\"inLanguage\":\"pt-PT\"},{\"@type\":\"Person\",\"@id\":\"https:\/\/portaltela.pt\/#\/schema\/person\/c4278d4a6028830caff9ee44b42d32ed\",\"name\":\"Telinha\",\"image\":{\"@type\":\"ImageObject\",\"inLanguage\":\"pt-PT\",\"@id\":\"https:\/\/portaltela.pt\/s.01k8rhncp4jt1\/2025\/11\/talking-bot-125x125.png\",\"url\":\"https:\/\/portaltela.pt\/s.01k8rhncp4jt1\/2025\/11\/talking-bot-125x125.png\",\"contentUrl\":\"https:\/\/portaltela.pt\/s.01k8rhncp4jt1\/2025\/11\/talking-bot-125x125.png\",\"caption\":\"Telinha\"},\"sameAs\":[\"https:\/\/portaltela.pt\/\"],\"url\":\"https:\/\/portaltela.pt\/por\/367410592786\/\"}]}<\/script>\n<!-- \/ Yoast SEO plugin. -->","yoast_head_json":{"title":"Fam\u00edlia de opositor Domingos Sim\u00f5es Pereira denuncia vigil\u00e2ncia armada em casa - Portal Tela Portugal","robots":{"index":"index","follow":"follow","max-snippet":"max-snippet:-1","max-image-preview":"max-image-preview:large","max-video-preview":"max-video-preview:-1"},"og_locale":"pt_PT","og_type":"article","og_title":"Fam\u00edlia de opositor Domingos Sim\u00f5es Pereira denuncia vigil\u00e2ncia armada em casa - Portal Tela Portugal","og_description":"A fam\u00edlia do opositor Domingos Sim\u00f5es Pereira denunciou vigil\u00e2ncia armada na sua casa. A den\u00fancia foi feita pela fam\u00edlia do pol\u00edtico Domingos Sim\u00f5es Pereira. O conte\u00fado completo da not\u00edcia est\u00e1 dispon\u00edvel apenas para subscritores. N\u00e3o foram fornecidos detalhes adicionais no texto apresentado.","og_url":"https:\/\/portaltela.pt\/noticias\/2026\/02\/01\/familia-de-opositor-domingos-simoes-pereira-denuncia-vigilancia-armada-em-casa\/","og_site_name":"Portal Tela Portugal","article_published_time":"2026-02-01T15:45:00+00:00","author":"Telinha","twitter_card":"summary_large_image","twitter_misc":{"Escrito por":"Telinha","Tempo estimado de leitura":"1 minuto"},"schema":{"@context":"https:\/\/schema.org","@graph":[{"@type":"Article","@id":"https:\/\/portaltela.pt\/noticias\/2026\/02\/01\/familia-de-opositor-domingos-simoes-pereira-denuncia-vigilancia-armada-em-casa\/#article","isPartOf":{"@id":"https:\/\/portaltela.pt\/noticias\/2026\/02\/01\/familia-de-opositor-domingos-simoes-pereira-denuncia-vigilancia-armada-em-casa\/"},"author":{"name":"Telinha","@id":"https:\/\/portaltela.pt\/#\/schema\/person\/c4278d4a6028830caff9ee44b42d32ed"},"headline":"Fam\u00edlia de opositor Domingos Sim\u00f5es Pereira denuncia vigil\u00e2ncia armada em casa","datePublished":"2026-02-01T15:45:00+00:00","mainEntityOfPage":{"@id":"https:\/\/portaltela.pt\/noticias\/2026\/02\/01\/familia-de-opositor-domingos-simoes-pereira-denuncia-vigilancia-armada-em-casa\/"},"wordCount":205,"image":{"@id":"https:\/\/portaltela.pt\/noticias\/2026\/02\/01\/familia-de-opositor-domingos-simoes-pereira-denuncia-vigilancia-armada-em-casa\/#primaryimage"},"thumbnailUrl":"https:\/\/portaltela.pt\/s.01k8rhncp4jt1\/2026\/02\/CACHE_780X1200_ANALOG_WATERMARKED_40873168_327946121342053.jpg","keywords":["investiga\u00e7\u00e3o","oposi\u00e7\u00e3o","pol\u00edtica","privacidade","seguran\u00e7a p\u00fablica","vigil\u00e2ncia electr\u00f3nica"],"articleSection":["Not\u00edcias","Pol\u00edtica"],"inLanguage":"pt-PT"},{"@type":"WebPage","@id":"https:\/\/portaltela.pt\/noticias\/2026\/02\/01\/familia-de-opositor-domingos-simoes-pereira-denuncia-vigilancia-armada-em-casa\/","url":"https:\/\/portaltela.pt\/noticias\/2026\/02\/01\/familia-de-opositor-domingos-simoes-pereira-denuncia-vigilancia-armada-em-casa\/","name":"Fam\u00edlia de opositor Domingos Sim\u00f5es Pereira denuncia vigil\u00e2ncia armada em casa - Portal Tela Portugal","isPartOf":{"@id":"https:\/\/portaltela.pt\/#website"},"primaryImageOfPage":{"@id":"https:\/\/portaltela.pt\/noticias\/2026\/02\/01\/familia-de-opositor-domingos-simoes-pereira-denuncia-vigilancia-armada-em-casa\/#primaryimage"},"image":{"@id":"https:\/\/portaltela.pt\/noticias\/2026\/02\/01\/familia-de-opositor-domingos-simoes-pereira-denuncia-vigilancia-armada-em-casa\/#primaryimage"},"thumbnailUrl":"https:\/\/portaltela.pt\/s.01k8rhncp4jt1\/2026\/02\/CACHE_780X1200_ANALOG_WATERMARKED_40873168_327946121342053.jpg","datePublished":"2026-02-01T15:45:00+00:00","author":{"@id":"https:\/\/portaltela.pt\/#\/schema\/person\/c4278d4a6028830caff9ee44b42d32ed"},"breadcrumb":{"@id":"https:\/\/portaltela.pt\/noticias\/2026\/02\/01\/familia-de-opositor-domingos-simoes-pereira-denuncia-vigilancia-armada-em-casa\/#breadcrumb"},"inLanguage":"pt-PT","potentialAction":[{"@type":"ReadAction","target":["https:\/\/portaltela.pt\/noticias\/2026\/02\/01\/familia-de-opositor-domingos-simoes-pereira-denuncia-vigilancia-armada-em-casa\/"]}]},{"@type":"ImageObject","inLanguage":"pt-PT","@id":"https:\/\/portaltela.pt\/noticias\/2026\/02\/01\/familia-de-opositor-domingos-simoes-pereira-denuncia-vigilancia-armada-em-casa\/#primaryimage","url":"https:\/\/portaltela.pt\/s.01k8rhncp4jt1\/2026\/02\/CACHE_780X1200_ANALOG_WATERMARKED_40873168_327946121342053.jpg","contentUrl":"https:\/\/portaltela.pt\/s.01k8rhncp4jt1\/2026\/02\/CACHE_780X1200_ANALOG_WATERMARKED_40873168_327946121342053.jpg","width":796,"height":448,"caption":"Fam\u00edlia de opositor Domingos Sim\u00f5es Pereira denuncia vigil\u00e2ncia armada em casa"},{"@type":"BreadcrumbList","@id":"https:\/\/portaltela.pt\/noticias\/2026\/02\/01\/familia-de-opositor-domingos-simoes-pereira-denuncia-vigilancia-armada-em-casa\/#breadcrumb","itemListElement":[{"@type":"ListItem","position":1,"name":"In\u00edcio","item":"https:\/\/portaltela.pt\/"},{"@type":"ListItem","position":2,"name":"Fam\u00edlia de opositor Domingos Sim\u00f5es Pereira denuncia vigil\u00e2ncia armada em casa"}]},{"@type":"WebSite","@id":"https:\/\/portaltela.pt\/#website","url":"https:\/\/portaltela.pt\/","name":"Portal Tela Portugal","description":"","potentialAction":[{"@type":"SearchAction","target":{"@type":"EntryPoint","urlTemplate":"https:\/\/portaltela.pt\/?s={search_term_string}"},"query-input":{"@type":"PropertyValueSpecification","valueRequired":true,"valueName":"search_term_string"}}],"inLanguage":"pt-PT"},{"@type":"Person","@id":"https:\/\/portaltela.pt\/#\/schema\/person\/c4278d4a6028830caff9ee44b42d32ed","name":"Telinha","image":{"@type":"ImageObject","inLanguage":"pt-PT","@id":"https:\/\/portaltela.pt\/s.01k8rhncp4jt1\/2025\/11\/talking-bot-125x125.png","url":"https:\/\/portaltela.pt\/s.01k8rhncp4jt1\/2025\/11\/talking-bot-125x125.png","contentUrl":"https:\/\/portaltela.pt\/s.01k8rhncp4jt1\/2025\/11\/talking-bot-125x125.png","caption":"Telinha"},"sameAs":["https:\/\/portaltela.pt\/"],"url":"https:\/\/portaltela.pt\/por\/367410592786\/"}]}},"_links":{"self":[{"href":"https:\/\/portaltela.pt\/api\/wp\/v2\/posts\/188835","targetHints":{"allow":["GET"]}}],"collection":[{"href":"https:\/\/portaltela.pt\/api\/wp\/v2\/posts"}],"about":[{"href":"https:\/\/portaltela.pt\/api\/wp\/v2\/types\/post"}],"author":[{"embeddable":true,"href":"https:\/\/portaltela.pt\/api\/wp\/v2\/users\/2"}],"replies":[{"embeddable":true,"href":"https:\/\/portaltela.pt\/api\/wp\/v2\/comments?post=188835"}],"version-history":[{"count":0,"href":"https:\/\/portaltela.pt\/api\/wp\/v2\/posts\/188835\/revisions"}],"wp:featuredmedia":[{"embeddable":true,"href":"https:\/\/portaltela.pt\/api\/wp\/v2\/media\/188838"}],"wp:attachment":[{"href":"https:\/\/portaltela.pt\/api\/wp\/v2\/media?parent=188835"}],"wp:term":[{"taxonomy":"category","embeddable":true,"href":"https:\/\/portaltela.pt\/api\/wp\/v2\/categories?post=188835"},{"taxonomy":"post_tag","embeddable":true,"href":"https:\/\/portaltela.pt\/api\/wp\/v2\/tags?post=188835"}],"curies":[{"name":"wp","href":"https:\/\/api.w.org\/{rel}","templated":true}]}}