{"id":188821,"date":"2026-02-01T12:00:40","date_gmt":"2026-02-01T15:00:40","guid":{"rendered":"https:\/\/portaltela.pt\/noticias\/2026\/02\/01\/alerta-chuva-com-granizo-e-trovoadas-previsto-para-2-fev-entre-00h-e-06h\/"},"modified":"2026-02-01T12:00:40","modified_gmt":"2026-02-01T15:00:40","slug":"alerta-chuva-com-granizo-e-trovoadas-previsto-para-2-fev-entre-00h-e-06h","status":"publish","type":"post","link":"https:\/\/portaltela.pt\/noticias\/2026\/02\/01\/alerta-chuva-com-granizo-e-trovoadas-previsto-para-2-fev-entre-00h-e-06h\/","title":{"rendered":"Alerta: chuva com granizo e trovoadas previsto para 2 fev entre 00h e 06h"},"content":{"rendered":"<p>O Aviso \u00e0 Popula\u00e7\u00e3o para precipita\u00e7\u00e3o informa per\u00edodos de chuva ou aguaceiros, por vezes fortes, com possibilidade de granizo e trovoada. O intervalo indicado \u00e9 entre as 00h00 e as 06h00 do dia 2 de fevereiro.<\/p>\n<p>A informa\u00e7\u00e3o \u00e9 disponibilizada pelo IPMA e pelo Comando Sub-Regional de Emerg\u00eancia e Prote\u00e7\u00e3o Civil do Alentejo Central, com foco na regi\u00e3o abrangida pela zona central do Alentejo. A comunica\u00e7\u00e3o destina-se a orientar a popula\u00e7\u00e3o sobre os riscos meteorol\u00f3gicos previstos e as a\u00e7\u00f5es de precau\u00e7\u00e3o.<\/p>\n<p>Para mais informa\u00e7\u00f5es, as autoridades indicam consultar as nossas fontes oficiais, bem como os meios de comunica\u00e7\u00e3o de ocorr\u00eancias dispon\u00edveis pela C\u00e2mara Municipal de Viana do Alentejo. As autoridades asseguram que as informa\u00e7\u00f5es s\u00e3o atualizadas pelas entidades competentes.<\/p>\n","protected":false},"excerpt":{"rendered":"<ul>\n<li>Aviso de precipita\u00e7\u00e3o: per\u00edodos de chuva ou aguaceiros, por vezes fortes, com possibilidade de granizo e trovoada.<\/li>\n<li>Hor\u00e1rio previsto: entre as 00h00 e as 06h00 do dia 2 de fevereiro.<\/li>\n<li>Fontes oficiais: IPMA e o Comando Sub-Regional de Emerg\u00eancia e Prote\u00e7\u00e3o Civil do Alentejo Central.<\/li>\n<li>Informa\u00e7\u00f5es adicionais podem consultar os avisos meteorol\u00f3gicos atuais da C\u00e2mara Municipal de Viana do Alentejo.<\/li>\n<li>Formas de comunica\u00e7\u00e3o de ocorr\u00eancias s\u00e3o disponibilizadas pela C\u00e2mara Municipal de Viana do Alentejo.<\/li>\n<\/ul>\n","protected":false},"author":2,"featured_media":188825,"comment_status":"closed","ping_status":"closed","sticky":false,"template":"","format":"standard","meta":{"footnotes":""},"categories":[1],"tags":[883,3931,2048,2161,3968,4961],"class_list":["post-188821","post","type-post","status-publish","format-standard","has-post-thumbnail","hentry","category-noticias","tag-alentejo","tag-chuva-forte","tag-defesa-civil","tag-granizo","tag-ipma","tag-trovoadas"],"yoast_head":"<!-- This site is optimized with the Yoast SEO plugin v27.2 - https:\/\/yoast.com\/product\/yoast-seo-wordpress\/ -->\n<title>Alerta: chuva com granizo e trovoadas previsto para 2 fev entre 00h e 06h - Portal Tela Portugal<\/title>\n<meta name=\"robots\" content=\"index, follow, max-snippet:-1, max-image-preview:large, max-video-preview:-1\" \/>\n<meta property=\"og:locale\" content=\"pt_PT\" \/>\n<meta property=\"og:type\" content=\"article\" \/>\n<meta property=\"og:title\" content=\"Alerta: chuva com granizo e trovoadas previsto para 2 fev entre 00h e 06h - Portal Tela Portugal\" \/>\n<meta property=\"og:description\" content=\"Aviso de precipita\u00e7\u00e3o: per\u00edodos de chuva ou aguaceiros, por vezes fortes, com possibilidade de granizo e trovoada. Hor\u00e1rio previsto: entre as 00h00 e as 06h00 do dia 2 de fevereiro. Fontes oficiais: IPMA e o Comando Sub-Regional de Emerg\u00eancia e Prote\u00e7\u00e3o Civil do Alentejo Central. Informa\u00e7\u00f5es adicionais podem consultar os avisos meteorol\u00f3gicos atuais da C\u00e2mara Municipal de Viana do Alentejo. Formas de comunica\u00e7\u00e3o de ocorr\u00eancias s\u00e3o disponibilizadas pela C\u00e2mara Municipal de Viana do Alentejo.\" \/>\n<meta property=\"og:url\" content=\"https:\/\/portaltela.pt\/noticias\/2026\/02\/01\/alerta-chuva-com-granizo-e-trovoadas-previsto-para-2-fev-entre-00h-e-06h\/\" \/>\n<meta property=\"og:site_name\" content=\"Portal Tela Portugal\" \/>\n<meta property=\"article:published_time\" content=\"2026-02-01T15:00:40+00:00\" \/>\n<meta name=\"author\" content=\"Telinha\" \/>\n<meta name=\"twitter:card\" content=\"summary_large_image\" \/>\n<meta name=\"twitter:label1\" content=\"Escrito por\" \/>\n\t<meta name=\"twitter:data1\" content=\"Telinha\" \/>\n\t<meta name=\"twitter:label2\" content=\"Tempo estimado de leitura\" \/>\n\t<meta name=\"twitter:data2\" content=\"1 minuto\" \/>\n<script type=\"application\/ld+json\" class=\"yoast-schema-graph\">{\"@context\":\"https:\/\/schema.org\",\"@graph\":[{\"@type\":\"Article\",\"@id\":\"https:\/\/portaltela.pt\/noticias\/2026\/02\/01\/alerta-chuva-com-granizo-e-trovoadas-previsto-para-2-fev-entre-00h-e-06h\/#article\",\"isPartOf\":{\"@id\":\"https:\/\/portaltela.pt\/noticias\/2026\/02\/01\/alerta-chuva-com-granizo-e-trovoadas-previsto-para-2-fev-entre-00h-e-06h\/\"},\"author\":{\"name\":\"Telinha\",\"@id\":\"https:\/\/portaltela.pt\/#\/schema\/person\/c4278d4a6028830caff9ee44b42d32ed\"},\"headline\":\"Alerta: chuva com granizo e trovoadas previsto para 2 fev entre 00h e 06h\",\"datePublished\":\"2026-02-01T15:00:40+00:00\",\"mainEntityOfPage\":{\"@id\":\"https:\/\/portaltela.pt\/noticias\/2026\/02\/01\/alerta-chuva-com-granizo-e-trovoadas-previsto-para-2-fev-entre-00h-e-06h\/\"},\"wordCount\":147,\"image\":{\"@id\":\"https:\/\/portaltela.pt\/noticias\/2026\/02\/01\/alerta-chuva-com-granizo-e-trovoadas-previsto-para-2-fev-entre-00h-e-06h\/#primaryimage\"},\"thumbnailUrl\":\"https:\/\/portaltela.pt\/s.01k8rhncp4jt1\/2026\/02\/Viana-do-Alentejo.jpg\",\"keywords\":[\"Alentejo\",\"chuva forte\",\"Defesa Civil\",\"granizo\",\"IPMA\",\"trovoadas\"],\"articleSection\":[\"Not\u00edcias\"],\"inLanguage\":\"pt-PT\"},{\"@type\":\"WebPage\",\"@id\":\"https:\/\/portaltela.pt\/noticias\/2026\/02\/01\/alerta-chuva-com-granizo-e-trovoadas-previsto-para-2-fev-entre-00h-e-06h\/\",\"url\":\"https:\/\/portaltela.pt\/noticias\/2026\/02\/01\/alerta-chuva-com-granizo-e-trovoadas-previsto-para-2-fev-entre-00h-e-06h\/\",\"name\":\"Alerta: chuva com granizo e trovoadas previsto para 2 fev entre 00h e 06h - Portal Tela Portugal\",\"isPartOf\":{\"@id\":\"https:\/\/portaltela.pt\/#website\"},\"primaryImageOfPage\":{\"@id\":\"https:\/\/portaltela.pt\/noticias\/2026\/02\/01\/alerta-chuva-com-granizo-e-trovoadas-previsto-para-2-fev-entre-00h-e-06h\/#primaryimage\"},\"image\":{\"@id\":\"https:\/\/portaltela.pt\/noticias\/2026\/02\/01\/alerta-chuva-com-granizo-e-trovoadas-previsto-para-2-fev-entre-00h-e-06h\/#primaryimage\"},\"thumbnailUrl\":\"https:\/\/portaltela.pt\/s.01k8rhncp4jt1\/2026\/02\/Viana-do-Alentejo.jpg\",\"datePublished\":\"2026-02-01T15:00:40+00:00\",\"author\":{\"@id\":\"https:\/\/portaltela.pt\/#\/schema\/person\/c4278d4a6028830caff9ee44b42d32ed\"},\"breadcrumb\":{\"@id\":\"https:\/\/portaltela.pt\/noticias\/2026\/02\/01\/alerta-chuva-com-granizo-e-trovoadas-previsto-para-2-fev-entre-00h-e-06h\/#breadcrumb\"},\"inLanguage\":\"pt-PT\",\"potentialAction\":[{\"@type\":\"ReadAction\",\"target\":[\"https:\/\/portaltela.pt\/noticias\/2026\/02\/01\/alerta-chuva-com-granizo-e-trovoadas-previsto-para-2-fev-entre-00h-e-06h\/\"]}]},{\"@type\":\"ImageObject\",\"inLanguage\":\"pt-PT\",\"@id\":\"https:\/\/portaltela.pt\/noticias\/2026\/02\/01\/alerta-chuva-com-granizo-e-trovoadas-previsto-para-2-fev-entre-00h-e-06h\/#primaryimage\",\"url\":\"https:\/\/portaltela.pt\/s.01k8rhncp4jt1\/2026\/02\/Viana-do-Alentejo.jpg\",\"contentUrl\":\"https:\/\/portaltela.pt\/s.01k8rhncp4jt1\/2026\/02\/Viana-do-Alentejo.jpg\",\"width\":796,\"height\":448,\"caption\":\"Viana do Alentejo inaugura \u00e1rea de servi\u00e7o de autocaravanas\"},{\"@type\":\"BreadcrumbList\",\"@id\":\"https:\/\/portaltela.pt\/noticias\/2026\/02\/01\/alerta-chuva-com-granizo-e-trovoadas-previsto-para-2-fev-entre-00h-e-06h\/#breadcrumb\",\"itemListElement\":[{\"@type\":\"ListItem\",\"position\":1,\"name\":\"In\u00edcio\",\"item\":\"https:\/\/portaltela.pt\/\"},{\"@type\":\"ListItem\",\"position\":2,\"name\":\"Alerta: chuva com granizo e trovoadas previsto para 2 fev entre 00h e 06h\"}]},{\"@type\":\"WebSite\",\"@id\":\"https:\/\/portaltela.pt\/#website\",\"url\":\"https:\/\/portaltela.pt\/\",\"name\":\"Portal Tela Portugal\",\"description\":\"\",\"potentialAction\":[{\"@type\":\"SearchAction\",\"target\":{\"@type\":\"EntryPoint\",\"urlTemplate\":\"https:\/\/portaltela.pt\/?s={search_term_string}\"},\"query-input\":{\"@type\":\"PropertyValueSpecification\",\"valueRequired\":true,\"valueName\":\"search_term_string\"}}],\"inLanguage\":\"pt-PT\"},{\"@type\":\"Person\",\"@id\":\"https:\/\/portaltela.pt\/#\/schema\/person\/c4278d4a6028830caff9ee44b42d32ed\",\"name\":\"Telinha\",\"image\":{\"@type\":\"ImageObject\",\"inLanguage\":\"pt-PT\",\"@id\":\"https:\/\/portaltela.pt\/s.01k8rhncp4jt1\/2025\/11\/talking-bot-125x125.png\",\"url\":\"https:\/\/portaltela.pt\/s.01k8rhncp4jt1\/2025\/11\/talking-bot-125x125.png\",\"contentUrl\":\"https:\/\/portaltela.pt\/s.01k8rhncp4jt1\/2025\/11\/talking-bot-125x125.png\",\"caption\":\"Telinha\"},\"sameAs\":[\"https:\/\/portaltela.pt\/\"],\"url\":\"https:\/\/portaltela.pt\/por\/367410592786\/\"}]}<\/script>\n<!-- \/ Yoast SEO plugin. -->","yoast_head_json":{"title":"Alerta: chuva com granizo e trovoadas previsto para 2 fev entre 00h e 06h - Portal Tela Portugal","robots":{"index":"index","follow":"follow","max-snippet":"max-snippet:-1","max-image-preview":"max-image-preview:large","max-video-preview":"max-video-preview:-1"},"og_locale":"pt_PT","og_type":"article","og_title":"Alerta: chuva com granizo e trovoadas previsto para 2 fev entre 00h e 06h - Portal Tela Portugal","og_description":"Aviso de precipita\u00e7\u00e3o: per\u00edodos de chuva ou aguaceiros, por vezes fortes, com possibilidade de granizo e trovoada. Hor\u00e1rio previsto: entre as 00h00 e as 06h00 do dia 2 de fevereiro. Fontes oficiais: IPMA e o Comando Sub-Regional de Emerg\u00eancia e Prote\u00e7\u00e3o Civil do Alentejo Central. Informa\u00e7\u00f5es adicionais podem consultar os avisos meteorol\u00f3gicos atuais da C\u00e2mara Municipal de Viana do Alentejo. Formas de comunica\u00e7\u00e3o de ocorr\u00eancias s\u00e3o disponibilizadas pela C\u00e2mara Municipal de Viana do Alentejo.","og_url":"https:\/\/portaltela.pt\/noticias\/2026\/02\/01\/alerta-chuva-com-granizo-e-trovoadas-previsto-para-2-fev-entre-00h-e-06h\/","og_site_name":"Portal Tela Portugal","article_published_time":"2026-02-01T15:00:40+00:00","author":"Telinha","twitter_card":"summary_large_image","twitter_misc":{"Escrito por":"Telinha","Tempo estimado de leitura":"1 minuto"},"schema":{"@context":"https:\/\/schema.org","@graph":[{"@type":"Article","@id":"https:\/\/portaltela.pt\/noticias\/2026\/02\/01\/alerta-chuva-com-granizo-e-trovoadas-previsto-para-2-fev-entre-00h-e-06h\/#article","isPartOf":{"@id":"https:\/\/portaltela.pt\/noticias\/2026\/02\/01\/alerta-chuva-com-granizo-e-trovoadas-previsto-para-2-fev-entre-00h-e-06h\/"},"author":{"name":"Telinha","@id":"https:\/\/portaltela.pt\/#\/schema\/person\/c4278d4a6028830caff9ee44b42d32ed"},"headline":"Alerta: chuva com granizo e trovoadas previsto para 2 fev entre 00h e 06h","datePublished":"2026-02-01T15:00:40+00:00","mainEntityOfPage":{"@id":"https:\/\/portaltela.pt\/noticias\/2026\/02\/01\/alerta-chuva-com-granizo-e-trovoadas-previsto-para-2-fev-entre-00h-e-06h\/"},"wordCount":147,"image":{"@id":"https:\/\/portaltela.pt\/noticias\/2026\/02\/01\/alerta-chuva-com-granizo-e-trovoadas-previsto-para-2-fev-entre-00h-e-06h\/#primaryimage"},"thumbnailUrl":"https:\/\/portaltela.pt\/s.01k8rhncp4jt1\/2026\/02\/Viana-do-Alentejo.jpg","keywords":["Alentejo","chuva forte","Defesa Civil","granizo","IPMA","trovoadas"],"articleSection":["Not\u00edcias"],"inLanguage":"pt-PT"},{"@type":"WebPage","@id":"https:\/\/portaltela.pt\/noticias\/2026\/02\/01\/alerta-chuva-com-granizo-e-trovoadas-previsto-para-2-fev-entre-00h-e-06h\/","url":"https:\/\/portaltela.pt\/noticias\/2026\/02\/01\/alerta-chuva-com-granizo-e-trovoadas-previsto-para-2-fev-entre-00h-e-06h\/","name":"Alerta: chuva com granizo e trovoadas previsto para 2 fev entre 00h e 06h - Portal Tela Portugal","isPartOf":{"@id":"https:\/\/portaltela.pt\/#website"},"primaryImageOfPage":{"@id":"https:\/\/portaltela.pt\/noticias\/2026\/02\/01\/alerta-chuva-com-granizo-e-trovoadas-previsto-para-2-fev-entre-00h-e-06h\/#primaryimage"},"image":{"@id":"https:\/\/portaltela.pt\/noticias\/2026\/02\/01\/alerta-chuva-com-granizo-e-trovoadas-previsto-para-2-fev-entre-00h-e-06h\/#primaryimage"},"thumbnailUrl":"https:\/\/portaltela.pt\/s.01k8rhncp4jt1\/2026\/02\/Viana-do-Alentejo.jpg","datePublished":"2026-02-01T15:00:40+00:00","author":{"@id":"https:\/\/portaltela.pt\/#\/schema\/person\/c4278d4a6028830caff9ee44b42d32ed"},"breadcrumb":{"@id":"https:\/\/portaltela.pt\/noticias\/2026\/02\/01\/alerta-chuva-com-granizo-e-trovoadas-previsto-para-2-fev-entre-00h-e-06h\/#breadcrumb"},"inLanguage":"pt-PT","potentialAction":[{"@type":"ReadAction","target":["https:\/\/portaltela.pt\/noticias\/2026\/02\/01\/alerta-chuva-com-granizo-e-trovoadas-previsto-para-2-fev-entre-00h-e-06h\/"]}]},{"@type":"ImageObject","inLanguage":"pt-PT","@id":"https:\/\/portaltela.pt\/noticias\/2026\/02\/01\/alerta-chuva-com-granizo-e-trovoadas-previsto-para-2-fev-entre-00h-e-06h\/#primaryimage","url":"https:\/\/portaltela.pt\/s.01k8rhncp4jt1\/2026\/02\/Viana-do-Alentejo.jpg","contentUrl":"https:\/\/portaltela.pt\/s.01k8rhncp4jt1\/2026\/02\/Viana-do-Alentejo.jpg","width":796,"height":448,"caption":"Viana do Alentejo inaugura \u00e1rea de servi\u00e7o de autocaravanas"},{"@type":"BreadcrumbList","@id":"https:\/\/portaltela.pt\/noticias\/2026\/02\/01\/alerta-chuva-com-granizo-e-trovoadas-previsto-para-2-fev-entre-00h-e-06h\/#breadcrumb","itemListElement":[{"@type":"ListItem","position":1,"name":"In\u00edcio","item":"https:\/\/portaltela.pt\/"},{"@type":"ListItem","position":2,"name":"Alerta: chuva com granizo e trovoadas previsto para 2 fev entre 00h e 06h"}]},{"@type":"WebSite","@id":"https:\/\/portaltela.pt\/#website","url":"https:\/\/portaltela.pt\/","name":"Portal Tela Portugal","description":"","potentialAction":[{"@type":"SearchAction","target":{"@type":"EntryPoint","urlTemplate":"https:\/\/portaltela.pt\/?s={search_term_string}"},"query-input":{"@type":"PropertyValueSpecification","valueRequired":true,"valueName":"search_term_string"}}],"inLanguage":"pt-PT"},{"@type":"Person","@id":"https:\/\/portaltela.pt\/#\/schema\/person\/c4278d4a6028830caff9ee44b42d32ed","name":"Telinha","image":{"@type":"ImageObject","inLanguage":"pt-PT","@id":"https:\/\/portaltela.pt\/s.01k8rhncp4jt1\/2025\/11\/talking-bot-125x125.png","url":"https:\/\/portaltela.pt\/s.01k8rhncp4jt1\/2025\/11\/talking-bot-125x125.png","contentUrl":"https:\/\/portaltela.pt\/s.01k8rhncp4jt1\/2025\/11\/talking-bot-125x125.png","caption":"Telinha"},"sameAs":["https:\/\/portaltela.pt\/"],"url":"https:\/\/portaltela.pt\/por\/367410592786\/"}]}},"_links":{"self":[{"href":"https:\/\/portaltela.pt\/api\/wp\/v2\/posts\/188821","targetHints":{"allow":["GET"]}}],"collection":[{"href":"https:\/\/portaltela.pt\/api\/wp\/v2\/posts"}],"about":[{"href":"https:\/\/portaltela.pt\/api\/wp\/v2\/types\/post"}],"author":[{"embeddable":true,"href":"https:\/\/portaltela.pt\/api\/wp\/v2\/users\/2"}],"replies":[{"embeddable":true,"href":"https:\/\/portaltela.pt\/api\/wp\/v2\/comments?post=188821"}],"version-history":[{"count":0,"href":"https:\/\/portaltela.pt\/api\/wp\/v2\/posts\/188821\/revisions"}],"wp:featuredmedia":[{"embeddable":true,"href":"https:\/\/portaltela.pt\/api\/wp\/v2\/media\/188825"}],"wp:attachment":[{"href":"https:\/\/portaltela.pt\/api\/wp\/v2\/media?parent=188821"}],"wp:term":[{"taxonomy":"category","embeddable":true,"href":"https:\/\/portaltela.pt\/api\/wp\/v2\/categories?post=188821"},{"taxonomy":"post_tag","embeddable":true,"href":"https:\/\/portaltela.pt\/api\/wp\/v2\/tags?post=188821"}],"curies":[{"name":"wp","href":"https:\/\/api.w.org\/{rel}","templated":true}]}}