{"id":188803,"date":"2026-02-01T12:00:00","date_gmt":"2026-02-01T15:00:00","guid":{"rendered":"https:\/\/portaltela.pt\/noticias\/2026\/02\/01\/obras-limitam-circulacao-na-avenida-de-mocambique-setubal\/"},"modified":"2026-02-01T12:00:00","modified_gmt":"2026-02-01T15:00:00","slug":"obras-limitam-circulacao-na-avenida-de-mocambique-setubal","status":"publish","type":"post","link":"https:\/\/portaltela.pt\/noticias\/2026\/02\/01\/obras-limitam-circulacao-na-avenida-de-mocambique-setubal\/","title":{"rendered":"Obras limitam circula\u00e7\u00e3o na Avenida de Mo\u00e7ambique, Set\u00fabal"},"content":{"rendered":"<p>Um tro\u00e7o da Avenida de Mo\u00e7ambique, no concelho de Set\u00fabal, est\u00e1 condicionado \u00e0 circula\u00e7\u00e3o autom\u00f3vel por um per\u00edodo previs\u00edvel de tr\u00eas meses. A interven\u00e7\u00e3o surge no \u00e2mbito de uma requalifica\u00e7\u00e3o de infraestruturas e do pavimento da via.<\/p>\n<p>Os trabalhos incluem remodela\u00e7\u00e3o de pavimento, melhorias na drenagem e assentamento de novos elementos urbanos, situando-se junto \u00e0 interse\u00e7\u00e3o com a Avenida Dr. Ant\u00f3nio Rodrigues Manito. A interven\u00e7\u00e3o faz parte de uma interven\u00e7\u00e3o mais ampla de melhoria da mobilidade urbana.<\/p>\n<p>O projeto integra uma candidatura financiada pelo Portugal2030 \u2013 ITI \u00c1rea Metropolitana de Lisboa, com foco na moderniza\u00e7\u00e3o de pavimentos, redes de drenagem e ilumina\u00e7\u00e3o p\u00fablica, bem como no refor\u00e7o da mobilidade pedonal e cicl\u00e1vel.<\/p>\n<h3>Altera\u00e7\u00f5es na circula\u00e7\u00e3o<\/h3>\n<p>Durante a fase de obras, a circula\u00e7\u00e3o autom\u00f3vel no tro\u00e7o \u00e9 limitada, com estreitamento de faixa e desvios tempor\u00e1rios. Os condutores devem reduzir a velocidade e obedecer \u00e0 sinaliza\u00e7\u00e3o provis\u00f3ria.<\/p>\n<p>A C\u00e2mara Municipal de Set\u00fabal acompanha a evolu\u00e7\u00e3o dos trabalhos para minimizar transtornos, mantendo acessos essenciais e organizando hor\u00e1rios de menor perturba\u00e7\u00e3o. A fiscaliza\u00e7\u00e3o municipal visa cumprir prazos e assegurar qualidade da execu\u00e7\u00e3o.<\/p>\n<h3>Impacto para residentes e comerciantes<\/h3>\n<p>Os moradores e comerciantes da zona devem enfrentar altera\u00e7\u00f5es na acessibilidade durante o per\u00edodo de obras. Espera-se impacto nos padr\u00f5es de circula\u00e7\u00e3o e de estacionamento, com medidas para mitigar os efeitos na vida quotidiana.<\/p>\n<p>Os servi\u00e7os municipais mant\u00eam vigil\u00e2ncia sobre a evolu\u00e7\u00e3o da empreitada, assegurando que os trabalhos avancem dentro do planeado e com a qualidade esperada. A interven\u00e7\u00e3o insere-se no plano de requalifica\u00e7\u00e3o de eixos vi\u00e1rios estruturantes do munic\u00edpio.<\/p>\n","protected":false},"excerpt":{"rendered":"<ul>\n<li>Um tro\u00e7o da Avenida de Mo\u00e7ambique, em Set\u00fabal, ficar\u00e1 condicionado \u00e0 circula\u00e7\u00e3o autom\u00f3vel por cerca de tr\u00eas meses devido a obras de requalifica\u00e7\u00e3o de infraestruturas e do pavimento.<\/li>\n<li>Os trabalhos decorrem junto \u00e0 interse\u00e7\u00e3o com a Avenida Dr. Ant\u00f3nio Rodrigues Manito, incluindo remodela\u00e7\u00e3o de pavimento, melhoria da drenagem e instala\u00e7\u00e3o de novos elementos urbanos.<\/li>\n<li>A interven\u00e7\u00e3o integra um plano mais amplo financiado pelo Portugal 2030 \u2013 ITI \u00c1rea Metropolitana de Lisboa, com foco na melhoria da mobilidade urbana, pavimentos e ilumina\u00e7\u00e3o p\u00fablica.<\/li>\n<li>Durante as obras, a circula\u00e7\u00e3o no tro\u00e7o ficar\u00e1 resguardada por estreitamento de faixa e desvios tempor\u00e1rios, com necessidade de reduzir a velocidade e seguir a sinaliza\u00e7\u00e3o.<\/li>\n<li>Moradores e comerciantes devem sentir altera\u00e7\u00f5es na acessibilidade, j\u00e1 que a autarquia trabalha para manter acessos essenciais e reduzir perturba\u00e7\u00f5es, com monitoriza\u00e7\u00e3o constante do andamento das obras.<\/li>\n<\/ul>\n","protected":false},"author":2,"featured_media":188808,"comment_status":"closed","ping_status":"closed","sticky":false,"template":"","format":"standard","meta":{"footnotes":""},"categories":[1],"tags":[718,735,1615,3263,2972,994],"class_list":["post-188803","post","type-post","status-publish","format-standard","has-post-thumbnail","hentry","category-noticias","tag-construcao","tag-iluminacao-publica","tag-infraestrutura","tag-mobilidade-urbana","tag-pavimentacao","tag-setubal"],"yoast_head":"<!-- This site is optimized with the Yoast SEO plugin v27.2 - https:\/\/yoast.com\/product\/yoast-seo-wordpress\/ -->\n<title>Obras limitam circula\u00e7\u00e3o na Avenida de Mo\u00e7ambique, Set\u00fabal - Portal Tela Portugal<\/title>\n<meta name=\"robots\" content=\"index, follow, max-snippet:-1, max-image-preview:large, max-video-preview:-1\" \/>\n<meta property=\"og:locale\" content=\"pt_PT\" \/>\n<meta property=\"og:type\" content=\"article\" \/>\n<meta property=\"og:title\" content=\"Obras limitam circula\u00e7\u00e3o na Avenida de Mo\u00e7ambique, Set\u00fabal - Portal Tela Portugal\" \/>\n<meta property=\"og:description\" content=\"Um tro\u00e7o da Avenida de Mo\u00e7ambique, em Set\u00fabal, ficar\u00e1 condicionado \u00e0 circula\u00e7\u00e3o autom\u00f3vel por cerca de tr\u00eas meses devido a obras de requalifica\u00e7\u00e3o de infraestruturas e do pavimento. Os trabalhos decorrem junto \u00e0 interse\u00e7\u00e3o com a Avenida Dr. Ant\u00f3nio Rodrigues Manito, incluindo remodela\u00e7\u00e3o de pavimento, melhoria da drenagem e instala\u00e7\u00e3o de novos elementos urbanos. A interven\u00e7\u00e3o integra um plano mais amplo financiado pelo Portugal 2030 \u2013 ITI \u00c1rea Metropolitana de Lisboa, com foco na melhoria da mobilidade urbana, pavimentos e ilumina\u00e7\u00e3o p\u00fablica. Durante as obras, a circula\u00e7\u00e3o no tro\u00e7o ficar\u00e1 resguardada por estreitamento de faixa e desvios tempor\u00e1rios, com necessidade de reduzir a velocidade e seguir a sinaliza\u00e7\u00e3o. Moradores e comerciantes devem sentir altera\u00e7\u00f5es na acessibilidade, j\u00e1 que a autarquia trabalha para manter acessos essenciais e reduzir perturba\u00e7\u00f5es, com monitoriza\u00e7\u00e3o constante do andamento das obras.\" \/>\n<meta property=\"og:url\" content=\"https:\/\/portaltela.pt\/noticias\/2026\/02\/01\/obras-limitam-circulacao-na-avenida-de-mocambique-setubal\/\" \/>\n<meta property=\"og:site_name\" content=\"Portal Tela Portugal\" \/>\n<meta property=\"article:published_time\" content=\"2026-02-01T15:00:00+00:00\" \/>\n<meta name=\"author\" content=\"Telinha\" \/>\n<meta name=\"twitter:card\" content=\"summary_large_image\" \/>\n<meta name=\"twitter:label1\" content=\"Escrito por\" \/>\n\t<meta name=\"twitter:data1\" content=\"Telinha\" \/>\n\t<meta name=\"twitter:label2\" content=\"Tempo estimado de leitura\" \/>\n\t<meta name=\"twitter:data2\" content=\"1 minuto\" \/>\n<script type=\"application\/ld+json\" class=\"yoast-schema-graph\">{\"@context\":\"https:\/\/schema.org\",\"@graph\":[{\"@type\":\"Article\",\"@id\":\"https:\/\/portaltela.pt\/noticias\/2026\/02\/01\/obras-limitam-circulacao-na-avenida-de-mocambique-setubal\/#article\",\"isPartOf\":{\"@id\":\"https:\/\/portaltela.pt\/noticias\/2026\/02\/01\/obras-limitam-circulacao-na-avenida-de-mocambique-setubal\/\"},\"author\":{\"name\":\"Telinha\",\"@id\":\"https:\/\/portaltela.pt\/#\/schema\/person\/c4278d4a6028830caff9ee44b42d32ed\"},\"headline\":\"Obras limitam circula\u00e7\u00e3o na Avenida de Mo\u00e7ambique, Set\u00fabal\",\"datePublished\":\"2026-02-01T15:00:00+00:00\",\"mainEntityOfPage\":{\"@id\":\"https:\/\/portaltela.pt\/noticias\/2026\/02\/01\/obras-limitam-circulacao-na-avenida-de-mocambique-setubal\/\"},\"wordCount\":306,\"image\":{\"@id\":\"https:\/\/portaltela.pt\/noticias\/2026\/02\/01\/obras-limitam-circulacao-na-avenida-de-mocambique-setubal\/#primaryimage\"},\"thumbnailUrl\":\"https:\/\/portaltela.pt\/s.01k8rhncp4jt1\/2026\/02\/transitocond.jpg\",\"keywords\":[\"Constru\u00e7\u00e3o\",\"ilumina\u00e7\u00e3o p\u00fablica\",\"infraestrutura\",\"mobilidade urbana\",\"pavimenta\u00e7\u00e3o\",\"Set\u00fabal\"],\"articleSection\":[\"Not\u00edcias\"],\"inLanguage\":\"pt-PT\"},{\"@type\":\"WebPage\",\"@id\":\"https:\/\/portaltela.pt\/noticias\/2026\/02\/01\/obras-limitam-circulacao-na-avenida-de-mocambique-setubal\/\",\"url\":\"https:\/\/portaltela.pt\/noticias\/2026\/02\/01\/obras-limitam-circulacao-na-avenida-de-mocambique-setubal\/\",\"name\":\"Obras limitam circula\u00e7\u00e3o na Avenida de Mo\u00e7ambique, Set\u00fabal - Portal Tela Portugal\",\"isPartOf\":{\"@id\":\"https:\/\/portaltela.pt\/#website\"},\"primaryImageOfPage\":{\"@id\":\"https:\/\/portaltela.pt\/noticias\/2026\/02\/01\/obras-limitam-circulacao-na-avenida-de-mocambique-setubal\/#primaryimage\"},\"image\":{\"@id\":\"https:\/\/portaltela.pt\/noticias\/2026\/02\/01\/obras-limitam-circulacao-na-avenida-de-mocambique-setubal\/#primaryimage\"},\"thumbnailUrl\":\"https:\/\/portaltela.pt\/s.01k8rhncp4jt1\/2026\/02\/transitocond.jpg\",\"datePublished\":\"2026-02-01T15:00:00+00:00\",\"author\":{\"@id\":\"https:\/\/portaltela.pt\/#\/schema\/person\/c4278d4a6028830caff9ee44b42d32ed\"},\"breadcrumb\":{\"@id\":\"https:\/\/portaltela.pt\/noticias\/2026\/02\/01\/obras-limitam-circulacao-na-avenida-de-mocambique-setubal\/#breadcrumb\"},\"inLanguage\":\"pt-PT\",\"potentialAction\":[{\"@type\":\"ReadAction\",\"target\":[\"https:\/\/portaltela.pt\/noticias\/2026\/02\/01\/obras-limitam-circulacao-na-avenida-de-mocambique-setubal\/\"]}]},{\"@type\":\"ImageObject\",\"inLanguage\":\"pt-PT\",\"@id\":\"https:\/\/portaltela.pt\/noticias\/2026\/02\/01\/obras-limitam-circulacao-na-avenida-de-mocambique-setubal\/#primaryimage\",\"url\":\"https:\/\/portaltela.pt\/s.01k8rhncp4jt1\/2026\/02\/transitocond.jpg\",\"contentUrl\":\"https:\/\/portaltela.pt\/s.01k8rhncp4jt1\/2026\/02\/transitocond.jpg\",\"width\":796,\"height\":448,\"caption\":\"Rua Miguel Bombarda encerrada ao tr\u00e2nsito este s\u00e1bado em Vila Fresca de Azeit\u00e3o\"},{\"@type\":\"BreadcrumbList\",\"@id\":\"https:\/\/portaltela.pt\/noticias\/2026\/02\/01\/obras-limitam-circulacao-na-avenida-de-mocambique-setubal\/#breadcrumb\",\"itemListElement\":[{\"@type\":\"ListItem\",\"position\":1,\"name\":\"In\u00edcio\",\"item\":\"https:\/\/portaltela.pt\/\"},{\"@type\":\"ListItem\",\"position\":2,\"name\":\"Obras limitam circula\u00e7\u00e3o na Avenida de Mo\u00e7ambique, Set\u00fabal\"}]},{\"@type\":\"WebSite\",\"@id\":\"https:\/\/portaltela.pt\/#website\",\"url\":\"https:\/\/portaltela.pt\/\",\"name\":\"Portal Tela Portugal\",\"description\":\"\",\"potentialAction\":[{\"@type\":\"SearchAction\",\"target\":{\"@type\":\"EntryPoint\",\"urlTemplate\":\"https:\/\/portaltela.pt\/?s={search_term_string}\"},\"query-input\":{\"@type\":\"PropertyValueSpecification\",\"valueRequired\":true,\"valueName\":\"search_term_string\"}}],\"inLanguage\":\"pt-PT\"},{\"@type\":\"Person\",\"@id\":\"https:\/\/portaltela.pt\/#\/schema\/person\/c4278d4a6028830caff9ee44b42d32ed\",\"name\":\"Telinha\",\"image\":{\"@type\":\"ImageObject\",\"inLanguage\":\"pt-PT\",\"@id\":\"https:\/\/portaltela.pt\/s.01k8rhncp4jt1\/2025\/11\/talking-bot-125x125.png\",\"url\":\"https:\/\/portaltela.pt\/s.01k8rhncp4jt1\/2025\/11\/talking-bot-125x125.png\",\"contentUrl\":\"https:\/\/portaltela.pt\/s.01k8rhncp4jt1\/2025\/11\/talking-bot-125x125.png\",\"caption\":\"Telinha\"},\"sameAs\":[\"https:\/\/portaltela.pt\/\"],\"url\":\"https:\/\/portaltela.pt\/por\/367410592786\/\"}]}<\/script>\n<!-- \/ Yoast SEO plugin. -->","yoast_head_json":{"title":"Obras limitam circula\u00e7\u00e3o na Avenida de Mo\u00e7ambique, Set\u00fabal - Portal Tela Portugal","robots":{"index":"index","follow":"follow","max-snippet":"max-snippet:-1","max-image-preview":"max-image-preview:large","max-video-preview":"max-video-preview:-1"},"og_locale":"pt_PT","og_type":"article","og_title":"Obras limitam circula\u00e7\u00e3o na Avenida de Mo\u00e7ambique, Set\u00fabal - Portal Tela Portugal","og_description":"Um tro\u00e7o da Avenida de Mo\u00e7ambique, em Set\u00fabal, ficar\u00e1 condicionado \u00e0 circula\u00e7\u00e3o autom\u00f3vel por cerca de tr\u00eas meses devido a obras de requalifica\u00e7\u00e3o de infraestruturas e do pavimento. Os trabalhos decorrem junto \u00e0 interse\u00e7\u00e3o com a Avenida Dr. Ant\u00f3nio Rodrigues Manito, incluindo remodela\u00e7\u00e3o de pavimento, melhoria da drenagem e instala\u00e7\u00e3o de novos elementos urbanos. A interven\u00e7\u00e3o integra um plano mais amplo financiado pelo Portugal 2030 \u2013 ITI \u00c1rea Metropolitana de Lisboa, com foco na melhoria da mobilidade urbana, pavimentos e ilumina\u00e7\u00e3o p\u00fablica. Durante as obras, a circula\u00e7\u00e3o no tro\u00e7o ficar\u00e1 resguardada por estreitamento de faixa e desvios tempor\u00e1rios, com necessidade de reduzir a velocidade e seguir a sinaliza\u00e7\u00e3o. Moradores e comerciantes devem sentir altera\u00e7\u00f5es na acessibilidade, j\u00e1 que a autarquia trabalha para manter acessos essenciais e reduzir perturba\u00e7\u00f5es, com monitoriza\u00e7\u00e3o constante do andamento das obras.","og_url":"https:\/\/portaltela.pt\/noticias\/2026\/02\/01\/obras-limitam-circulacao-na-avenida-de-mocambique-setubal\/","og_site_name":"Portal Tela Portugal","article_published_time":"2026-02-01T15:00:00+00:00","author":"Telinha","twitter_card":"summary_large_image","twitter_misc":{"Escrito por":"Telinha","Tempo estimado de leitura":"1 minuto"},"schema":{"@context":"https:\/\/schema.org","@graph":[{"@type":"Article","@id":"https:\/\/portaltela.pt\/noticias\/2026\/02\/01\/obras-limitam-circulacao-na-avenida-de-mocambique-setubal\/#article","isPartOf":{"@id":"https:\/\/portaltela.pt\/noticias\/2026\/02\/01\/obras-limitam-circulacao-na-avenida-de-mocambique-setubal\/"},"author":{"name":"Telinha","@id":"https:\/\/portaltela.pt\/#\/schema\/person\/c4278d4a6028830caff9ee44b42d32ed"},"headline":"Obras limitam circula\u00e7\u00e3o na Avenida de Mo\u00e7ambique, Set\u00fabal","datePublished":"2026-02-01T15:00:00+00:00","mainEntityOfPage":{"@id":"https:\/\/portaltela.pt\/noticias\/2026\/02\/01\/obras-limitam-circulacao-na-avenida-de-mocambique-setubal\/"},"wordCount":306,"image":{"@id":"https:\/\/portaltela.pt\/noticias\/2026\/02\/01\/obras-limitam-circulacao-na-avenida-de-mocambique-setubal\/#primaryimage"},"thumbnailUrl":"https:\/\/portaltela.pt\/s.01k8rhncp4jt1\/2026\/02\/transitocond.jpg","keywords":["Constru\u00e7\u00e3o","ilumina\u00e7\u00e3o p\u00fablica","infraestrutura","mobilidade urbana","pavimenta\u00e7\u00e3o","Set\u00fabal"],"articleSection":["Not\u00edcias"],"inLanguage":"pt-PT"},{"@type":"WebPage","@id":"https:\/\/portaltela.pt\/noticias\/2026\/02\/01\/obras-limitam-circulacao-na-avenida-de-mocambique-setubal\/","url":"https:\/\/portaltela.pt\/noticias\/2026\/02\/01\/obras-limitam-circulacao-na-avenida-de-mocambique-setubal\/","name":"Obras limitam circula\u00e7\u00e3o na Avenida de Mo\u00e7ambique, Set\u00fabal - Portal Tela Portugal","isPartOf":{"@id":"https:\/\/portaltela.pt\/#website"},"primaryImageOfPage":{"@id":"https:\/\/portaltela.pt\/noticias\/2026\/02\/01\/obras-limitam-circulacao-na-avenida-de-mocambique-setubal\/#primaryimage"},"image":{"@id":"https:\/\/portaltela.pt\/noticias\/2026\/02\/01\/obras-limitam-circulacao-na-avenida-de-mocambique-setubal\/#primaryimage"},"thumbnailUrl":"https:\/\/portaltela.pt\/s.01k8rhncp4jt1\/2026\/02\/transitocond.jpg","datePublished":"2026-02-01T15:00:00+00:00","author":{"@id":"https:\/\/portaltela.pt\/#\/schema\/person\/c4278d4a6028830caff9ee44b42d32ed"},"breadcrumb":{"@id":"https:\/\/portaltela.pt\/noticias\/2026\/02\/01\/obras-limitam-circulacao-na-avenida-de-mocambique-setubal\/#breadcrumb"},"inLanguage":"pt-PT","potentialAction":[{"@type":"ReadAction","target":["https:\/\/portaltela.pt\/noticias\/2026\/02\/01\/obras-limitam-circulacao-na-avenida-de-mocambique-setubal\/"]}]},{"@type":"ImageObject","inLanguage":"pt-PT","@id":"https:\/\/portaltela.pt\/noticias\/2026\/02\/01\/obras-limitam-circulacao-na-avenida-de-mocambique-setubal\/#primaryimage","url":"https:\/\/portaltela.pt\/s.01k8rhncp4jt1\/2026\/02\/transitocond.jpg","contentUrl":"https:\/\/portaltela.pt\/s.01k8rhncp4jt1\/2026\/02\/transitocond.jpg","width":796,"height":448,"caption":"Rua Miguel Bombarda encerrada ao tr\u00e2nsito este s\u00e1bado em Vila Fresca de Azeit\u00e3o"},{"@type":"BreadcrumbList","@id":"https:\/\/portaltela.pt\/noticias\/2026\/02\/01\/obras-limitam-circulacao-na-avenida-de-mocambique-setubal\/#breadcrumb","itemListElement":[{"@type":"ListItem","position":1,"name":"In\u00edcio","item":"https:\/\/portaltela.pt\/"},{"@type":"ListItem","position":2,"name":"Obras limitam circula\u00e7\u00e3o na Avenida de Mo\u00e7ambique, Set\u00fabal"}]},{"@type":"WebSite","@id":"https:\/\/portaltela.pt\/#website","url":"https:\/\/portaltela.pt\/","name":"Portal Tela Portugal","description":"","potentialAction":[{"@type":"SearchAction","target":{"@type":"EntryPoint","urlTemplate":"https:\/\/portaltela.pt\/?s={search_term_string}"},"query-input":{"@type":"PropertyValueSpecification","valueRequired":true,"valueName":"search_term_string"}}],"inLanguage":"pt-PT"},{"@type":"Person","@id":"https:\/\/portaltela.pt\/#\/schema\/person\/c4278d4a6028830caff9ee44b42d32ed","name":"Telinha","image":{"@type":"ImageObject","inLanguage":"pt-PT","@id":"https:\/\/portaltela.pt\/s.01k8rhncp4jt1\/2025\/11\/talking-bot-125x125.png","url":"https:\/\/portaltela.pt\/s.01k8rhncp4jt1\/2025\/11\/talking-bot-125x125.png","contentUrl":"https:\/\/portaltela.pt\/s.01k8rhncp4jt1\/2025\/11\/talking-bot-125x125.png","caption":"Telinha"},"sameAs":["https:\/\/portaltela.pt\/"],"url":"https:\/\/portaltela.pt\/por\/367410592786\/"}]}},"_links":{"self":[{"href":"https:\/\/portaltela.pt\/api\/wp\/v2\/posts\/188803","targetHints":{"allow":["GET"]}}],"collection":[{"href":"https:\/\/portaltela.pt\/api\/wp\/v2\/posts"}],"about":[{"href":"https:\/\/portaltela.pt\/api\/wp\/v2\/types\/post"}],"author":[{"embeddable":true,"href":"https:\/\/portaltela.pt\/api\/wp\/v2\/users\/2"}],"replies":[{"embeddable":true,"href":"https:\/\/portaltela.pt\/api\/wp\/v2\/comments?post=188803"}],"version-history":[{"count":0,"href":"https:\/\/portaltela.pt\/api\/wp\/v2\/posts\/188803\/revisions"}],"wp:featuredmedia":[{"embeddable":true,"href":"https:\/\/portaltela.pt\/api\/wp\/v2\/media\/188808"}],"wp:attachment":[{"href":"https:\/\/portaltela.pt\/api\/wp\/v2\/media?parent=188803"}],"wp:term":[{"taxonomy":"category","embeddable":true,"href":"https:\/\/portaltela.pt\/api\/wp\/v2\/categories?post=188803"},{"taxonomy":"post_tag","embeddable":true,"href":"https:\/\/portaltela.pt\/api\/wp\/v2\/tags?post=188803"}],"curies":[{"name":"wp","href":"https:\/\/api.w.org\/{rel}","templated":true}]}}