{"id":188783,"date":"2026-02-01T12:14:00","date_gmt":"2026-02-01T15:14:00","guid":{"rendered":"https:\/\/portaltela.pt\/noticias\/2026\/02\/01\/nissan-ariya-ganha-ate-22-km-de-autonomia-diaria-com-carregamento-solar\/"},"modified":"2026-02-01T12:14:00","modified_gmt":"2026-02-01T15:14:00","slug":"nissan-ariya-ganha-ate-22-km-de-autonomia-diaria-com-carregamento-solar","status":"publish","type":"post","link":"https:\/\/portaltela.pt\/noticias\/2026\/02\/01\/nissan-ariya-ganha-ate-22-km-de-autonomia-diaria-com-carregamento-solar\/","title":{"rendered":"Nissan Ariya ganha at\u00e9 22 km de autonomia di\u00e1ria com carregamento solar"},"content":{"rendered":"<p>Este el\u00e9trico carrega ao sol: a Nissan Ariya com pain\u00e9is fotovoltaicos instalados no capot, tejadilho e bagageira pode acrescentar at\u00e9 22 km de autonomia por dia sem ligar \u00e0 tomada. O sistema usa c\u00e9lulas solares de pol\u00edmeros com controlo avan\u00e7ado para gerir a energia.<\/p>\n<p>Em testes de campo, Barcelona registou 17,6 km di\u00e1rios apenas com energia solar, enquanto Londres ficou em 10,2 km di\u00e1rios em m\u00e9dia. Em Nova Deli e Dubai os ganhos chegaram a 18,9 e 21,2 km, respetivamente, sob condi\u00e7\u00f5es ideais de sol.<\/p>\n<p>Segundo a Nissan, estes ganhos podem reduzir a frequ\u00eancia de carregamentos entre 35% e 65%, consoante o perfil do utilizador. Mesmo em condu\u00e7\u00e3o, uma viagem de duas horas e 80 km pode gerar 0,5 kWh de energia limpa.<\/p>\n<h3>Parcerias e origem do projeto<\/h3>\n<p>O desenvolvimento envolve engenheiros de Dubai (Planeamento Avan\u00e7ado de Produtos) e Barcelona (Planeamento de Grupos Motopropulsores), em parceria com a holandesa Lightyear, criadora de solu\u00e7\u00f5es solares para mobilidade.<\/p>\n<p>As primeiras medi\u00e7\u00f5es incluem uma viagem de 1550 km entre os Pa\u00edses Baixos e Barcelona, que mostrou o impacto pr\u00e1tico da tecnologia. Com uso anual de 6000 km, reduziram-se visitas a postos de carregamento de 23 para 8.<\/p>\n<h3>Objetivos e vis\u00e3o<\/h3>\n<p>A Nissan posiciona o concept como parte da estrat\u00e9gia para neutralidade carb\u00f3nica at\u00e9 2050, com foco em empresas que beneficiem de menor depend\u00eancia de infraestruturas de carregamento. A ideia \u00e9 ampliar autonomia sem emiss\u00f5es associadas.<\/p>\n<p>Apesar de ainda ser um concept, a tecnol\u00f3gica solu\u00e7\u00e3o pode evoluir para mercados com infraestruturas escassas, onde estacionar ao sol traduzir-se-ia em mais quil\u00f3metros.<\/p>\n","protected":false},"excerpt":{"rendered":"<ul>\n<li>O Nissan Ariya inclui 3,8 metros quadrados de pain\u00e9is fotovoltaicos no capot, tejadilho e porta da bagageira, gerindo energia DC para apoiar o carregamento da bateria principal.<\/li>\n<li>Em condi\u00e7\u00f5es ideais de sol, pode acrescentar mais de 22 km de autonomia por dia, com exemplos de Nova Deli (18,9 km) e Dubai (21,2 km). Em Barcelona a m\u00e9dia \u00e9 de 17,6 km\/dia; em Londres, 10,2 km\/dia.<\/li>\n<li>Segundo a Nissan, estes ganhos podem reduzir a necessidade de carregamentos entre 35% e 65%, dependendo do perfil de utilizador.<\/li>\n<li>Durante a condu\u00e7\u00e3o, uma viagem de duas horas e cerca de 80 km pode gerar cerca de 0,5 kWh de energia limpa, suficiente para mais 3 km de autonomia sem emiss\u00f5es.<\/li>\n<li>O projeto, criado pela Nissan em colabora\u00e7\u00e3o com a Lightyear, envolve equipas de Dubai e Barcelona e j\u00e1 realizou testes como a viagem de 1.550 km entre Pa\u00edses Baixos e Barcelona, demonstrando o potencial em cen\u00e1rios com infraestruturas de carregamento limitadas, alinhando-se com a vis\u00e3o de neutralidade carb\u00f3nica at\u00e9 2050.<\/li>\n<\/ul>\n","protected":false},"author":2,"featured_media":188785,"comment_status":"closed","ping_status":"closed","sticky":false,"template":"","format":"standard","meta":{"footnotes":""},"categories":[1],"tags":[2371,4405,2105,2729,4171,1843],"class_list":["post-188783","post","type-post","status-publish","format-standard","has-post-thumbnail","hentry","category-noticias","tag-automoveis","tag-eletrico","tag-energia-limpa","tag-energia-renovavel","tag-mobilidade-sustentavel","tag-neutralidade-carbonica"],"yoast_head":"<!-- This site is optimized with the Yoast SEO plugin v27.2 - https:\/\/yoast.com\/product\/yoast-seo-wordpress\/ -->\n<title>Nissan Ariya ganha at\u00e9 22 km de autonomia di\u00e1ria com carregamento solar - Portal Tela Portugal<\/title>\n<meta name=\"robots\" content=\"index, follow, max-snippet:-1, max-image-preview:large, max-video-preview:-1\" \/>\n<meta property=\"og:locale\" content=\"pt_PT\" \/>\n<meta property=\"og:type\" content=\"article\" \/>\n<meta property=\"og:title\" content=\"Nissan Ariya ganha at\u00e9 22 km de autonomia di\u00e1ria com carregamento solar - Portal Tela Portugal\" \/>\n<meta property=\"og:description\" content=\"O Nissan Ariya inclui 3,8 metros quadrados de pain\u00e9is fotovoltaicos no capot, tejadilho e porta da bagageira, gerindo energia DC para apoiar o carregamento da bateria principal. Em condi\u00e7\u00f5es ideais de sol, pode acrescentar mais de 22 km de autonomia por dia, com exemplos de Nova Deli (18,9 km) e Dubai (21,2 km). Em Barcelona a m\u00e9dia \u00e9 de 17,6 km\/dia; em Londres, 10,2 km\/dia. Segundo a Nissan, estes ganhos podem reduzir a necessidade de carregamentos entre 35% e 65%, dependendo do perfil de utilizador. Durante a condu\u00e7\u00e3o, uma viagem de duas horas e cerca de 80 km pode gerar cerca de 0,5 kWh de energia limpa, suficiente para mais 3 km de autonomia sem emiss\u00f5es. O projeto, criado pela Nissan em colabora\u00e7\u00e3o com a Lightyear, envolve equipas de Dubai e Barcelona e j\u00e1 realizou testes como a viagem de 1.550 km entre Pa\u00edses Baixos e Barcelona, demonstrando o potencial em cen\u00e1rios com infraestruturas de carregamento limitadas, alinhando-se com a vis\u00e3o de neutralidade carb\u00f3nica at\u00e9 2050.\" \/>\n<meta property=\"og:url\" content=\"https:\/\/portaltela.pt\/noticias\/2026\/02\/01\/nissan-ariya-ganha-ate-22-km-de-autonomia-diaria-com-carregamento-solar\/\" \/>\n<meta property=\"og:site_name\" content=\"Portal Tela Portugal\" \/>\n<meta property=\"article:published_time\" content=\"2026-02-01T15:14:00+00:00\" \/>\n<meta name=\"author\" content=\"Telinha\" \/>\n<meta name=\"twitter:card\" content=\"summary_large_image\" \/>\n<meta name=\"twitter:label1\" content=\"Escrito por\" \/>\n\t<meta name=\"twitter:data1\" content=\"Telinha\" \/>\n\t<meta name=\"twitter:label2\" content=\"Tempo estimado de leitura\" \/>\n\t<meta name=\"twitter:data2\" content=\"1 minuto\" \/>\n<script type=\"application\/ld+json\" class=\"yoast-schema-graph\">{\"@context\":\"https:\/\/schema.org\",\"@graph\":[{\"@type\":\"Article\",\"@id\":\"https:\/\/portaltela.pt\/noticias\/2026\/02\/01\/nissan-ariya-ganha-ate-22-km-de-autonomia-diaria-com-carregamento-solar\/#article\",\"isPartOf\":{\"@id\":\"https:\/\/portaltela.pt\/noticias\/2026\/02\/01\/nissan-ariya-ganha-ate-22-km-de-autonomia-diaria-com-carregamento-solar\/\"},\"author\":{\"name\":\"Telinha\",\"@id\":\"https:\/\/portaltela.pt\/#\/schema\/person\/c4278d4a6028830caff9ee44b42d32ed\"},\"headline\":\"Nissan Ariya ganha at\u00e9 22 km de autonomia di\u00e1ria com carregamento solar\",\"datePublished\":\"2026-02-01T15:14:00+00:00\",\"mainEntityOfPage\":{\"@id\":\"https:\/\/portaltela.pt\/noticias\/2026\/02\/01\/nissan-ariya-ganha-ate-22-km-de-autonomia-diaria-com-carregamento-solar\/\"},\"wordCount\":276,\"image\":{\"@id\":\"https:\/\/portaltela.pt\/noticias\/2026\/02\/01\/nissan-ariya-ganha-ate-22-km-de-autonomia-diaria-com-carregamento-solar\/#primaryimage\"},\"thumbnailUrl\":\"https:\/\/portaltela.pt\/s.01k8rhncp4jt1\/2026\/02\/image-35.jpg\",\"keywords\":[\"Autom\u00f3veis\",\"El\u00e9trico\",\"energia limpa\",\"energia renov\u00e1vel\",\"Mobilidade Sustent\u00e1vel\",\"neutralidade carb\u00f3nica\"],\"articleSection\":[\"Not\u00edcias\"],\"inLanguage\":\"pt-PT\"},{\"@type\":\"WebPage\",\"@id\":\"https:\/\/portaltela.pt\/noticias\/2026\/02\/01\/nissan-ariya-ganha-ate-22-km-de-autonomia-diaria-com-carregamento-solar\/\",\"url\":\"https:\/\/portaltela.pt\/noticias\/2026\/02\/01\/nissan-ariya-ganha-ate-22-km-de-autonomia-diaria-com-carregamento-solar\/\",\"name\":\"Nissan Ariya ganha at\u00e9 22 km de autonomia di\u00e1ria com carregamento solar - Portal Tela Portugal\",\"isPartOf\":{\"@id\":\"https:\/\/portaltela.pt\/#website\"},\"primaryImageOfPage\":{\"@id\":\"https:\/\/portaltela.pt\/noticias\/2026\/02\/01\/nissan-ariya-ganha-ate-22-km-de-autonomia-diaria-com-carregamento-solar\/#primaryimage\"},\"image\":{\"@id\":\"https:\/\/portaltela.pt\/noticias\/2026\/02\/01\/nissan-ariya-ganha-ate-22-km-de-autonomia-diaria-com-carregamento-solar\/#primaryimage\"},\"thumbnailUrl\":\"https:\/\/portaltela.pt\/s.01k8rhncp4jt1\/2026\/02\/image-35.jpg\",\"datePublished\":\"2026-02-01T15:14:00+00:00\",\"author\":{\"@id\":\"https:\/\/portaltela.pt\/#\/schema\/person\/c4278d4a6028830caff9ee44b42d32ed\"},\"breadcrumb\":{\"@id\":\"https:\/\/portaltela.pt\/noticias\/2026\/02\/01\/nissan-ariya-ganha-ate-22-km-de-autonomia-diaria-com-carregamento-solar\/#breadcrumb\"},\"inLanguage\":\"pt-PT\",\"potentialAction\":[{\"@type\":\"ReadAction\",\"target\":[\"https:\/\/portaltela.pt\/noticias\/2026\/02\/01\/nissan-ariya-ganha-ate-22-km-de-autonomia-diaria-com-carregamento-solar\/\"]}]},{\"@type\":\"ImageObject\",\"inLanguage\":\"pt-PT\",\"@id\":\"https:\/\/portaltela.pt\/noticias\/2026\/02\/01\/nissan-ariya-ganha-ate-22-km-de-autonomia-diaria-com-carregamento-solar\/#primaryimage\",\"url\":\"https:\/\/portaltela.pt\/s.01k8rhncp4jt1\/2026\/02\/image-35.jpg\",\"contentUrl\":\"https:\/\/portaltela.pt\/s.01k8rhncp4jt1\/2026\/02\/image-35.jpg\",\"width\":796,\"height\":448,\"caption\":\"Pain\u00e9is solares permitem ganhar at\u00e9 22 quil\u00f3metros de autonomia por dia\"},{\"@type\":\"BreadcrumbList\",\"@id\":\"https:\/\/portaltela.pt\/noticias\/2026\/02\/01\/nissan-ariya-ganha-ate-22-km-de-autonomia-diaria-com-carregamento-solar\/#breadcrumb\",\"itemListElement\":[{\"@type\":\"ListItem\",\"position\":1,\"name\":\"In\u00edcio\",\"item\":\"https:\/\/portaltela.pt\/\"},{\"@type\":\"ListItem\",\"position\":2,\"name\":\"Nissan Ariya ganha at\u00e9 22 km de autonomia di\u00e1ria com carregamento solar\"}]},{\"@type\":\"WebSite\",\"@id\":\"https:\/\/portaltela.pt\/#website\",\"url\":\"https:\/\/portaltela.pt\/\",\"name\":\"Portal Tela Portugal\",\"description\":\"\",\"potentialAction\":[{\"@type\":\"SearchAction\",\"target\":{\"@type\":\"EntryPoint\",\"urlTemplate\":\"https:\/\/portaltela.pt\/?s={search_term_string}\"},\"query-input\":{\"@type\":\"PropertyValueSpecification\",\"valueRequired\":true,\"valueName\":\"search_term_string\"}}],\"inLanguage\":\"pt-PT\"},{\"@type\":\"Person\",\"@id\":\"https:\/\/portaltela.pt\/#\/schema\/person\/c4278d4a6028830caff9ee44b42d32ed\",\"name\":\"Telinha\",\"image\":{\"@type\":\"ImageObject\",\"inLanguage\":\"pt-PT\",\"@id\":\"https:\/\/portaltela.pt\/s.01k8rhncp4jt1\/2025\/11\/talking-bot-125x125.png\",\"url\":\"https:\/\/portaltela.pt\/s.01k8rhncp4jt1\/2025\/11\/talking-bot-125x125.png\",\"contentUrl\":\"https:\/\/portaltela.pt\/s.01k8rhncp4jt1\/2025\/11\/talking-bot-125x125.png\",\"caption\":\"Telinha\"},\"sameAs\":[\"https:\/\/portaltela.pt\/\"],\"url\":\"https:\/\/portaltela.pt\/por\/367410592786\/\"}]}<\/script>\n<!-- \/ Yoast SEO plugin. -->","yoast_head_json":{"title":"Nissan Ariya ganha at\u00e9 22 km de autonomia di\u00e1ria com carregamento solar - Portal Tela Portugal","robots":{"index":"index","follow":"follow","max-snippet":"max-snippet:-1","max-image-preview":"max-image-preview:large","max-video-preview":"max-video-preview:-1"},"og_locale":"pt_PT","og_type":"article","og_title":"Nissan Ariya ganha at\u00e9 22 km de autonomia di\u00e1ria com carregamento solar - Portal Tela Portugal","og_description":"O Nissan Ariya inclui 3,8 metros quadrados de pain\u00e9is fotovoltaicos no capot, tejadilho e porta da bagageira, gerindo energia DC para apoiar o carregamento da bateria principal. Em condi\u00e7\u00f5es ideais de sol, pode acrescentar mais de 22 km de autonomia por dia, com exemplos de Nova Deli (18,9 km) e Dubai (21,2 km). Em Barcelona a m\u00e9dia \u00e9 de 17,6 km\/dia; em Londres, 10,2 km\/dia. Segundo a Nissan, estes ganhos podem reduzir a necessidade de carregamentos entre 35% e 65%, dependendo do perfil de utilizador. Durante a condu\u00e7\u00e3o, uma viagem de duas horas e cerca de 80 km pode gerar cerca de 0,5 kWh de energia limpa, suficiente para mais 3 km de autonomia sem emiss\u00f5es. O projeto, criado pela Nissan em colabora\u00e7\u00e3o com a Lightyear, envolve equipas de Dubai e Barcelona e j\u00e1 realizou testes como a viagem de 1.550 km entre Pa\u00edses Baixos e Barcelona, demonstrando o potencial em cen\u00e1rios com infraestruturas de carregamento limitadas, alinhando-se com a vis\u00e3o de neutralidade carb\u00f3nica at\u00e9 2050.","og_url":"https:\/\/portaltela.pt\/noticias\/2026\/02\/01\/nissan-ariya-ganha-ate-22-km-de-autonomia-diaria-com-carregamento-solar\/","og_site_name":"Portal Tela Portugal","article_published_time":"2026-02-01T15:14:00+00:00","author":"Telinha","twitter_card":"summary_large_image","twitter_misc":{"Escrito por":"Telinha","Tempo estimado de leitura":"1 minuto"},"schema":{"@context":"https:\/\/schema.org","@graph":[{"@type":"Article","@id":"https:\/\/portaltela.pt\/noticias\/2026\/02\/01\/nissan-ariya-ganha-ate-22-km-de-autonomia-diaria-com-carregamento-solar\/#article","isPartOf":{"@id":"https:\/\/portaltela.pt\/noticias\/2026\/02\/01\/nissan-ariya-ganha-ate-22-km-de-autonomia-diaria-com-carregamento-solar\/"},"author":{"name":"Telinha","@id":"https:\/\/portaltela.pt\/#\/schema\/person\/c4278d4a6028830caff9ee44b42d32ed"},"headline":"Nissan Ariya ganha at\u00e9 22 km de autonomia di\u00e1ria com carregamento solar","datePublished":"2026-02-01T15:14:00+00:00","mainEntityOfPage":{"@id":"https:\/\/portaltela.pt\/noticias\/2026\/02\/01\/nissan-ariya-ganha-ate-22-km-de-autonomia-diaria-com-carregamento-solar\/"},"wordCount":276,"image":{"@id":"https:\/\/portaltela.pt\/noticias\/2026\/02\/01\/nissan-ariya-ganha-ate-22-km-de-autonomia-diaria-com-carregamento-solar\/#primaryimage"},"thumbnailUrl":"https:\/\/portaltela.pt\/s.01k8rhncp4jt1\/2026\/02\/image-35.jpg","keywords":["Autom\u00f3veis","El\u00e9trico","energia limpa","energia renov\u00e1vel","Mobilidade Sustent\u00e1vel","neutralidade carb\u00f3nica"],"articleSection":["Not\u00edcias"],"inLanguage":"pt-PT"},{"@type":"WebPage","@id":"https:\/\/portaltela.pt\/noticias\/2026\/02\/01\/nissan-ariya-ganha-ate-22-km-de-autonomia-diaria-com-carregamento-solar\/","url":"https:\/\/portaltela.pt\/noticias\/2026\/02\/01\/nissan-ariya-ganha-ate-22-km-de-autonomia-diaria-com-carregamento-solar\/","name":"Nissan Ariya ganha at\u00e9 22 km de autonomia di\u00e1ria com carregamento solar - Portal Tela Portugal","isPartOf":{"@id":"https:\/\/portaltela.pt\/#website"},"primaryImageOfPage":{"@id":"https:\/\/portaltela.pt\/noticias\/2026\/02\/01\/nissan-ariya-ganha-ate-22-km-de-autonomia-diaria-com-carregamento-solar\/#primaryimage"},"image":{"@id":"https:\/\/portaltela.pt\/noticias\/2026\/02\/01\/nissan-ariya-ganha-ate-22-km-de-autonomia-diaria-com-carregamento-solar\/#primaryimage"},"thumbnailUrl":"https:\/\/portaltela.pt\/s.01k8rhncp4jt1\/2026\/02\/image-35.jpg","datePublished":"2026-02-01T15:14:00+00:00","author":{"@id":"https:\/\/portaltela.pt\/#\/schema\/person\/c4278d4a6028830caff9ee44b42d32ed"},"breadcrumb":{"@id":"https:\/\/portaltela.pt\/noticias\/2026\/02\/01\/nissan-ariya-ganha-ate-22-km-de-autonomia-diaria-com-carregamento-solar\/#breadcrumb"},"inLanguage":"pt-PT","potentialAction":[{"@type":"ReadAction","target":["https:\/\/portaltela.pt\/noticias\/2026\/02\/01\/nissan-ariya-ganha-ate-22-km-de-autonomia-diaria-com-carregamento-solar\/"]}]},{"@type":"ImageObject","inLanguage":"pt-PT","@id":"https:\/\/portaltela.pt\/noticias\/2026\/02\/01\/nissan-ariya-ganha-ate-22-km-de-autonomia-diaria-com-carregamento-solar\/#primaryimage","url":"https:\/\/portaltela.pt\/s.01k8rhncp4jt1\/2026\/02\/image-35.jpg","contentUrl":"https:\/\/portaltela.pt\/s.01k8rhncp4jt1\/2026\/02\/image-35.jpg","width":796,"height":448,"caption":"Pain\u00e9is solares permitem ganhar at\u00e9 22 quil\u00f3metros de autonomia por dia"},{"@type":"BreadcrumbList","@id":"https:\/\/portaltela.pt\/noticias\/2026\/02\/01\/nissan-ariya-ganha-ate-22-km-de-autonomia-diaria-com-carregamento-solar\/#breadcrumb","itemListElement":[{"@type":"ListItem","position":1,"name":"In\u00edcio","item":"https:\/\/portaltela.pt\/"},{"@type":"ListItem","position":2,"name":"Nissan Ariya ganha at\u00e9 22 km de autonomia di\u00e1ria com carregamento solar"}]},{"@type":"WebSite","@id":"https:\/\/portaltela.pt\/#website","url":"https:\/\/portaltela.pt\/","name":"Portal Tela Portugal","description":"","potentialAction":[{"@type":"SearchAction","target":{"@type":"EntryPoint","urlTemplate":"https:\/\/portaltela.pt\/?s={search_term_string}"},"query-input":{"@type":"PropertyValueSpecification","valueRequired":true,"valueName":"search_term_string"}}],"inLanguage":"pt-PT"},{"@type":"Person","@id":"https:\/\/portaltela.pt\/#\/schema\/person\/c4278d4a6028830caff9ee44b42d32ed","name":"Telinha","image":{"@type":"ImageObject","inLanguage":"pt-PT","@id":"https:\/\/portaltela.pt\/s.01k8rhncp4jt1\/2025\/11\/talking-bot-125x125.png","url":"https:\/\/portaltela.pt\/s.01k8rhncp4jt1\/2025\/11\/talking-bot-125x125.png","contentUrl":"https:\/\/portaltela.pt\/s.01k8rhncp4jt1\/2025\/11\/talking-bot-125x125.png","caption":"Telinha"},"sameAs":["https:\/\/portaltela.pt\/"],"url":"https:\/\/portaltela.pt\/por\/367410592786\/"}]}},"_links":{"self":[{"href":"https:\/\/portaltela.pt\/api\/wp\/v2\/posts\/188783","targetHints":{"allow":["GET"]}}],"collection":[{"href":"https:\/\/portaltela.pt\/api\/wp\/v2\/posts"}],"about":[{"href":"https:\/\/portaltela.pt\/api\/wp\/v2\/types\/post"}],"author":[{"embeddable":true,"href":"https:\/\/portaltela.pt\/api\/wp\/v2\/users\/2"}],"replies":[{"embeddable":true,"href":"https:\/\/portaltela.pt\/api\/wp\/v2\/comments?post=188783"}],"version-history":[{"count":0,"href":"https:\/\/portaltela.pt\/api\/wp\/v2\/posts\/188783\/revisions"}],"wp:featuredmedia":[{"embeddable":true,"href":"https:\/\/portaltela.pt\/api\/wp\/v2\/media\/188785"}],"wp:attachment":[{"href":"https:\/\/portaltela.pt\/api\/wp\/v2\/media?parent=188783"}],"wp:term":[{"taxonomy":"category","embeddable":true,"href":"https:\/\/portaltela.pt\/api\/wp\/v2\/categories?post=188783"},{"taxonomy":"post_tag","embeddable":true,"href":"https:\/\/portaltela.pt\/api\/wp\/v2\/tags?post=188783"}],"curies":[{"name":"wp","href":"https:\/\/api.w.org\/{rel}","templated":true}]}}