{"id":188696,"date":"2026-02-01T11:18:00","date_gmt":"2026-02-01T14:18:00","guid":{"rendered":"https:\/\/portaltela.pt\/noticias\/2026\/02\/01\/ambientalistas-criticam-inacao-na-lei-do-clima-e-apelam-a-candidatos\/"},"modified":"2026-02-01T11:18:00","modified_gmt":"2026-02-01T14:18:00","slug":"ambientalistas-criticam-inacao-na-lei-do-clima-e-apelam-a-candidatos","status":"publish","type":"post","link":"https:\/\/portaltela.pt\/noticias\/2026\/02\/01\/ambientalistas-criticam-inacao-na-lei-do-clima-e-apelam-a-candidatos\/","title":{"rendered":"Ambientalistas criticam ina\u00e7\u00e3o na Lei do Clima e apelam a candidatos"},"content":{"rendered":"<p>A associa\u00e7\u00e3o ambiental Zero alerta que a Lei de Bases do Clima, aprovada h\u00e1 quatro anos, permanece por cumprir em v\u00e1rias frentes. Chama a aten\u00e7\u00e3o para uma qualidade de implementa\u00e7\u00e3o aqu\u00e9m do esperado e para a persistente inac\u00e7\u00e3o governamental.<\/p>\n<p>A \u00daltimo Recurso junta-se a este diagn\u00f3stico, afirmando que o pa\u00eds enfrenta uma verdadeira estagna\u00e7\u00e3o clim\u00e1tica. A organiza\u00e7\u00e3o aponta atrasos na cria\u00e7\u00e3o de instrumentos e na aplica\u00e7\u00e3o pr\u00e1tica da legisla\u00e7\u00e3o, que visa a neutralidade clim\u00e1tica e a prote\u00e7\u00e3o de um clima est\u00e1vel.<\/p>\n<p>A \u00eanfase recai nos fosso entre discurso e pr\u00e1tica, com a aus\u00eancia de uma inst\u00e2ncia independente para acompanhar a a\u00e7\u00e3o clim\u00e1tica. N\u00e3o h\u00e1 ainda um Conselho para a A\u00e7\u00e3o Clim\u00e1tica, considerado essencial pela Zero para avaliar e corrigir rotas.<\/p>\n<p>A \u00daltimo Recurso refor\u00e7a que o pa\u00eds vive um Estado aclim\u00e1tico, marcado pela falta de mecanismos para uma pol\u00edtica clim\u00e1tica efectiva. A organiza\u00e7\u00e3o ressalva que os compromissos legais continuam por cumprir, comprometendo a justi\u00e7a clim\u00e1tica.<\/p>\n<h3>Instrumentos e planos em atraso<\/h3>\n<p>A aus\u00eancia de instrumentos tornou-se vis\u00edvel na resposta a fen\u00f3menos meteorol\u00f3gicos extremos. A Zero aponta atrasos na Estrat\u00e9gia Industrial Verde, vital para uma transi\u00e7\u00e3o energ\u00e9tica mais r\u00e1pida e justa, bem como a necessidade de planos sectoriais robustos.<\/p>\n<p>A cr\u00edtica inclui a Lei de Enquadramento Or\u00e7amental, que n\u00e3o integra de forma vinculativa os objetivos de neutralidade clim\u00e1tica. Este fosso entre discurso e pr\u00e1tica pode conduzir investimentos que n\u00e3o favorecem a descarboniza\u00e7\u00e3o.<\/p>\n<p>Os or\u00e7amentos de carbono, n\u00facleo da lei, ainda n\u00e3o foram formalizados nem operacionais. A falta de limites claros por setor e por per\u00edodo impede planeamento rigoroso e previsibilidade para empresas, autarquias e cidad\u00e3os.<\/p>\n<h3>Planos Municipais de Ac\u00e7\u00e3o Clim\u00e1tica<\/h3>\n<p>A inexist\u00eancia de planos municipais est\u00e1 entre os pontos de disc\u00f3rdia. Quase um ter\u00e7o dos munic\u00edpios continua sem Planos Municipais de Ac\u00e7\u00e3o Clim\u00e1tica, apesar de serem obrigat\u00f3rios. O atraso exp\u00f5e popula\u00e7\u00f5es a fen\u00f3menos extremos com maior vulnerabilidade.<\/p>\n<h3>Manifesto para candidatos presidenciais<\/h3>\n<p>A \u00daltimo Recurso enviar\u00e1 um manifesto aos candidatos, apelando a maior responsabilidade clim\u00e1tica e a pol\u00edticas ambientais mais robustas. O documento sustenta que a inac\u00e7\u00e3o compromete ecossistemas e agrava desigualdades sociais, colocando gera\u00e7\u00f5es futuras em risco.<\/p>\n<p>A organiza\u00e7\u00e3o convoca a sociedade civil a exigir responsabilidade do Estado, enquanto o TIJ refor\u00e7a a obriga\u00e7\u00e3o de limitar o aquecimento global a 1,5\u00b0C. O texto lembra que a posi\u00e7\u00e3o oficial do futuro Presidente da Rep\u00fablica precisa de responder a esse imperativo legal.<\/p>\n<p>A Zero reconhece aspetos positivos, como relat\u00f3rios sobre risco clim\u00e1tico de certas entidades reguladoras. Ainda assim, sublinha que Portugal n\u00e3o pode perder mais tempo e exige urg\u00eancia na execu\u00e7\u00e3o total da legisla\u00e7\u00e3o clim\u00e1tica.<\/p>\n","protected":false},"excerpt":{"rendered":"<ul>\n<li>Ambientalistas Zero e \u00daltimo Recurso dizem que a Lei de Bases do Clima, aprovada h\u00e1 quatro anos, continua por cumprir.<\/li>\n<li>O atraso impede a cria\u00e7\u00e3o do Conselho para a Ac\u00e7\u00e3o Clim\u00e1tica, \u00f3rg\u00e3o independente de acompanhamento e corre\u00e7\u00e3o de rumo.<\/li>\n<li>Faltam instrumentos-chave, como or\u00e7amentos de carbono operacionais, estrat\u00e9gias setoriais robustas e planos industriais verdes.<\/li>\n<li>Quase um ter\u00e7o dos munic\u00edpios ainda n\u00e3o tem Plano Municipal de Ac\u00e7\u00e3o Clim\u00e1tica, apesar de obrigat\u00f3rios e de o prazo ter terminado em fevereiro de 2024.<\/li>\n<li>A \u00daltimo Recurso enviou um manifesto aos candidatos presidenciais, apelando a responsabilidade clim\u00e1tica; o TIJ tamb\u00e9m j\u00e1 afirmou a obriga\u00e7\u00e3o de limitar o aquecimento a 1,5\u00b0C.<\/li>\n<\/ul>\n","protected":false},"author":2,"featured_media":188697,"comment_status":"closed","ping_status":"closed","sticky":false,"template":"","format":"standard","meta":{"footnotes":""},"categories":[1],"tags":[2053,3100,1843,133,1014,811],"class_list":["post-188696","post","type-post","status-publish","format-standard","has-post-thumbnail","hentry","category-noticias","tag-acao-climatica","tag-ambiental","tag-neutralidade-carbonica","tag-politicas-publicas","tag-portugal","tag-protecao-ambiental"],"yoast_head":"<!-- This site is optimized with the Yoast SEO plugin v27.2 - https:\/\/yoast.com\/product\/yoast-seo-wordpress\/ -->\n<title>Ambientalistas criticam ina\u00e7\u00e3o na Lei do Clima e apelam a candidatos - Portal Tela Portugal<\/title>\n<meta name=\"robots\" content=\"index, follow, max-snippet:-1, max-image-preview:large, max-video-preview:-1\" \/>\n<meta property=\"og:locale\" content=\"pt_PT\" \/>\n<meta property=\"og:type\" content=\"article\" \/>\n<meta property=\"og:title\" content=\"Ambientalistas criticam ina\u00e7\u00e3o na Lei do Clima e apelam a candidatos - Portal Tela Portugal\" \/>\n<meta property=\"og:description\" content=\"Ambientalistas Zero e \u00daltimo Recurso dizem que a Lei de Bases do Clima, aprovada h\u00e1 quatro anos, continua por cumprir. O atraso impede a cria\u00e7\u00e3o do Conselho para a Ac\u00e7\u00e3o Clim\u00e1tica, \u00f3rg\u00e3o independente de acompanhamento e corre\u00e7\u00e3o de rumo. Faltam instrumentos-chave, como or\u00e7amentos de carbono operacionais, estrat\u00e9gias setoriais robustas e planos industriais verdes. Quase um ter\u00e7o dos munic\u00edpios ainda n\u00e3o tem Plano Municipal de Ac\u00e7\u00e3o Clim\u00e1tica, apesar de obrigat\u00f3rios e de o prazo ter terminado em fevereiro de 2024. A \u00daltimo Recurso enviou um manifesto aos candidatos presidenciais, apelando a responsabilidade clim\u00e1tica; o TIJ tamb\u00e9m j\u00e1 afirmou a obriga\u00e7\u00e3o de limitar o aquecimento a 1,5\u00b0C.\" \/>\n<meta property=\"og:url\" content=\"https:\/\/portaltela.pt\/noticias\/2026\/02\/01\/ambientalistas-criticam-inacao-na-lei-do-clima-e-apelam-a-candidatos\/\" \/>\n<meta property=\"og:site_name\" content=\"Portal Tela Portugal\" \/>\n<meta property=\"article:published_time\" content=\"2026-02-01T14:18:00+00:00\" \/>\n<meta name=\"author\" content=\"Telinha\" \/>\n<meta name=\"twitter:card\" content=\"summary_large_image\" \/>\n<meta name=\"twitter:label1\" content=\"Escrito por\" \/>\n\t<meta name=\"twitter:data1\" content=\"Telinha\" \/>\n\t<meta name=\"twitter:label2\" content=\"Tempo estimado de leitura\" \/>\n\t<meta name=\"twitter:data2\" content=\"3 minutos\" \/>\n<script type=\"application\/ld+json\" class=\"yoast-schema-graph\">{\"@context\":\"https:\/\/schema.org\",\"@graph\":[{\"@type\":\"Article\",\"@id\":\"https:\/\/portaltela.pt\/noticias\/2026\/02\/01\/ambientalistas-criticam-inacao-na-lei-do-clima-e-apelam-a-candidatos\/#article\",\"isPartOf\":{\"@id\":\"https:\/\/portaltela.pt\/noticias\/2026\/02\/01\/ambientalistas-criticam-inacao-na-lei-do-clima-e-apelam-a-candidatos\/\"},\"author\":{\"name\":\"Telinha\",\"@id\":\"https:\/\/portaltela.pt\/#\/schema\/person\/c4278d4a6028830caff9ee44b42d32ed\"},\"headline\":\"Ambientalistas criticam ina\u00e7\u00e3o na Lei do Clima e apelam a candidatos\",\"datePublished\":\"2026-02-01T14:18:00+00:00\",\"mainEntityOfPage\":{\"@id\":\"https:\/\/portaltela.pt\/noticias\/2026\/02\/01\/ambientalistas-criticam-inacao-na-lei-do-clima-e-apelam-a-candidatos\/\"},\"wordCount\":515,\"image\":{\"@id\":\"https:\/\/portaltela.pt\/noticias\/2026\/02\/01\/ambientalistas-criticam-inacao-na-lei-do-clima-e-apelam-a-candidatos\/#primaryimage\"},\"thumbnailUrl\":\"https:\/\/portaltela.pt\/s.01k8rhncp4jt1\/2026\/02\/2063469.jpg\",\"keywords\":[\"A\u00e7\u00e3o Clim\u00e1tica\",\"ambiental\",\"neutralidade carb\u00f3nica\",\"pol\u00edticas p\u00fablicas\",\"Portugal\",\"prote\u00e7\u00e3o ambiental\"],\"articleSection\":[\"Not\u00edcias\"],\"inLanguage\":\"pt-PT\"},{\"@type\":\"WebPage\",\"@id\":\"https:\/\/portaltela.pt\/noticias\/2026\/02\/01\/ambientalistas-criticam-inacao-na-lei-do-clima-e-apelam-a-candidatos\/\",\"url\":\"https:\/\/portaltela.pt\/noticias\/2026\/02\/01\/ambientalistas-criticam-inacao-na-lei-do-clima-e-apelam-a-candidatos\/\",\"name\":\"Ambientalistas criticam ina\u00e7\u00e3o na Lei do Clima e apelam a candidatos - Portal Tela Portugal\",\"isPartOf\":{\"@id\":\"https:\/\/portaltela.pt\/#website\"},\"primaryImageOfPage\":{\"@id\":\"https:\/\/portaltela.pt\/noticias\/2026\/02\/01\/ambientalistas-criticam-inacao-na-lei-do-clima-e-apelam-a-candidatos\/#primaryimage\"},\"image\":{\"@id\":\"https:\/\/portaltela.pt\/noticias\/2026\/02\/01\/ambientalistas-criticam-inacao-na-lei-do-clima-e-apelam-a-candidatos\/#primaryimage\"},\"thumbnailUrl\":\"https:\/\/portaltela.pt\/s.01k8rhncp4jt1\/2026\/02\/2063469.jpg\",\"datePublished\":\"2026-02-01T14:18:00+00:00\",\"author\":{\"@id\":\"https:\/\/portaltela.pt\/#\/schema\/person\/c4278d4a6028830caff9ee44b42d32ed\"},\"breadcrumb\":{\"@id\":\"https:\/\/portaltela.pt\/noticias\/2026\/02\/01\/ambientalistas-criticam-inacao-na-lei-do-clima-e-apelam-a-candidatos\/#breadcrumb\"},\"inLanguage\":\"pt-PT\",\"potentialAction\":[{\"@type\":\"ReadAction\",\"target\":[\"https:\/\/portaltela.pt\/noticias\/2026\/02\/01\/ambientalistas-criticam-inacao-na-lei-do-clima-e-apelam-a-candidatos\/\"]}]},{\"@type\":\"ImageObject\",\"inLanguage\":\"pt-PT\",\"@id\":\"https:\/\/portaltela.pt\/noticias\/2026\/02\/01\/ambientalistas-criticam-inacao-na-lei-do-clima-e-apelam-a-candidatos\/#primaryimage\",\"url\":\"https:\/\/portaltela.pt\/s.01k8rhncp4jt1\/2026\/02\/2063469.jpg\",\"contentUrl\":\"https:\/\/portaltela.pt\/s.01k8rhncp4jt1\/2026\/02\/2063469.jpg\",\"width\":796,\"height\":448,\"caption\":\"O candidato \u00e0 segunda volta das presidenciais Andr\u00e9 Ventura, apoiado pelo Chega, em campanha em Leiria ap\u00f3s a cat\u00e1strofe provocada pela depress\u00e3o Kristin.\"},{\"@type\":\"BreadcrumbList\",\"@id\":\"https:\/\/portaltela.pt\/noticias\/2026\/02\/01\/ambientalistas-criticam-inacao-na-lei-do-clima-e-apelam-a-candidatos\/#breadcrumb\",\"itemListElement\":[{\"@type\":\"ListItem\",\"position\":1,\"name\":\"In\u00edcio\",\"item\":\"https:\/\/portaltela.pt\/\"},{\"@type\":\"ListItem\",\"position\":2,\"name\":\"Ambientalistas criticam ina\u00e7\u00e3o na Lei do Clima e apelam a candidatos\"}]},{\"@type\":\"WebSite\",\"@id\":\"https:\/\/portaltela.pt\/#website\",\"url\":\"https:\/\/portaltela.pt\/\",\"name\":\"Portal Tela Portugal\",\"description\":\"\",\"potentialAction\":[{\"@type\":\"SearchAction\",\"target\":{\"@type\":\"EntryPoint\",\"urlTemplate\":\"https:\/\/portaltela.pt\/?s={search_term_string}\"},\"query-input\":{\"@type\":\"PropertyValueSpecification\",\"valueRequired\":true,\"valueName\":\"search_term_string\"}}],\"inLanguage\":\"pt-PT\"},{\"@type\":\"Person\",\"@id\":\"https:\/\/portaltela.pt\/#\/schema\/person\/c4278d4a6028830caff9ee44b42d32ed\",\"name\":\"Telinha\",\"image\":{\"@type\":\"ImageObject\",\"inLanguage\":\"pt-PT\",\"@id\":\"https:\/\/portaltela.pt\/s.01k8rhncp4jt1\/2025\/11\/talking-bot-125x125.png\",\"url\":\"https:\/\/portaltela.pt\/s.01k8rhncp4jt1\/2025\/11\/talking-bot-125x125.png\",\"contentUrl\":\"https:\/\/portaltela.pt\/s.01k8rhncp4jt1\/2025\/11\/talking-bot-125x125.png\",\"caption\":\"Telinha\"},\"sameAs\":[\"https:\/\/portaltela.pt\/\"],\"url\":\"https:\/\/portaltela.pt\/por\/367410592786\/\"}]}<\/script>\n<!-- \/ Yoast SEO plugin. -->","yoast_head_json":{"title":"Ambientalistas criticam ina\u00e7\u00e3o na Lei do Clima e apelam a candidatos - Portal Tela Portugal","robots":{"index":"index","follow":"follow","max-snippet":"max-snippet:-1","max-image-preview":"max-image-preview:large","max-video-preview":"max-video-preview:-1"},"og_locale":"pt_PT","og_type":"article","og_title":"Ambientalistas criticam ina\u00e7\u00e3o na Lei do Clima e apelam a candidatos - Portal Tela Portugal","og_description":"Ambientalistas Zero e \u00daltimo Recurso dizem que a Lei de Bases do Clima, aprovada h\u00e1 quatro anos, continua por cumprir. O atraso impede a cria\u00e7\u00e3o do Conselho para a Ac\u00e7\u00e3o Clim\u00e1tica, \u00f3rg\u00e3o independente de acompanhamento e corre\u00e7\u00e3o de rumo. Faltam instrumentos-chave, como or\u00e7amentos de carbono operacionais, estrat\u00e9gias setoriais robustas e planos industriais verdes. Quase um ter\u00e7o dos munic\u00edpios ainda n\u00e3o tem Plano Municipal de Ac\u00e7\u00e3o Clim\u00e1tica, apesar de obrigat\u00f3rios e de o prazo ter terminado em fevereiro de 2024. A \u00daltimo Recurso enviou um manifesto aos candidatos presidenciais, apelando a responsabilidade clim\u00e1tica; o TIJ tamb\u00e9m j\u00e1 afirmou a obriga\u00e7\u00e3o de limitar o aquecimento a 1,5\u00b0C.","og_url":"https:\/\/portaltela.pt\/noticias\/2026\/02\/01\/ambientalistas-criticam-inacao-na-lei-do-clima-e-apelam-a-candidatos\/","og_site_name":"Portal Tela Portugal","article_published_time":"2026-02-01T14:18:00+00:00","author":"Telinha","twitter_card":"summary_large_image","twitter_misc":{"Escrito por":"Telinha","Tempo estimado de leitura":"3 minutos"},"schema":{"@context":"https:\/\/schema.org","@graph":[{"@type":"Article","@id":"https:\/\/portaltela.pt\/noticias\/2026\/02\/01\/ambientalistas-criticam-inacao-na-lei-do-clima-e-apelam-a-candidatos\/#article","isPartOf":{"@id":"https:\/\/portaltela.pt\/noticias\/2026\/02\/01\/ambientalistas-criticam-inacao-na-lei-do-clima-e-apelam-a-candidatos\/"},"author":{"name":"Telinha","@id":"https:\/\/portaltela.pt\/#\/schema\/person\/c4278d4a6028830caff9ee44b42d32ed"},"headline":"Ambientalistas criticam ina\u00e7\u00e3o na Lei do Clima e apelam a candidatos","datePublished":"2026-02-01T14:18:00+00:00","mainEntityOfPage":{"@id":"https:\/\/portaltela.pt\/noticias\/2026\/02\/01\/ambientalistas-criticam-inacao-na-lei-do-clima-e-apelam-a-candidatos\/"},"wordCount":515,"image":{"@id":"https:\/\/portaltela.pt\/noticias\/2026\/02\/01\/ambientalistas-criticam-inacao-na-lei-do-clima-e-apelam-a-candidatos\/#primaryimage"},"thumbnailUrl":"https:\/\/portaltela.pt\/s.01k8rhncp4jt1\/2026\/02\/2063469.jpg","keywords":["A\u00e7\u00e3o Clim\u00e1tica","ambiental","neutralidade carb\u00f3nica","pol\u00edticas p\u00fablicas","Portugal","prote\u00e7\u00e3o ambiental"],"articleSection":["Not\u00edcias"],"inLanguage":"pt-PT"},{"@type":"WebPage","@id":"https:\/\/portaltela.pt\/noticias\/2026\/02\/01\/ambientalistas-criticam-inacao-na-lei-do-clima-e-apelam-a-candidatos\/","url":"https:\/\/portaltela.pt\/noticias\/2026\/02\/01\/ambientalistas-criticam-inacao-na-lei-do-clima-e-apelam-a-candidatos\/","name":"Ambientalistas criticam ina\u00e7\u00e3o na Lei do Clima e apelam a candidatos - Portal Tela Portugal","isPartOf":{"@id":"https:\/\/portaltela.pt\/#website"},"primaryImageOfPage":{"@id":"https:\/\/portaltela.pt\/noticias\/2026\/02\/01\/ambientalistas-criticam-inacao-na-lei-do-clima-e-apelam-a-candidatos\/#primaryimage"},"image":{"@id":"https:\/\/portaltela.pt\/noticias\/2026\/02\/01\/ambientalistas-criticam-inacao-na-lei-do-clima-e-apelam-a-candidatos\/#primaryimage"},"thumbnailUrl":"https:\/\/portaltela.pt\/s.01k8rhncp4jt1\/2026\/02\/2063469.jpg","datePublished":"2026-02-01T14:18:00+00:00","author":{"@id":"https:\/\/portaltela.pt\/#\/schema\/person\/c4278d4a6028830caff9ee44b42d32ed"},"breadcrumb":{"@id":"https:\/\/portaltela.pt\/noticias\/2026\/02\/01\/ambientalistas-criticam-inacao-na-lei-do-clima-e-apelam-a-candidatos\/#breadcrumb"},"inLanguage":"pt-PT","potentialAction":[{"@type":"ReadAction","target":["https:\/\/portaltela.pt\/noticias\/2026\/02\/01\/ambientalistas-criticam-inacao-na-lei-do-clima-e-apelam-a-candidatos\/"]}]},{"@type":"ImageObject","inLanguage":"pt-PT","@id":"https:\/\/portaltela.pt\/noticias\/2026\/02\/01\/ambientalistas-criticam-inacao-na-lei-do-clima-e-apelam-a-candidatos\/#primaryimage","url":"https:\/\/portaltela.pt\/s.01k8rhncp4jt1\/2026\/02\/2063469.jpg","contentUrl":"https:\/\/portaltela.pt\/s.01k8rhncp4jt1\/2026\/02\/2063469.jpg","width":796,"height":448,"caption":"O candidato \u00e0 segunda volta das presidenciais Andr\u00e9 Ventura, apoiado pelo Chega, em campanha em Leiria ap\u00f3s a cat\u00e1strofe provocada pela depress\u00e3o Kristin."},{"@type":"BreadcrumbList","@id":"https:\/\/portaltela.pt\/noticias\/2026\/02\/01\/ambientalistas-criticam-inacao-na-lei-do-clima-e-apelam-a-candidatos\/#breadcrumb","itemListElement":[{"@type":"ListItem","position":1,"name":"In\u00edcio","item":"https:\/\/portaltela.pt\/"},{"@type":"ListItem","position":2,"name":"Ambientalistas criticam ina\u00e7\u00e3o na Lei do Clima e apelam a candidatos"}]},{"@type":"WebSite","@id":"https:\/\/portaltela.pt\/#website","url":"https:\/\/portaltela.pt\/","name":"Portal Tela Portugal","description":"","potentialAction":[{"@type":"SearchAction","target":{"@type":"EntryPoint","urlTemplate":"https:\/\/portaltela.pt\/?s={search_term_string}"},"query-input":{"@type":"PropertyValueSpecification","valueRequired":true,"valueName":"search_term_string"}}],"inLanguage":"pt-PT"},{"@type":"Person","@id":"https:\/\/portaltela.pt\/#\/schema\/person\/c4278d4a6028830caff9ee44b42d32ed","name":"Telinha","image":{"@type":"ImageObject","inLanguage":"pt-PT","@id":"https:\/\/portaltela.pt\/s.01k8rhncp4jt1\/2025\/11\/talking-bot-125x125.png","url":"https:\/\/portaltela.pt\/s.01k8rhncp4jt1\/2025\/11\/talking-bot-125x125.png","contentUrl":"https:\/\/portaltela.pt\/s.01k8rhncp4jt1\/2025\/11\/talking-bot-125x125.png","caption":"Telinha"},"sameAs":["https:\/\/portaltela.pt\/"],"url":"https:\/\/portaltela.pt\/por\/367410592786\/"}]}},"_links":{"self":[{"href":"https:\/\/portaltela.pt\/api\/wp\/v2\/posts\/188696","targetHints":{"allow":["GET"]}}],"collection":[{"href":"https:\/\/portaltela.pt\/api\/wp\/v2\/posts"}],"about":[{"href":"https:\/\/portaltela.pt\/api\/wp\/v2\/types\/post"}],"author":[{"embeddable":true,"href":"https:\/\/portaltela.pt\/api\/wp\/v2\/users\/2"}],"replies":[{"embeddable":true,"href":"https:\/\/portaltela.pt\/api\/wp\/v2\/comments?post=188696"}],"version-history":[{"count":0,"href":"https:\/\/portaltela.pt\/api\/wp\/v2\/posts\/188696\/revisions"}],"wp:featuredmedia":[{"embeddable":true,"href":"https:\/\/portaltela.pt\/api\/wp\/v2\/media\/188697"}],"wp:attachment":[{"href":"https:\/\/portaltela.pt\/api\/wp\/v2\/media?parent=188696"}],"wp:term":[{"taxonomy":"category","embeddable":true,"href":"https:\/\/portaltela.pt\/api\/wp\/v2\/categories?post=188696"},{"taxonomy":"post_tag","embeddable":true,"href":"https:\/\/portaltela.pt\/api\/wp\/v2\/tags?post=188696"}],"curies":[{"name":"wp","href":"https:\/\/api.w.org\/{rel}","templated":true}]}}