{"id":188671,"date":"2026-02-01T10:45:00","date_gmt":"2026-02-01T13:45:00","guid":{"rendered":"https:\/\/portaltela.pt\/noticias\/2026\/02\/01\/ventura-nao-teme-impacto-do-mau-tempo-na-votacao\/"},"modified":"2026-02-01T10:45:00","modified_gmt":"2026-02-01T13:45:00","slug":"ventura-nao-teme-impacto-do-mau-tempo-na-votacao","status":"publish","type":"post","link":"https:\/\/portaltela.pt\/noticias\/politica\/2026\/02\/01\/ventura-nao-teme-impacto-do-mau-tempo-na-votacao\/","title":{"rendered":"Ventura n\u00e3o teme impacto do mau tempo na vota\u00e7\u00e3o"},"content":{"rendered":"<p>O candidato presidencial Andr\u00e9 Ventura, apoiado pelo Chega, afirmou n\u00e3o estar preocupado com eventuais impactos do mau tempo na vota\u00e7\u00e3o do pr\u00f3ximo domingo. O foco, disse, est\u00e1 nas necessidades da popula\u00e7\u00e3o.<\/p>\n<p>Durante uma visita ao quartel dos Bombeiros Volunt\u00e1rios de Braga, Ventura refor\u00e7ou que a prioridade s\u00e3o os bens b\u00e1sicos: teto, comida, \u00e1gua, energia e comunica\u00e7\u00e3o com a fam\u00edlia. N\u00e3o deixou de reconhecer a legitimidade das perguntas sobre o tema, mas destacou a prioridade para o pa\u00eds.<\/p>\n<p>O candidato sustentou que os efeitos meteorol\u00f3gicos n\u00e3o podem distrair do essencial, afirmando estar 100% dedicado aos acontecimentos recentes e ao que pode ocorrer nos dias seguintes. N\u00e3o pretendia comentar cen\u00e1rios pol\u00edticos no momento.<\/p>\n<h3>Mudan\u00e7as no voto antecipado<\/h3>\n<p>A administra\u00e7\u00e3o eleitoral divulgou que cerca de 309 mil eleitores escolheram votar antecipadamente na segunda volta, mais 90 mil do que na primeira. A SGMAI atribuiu o aumento ao regresso \u00e0s urnas.<\/p>\n<p>Devido \u00e0 depress\u00e3o Kristin, a vota\u00e7\u00e3o antecipada em mobilidade sofreu altera\u00e7\u00f5es de local em seis concelhos: Vieira do Minho, Alvai\u00e1zere, Leiria, Torres Vedras, Alc\u00e1cer do Sal e Silves. A mudan\u00e7a ocorreu por motivos de for\u00e7a maior, a pedido das c\u00e2maras municipais.<\/p>\n<p>As altera\u00e7\u00f5es visam manter a opera\u00e7\u00e3o eleitoral est\u00e1vel, com a SGMAI a indicar que as mudan\u00e7as foram anunciadas no Portal do Eleitor. As autoridades procuram assegurar que os eleitores consigam votar com condi\u00e7\u00f5es adequadas.<\/p>\n","protected":false},"excerpt":{"rendered":"<ul>\n<li>Andr\u00e9 Ventura afirma n\u00e3o estar preocupado com eventual mau tempo e manter o foco nas necessidades da popula\u00e7\u00e3o.<\/li>\n<li>O candidato, apoiado pelo Chega, falava antes de uma visita ao quartel dos Bombeiros Volunt\u00e1rios de Braga, primeira a\u00e7\u00e3o do dia, a uma semana da segunda volta contra Ant\u00f3nio Jos\u00e9 Seguro.<\/li>\n<li>Reitera que a prioridade s\u00e3o bens b\u00e1sicos \u2014 teto, \u00e1gua, comida e luz \u2014 e que os votos ficar\u00e3o para depois.<\/li>\n<li>Questionado sobre impacto do mau tempo no resultado, disse estar 100% concentrado no pa\u00eds e nas situa\u00e7\u00f5es recentes, n\u00e3o em julgamentos pol\u00edticos.<\/li>\n<li>Cerca de trezentos e nove mil eleitores inscreveram-se para votar antecipadamente hoje, mais noventa mil que na primeira volta; o voto antecipado em mobilidade foi deslocado em seis concelhos por for\u00e7a maior devido \u00e0 depress\u00e3o Kristin.<\/li>\n<\/ul>\n","protected":false},"author":2,"featured_media":188675,"comment_status":"closed","ping_status":"closed","sticky":false,"template":"","format":"standard","meta":{"footnotes":""},"categories":[1,5],"tags":[2453,4351,2142,68,1385,4965],"class_list":["post-188671","post","type-post","status-publish","format-standard","has-post-thumbnail","hentry","category-noticias","category-politica","tag-andre-ventura","tag-bombeiros-voluntarios","tag-chega","tag-eleicoes","tag-leiria","tag-vieira-do-minho"],"yoast_head":"<!-- This site is optimized with the Yoast SEO plugin v27.2 - https:\/\/yoast.com\/product\/yoast-seo-wordpress\/ -->\n<title>Ventura n\u00e3o teme impacto do mau tempo na vota\u00e7\u00e3o - Portal Tela Portugal<\/title>\n<meta name=\"robots\" content=\"index, follow, max-snippet:-1, max-image-preview:large, max-video-preview:-1\" \/>\n<meta property=\"og:locale\" content=\"pt_PT\" \/>\n<meta property=\"og:type\" content=\"article\" \/>\n<meta property=\"og:title\" content=\"Ventura n\u00e3o teme impacto do mau tempo na vota\u00e7\u00e3o - Portal Tela Portugal\" \/>\n<meta property=\"og:description\" content=\"Andr\u00e9 Ventura afirma n\u00e3o estar preocupado com eventual mau tempo e manter o foco nas necessidades da popula\u00e7\u00e3o. O candidato, apoiado pelo Chega, falava antes de uma visita ao quartel dos Bombeiros Volunt\u00e1rios de Braga, primeira a\u00e7\u00e3o do dia, a uma semana da segunda volta contra Ant\u00f3nio Jos\u00e9 Seguro. Reitera que a prioridade s\u00e3o bens b\u00e1sicos \u2014 teto, \u00e1gua, comida e luz \u2014 e que os votos ficar\u00e3o para depois. Questionado sobre impacto do mau tempo no resultado, disse estar 100% concentrado no pa\u00eds e nas situa\u00e7\u00f5es recentes, n\u00e3o em julgamentos pol\u00edticos. Cerca de trezentos e nove mil eleitores inscreveram-se para votar antecipadamente hoje, mais noventa mil que na primeira volta; o voto antecipado em mobilidade foi deslocado em seis concelhos por for\u00e7a maior devido \u00e0 depress\u00e3o Kristin.\" \/>\n<meta property=\"og:url\" content=\"https:\/\/portaltela.pt\/noticias\/2026\/02\/01\/ventura-nao-teme-impacto-do-mau-tempo-na-votacao\/\" \/>\n<meta property=\"og:site_name\" content=\"Portal Tela Portugal\" \/>\n<meta property=\"article:published_time\" content=\"2026-02-01T13:45:00+00:00\" \/>\n<meta name=\"author\" content=\"Telinha\" \/>\n<meta name=\"twitter:card\" content=\"summary_large_image\" \/>\n<meta name=\"twitter:label1\" content=\"Escrito por\" \/>\n\t<meta name=\"twitter:data1\" content=\"Telinha\" \/>\n\t<meta name=\"twitter:label2\" content=\"Tempo estimado de leitura\" \/>\n\t<meta name=\"twitter:data2\" content=\"1 minuto\" \/>\n<script type=\"application\/ld+json\" class=\"yoast-schema-graph\">{\"@context\":\"https:\/\/schema.org\",\"@graph\":[{\"@type\":\"Article\",\"@id\":\"https:\/\/portaltela.pt\/noticias\/2026\/02\/01\/ventura-nao-teme-impacto-do-mau-tempo-na-votacao\/#article\",\"isPartOf\":{\"@id\":\"https:\/\/portaltela.pt\/noticias\/2026\/02\/01\/ventura-nao-teme-impacto-do-mau-tempo-na-votacao\/\"},\"author\":{\"name\":\"Telinha\",\"@id\":\"https:\/\/portaltela.pt\/#\/schema\/person\/c4278d4a6028830caff9ee44b42d32ed\"},\"headline\":\"Ventura n\u00e3o teme impacto do mau tempo na vota\u00e7\u00e3o\",\"datePublished\":\"2026-02-01T13:45:00+00:00\",\"mainEntityOfPage\":{\"@id\":\"https:\/\/portaltela.pt\/noticias\/2026\/02\/01\/ventura-nao-teme-impacto-do-mau-tempo-na-votacao\/\"},\"wordCount\":261,\"image\":{\"@id\":\"https:\/\/portaltela.pt\/noticias\/2026\/02\/01\/ventura-nao-teme-impacto-do-mau-tempo-na-votacao\/#primaryimage\"},\"thumbnailUrl\":\"https:\/\/portaltela.pt\/s.01k8rhncp4jt1\/2026\/02\/unnamed-file-110.jpg\",\"keywords\":[\"Andr\u00e9 Ventura\",\"Bombeiros Volunt\u00e1rios\",\"CHEGA\",\"elei\u00e7\u00f5es\",\"Leiria\",\"Vieira do Minho\"],\"articleSection\":[\"Not\u00edcias\",\"Pol\u00edtica\"],\"inLanguage\":\"pt-PT\"},{\"@type\":\"WebPage\",\"@id\":\"https:\/\/portaltela.pt\/noticias\/2026\/02\/01\/ventura-nao-teme-impacto-do-mau-tempo-na-votacao\/\",\"url\":\"https:\/\/portaltela.pt\/noticias\/2026\/02\/01\/ventura-nao-teme-impacto-do-mau-tempo-na-votacao\/\",\"name\":\"Ventura n\u00e3o teme impacto do mau tempo na vota\u00e7\u00e3o - Portal Tela Portugal\",\"isPartOf\":{\"@id\":\"https:\/\/portaltela.pt\/#website\"},\"primaryImageOfPage\":{\"@id\":\"https:\/\/portaltela.pt\/noticias\/2026\/02\/01\/ventura-nao-teme-impacto-do-mau-tempo-na-votacao\/#primaryimage\"},\"image\":{\"@id\":\"https:\/\/portaltela.pt\/noticias\/2026\/02\/01\/ventura-nao-teme-impacto-do-mau-tempo-na-votacao\/#primaryimage\"},\"thumbnailUrl\":\"https:\/\/portaltela.pt\/s.01k8rhncp4jt1\/2026\/02\/unnamed-file-110.jpg\",\"datePublished\":\"2026-02-01T13:45:00+00:00\",\"author\":{\"@id\":\"https:\/\/portaltela.pt\/#\/schema\/person\/c4278d4a6028830caff9ee44b42d32ed\"},\"breadcrumb\":{\"@id\":\"https:\/\/portaltela.pt\/noticias\/2026\/02\/01\/ventura-nao-teme-impacto-do-mau-tempo-na-votacao\/#breadcrumb\"},\"inLanguage\":\"pt-PT\",\"potentialAction\":[{\"@type\":\"ReadAction\",\"target\":[\"https:\/\/portaltela.pt\/noticias\/2026\/02\/01\/ventura-nao-teme-impacto-do-mau-tempo-na-votacao\/\"]}]},{\"@type\":\"ImageObject\",\"inLanguage\":\"pt-PT\",\"@id\":\"https:\/\/portaltela.pt\/noticias\/2026\/02\/01\/ventura-nao-teme-impacto-do-mau-tempo-na-votacao\/#primaryimage\",\"url\":\"https:\/\/portaltela.pt\/s.01k8rhncp4jt1\/2026\/02\/unnamed-file-110.jpg\",\"contentUrl\":\"https:\/\/portaltela.pt\/s.01k8rhncp4jt1\/2026\/02\/unnamed-file-110.jpg\",\"width\":796,\"height\":448,\"caption\":\"Ventura diz n\u00e3o estar preocupado com poss\u00edvel efeito do mau tempo na vota\u00e7\u00e3o\"},{\"@type\":\"BreadcrumbList\",\"@id\":\"https:\/\/portaltela.pt\/noticias\/2026\/02\/01\/ventura-nao-teme-impacto-do-mau-tempo-na-votacao\/#breadcrumb\",\"itemListElement\":[{\"@type\":\"ListItem\",\"position\":1,\"name\":\"In\u00edcio\",\"item\":\"https:\/\/portaltela.pt\/\"},{\"@type\":\"ListItem\",\"position\":2,\"name\":\"Ventura n\u00e3o teme impacto do mau tempo na vota\u00e7\u00e3o\"}]},{\"@type\":\"WebSite\",\"@id\":\"https:\/\/portaltela.pt\/#website\",\"url\":\"https:\/\/portaltela.pt\/\",\"name\":\"Portal Tela Portugal\",\"description\":\"\",\"potentialAction\":[{\"@type\":\"SearchAction\",\"target\":{\"@type\":\"EntryPoint\",\"urlTemplate\":\"https:\/\/portaltela.pt\/?s={search_term_string}\"},\"query-input\":{\"@type\":\"PropertyValueSpecification\",\"valueRequired\":true,\"valueName\":\"search_term_string\"}}],\"inLanguage\":\"pt-PT\"},{\"@type\":\"Person\",\"@id\":\"https:\/\/portaltela.pt\/#\/schema\/person\/c4278d4a6028830caff9ee44b42d32ed\",\"name\":\"Telinha\",\"image\":{\"@type\":\"ImageObject\",\"inLanguage\":\"pt-PT\",\"@id\":\"https:\/\/portaltela.pt\/s.01k8rhncp4jt1\/2025\/11\/talking-bot-125x125.png\",\"url\":\"https:\/\/portaltela.pt\/s.01k8rhncp4jt1\/2025\/11\/talking-bot-125x125.png\",\"contentUrl\":\"https:\/\/portaltela.pt\/s.01k8rhncp4jt1\/2025\/11\/talking-bot-125x125.png\",\"caption\":\"Telinha\"},\"sameAs\":[\"https:\/\/portaltela.pt\/\"],\"url\":\"https:\/\/portaltela.pt\/por\/367410592786\/\"}]}<\/script>\n<!-- \/ Yoast SEO plugin. -->","yoast_head_json":{"title":"Ventura n\u00e3o teme impacto do mau tempo na vota\u00e7\u00e3o - Portal Tela Portugal","robots":{"index":"index","follow":"follow","max-snippet":"max-snippet:-1","max-image-preview":"max-image-preview:large","max-video-preview":"max-video-preview:-1"},"og_locale":"pt_PT","og_type":"article","og_title":"Ventura n\u00e3o teme impacto do mau tempo na vota\u00e7\u00e3o - Portal Tela Portugal","og_description":"Andr\u00e9 Ventura afirma n\u00e3o estar preocupado com eventual mau tempo e manter o foco nas necessidades da popula\u00e7\u00e3o. O candidato, apoiado pelo Chega, falava antes de uma visita ao quartel dos Bombeiros Volunt\u00e1rios de Braga, primeira a\u00e7\u00e3o do dia, a uma semana da segunda volta contra Ant\u00f3nio Jos\u00e9 Seguro. Reitera que a prioridade s\u00e3o bens b\u00e1sicos \u2014 teto, \u00e1gua, comida e luz \u2014 e que os votos ficar\u00e3o para depois. Questionado sobre impacto do mau tempo no resultado, disse estar 100% concentrado no pa\u00eds e nas situa\u00e7\u00f5es recentes, n\u00e3o em julgamentos pol\u00edticos. Cerca de trezentos e nove mil eleitores inscreveram-se para votar antecipadamente hoje, mais noventa mil que na primeira volta; o voto antecipado em mobilidade foi deslocado em seis concelhos por for\u00e7a maior devido \u00e0 depress\u00e3o Kristin.","og_url":"https:\/\/portaltela.pt\/noticias\/2026\/02\/01\/ventura-nao-teme-impacto-do-mau-tempo-na-votacao\/","og_site_name":"Portal Tela Portugal","article_published_time":"2026-02-01T13:45:00+00:00","author":"Telinha","twitter_card":"summary_large_image","twitter_misc":{"Escrito por":"Telinha","Tempo estimado de leitura":"1 minuto"},"schema":{"@context":"https:\/\/schema.org","@graph":[{"@type":"Article","@id":"https:\/\/portaltela.pt\/noticias\/2026\/02\/01\/ventura-nao-teme-impacto-do-mau-tempo-na-votacao\/#article","isPartOf":{"@id":"https:\/\/portaltela.pt\/noticias\/2026\/02\/01\/ventura-nao-teme-impacto-do-mau-tempo-na-votacao\/"},"author":{"name":"Telinha","@id":"https:\/\/portaltela.pt\/#\/schema\/person\/c4278d4a6028830caff9ee44b42d32ed"},"headline":"Ventura n\u00e3o teme impacto do mau tempo na vota\u00e7\u00e3o","datePublished":"2026-02-01T13:45:00+00:00","mainEntityOfPage":{"@id":"https:\/\/portaltela.pt\/noticias\/2026\/02\/01\/ventura-nao-teme-impacto-do-mau-tempo-na-votacao\/"},"wordCount":261,"image":{"@id":"https:\/\/portaltela.pt\/noticias\/2026\/02\/01\/ventura-nao-teme-impacto-do-mau-tempo-na-votacao\/#primaryimage"},"thumbnailUrl":"https:\/\/portaltela.pt\/s.01k8rhncp4jt1\/2026\/02\/unnamed-file-110.jpg","keywords":["Andr\u00e9 Ventura","Bombeiros Volunt\u00e1rios","CHEGA","elei\u00e7\u00f5es","Leiria","Vieira do Minho"],"articleSection":["Not\u00edcias","Pol\u00edtica"],"inLanguage":"pt-PT"},{"@type":"WebPage","@id":"https:\/\/portaltela.pt\/noticias\/2026\/02\/01\/ventura-nao-teme-impacto-do-mau-tempo-na-votacao\/","url":"https:\/\/portaltela.pt\/noticias\/2026\/02\/01\/ventura-nao-teme-impacto-do-mau-tempo-na-votacao\/","name":"Ventura n\u00e3o teme impacto do mau tempo na vota\u00e7\u00e3o - Portal Tela Portugal","isPartOf":{"@id":"https:\/\/portaltela.pt\/#website"},"primaryImageOfPage":{"@id":"https:\/\/portaltela.pt\/noticias\/2026\/02\/01\/ventura-nao-teme-impacto-do-mau-tempo-na-votacao\/#primaryimage"},"image":{"@id":"https:\/\/portaltela.pt\/noticias\/2026\/02\/01\/ventura-nao-teme-impacto-do-mau-tempo-na-votacao\/#primaryimage"},"thumbnailUrl":"https:\/\/portaltela.pt\/s.01k8rhncp4jt1\/2026\/02\/unnamed-file-110.jpg","datePublished":"2026-02-01T13:45:00+00:00","author":{"@id":"https:\/\/portaltela.pt\/#\/schema\/person\/c4278d4a6028830caff9ee44b42d32ed"},"breadcrumb":{"@id":"https:\/\/portaltela.pt\/noticias\/2026\/02\/01\/ventura-nao-teme-impacto-do-mau-tempo-na-votacao\/#breadcrumb"},"inLanguage":"pt-PT","potentialAction":[{"@type":"ReadAction","target":["https:\/\/portaltela.pt\/noticias\/2026\/02\/01\/ventura-nao-teme-impacto-do-mau-tempo-na-votacao\/"]}]},{"@type":"ImageObject","inLanguage":"pt-PT","@id":"https:\/\/portaltela.pt\/noticias\/2026\/02\/01\/ventura-nao-teme-impacto-do-mau-tempo-na-votacao\/#primaryimage","url":"https:\/\/portaltela.pt\/s.01k8rhncp4jt1\/2026\/02\/unnamed-file-110.jpg","contentUrl":"https:\/\/portaltela.pt\/s.01k8rhncp4jt1\/2026\/02\/unnamed-file-110.jpg","width":796,"height":448,"caption":"Ventura diz n\u00e3o estar preocupado com poss\u00edvel efeito do mau tempo na vota\u00e7\u00e3o"},{"@type":"BreadcrumbList","@id":"https:\/\/portaltela.pt\/noticias\/2026\/02\/01\/ventura-nao-teme-impacto-do-mau-tempo-na-votacao\/#breadcrumb","itemListElement":[{"@type":"ListItem","position":1,"name":"In\u00edcio","item":"https:\/\/portaltela.pt\/"},{"@type":"ListItem","position":2,"name":"Ventura n\u00e3o teme impacto do mau tempo na vota\u00e7\u00e3o"}]},{"@type":"WebSite","@id":"https:\/\/portaltela.pt\/#website","url":"https:\/\/portaltela.pt\/","name":"Portal Tela Portugal","description":"","potentialAction":[{"@type":"SearchAction","target":{"@type":"EntryPoint","urlTemplate":"https:\/\/portaltela.pt\/?s={search_term_string}"},"query-input":{"@type":"PropertyValueSpecification","valueRequired":true,"valueName":"search_term_string"}}],"inLanguage":"pt-PT"},{"@type":"Person","@id":"https:\/\/portaltela.pt\/#\/schema\/person\/c4278d4a6028830caff9ee44b42d32ed","name":"Telinha","image":{"@type":"ImageObject","inLanguage":"pt-PT","@id":"https:\/\/portaltela.pt\/s.01k8rhncp4jt1\/2025\/11\/talking-bot-125x125.png","url":"https:\/\/portaltela.pt\/s.01k8rhncp4jt1\/2025\/11\/talking-bot-125x125.png","contentUrl":"https:\/\/portaltela.pt\/s.01k8rhncp4jt1\/2025\/11\/talking-bot-125x125.png","caption":"Telinha"},"sameAs":["https:\/\/portaltela.pt\/"],"url":"https:\/\/portaltela.pt\/por\/367410592786\/"}]}},"_links":{"self":[{"href":"https:\/\/portaltela.pt\/api\/wp\/v2\/posts\/188671","targetHints":{"allow":["GET"]}}],"collection":[{"href":"https:\/\/portaltela.pt\/api\/wp\/v2\/posts"}],"about":[{"href":"https:\/\/portaltela.pt\/api\/wp\/v2\/types\/post"}],"author":[{"embeddable":true,"href":"https:\/\/portaltela.pt\/api\/wp\/v2\/users\/2"}],"replies":[{"embeddable":true,"href":"https:\/\/portaltela.pt\/api\/wp\/v2\/comments?post=188671"}],"version-history":[{"count":0,"href":"https:\/\/portaltela.pt\/api\/wp\/v2\/posts\/188671\/revisions"}],"wp:featuredmedia":[{"embeddable":true,"href":"https:\/\/portaltela.pt\/api\/wp\/v2\/media\/188675"}],"wp:attachment":[{"href":"https:\/\/portaltela.pt\/api\/wp\/v2\/media?parent=188671"}],"wp:term":[{"taxonomy":"category","embeddable":true,"href":"https:\/\/portaltela.pt\/api\/wp\/v2\/categories?post=188671"},{"taxonomy":"post_tag","embeddable":true,"href":"https:\/\/portaltela.pt\/api\/wp\/v2\/tags?post=188671"}],"curies":[{"name":"wp","href":"https:\/\/api.w.org\/{rel}","templated":true}]}}