{"id":188637,"date":"2026-02-01T10:49:00","date_gmt":"2026-02-01T13:49:00","guid":{"rendered":"https:\/\/portaltela.pt\/noticias\/2026\/02\/01\/alcaraz-torna-se-o-mais-jovem-a-completar-o-grand-slam\/"},"modified":"2026-02-01T10:49:00","modified_gmt":"2026-02-01T13:49:00","slug":"alcaraz-torna-se-o-mais-jovem-a-completar-o-grand-slam","status":"publish","type":"post","link":"https:\/\/portaltela.pt\/desporto\/2026\/02\/01\/alcaraz-torna-se-o-mais-jovem-a-completar-o-grand-slam\/","title":{"rendered":"Alcaraz torna-se o mais jovem a completar o Grand Slam"},"content":{"rendered":"<p>O espanhol Carlos Alcaraz tornou-se neste domingo o mais jovem jogador a completar o Grand Slam na carreira. A vit\u00f3ria chegou em quatro sets frente a Novak Djokovic, no Open da Austr\u00e1lia, em Melbourne Park.<\/p>\n<p>Os parciais foram 2-6, 6-2, 6-3 e 7-5, num encontro que durou 3 horas e 2 minutos. Djokovic, recordista de t\u00edtulos de Grand Slam, ainda conquistou um set, mas n\u00e3o conseguiu impor-se ao jovem de 22 anos.<\/p>\n<p>Com o t\u00edtulo, Alcaraz soma o s\u00e9timo major da carreira, j\u00e1 que tinha triunfos no Roland Garros, Wimbledon e US Open. O feito destrona Rafael Nadal como o mais jovem a completar o Grand Slam, feito que o espanhol alcan\u00e7ou aos 24 anos.<\/p>\n<p>O espanhol j\u00e1 tinha vencido o seu primeiro t\u00edtulo no Open da Austr\u00e1lia diante do quarto jogador mundial, consolidando-se como uma das principais figuras do t\u00e9nis atual e aumentando as apostas para futuras temporadas.<\/p>\n","protected":false},"excerpt":{"rendered":"<ul>\n<li>Carlos Alcaraz, aos 22 anos, tornou-se o tenista mais jovem a completar o Grand Slam de carreira.<\/li>\n<li>A final do Open da Austr\u00e1lia viu-o vencer Djokovic em quatro sets, com parciais de 2-6, 6-2, 6-3 e 7-5, ao fim de tr\u00eas horas e dois minutos.<\/li>\n<li>Djokovic, com 38 anos, procurava tornar-se no jogador mais velho a conquistar um major, mas falhou na tentativa.<\/li>\n<li>O murciano soma agora o s\u00e9timo Grand Slam, ap\u00f3s t\u00edtulos em Roland Garros (2024 e 2025), Wimbledon (2023 e 2024) e US Open (2022 e 2025).<\/li>\n<li>Alcaraz destronou o compatriota Rafael Nadal, que era o recordista anterior de idade ao completar o Grand Slam, aos 24 anos.<\/li>\n<\/ul>\n","protected":false},"author":2,"featured_media":188638,"comment_status":"closed","ping_status":"closed","sticky":false,"template":"","format":"standard","meta":{"footnotes":""},"categories":[21],"tags":[4839,72,242,3491,94,2713],"class_list":["post-188637","post","type-post","status-publish","format-standard","has-post-thumbnail","hentry","category-desporto","tag-carlos-alcaraz","tag-craques","tag-jogadores","tag-novak-djokovic-tenista","tag-tenis","tag-tenistas"],"yoast_head":"<!-- This site is optimized with the Yoast SEO plugin v27.2 - https:\/\/yoast.com\/product\/yoast-seo-wordpress\/ -->\n<title>Alcaraz torna-se o mais jovem a completar o Grand Slam - Portal Tela Portugal<\/title>\n<meta name=\"robots\" content=\"index, follow, max-snippet:-1, max-image-preview:large, max-video-preview:-1\" \/>\n<meta property=\"og:locale\" content=\"pt_PT\" \/>\n<meta property=\"og:type\" content=\"article\" \/>\n<meta property=\"og:title\" content=\"Alcaraz torna-se o mais jovem a completar o Grand Slam - Portal Tela Portugal\" \/>\n<meta property=\"og:description\" content=\"Carlos Alcaraz, aos 22 anos, tornou-se o tenista mais jovem a completar o Grand Slam de carreira. A final do Open da Austr\u00e1lia viu-o vencer Djokovic em quatro sets, com parciais de 2-6, 6-2, 6-3 e 7-5, ao fim de tr\u00eas horas e dois minutos. Djokovic, com 38 anos, procurava tornar-se no jogador mais velho a conquistar um major, mas falhou na tentativa. O murciano soma agora o s\u00e9timo Grand Slam, ap\u00f3s t\u00edtulos em Roland Garros (2024 e 2025), Wimbledon (2023 e 2024) e US Open (2022 e 2025). Alcaraz destronou o compatriota Rafael Nadal, que era o recordista anterior de idade ao completar o Grand Slam, aos 24 anos.\" \/>\n<meta property=\"og:url\" content=\"https:\/\/portaltela.pt\/noticias\/2026\/02\/01\/alcaraz-torna-se-o-mais-jovem-a-completar-o-grand-slam\/\" \/>\n<meta property=\"og:site_name\" content=\"Portal Tela Portugal\" \/>\n<meta property=\"article:published_time\" content=\"2026-02-01T13:49:00+00:00\" \/>\n<meta name=\"author\" content=\"Telinha\" \/>\n<meta name=\"twitter:card\" content=\"summary_large_image\" \/>\n<meta name=\"twitter:label1\" content=\"Escrito por\" \/>\n\t<meta name=\"twitter:data1\" content=\"Telinha\" \/>\n\t<meta name=\"twitter:label2\" content=\"Tempo estimado de leitura\" \/>\n\t<meta name=\"twitter:data2\" content=\"1 minuto\" \/>\n<script type=\"application\/ld+json\" class=\"yoast-schema-graph\">{\"@context\":\"https:\/\/schema.org\",\"@graph\":[{\"@type\":\"Article\",\"@id\":\"https:\/\/portaltela.pt\/noticias\/2026\/02\/01\/alcaraz-torna-se-o-mais-jovem-a-completar-o-grand-slam\/#article\",\"isPartOf\":{\"@id\":\"https:\/\/portaltela.pt\/noticias\/2026\/02\/01\/alcaraz-torna-se-o-mais-jovem-a-completar-o-grand-slam\/\"},\"author\":{\"name\":\"Telinha\",\"@id\":\"https:\/\/portaltela.pt\/#\/schema\/person\/c4278d4a6028830caff9ee44b42d32ed\"},\"headline\":\"Alcaraz torna-se o mais jovem a completar o Grand Slam\",\"datePublished\":\"2026-02-01T13:49:00+00:00\",\"mainEntityOfPage\":{\"@id\":\"https:\/\/portaltela.pt\/noticias\/2026\/02\/01\/alcaraz-torna-se-o-mais-jovem-a-completar-o-grand-slam\/\"},\"wordCount\":165,\"image\":{\"@id\":\"https:\/\/portaltela.pt\/noticias\/2026\/02\/01\/alcaraz-torna-se-o-mais-jovem-a-completar-o-grand-slam\/#primaryimage\"},\"thumbnailUrl\":\"https:\/\/portaltela.pt\/s.01k8rhncp4jt1\/2026\/02\/2063464.jpg\",\"keywords\":[\"Carlos Alcaraz\",\"craques\",\"jogadores\",\"Novak Djokovic (tenista)\",\"t\u00eanis\",\"tenistas\"],\"articleSection\":[\"Desporto\"],\"inLanguage\":\"pt-PT\"},{\"@type\":\"WebPage\",\"@id\":\"https:\/\/portaltela.pt\/noticias\/2026\/02\/01\/alcaraz-torna-se-o-mais-jovem-a-completar-o-grand-slam\/\",\"url\":\"https:\/\/portaltela.pt\/noticias\/2026\/02\/01\/alcaraz-torna-se-o-mais-jovem-a-completar-o-grand-slam\/\",\"name\":\"Alcaraz torna-se o mais jovem a completar o Grand Slam - Portal Tela Portugal\",\"isPartOf\":{\"@id\":\"https:\/\/portaltela.pt\/#website\"},\"primaryImageOfPage\":{\"@id\":\"https:\/\/portaltela.pt\/noticias\/2026\/02\/01\/alcaraz-torna-se-o-mais-jovem-a-completar-o-grand-slam\/#primaryimage\"},\"image\":{\"@id\":\"https:\/\/portaltela.pt\/noticias\/2026\/02\/01\/alcaraz-torna-se-o-mais-jovem-a-completar-o-grand-slam\/#primaryimage\"},\"thumbnailUrl\":\"https:\/\/portaltela.pt\/s.01k8rhncp4jt1\/2026\/02\/2063464.jpg\",\"datePublished\":\"2026-02-01T13:49:00+00:00\",\"author\":{\"@id\":\"https:\/\/portaltela.pt\/#\/schema\/person\/c4278d4a6028830caff9ee44b42d32ed\"},\"breadcrumb\":{\"@id\":\"https:\/\/portaltela.pt\/noticias\/2026\/02\/01\/alcaraz-torna-se-o-mais-jovem-a-completar-o-grand-slam\/#breadcrumb\"},\"inLanguage\":\"pt-PT\",\"potentialAction\":[{\"@type\":\"ReadAction\",\"target\":[\"https:\/\/portaltela.pt\/noticias\/2026\/02\/01\/alcaraz-torna-se-o-mais-jovem-a-completar-o-grand-slam\/\"]}]},{\"@type\":\"ImageObject\",\"inLanguage\":\"pt-PT\",\"@id\":\"https:\/\/portaltela.pt\/noticias\/2026\/02\/01\/alcaraz-torna-se-o-mais-jovem-a-completar-o-grand-slam\/#primaryimage\",\"url\":\"https:\/\/portaltela.pt\/s.01k8rhncp4jt1\/2026\/02\/2063464.jpg\",\"contentUrl\":\"https:\/\/portaltela.pt\/s.01k8rhncp4jt1\/2026\/02\/2063464.jpg\",\"width\":796,\"height\":448,\"caption\":\"Carlos Alcaraz ap\u00f3s vencer o Open da Austr\u00e1lia\"},{\"@type\":\"BreadcrumbList\",\"@id\":\"https:\/\/portaltela.pt\/noticias\/2026\/02\/01\/alcaraz-torna-se-o-mais-jovem-a-completar-o-grand-slam\/#breadcrumb\",\"itemListElement\":[{\"@type\":\"ListItem\",\"position\":1,\"name\":\"In\u00edcio\",\"item\":\"https:\/\/portaltela.pt\/\"},{\"@type\":\"ListItem\",\"position\":2,\"name\":\"Alcaraz torna-se o mais jovem a completar o Grand Slam\"}]},{\"@type\":\"WebSite\",\"@id\":\"https:\/\/portaltela.pt\/#website\",\"url\":\"https:\/\/portaltela.pt\/\",\"name\":\"Portal Tela Portugal\",\"description\":\"\",\"potentialAction\":[{\"@type\":\"SearchAction\",\"target\":{\"@type\":\"EntryPoint\",\"urlTemplate\":\"https:\/\/portaltela.pt\/?s={search_term_string}\"},\"query-input\":{\"@type\":\"PropertyValueSpecification\",\"valueRequired\":true,\"valueName\":\"search_term_string\"}}],\"inLanguage\":\"pt-PT\"},{\"@type\":\"Person\",\"@id\":\"https:\/\/portaltela.pt\/#\/schema\/person\/c4278d4a6028830caff9ee44b42d32ed\",\"name\":\"Telinha\",\"image\":{\"@type\":\"ImageObject\",\"inLanguage\":\"pt-PT\",\"@id\":\"https:\/\/portaltela.pt\/s.01k8rhncp4jt1\/2025\/11\/talking-bot-125x125.png\",\"url\":\"https:\/\/portaltela.pt\/s.01k8rhncp4jt1\/2025\/11\/talking-bot-125x125.png\",\"contentUrl\":\"https:\/\/portaltela.pt\/s.01k8rhncp4jt1\/2025\/11\/talking-bot-125x125.png\",\"caption\":\"Telinha\"},\"sameAs\":[\"https:\/\/portaltela.pt\/\"],\"url\":\"https:\/\/portaltela.pt\/por\/367410592786\/\"}]}<\/script>\n<!-- \/ Yoast SEO plugin. -->","yoast_head_json":{"title":"Alcaraz torna-se o mais jovem a completar o Grand Slam - Portal Tela Portugal","robots":{"index":"index","follow":"follow","max-snippet":"max-snippet:-1","max-image-preview":"max-image-preview:large","max-video-preview":"max-video-preview:-1"},"og_locale":"pt_PT","og_type":"article","og_title":"Alcaraz torna-se o mais jovem a completar o Grand Slam - Portal Tela Portugal","og_description":"Carlos Alcaraz, aos 22 anos, tornou-se o tenista mais jovem a completar o Grand Slam de carreira. A final do Open da Austr\u00e1lia viu-o vencer Djokovic em quatro sets, com parciais de 2-6, 6-2, 6-3 e 7-5, ao fim de tr\u00eas horas e dois minutos. Djokovic, com 38 anos, procurava tornar-se no jogador mais velho a conquistar um major, mas falhou na tentativa. O murciano soma agora o s\u00e9timo Grand Slam, ap\u00f3s t\u00edtulos em Roland Garros (2024 e 2025), Wimbledon (2023 e 2024) e US Open (2022 e 2025). Alcaraz destronou o compatriota Rafael Nadal, que era o recordista anterior de idade ao completar o Grand Slam, aos 24 anos.","og_url":"https:\/\/portaltela.pt\/noticias\/2026\/02\/01\/alcaraz-torna-se-o-mais-jovem-a-completar-o-grand-slam\/","og_site_name":"Portal Tela Portugal","article_published_time":"2026-02-01T13:49:00+00:00","author":"Telinha","twitter_card":"summary_large_image","twitter_misc":{"Escrito por":"Telinha","Tempo estimado de leitura":"1 minuto"},"schema":{"@context":"https:\/\/schema.org","@graph":[{"@type":"Article","@id":"https:\/\/portaltela.pt\/noticias\/2026\/02\/01\/alcaraz-torna-se-o-mais-jovem-a-completar-o-grand-slam\/#article","isPartOf":{"@id":"https:\/\/portaltela.pt\/noticias\/2026\/02\/01\/alcaraz-torna-se-o-mais-jovem-a-completar-o-grand-slam\/"},"author":{"name":"Telinha","@id":"https:\/\/portaltela.pt\/#\/schema\/person\/c4278d4a6028830caff9ee44b42d32ed"},"headline":"Alcaraz torna-se o mais jovem a completar o Grand Slam","datePublished":"2026-02-01T13:49:00+00:00","mainEntityOfPage":{"@id":"https:\/\/portaltela.pt\/noticias\/2026\/02\/01\/alcaraz-torna-se-o-mais-jovem-a-completar-o-grand-slam\/"},"wordCount":165,"image":{"@id":"https:\/\/portaltela.pt\/noticias\/2026\/02\/01\/alcaraz-torna-se-o-mais-jovem-a-completar-o-grand-slam\/#primaryimage"},"thumbnailUrl":"https:\/\/portaltela.pt\/s.01k8rhncp4jt1\/2026\/02\/2063464.jpg","keywords":["Carlos Alcaraz","craques","jogadores","Novak Djokovic (tenista)","t\u00eanis","tenistas"],"articleSection":["Desporto"],"inLanguage":"pt-PT"},{"@type":"WebPage","@id":"https:\/\/portaltela.pt\/noticias\/2026\/02\/01\/alcaraz-torna-se-o-mais-jovem-a-completar-o-grand-slam\/","url":"https:\/\/portaltela.pt\/noticias\/2026\/02\/01\/alcaraz-torna-se-o-mais-jovem-a-completar-o-grand-slam\/","name":"Alcaraz torna-se o mais jovem a completar o Grand Slam - Portal Tela Portugal","isPartOf":{"@id":"https:\/\/portaltela.pt\/#website"},"primaryImageOfPage":{"@id":"https:\/\/portaltela.pt\/noticias\/2026\/02\/01\/alcaraz-torna-se-o-mais-jovem-a-completar-o-grand-slam\/#primaryimage"},"image":{"@id":"https:\/\/portaltela.pt\/noticias\/2026\/02\/01\/alcaraz-torna-se-o-mais-jovem-a-completar-o-grand-slam\/#primaryimage"},"thumbnailUrl":"https:\/\/portaltela.pt\/s.01k8rhncp4jt1\/2026\/02\/2063464.jpg","datePublished":"2026-02-01T13:49:00+00:00","author":{"@id":"https:\/\/portaltela.pt\/#\/schema\/person\/c4278d4a6028830caff9ee44b42d32ed"},"breadcrumb":{"@id":"https:\/\/portaltela.pt\/noticias\/2026\/02\/01\/alcaraz-torna-se-o-mais-jovem-a-completar-o-grand-slam\/#breadcrumb"},"inLanguage":"pt-PT","potentialAction":[{"@type":"ReadAction","target":["https:\/\/portaltela.pt\/noticias\/2026\/02\/01\/alcaraz-torna-se-o-mais-jovem-a-completar-o-grand-slam\/"]}]},{"@type":"ImageObject","inLanguage":"pt-PT","@id":"https:\/\/portaltela.pt\/noticias\/2026\/02\/01\/alcaraz-torna-se-o-mais-jovem-a-completar-o-grand-slam\/#primaryimage","url":"https:\/\/portaltela.pt\/s.01k8rhncp4jt1\/2026\/02\/2063464.jpg","contentUrl":"https:\/\/portaltela.pt\/s.01k8rhncp4jt1\/2026\/02\/2063464.jpg","width":796,"height":448,"caption":"Carlos Alcaraz ap\u00f3s vencer o Open da Austr\u00e1lia"},{"@type":"BreadcrumbList","@id":"https:\/\/portaltela.pt\/noticias\/2026\/02\/01\/alcaraz-torna-se-o-mais-jovem-a-completar-o-grand-slam\/#breadcrumb","itemListElement":[{"@type":"ListItem","position":1,"name":"In\u00edcio","item":"https:\/\/portaltela.pt\/"},{"@type":"ListItem","position":2,"name":"Alcaraz torna-se o mais jovem a completar o Grand Slam"}]},{"@type":"WebSite","@id":"https:\/\/portaltela.pt\/#website","url":"https:\/\/portaltela.pt\/","name":"Portal Tela Portugal","description":"","potentialAction":[{"@type":"SearchAction","target":{"@type":"EntryPoint","urlTemplate":"https:\/\/portaltela.pt\/?s={search_term_string}"},"query-input":{"@type":"PropertyValueSpecification","valueRequired":true,"valueName":"search_term_string"}}],"inLanguage":"pt-PT"},{"@type":"Person","@id":"https:\/\/portaltela.pt\/#\/schema\/person\/c4278d4a6028830caff9ee44b42d32ed","name":"Telinha","image":{"@type":"ImageObject","inLanguage":"pt-PT","@id":"https:\/\/portaltela.pt\/s.01k8rhncp4jt1\/2025\/11\/talking-bot-125x125.png","url":"https:\/\/portaltela.pt\/s.01k8rhncp4jt1\/2025\/11\/talking-bot-125x125.png","contentUrl":"https:\/\/portaltela.pt\/s.01k8rhncp4jt1\/2025\/11\/talking-bot-125x125.png","caption":"Telinha"},"sameAs":["https:\/\/portaltela.pt\/"],"url":"https:\/\/portaltela.pt\/por\/367410592786\/"}]}},"_links":{"self":[{"href":"https:\/\/portaltela.pt\/api\/wp\/v2\/posts\/188637","targetHints":{"allow":["GET"]}}],"collection":[{"href":"https:\/\/portaltela.pt\/api\/wp\/v2\/posts"}],"about":[{"href":"https:\/\/portaltela.pt\/api\/wp\/v2\/types\/post"}],"author":[{"embeddable":true,"href":"https:\/\/portaltela.pt\/api\/wp\/v2\/users\/2"}],"replies":[{"embeddable":true,"href":"https:\/\/portaltela.pt\/api\/wp\/v2\/comments?post=188637"}],"version-history":[{"count":0,"href":"https:\/\/portaltela.pt\/api\/wp\/v2\/posts\/188637\/revisions"}],"wp:featuredmedia":[{"embeddable":true,"href":"https:\/\/portaltela.pt\/api\/wp\/v2\/media\/188638"}],"wp:attachment":[{"href":"https:\/\/portaltela.pt\/api\/wp\/v2\/media?parent=188637"}],"wp:term":[{"taxonomy":"category","embeddable":true,"href":"https:\/\/portaltela.pt\/api\/wp\/v2\/categories?post=188637"},{"taxonomy":"post_tag","embeddable":true,"href":"https:\/\/portaltela.pt\/api\/wp\/v2\/tags?post=188637"}],"curies":[{"name":"wp","href":"https:\/\/api.w.org\/{rel}","templated":true}]}}