{"id":188624,"date":"2026-02-01T10:37:13","date_gmt":"2026-02-01T13:37:13","guid":{"rendered":"https:\/\/portaltela.pt\/noticias\/2026\/02\/01\/bellingham-sofre-lesao-durante-real-madrid-rayo-vallecano\/"},"modified":"2026-02-01T10:37:13","modified_gmt":"2026-02-01T13:37:13","slug":"bellingham-sofre-lesao-durante-real-madrid-rayo-vallecano","status":"publish","type":"post","link":"https:\/\/portaltela.pt\/desporto\/futebol\/2026\/02\/01\/bellingham-sofre-lesao-durante-real-madrid-rayo-vallecano\/","title":{"rendered":"Bellingham sofre les\u00e3o durante Real Madrid-Rayo Vallecano"},"content":{"rendered":"<p>Ao minuto 10 do Real Madrid-Rayo Vallecano, Jude Bellingham abandonou o relvado do Santiago Bernab\u00e9u. O m\u00e9dio ingl\u00eas lesionou-se sozinho, em claro sofrimento, e foi substitu\u00eddo precocemente.<\/p>\n<p>A imagem da express\u00e3o facial do jogador deixou d\u00favidas sobre a gravidade. O Real Madrid aguarda evolu\u00e7\u00f5es sobre o estado cl\u00ednico do internacional brit\u00e2nico.<\/p>\n<p>O clube madrileno tem, daqui a 16 dias, uma desloca\u00e7\u00e3o importante ao Est\u00e1dio da Luz. No dia 17 de fevereiro, os merengues defrontam o Benfica no playoff da Liga dos Campe\u00f5es.<\/p>\n<h3>Impacto no playoff contra o Benfica<\/h3>\n<p>Na antevis\u00e3o do embate com o Benfica, o Real Madrid precisa de confirmar o regresso de Bellingham ou encontrar alternativas no meio-campo, com o objetivo de seguir na competi\u00e7\u00e3o.<\/p>\n<p>Por outro lado, o Benfica avan\u00e7ou na prova ao vencer o Rayo Vallecano por 4-2, com Andreas Schjelderup a bisar e Anatoliy Trubin a assegurar o golo da vit\u00f3ria no \u00faltimo lance.<\/p>\n","protected":false},"excerpt":{"rendered":"<ul>\n<li>Aos 10 minutos do Real Madrid-Rayo Vallecano, Jude Bellingham teve de abandonar o jogo devido a uma les\u00e3o, ocorrida de forma s\u00fabita no relvado do Santiago Bernab\u00e9u.<\/li>\n<li>A express\u00e3o facial do m\u00e9dio ingl\u00eas deixou claro o sofrimento durante a maliada indisposi\u00e7\u00e3o.<\/li>\n<li>O Real Madrid prepara-se para visitar o Est\u00e1dio da Luz no dia 17 de fevereiro, para a primeira m\u00e3o do playoff da Liga dos Campe\u00f5es frente ao Benfica, com o regresso j\u00e1 programado a 16 dias.<\/li>\n<li>Nas jornadas anteriores da competi\u00e7\u00e3o, o Benfica venceu o Real Madrid onde Andreas Schjelderup marcou dois tentos e Anatoliy Trubin cabeceou para o \u00faltimo golo da partida, garantindo o apuramento das \u00e1guias.<\/li>\n<li>O regresso do clube merengue a Lisboa em contexto de teste para Bellingham coloca em d\u00favida a presen\u00e7a do ingl\u00eas no embate decisivo.<\/li>\n<\/ul>\n","protected":false},"author":2,"featured_media":188629,"comment_status":"closed","ping_status":"closed","sticky":false,"template":"","format":"standard","meta":{"footnotes":""},"categories":[21,24],"tags":[1946,3577,32,3338,2967,2538],"class_list":["post-188624","post","type-post","status-publish","format-standard","has-post-thumbnail","hentry","category-desporto","category-futebol","tag-benfica","tag-champions-league","tag-futebol","tag-futebol-internacional","tag-jude-bellingham","tag-lesoes"],"yoast_head":"<!-- This site is optimized with the Yoast SEO plugin v27.2 - https:\/\/yoast.com\/product\/yoast-seo-wordpress\/ -->\n<title>Bellingham sofre les\u00e3o durante Real Madrid-Rayo Vallecano - Portal Tela Portugal<\/title>\n<meta name=\"robots\" content=\"index, follow, max-snippet:-1, max-image-preview:large, max-video-preview:-1\" \/>\n<meta property=\"og:locale\" content=\"pt_PT\" \/>\n<meta property=\"og:type\" content=\"article\" \/>\n<meta property=\"og:title\" content=\"Bellingham sofre les\u00e3o durante Real Madrid-Rayo Vallecano - Portal Tela Portugal\" \/>\n<meta property=\"og:description\" content=\"Aos 10 minutos do Real Madrid-Rayo Vallecano, Jude Bellingham teve de abandonar o jogo devido a uma les\u00e3o, ocorrida de forma s\u00fabita no relvado do Santiago Bernab\u00e9u. A express\u00e3o facial do m\u00e9dio ingl\u00eas deixou claro o sofrimento durante a maliada indisposi\u00e7\u00e3o. O Real Madrid prepara-se para visitar o Est\u00e1dio da Luz no dia 17 de fevereiro, para a primeira m\u00e3o do playoff da Liga dos Campe\u00f5es frente ao Benfica, com o regresso j\u00e1 programado a 16 dias. Nas jornadas anteriores da competi\u00e7\u00e3o, o Benfica venceu o Real Madrid onde Andreas Schjelderup marcou dois tentos e Anatoliy Trubin cabeceou para o \u00faltimo golo da partida, garantindo o apuramento das \u00e1guias. O regresso do clube merengue a Lisboa em contexto de teste para Bellingham coloca em d\u00favida a presen\u00e7a do ingl\u00eas no embate decisivo.\" \/>\n<meta property=\"og:url\" content=\"https:\/\/portaltela.pt\/noticias\/2026\/02\/01\/bellingham-sofre-lesao-durante-real-madrid-rayo-vallecano\/\" \/>\n<meta property=\"og:site_name\" content=\"Portal Tela Portugal\" \/>\n<meta property=\"article:published_time\" content=\"2026-02-01T13:37:13+00:00\" \/>\n<meta name=\"author\" content=\"Telinha\" \/>\n<meta name=\"twitter:card\" content=\"summary_large_image\" \/>\n<meta name=\"twitter:label1\" content=\"Escrito por\" \/>\n\t<meta name=\"twitter:data1\" content=\"Telinha\" \/>\n\t<meta name=\"twitter:label2\" content=\"Tempo estimado de leitura\" \/>\n\t<meta name=\"twitter:data2\" content=\"1 minuto\" \/>\n<script type=\"application\/ld+json\" class=\"yoast-schema-graph\">{\"@context\":\"https:\/\/schema.org\",\"@graph\":[{\"@type\":\"Article\",\"@id\":\"https:\/\/portaltela.pt\/noticias\/2026\/02\/01\/bellingham-sofre-lesao-durante-real-madrid-rayo-vallecano\/#article\",\"isPartOf\":{\"@id\":\"https:\/\/portaltela.pt\/noticias\/2026\/02\/01\/bellingham-sofre-lesao-durante-real-madrid-rayo-vallecano\/\"},\"author\":{\"name\":\"Telinha\",\"@id\":\"https:\/\/portaltela.pt\/#\/schema\/person\/c4278d4a6028830caff9ee44b42d32ed\"},\"headline\":\"Bellingham sofre les\u00e3o durante Real Madrid-Rayo Vallecano\",\"datePublished\":\"2026-02-01T13:37:13+00:00\",\"mainEntityOfPage\":{\"@id\":\"https:\/\/portaltela.pt\/noticias\/2026\/02\/01\/bellingham-sofre-lesao-durante-real-madrid-rayo-vallecano\/\"},\"wordCount\":170,\"image\":{\"@id\":\"https:\/\/portaltela.pt\/noticias\/2026\/02\/01\/bellingham-sofre-lesao-durante-real-madrid-rayo-vallecano\/#primaryimage\"},\"thumbnailUrl\":\"https:\/\/portaltela.pt\/s.01k8rhncp4jt1\/2026\/02\/img_1200x721uu2026-02-01-13-35-49-2418819-im-639055497934708512.jpg\",\"keywords\":[\"Benfica\",\"Champions League\",\"futebol\",\"futebol internacional\",\"Jude Bellingham\",\"les\u00f5es\"],\"articleSection\":[\"Desporto\",\"Futebol\"],\"inLanguage\":\"pt-PT\"},{\"@type\":\"WebPage\",\"@id\":\"https:\/\/portaltela.pt\/noticias\/2026\/02\/01\/bellingham-sofre-lesao-durante-real-madrid-rayo-vallecano\/\",\"url\":\"https:\/\/portaltela.pt\/noticias\/2026\/02\/01\/bellingham-sofre-lesao-durante-real-madrid-rayo-vallecano\/\",\"name\":\"Bellingham sofre les\u00e3o durante Real Madrid-Rayo Vallecano - Portal Tela Portugal\",\"isPartOf\":{\"@id\":\"https:\/\/portaltela.pt\/#website\"},\"primaryImageOfPage\":{\"@id\":\"https:\/\/portaltela.pt\/noticias\/2026\/02\/01\/bellingham-sofre-lesao-durante-real-madrid-rayo-vallecano\/#primaryimage\"},\"image\":{\"@id\":\"https:\/\/portaltela.pt\/noticias\/2026\/02\/01\/bellingham-sofre-lesao-durante-real-madrid-rayo-vallecano\/#primaryimage\"},\"thumbnailUrl\":\"https:\/\/portaltela.pt\/s.01k8rhncp4jt1\/2026\/02\/img_1200x721uu2026-02-01-13-35-49-2418819-im-639055497934708512.jpg\",\"datePublished\":\"2026-02-01T13:37:13+00:00\",\"author\":{\"@id\":\"https:\/\/portaltela.pt\/#\/schema\/person\/c4278d4a6028830caff9ee44b42d32ed\"},\"breadcrumb\":{\"@id\":\"https:\/\/portaltela.pt\/noticias\/2026\/02\/01\/bellingham-sofre-lesao-durante-real-madrid-rayo-vallecano\/#breadcrumb\"},\"inLanguage\":\"pt-PT\",\"potentialAction\":[{\"@type\":\"ReadAction\",\"target\":[\"https:\/\/portaltela.pt\/noticias\/2026\/02\/01\/bellingham-sofre-lesao-durante-real-madrid-rayo-vallecano\/\"]}]},{\"@type\":\"ImageObject\",\"inLanguage\":\"pt-PT\",\"@id\":\"https:\/\/portaltela.pt\/noticias\/2026\/02\/01\/bellingham-sofre-lesao-durante-real-madrid-rayo-vallecano\/#primaryimage\",\"url\":\"https:\/\/portaltela.pt\/s.01k8rhncp4jt1\/2026\/02\/img_1200x721uu2026-02-01-13-35-49-2418819-im-639055497934708512.jpg\",\"contentUrl\":\"https:\/\/portaltela.pt\/s.01k8rhncp4jt1\/2026\/02\/img_1200x721uu2026-02-01-13-35-49-2418819-im-639055497934708512.jpg\",\"width\":796,\"height\":448,\"caption\":\"Bellingham lesiona-se no Real Madrid-Rayo Vallecano\"},{\"@type\":\"BreadcrumbList\",\"@id\":\"https:\/\/portaltela.pt\/noticias\/2026\/02\/01\/bellingham-sofre-lesao-durante-real-madrid-rayo-vallecano\/#breadcrumb\",\"itemListElement\":[{\"@type\":\"ListItem\",\"position\":1,\"name\":\"In\u00edcio\",\"item\":\"https:\/\/portaltela.pt\/\"},{\"@type\":\"ListItem\",\"position\":2,\"name\":\"Bellingham sofre les\u00e3o durante Real Madrid-Rayo Vallecano\"}]},{\"@type\":\"WebSite\",\"@id\":\"https:\/\/portaltela.pt\/#website\",\"url\":\"https:\/\/portaltela.pt\/\",\"name\":\"Portal Tela Portugal\",\"description\":\"\",\"potentialAction\":[{\"@type\":\"SearchAction\",\"target\":{\"@type\":\"EntryPoint\",\"urlTemplate\":\"https:\/\/portaltela.pt\/?s={search_term_string}\"},\"query-input\":{\"@type\":\"PropertyValueSpecification\",\"valueRequired\":true,\"valueName\":\"search_term_string\"}}],\"inLanguage\":\"pt-PT\"},{\"@type\":\"Person\",\"@id\":\"https:\/\/portaltela.pt\/#\/schema\/person\/c4278d4a6028830caff9ee44b42d32ed\",\"name\":\"Telinha\",\"image\":{\"@type\":\"ImageObject\",\"inLanguage\":\"pt-PT\",\"@id\":\"https:\/\/portaltela.pt\/s.01k8rhncp4jt1\/2025\/11\/talking-bot-125x125.png\",\"url\":\"https:\/\/portaltela.pt\/s.01k8rhncp4jt1\/2025\/11\/talking-bot-125x125.png\",\"contentUrl\":\"https:\/\/portaltela.pt\/s.01k8rhncp4jt1\/2025\/11\/talking-bot-125x125.png\",\"caption\":\"Telinha\"},\"sameAs\":[\"https:\/\/portaltela.pt\/\"],\"url\":\"https:\/\/portaltela.pt\/por\/367410592786\/\"}]}<\/script>\n<!-- \/ Yoast SEO plugin. -->","yoast_head_json":{"title":"Bellingham sofre les\u00e3o durante Real Madrid-Rayo Vallecano - Portal Tela Portugal","robots":{"index":"index","follow":"follow","max-snippet":"max-snippet:-1","max-image-preview":"max-image-preview:large","max-video-preview":"max-video-preview:-1"},"og_locale":"pt_PT","og_type":"article","og_title":"Bellingham sofre les\u00e3o durante Real Madrid-Rayo Vallecano - Portal Tela Portugal","og_description":"Aos 10 minutos do Real Madrid-Rayo Vallecano, Jude Bellingham teve de abandonar o jogo devido a uma les\u00e3o, ocorrida de forma s\u00fabita no relvado do Santiago Bernab\u00e9u. A express\u00e3o facial do m\u00e9dio ingl\u00eas deixou claro o sofrimento durante a maliada indisposi\u00e7\u00e3o. O Real Madrid prepara-se para visitar o Est\u00e1dio da Luz no dia 17 de fevereiro, para a primeira m\u00e3o do playoff da Liga dos Campe\u00f5es frente ao Benfica, com o regresso j\u00e1 programado a 16 dias. Nas jornadas anteriores da competi\u00e7\u00e3o, o Benfica venceu o Real Madrid onde Andreas Schjelderup marcou dois tentos e Anatoliy Trubin cabeceou para o \u00faltimo golo da partida, garantindo o apuramento das \u00e1guias. O regresso do clube merengue a Lisboa em contexto de teste para Bellingham coloca em d\u00favida a presen\u00e7a do ingl\u00eas no embate decisivo.","og_url":"https:\/\/portaltela.pt\/noticias\/2026\/02\/01\/bellingham-sofre-lesao-durante-real-madrid-rayo-vallecano\/","og_site_name":"Portal Tela Portugal","article_published_time":"2026-02-01T13:37:13+00:00","author":"Telinha","twitter_card":"summary_large_image","twitter_misc":{"Escrito por":"Telinha","Tempo estimado de leitura":"1 minuto"},"schema":{"@context":"https:\/\/schema.org","@graph":[{"@type":"Article","@id":"https:\/\/portaltela.pt\/noticias\/2026\/02\/01\/bellingham-sofre-lesao-durante-real-madrid-rayo-vallecano\/#article","isPartOf":{"@id":"https:\/\/portaltela.pt\/noticias\/2026\/02\/01\/bellingham-sofre-lesao-durante-real-madrid-rayo-vallecano\/"},"author":{"name":"Telinha","@id":"https:\/\/portaltela.pt\/#\/schema\/person\/c4278d4a6028830caff9ee44b42d32ed"},"headline":"Bellingham sofre les\u00e3o durante Real Madrid-Rayo Vallecano","datePublished":"2026-02-01T13:37:13+00:00","mainEntityOfPage":{"@id":"https:\/\/portaltela.pt\/noticias\/2026\/02\/01\/bellingham-sofre-lesao-durante-real-madrid-rayo-vallecano\/"},"wordCount":170,"image":{"@id":"https:\/\/portaltela.pt\/noticias\/2026\/02\/01\/bellingham-sofre-lesao-durante-real-madrid-rayo-vallecano\/#primaryimage"},"thumbnailUrl":"https:\/\/portaltela.pt\/s.01k8rhncp4jt1\/2026\/02\/img_1200x721uu2026-02-01-13-35-49-2418819-im-639055497934708512.jpg","keywords":["Benfica","Champions League","futebol","futebol internacional","Jude Bellingham","les\u00f5es"],"articleSection":["Desporto","Futebol"],"inLanguage":"pt-PT"},{"@type":"WebPage","@id":"https:\/\/portaltela.pt\/noticias\/2026\/02\/01\/bellingham-sofre-lesao-durante-real-madrid-rayo-vallecano\/","url":"https:\/\/portaltela.pt\/noticias\/2026\/02\/01\/bellingham-sofre-lesao-durante-real-madrid-rayo-vallecano\/","name":"Bellingham sofre les\u00e3o durante Real Madrid-Rayo Vallecano - Portal Tela Portugal","isPartOf":{"@id":"https:\/\/portaltela.pt\/#website"},"primaryImageOfPage":{"@id":"https:\/\/portaltela.pt\/noticias\/2026\/02\/01\/bellingham-sofre-lesao-durante-real-madrid-rayo-vallecano\/#primaryimage"},"image":{"@id":"https:\/\/portaltela.pt\/noticias\/2026\/02\/01\/bellingham-sofre-lesao-durante-real-madrid-rayo-vallecano\/#primaryimage"},"thumbnailUrl":"https:\/\/portaltela.pt\/s.01k8rhncp4jt1\/2026\/02\/img_1200x721uu2026-02-01-13-35-49-2418819-im-639055497934708512.jpg","datePublished":"2026-02-01T13:37:13+00:00","author":{"@id":"https:\/\/portaltela.pt\/#\/schema\/person\/c4278d4a6028830caff9ee44b42d32ed"},"breadcrumb":{"@id":"https:\/\/portaltela.pt\/noticias\/2026\/02\/01\/bellingham-sofre-lesao-durante-real-madrid-rayo-vallecano\/#breadcrumb"},"inLanguage":"pt-PT","potentialAction":[{"@type":"ReadAction","target":["https:\/\/portaltela.pt\/noticias\/2026\/02\/01\/bellingham-sofre-lesao-durante-real-madrid-rayo-vallecano\/"]}]},{"@type":"ImageObject","inLanguage":"pt-PT","@id":"https:\/\/portaltela.pt\/noticias\/2026\/02\/01\/bellingham-sofre-lesao-durante-real-madrid-rayo-vallecano\/#primaryimage","url":"https:\/\/portaltela.pt\/s.01k8rhncp4jt1\/2026\/02\/img_1200x721uu2026-02-01-13-35-49-2418819-im-639055497934708512.jpg","contentUrl":"https:\/\/portaltela.pt\/s.01k8rhncp4jt1\/2026\/02\/img_1200x721uu2026-02-01-13-35-49-2418819-im-639055497934708512.jpg","width":796,"height":448,"caption":"Bellingham lesiona-se no Real Madrid-Rayo Vallecano"},{"@type":"BreadcrumbList","@id":"https:\/\/portaltela.pt\/noticias\/2026\/02\/01\/bellingham-sofre-lesao-durante-real-madrid-rayo-vallecano\/#breadcrumb","itemListElement":[{"@type":"ListItem","position":1,"name":"In\u00edcio","item":"https:\/\/portaltela.pt\/"},{"@type":"ListItem","position":2,"name":"Bellingham sofre les\u00e3o durante Real Madrid-Rayo Vallecano"}]},{"@type":"WebSite","@id":"https:\/\/portaltela.pt\/#website","url":"https:\/\/portaltela.pt\/","name":"Portal Tela Portugal","description":"","potentialAction":[{"@type":"SearchAction","target":{"@type":"EntryPoint","urlTemplate":"https:\/\/portaltela.pt\/?s={search_term_string}"},"query-input":{"@type":"PropertyValueSpecification","valueRequired":true,"valueName":"search_term_string"}}],"inLanguage":"pt-PT"},{"@type":"Person","@id":"https:\/\/portaltela.pt\/#\/schema\/person\/c4278d4a6028830caff9ee44b42d32ed","name":"Telinha","image":{"@type":"ImageObject","inLanguage":"pt-PT","@id":"https:\/\/portaltela.pt\/s.01k8rhncp4jt1\/2025\/11\/talking-bot-125x125.png","url":"https:\/\/portaltela.pt\/s.01k8rhncp4jt1\/2025\/11\/talking-bot-125x125.png","contentUrl":"https:\/\/portaltela.pt\/s.01k8rhncp4jt1\/2025\/11\/talking-bot-125x125.png","caption":"Telinha"},"sameAs":["https:\/\/portaltela.pt\/"],"url":"https:\/\/portaltela.pt\/por\/367410592786\/"}]}},"_links":{"self":[{"href":"https:\/\/portaltela.pt\/api\/wp\/v2\/posts\/188624","targetHints":{"allow":["GET"]}}],"collection":[{"href":"https:\/\/portaltela.pt\/api\/wp\/v2\/posts"}],"about":[{"href":"https:\/\/portaltela.pt\/api\/wp\/v2\/types\/post"}],"author":[{"embeddable":true,"href":"https:\/\/portaltela.pt\/api\/wp\/v2\/users\/2"}],"replies":[{"embeddable":true,"href":"https:\/\/portaltela.pt\/api\/wp\/v2\/comments?post=188624"}],"version-history":[{"count":0,"href":"https:\/\/portaltela.pt\/api\/wp\/v2\/posts\/188624\/revisions"}],"wp:featuredmedia":[{"embeddable":true,"href":"https:\/\/portaltela.pt\/api\/wp\/v2\/media\/188629"}],"wp:attachment":[{"href":"https:\/\/portaltela.pt\/api\/wp\/v2\/media?parent=188624"}],"wp:term":[{"taxonomy":"category","embeddable":true,"href":"https:\/\/portaltela.pt\/api\/wp\/v2\/categories?post=188624"},{"taxonomy":"post_tag","embeddable":true,"href":"https:\/\/portaltela.pt\/api\/wp\/v2\/tags?post=188624"}],"curies":[{"name":"wp","href":"https:\/\/api.w.org\/{rel}","templated":true}]}}