{"id":188599,"date":"2026-02-01T10:29:57","date_gmt":"2026-02-01T13:29:57","guid":{"rendered":"https:\/\/portaltela.pt\/noticias\/2026\/02\/01\/bellingham-lesiona-se-nos-primeiros-minutos-do-real-madrid-rayo-vallecano\/"},"modified":"2026-02-01T10:29:57","modified_gmt":"2026-02-01T13:29:57","slug":"bellingham-lesiona-se-nos-primeiros-minutos-do-real-madrid-rayo-vallecano","status":"publish","type":"post","link":"https:\/\/portaltela.pt\/desporto\/futebol\/2026\/02\/01\/bellingham-lesiona-se-nos-primeiros-minutos-do-real-madrid-rayo-vallecano\/","title":{"rendered":"Bellingham lesiona-se nos primeiros minutos do Real Madrid-Rayo Vallecano"},"content":{"rendered":"<p>O Real Madrid sofreu uma baixa precoce na sua desloca\u00e7\u00e3o ao Rayo Vallecano, na 22.\u00aa jornada da Liga espanhola. Jude Bellingham sofreu uma les\u00e3o aos 10 minutos, ao tentar evitar que a bola sa\u00edsse pela linha final. O m\u00e9dio ingl\u00eas deixou o relvado e foi substitu\u00eddo por Brahim D\u00edaz.<\/p>\n<p>Brahim D\u00edaz entrou em campo no lugar de Bellingham e acabou por assistir Vin\u00edcius J\u00fanior para o primeiro golo da partida. O facto marca o in\u00edcio de um encontro com consequ\u00eancias ainda incertas para o conjunto merengue.<\/p>\n<h3>Les\u00e3o e impacto no Real Madrid<\/h3>\n<p>Bellingham agarrou-se \u00e0 face anterior da coxa esquerda, o que atrasou o jogo e gerou preocupa\u00e7\u00e3o no banco madrileno. Ainda n\u00e3o h\u00e1 confirma\u00e7\u00e3o sobre a gravidade da les\u00e3o ou o tempo de paragem.<\/p>\n<h3>Pr\u00f3ximo desafio: Champions League<\/h3>\n<p>O encontro de hoje surge num contexto de aproxima\u00e7\u00e3o entre Benfica e Real Madrid, com a primeira m\u00e3o do playoff da Liga dos Campe\u00f5es agendada para 17 de fevereiro, no Est\u00e1dio da Luz. \u00c9 poss\u00edvel que Bellingham n\u00e3o esteja dispon\u00edvel para esse jogo.<\/p>\n<h3>Orienta\u00e7\u00e3o futura<\/h3>\n<p>A equipa dirigida por Carlo Ancelotti segue com ajustes por confirmar, enquanto o Rayo Vallecano busca manter o ritmo na tabela. A confirma\u00e7\u00e3o oficial sobre o estado cl\u00ednico de Bellingham dever\u00e1 ser anunciada pelos clubes nos pr\u00f3ximos dias.<\/p>\n","protected":false},"excerpt":{"rendered":"<ul>\n<li>Jude Bellingham saiu lesionado aos 10 minutos do Real Madrid contra o Rayo Vallecano, ap\u00f3s se cortar com a bola junto \u00e0 linha final, sendo substitu\u00eddo por Brahim D\u00edaz.<\/li>\n<li>O internacional ingl\u00eas ficou com a les\u00e3o na face anterior da coxa esquerda e foi rendido em campo por Brahim D\u00edaz.<\/li>\n<li>Brahim D\u00edaz entrou em campo e acabou por assistir Vin\u00edcius J\u00fanior para o golo inaugural da partida.<\/li>\n<li>Benfica e Real Madrid defrontam-se a 17 de fevereiro, no Est\u00e1dio da Luz, na primeira m\u00e3o do playoff da Liga dos Campe\u00f5es.<\/li>\n<li>No encontro anterior entre os dois clubes, Anatoliy Trubin teve papel determinante ao marcar no \u00faltimo lance o golo que manteve o Benfica na competi\u00e7\u00e3o.<\/li>\n<\/ul>\n","protected":false},"author":2,"featured_media":188603,"comment_status":"closed","ping_status":"closed","sticky":false,"template":"","format":"standard","meta":{"footnotes":""},"categories":[21,24],"tags":[3245,3577,32,2538,5009,2714],"class_list":["post-188599","post","type-post","status-publish","format-standard","has-post-thumbnail","hentry","category-desporto","category-futebol","tag-bellingham","tag-champions-league","tag-futebol","tag-lesoes","tag-rayo-vallecano","tag-real-madrid"],"yoast_head":"<!-- This site is optimized with the Yoast SEO plugin v27.2 - https:\/\/yoast.com\/product\/yoast-seo-wordpress\/ -->\n<title>Bellingham lesiona-se nos primeiros minutos do Real Madrid-Rayo Vallecano - Portal Tela Portugal<\/title>\n<meta name=\"robots\" content=\"index, follow, max-snippet:-1, max-image-preview:large, max-video-preview:-1\" \/>\n<meta property=\"og:locale\" content=\"pt_PT\" \/>\n<meta property=\"og:type\" content=\"article\" \/>\n<meta property=\"og:title\" content=\"Bellingham lesiona-se nos primeiros minutos do Real Madrid-Rayo Vallecano - Portal Tela Portugal\" \/>\n<meta property=\"og:description\" content=\"Jude Bellingham saiu lesionado aos 10 minutos do Real Madrid contra o Rayo Vallecano, ap\u00f3s se cortar com a bola junto \u00e0 linha final, sendo substitu\u00eddo por Brahim D\u00edaz. O internacional ingl\u00eas ficou com a les\u00e3o na face anterior da coxa esquerda e foi rendido em campo por Brahim D\u00edaz. Brahim D\u00edaz entrou em campo e acabou por assistir Vin\u00edcius J\u00fanior para o golo inaugural da partida. Benfica e Real Madrid defrontam-se a 17 de fevereiro, no Est\u00e1dio da Luz, na primeira m\u00e3o do playoff da Liga dos Campe\u00f5es. No encontro anterior entre os dois clubes, Anatoliy Trubin teve papel determinante ao marcar no \u00faltimo lance o golo que manteve o Benfica na competi\u00e7\u00e3o.\" \/>\n<meta property=\"og:url\" content=\"https:\/\/portaltela.pt\/noticias\/2026\/02\/01\/bellingham-lesiona-se-nos-primeiros-minutos-do-real-madrid-rayo-vallecano\/\" \/>\n<meta property=\"og:site_name\" content=\"Portal Tela Portugal\" \/>\n<meta property=\"article:published_time\" content=\"2026-02-01T13:29:57+00:00\" \/>\n<meta name=\"author\" content=\"Telinha\" \/>\n<meta name=\"twitter:card\" content=\"summary_large_image\" \/>\n<meta name=\"twitter:label1\" content=\"Escrito por\" \/>\n\t<meta name=\"twitter:data1\" content=\"Telinha\" \/>\n\t<meta name=\"twitter:label2\" content=\"Tempo estimado de leitura\" \/>\n\t<meta name=\"twitter:data2\" content=\"1 minuto\" \/>\n<script type=\"application\/ld+json\" class=\"yoast-schema-graph\">{\"@context\":\"https:\/\/schema.org\",\"@graph\":[{\"@type\":\"Article\",\"@id\":\"https:\/\/portaltela.pt\/noticias\/2026\/02\/01\/bellingham-lesiona-se-nos-primeiros-minutos-do-real-madrid-rayo-vallecano\/#article\",\"isPartOf\":{\"@id\":\"https:\/\/portaltela.pt\/noticias\/2026\/02\/01\/bellingham-lesiona-se-nos-primeiros-minutos-do-real-madrid-rayo-vallecano\/\"},\"author\":{\"name\":\"Telinha\",\"@id\":\"https:\/\/portaltela.pt\/#\/schema\/person\/c4278d4a6028830caff9ee44b42d32ed\"},\"headline\":\"Bellingham lesiona-se nos primeiros minutos do Real Madrid-Rayo Vallecano\",\"datePublished\":\"2026-02-01T13:29:57+00:00\",\"mainEntityOfPage\":{\"@id\":\"https:\/\/portaltela.pt\/noticias\/2026\/02\/01\/bellingham-lesiona-se-nos-primeiros-minutos-do-real-madrid-rayo-vallecano\/\"},\"wordCount\":245,\"image\":{\"@id\":\"https:\/\/portaltela.pt\/noticias\/2026\/02\/01\/bellingham-lesiona-se-nos-primeiros-minutos-do-real-madrid-rayo-vallecano\/#primaryimage\"},\"thumbnailUrl\":\"https:\/\/portaltela.pt\/s.01k8rhncp4jt1\/2026\/02\/img_920x518uu2026-02-01-13-29-17-2418814.jpg\",\"keywords\":[\"Bellingham\",\"Champions League\",\"futebol\",\"les\u00f5es\",\"Rayo Vallecano\",\"Real Madrid\"],\"articleSection\":[\"Desporto\",\"Futebol\"],\"inLanguage\":\"pt-PT\"},{\"@type\":\"WebPage\",\"@id\":\"https:\/\/portaltela.pt\/noticias\/2026\/02\/01\/bellingham-lesiona-se-nos-primeiros-minutos-do-real-madrid-rayo-vallecano\/\",\"url\":\"https:\/\/portaltela.pt\/noticias\/2026\/02\/01\/bellingham-lesiona-se-nos-primeiros-minutos-do-real-madrid-rayo-vallecano\/\",\"name\":\"Bellingham lesiona-se nos primeiros minutos do Real Madrid-Rayo Vallecano - Portal Tela Portugal\",\"isPartOf\":{\"@id\":\"https:\/\/portaltela.pt\/#website\"},\"primaryImageOfPage\":{\"@id\":\"https:\/\/portaltela.pt\/noticias\/2026\/02\/01\/bellingham-lesiona-se-nos-primeiros-minutos-do-real-madrid-rayo-vallecano\/#primaryimage\"},\"image\":{\"@id\":\"https:\/\/portaltela.pt\/noticias\/2026\/02\/01\/bellingham-lesiona-se-nos-primeiros-minutos-do-real-madrid-rayo-vallecano\/#primaryimage\"},\"thumbnailUrl\":\"https:\/\/portaltela.pt\/s.01k8rhncp4jt1\/2026\/02\/img_920x518uu2026-02-01-13-29-17-2418814.jpg\",\"datePublished\":\"2026-02-01T13:29:57+00:00\",\"author\":{\"@id\":\"https:\/\/portaltela.pt\/#\/schema\/person\/c4278d4a6028830caff9ee44b42d32ed\"},\"breadcrumb\":{\"@id\":\"https:\/\/portaltela.pt\/noticias\/2026\/02\/01\/bellingham-lesiona-se-nos-primeiros-minutos-do-real-madrid-rayo-vallecano\/#breadcrumb\"},\"inLanguage\":\"pt-PT\",\"potentialAction\":[{\"@type\":\"ReadAction\",\"target\":[\"https:\/\/portaltela.pt\/noticias\/2026\/02\/01\/bellingham-lesiona-se-nos-primeiros-minutos-do-real-madrid-rayo-vallecano\/\"]}]},{\"@type\":\"ImageObject\",\"inLanguage\":\"pt-PT\",\"@id\":\"https:\/\/portaltela.pt\/noticias\/2026\/02\/01\/bellingham-lesiona-se-nos-primeiros-minutos-do-real-madrid-rayo-vallecano\/#primaryimage\",\"url\":\"https:\/\/portaltela.pt\/s.01k8rhncp4jt1\/2026\/02\/img_920x518uu2026-02-01-13-29-17-2418814.jpg\",\"contentUrl\":\"https:\/\/portaltela.pt\/s.01k8rhncp4jt1\/2026\/02\/img_920x518uu2026-02-01-13-29-17-2418814.jpg\",\"width\":796,\"height\":448,\"caption\":\"Bellingham lesiona-se no Real Madrid-Rayo Vallecano\"},{\"@type\":\"BreadcrumbList\",\"@id\":\"https:\/\/portaltela.pt\/noticias\/2026\/02\/01\/bellingham-lesiona-se-nos-primeiros-minutos-do-real-madrid-rayo-vallecano\/#breadcrumb\",\"itemListElement\":[{\"@type\":\"ListItem\",\"position\":1,\"name\":\"In\u00edcio\",\"item\":\"https:\/\/portaltela.pt\/\"},{\"@type\":\"ListItem\",\"position\":2,\"name\":\"Bellingham lesiona-se nos primeiros minutos do Real Madrid-Rayo Vallecano\"}]},{\"@type\":\"WebSite\",\"@id\":\"https:\/\/portaltela.pt\/#website\",\"url\":\"https:\/\/portaltela.pt\/\",\"name\":\"Portal Tela Portugal\",\"description\":\"\",\"potentialAction\":[{\"@type\":\"SearchAction\",\"target\":{\"@type\":\"EntryPoint\",\"urlTemplate\":\"https:\/\/portaltela.pt\/?s={search_term_string}\"},\"query-input\":{\"@type\":\"PropertyValueSpecification\",\"valueRequired\":true,\"valueName\":\"search_term_string\"}}],\"inLanguage\":\"pt-PT\"},{\"@type\":\"Person\",\"@id\":\"https:\/\/portaltela.pt\/#\/schema\/person\/c4278d4a6028830caff9ee44b42d32ed\",\"name\":\"Telinha\",\"image\":{\"@type\":\"ImageObject\",\"inLanguage\":\"pt-PT\",\"@id\":\"https:\/\/portaltela.pt\/s.01k8rhncp4jt1\/2025\/11\/talking-bot-125x125.png\",\"url\":\"https:\/\/portaltela.pt\/s.01k8rhncp4jt1\/2025\/11\/talking-bot-125x125.png\",\"contentUrl\":\"https:\/\/portaltela.pt\/s.01k8rhncp4jt1\/2025\/11\/talking-bot-125x125.png\",\"caption\":\"Telinha\"},\"sameAs\":[\"https:\/\/portaltela.pt\/\"],\"url\":\"https:\/\/portaltela.pt\/por\/367410592786\/\"}]}<\/script>\n<!-- \/ Yoast SEO plugin. -->","yoast_head_json":{"title":"Bellingham lesiona-se nos primeiros minutos do Real Madrid-Rayo Vallecano - Portal Tela Portugal","robots":{"index":"index","follow":"follow","max-snippet":"max-snippet:-1","max-image-preview":"max-image-preview:large","max-video-preview":"max-video-preview:-1"},"og_locale":"pt_PT","og_type":"article","og_title":"Bellingham lesiona-se nos primeiros minutos do Real Madrid-Rayo Vallecano - Portal Tela Portugal","og_description":"Jude Bellingham saiu lesionado aos 10 minutos do Real Madrid contra o Rayo Vallecano, ap\u00f3s se cortar com a bola junto \u00e0 linha final, sendo substitu\u00eddo por Brahim D\u00edaz. O internacional ingl\u00eas ficou com a les\u00e3o na face anterior da coxa esquerda e foi rendido em campo por Brahim D\u00edaz. Brahim D\u00edaz entrou em campo e acabou por assistir Vin\u00edcius J\u00fanior para o golo inaugural da partida. Benfica e Real Madrid defrontam-se a 17 de fevereiro, no Est\u00e1dio da Luz, na primeira m\u00e3o do playoff da Liga dos Campe\u00f5es. No encontro anterior entre os dois clubes, Anatoliy Trubin teve papel determinante ao marcar no \u00faltimo lance o golo que manteve o Benfica na competi\u00e7\u00e3o.","og_url":"https:\/\/portaltela.pt\/noticias\/2026\/02\/01\/bellingham-lesiona-se-nos-primeiros-minutos-do-real-madrid-rayo-vallecano\/","og_site_name":"Portal Tela Portugal","article_published_time":"2026-02-01T13:29:57+00:00","author":"Telinha","twitter_card":"summary_large_image","twitter_misc":{"Escrito por":"Telinha","Tempo estimado de leitura":"1 minuto"},"schema":{"@context":"https:\/\/schema.org","@graph":[{"@type":"Article","@id":"https:\/\/portaltela.pt\/noticias\/2026\/02\/01\/bellingham-lesiona-se-nos-primeiros-minutos-do-real-madrid-rayo-vallecano\/#article","isPartOf":{"@id":"https:\/\/portaltela.pt\/noticias\/2026\/02\/01\/bellingham-lesiona-se-nos-primeiros-minutos-do-real-madrid-rayo-vallecano\/"},"author":{"name":"Telinha","@id":"https:\/\/portaltela.pt\/#\/schema\/person\/c4278d4a6028830caff9ee44b42d32ed"},"headline":"Bellingham lesiona-se nos primeiros minutos do Real Madrid-Rayo Vallecano","datePublished":"2026-02-01T13:29:57+00:00","mainEntityOfPage":{"@id":"https:\/\/portaltela.pt\/noticias\/2026\/02\/01\/bellingham-lesiona-se-nos-primeiros-minutos-do-real-madrid-rayo-vallecano\/"},"wordCount":245,"image":{"@id":"https:\/\/portaltela.pt\/noticias\/2026\/02\/01\/bellingham-lesiona-se-nos-primeiros-minutos-do-real-madrid-rayo-vallecano\/#primaryimage"},"thumbnailUrl":"https:\/\/portaltela.pt\/s.01k8rhncp4jt1\/2026\/02\/img_920x518uu2026-02-01-13-29-17-2418814.jpg","keywords":["Bellingham","Champions League","futebol","les\u00f5es","Rayo Vallecano","Real Madrid"],"articleSection":["Desporto","Futebol"],"inLanguage":"pt-PT"},{"@type":"WebPage","@id":"https:\/\/portaltela.pt\/noticias\/2026\/02\/01\/bellingham-lesiona-se-nos-primeiros-minutos-do-real-madrid-rayo-vallecano\/","url":"https:\/\/portaltela.pt\/noticias\/2026\/02\/01\/bellingham-lesiona-se-nos-primeiros-minutos-do-real-madrid-rayo-vallecano\/","name":"Bellingham lesiona-se nos primeiros minutos do Real Madrid-Rayo Vallecano - Portal Tela Portugal","isPartOf":{"@id":"https:\/\/portaltela.pt\/#website"},"primaryImageOfPage":{"@id":"https:\/\/portaltela.pt\/noticias\/2026\/02\/01\/bellingham-lesiona-se-nos-primeiros-minutos-do-real-madrid-rayo-vallecano\/#primaryimage"},"image":{"@id":"https:\/\/portaltela.pt\/noticias\/2026\/02\/01\/bellingham-lesiona-se-nos-primeiros-minutos-do-real-madrid-rayo-vallecano\/#primaryimage"},"thumbnailUrl":"https:\/\/portaltela.pt\/s.01k8rhncp4jt1\/2026\/02\/img_920x518uu2026-02-01-13-29-17-2418814.jpg","datePublished":"2026-02-01T13:29:57+00:00","author":{"@id":"https:\/\/portaltela.pt\/#\/schema\/person\/c4278d4a6028830caff9ee44b42d32ed"},"breadcrumb":{"@id":"https:\/\/portaltela.pt\/noticias\/2026\/02\/01\/bellingham-lesiona-se-nos-primeiros-minutos-do-real-madrid-rayo-vallecano\/#breadcrumb"},"inLanguage":"pt-PT","potentialAction":[{"@type":"ReadAction","target":["https:\/\/portaltela.pt\/noticias\/2026\/02\/01\/bellingham-lesiona-se-nos-primeiros-minutos-do-real-madrid-rayo-vallecano\/"]}]},{"@type":"ImageObject","inLanguage":"pt-PT","@id":"https:\/\/portaltela.pt\/noticias\/2026\/02\/01\/bellingham-lesiona-se-nos-primeiros-minutos-do-real-madrid-rayo-vallecano\/#primaryimage","url":"https:\/\/portaltela.pt\/s.01k8rhncp4jt1\/2026\/02\/img_920x518uu2026-02-01-13-29-17-2418814.jpg","contentUrl":"https:\/\/portaltela.pt\/s.01k8rhncp4jt1\/2026\/02\/img_920x518uu2026-02-01-13-29-17-2418814.jpg","width":796,"height":448,"caption":"Bellingham lesiona-se no Real Madrid-Rayo Vallecano"},{"@type":"BreadcrumbList","@id":"https:\/\/portaltela.pt\/noticias\/2026\/02\/01\/bellingham-lesiona-se-nos-primeiros-minutos-do-real-madrid-rayo-vallecano\/#breadcrumb","itemListElement":[{"@type":"ListItem","position":1,"name":"In\u00edcio","item":"https:\/\/portaltela.pt\/"},{"@type":"ListItem","position":2,"name":"Bellingham lesiona-se nos primeiros minutos do Real Madrid-Rayo Vallecano"}]},{"@type":"WebSite","@id":"https:\/\/portaltela.pt\/#website","url":"https:\/\/portaltela.pt\/","name":"Portal Tela Portugal","description":"","potentialAction":[{"@type":"SearchAction","target":{"@type":"EntryPoint","urlTemplate":"https:\/\/portaltela.pt\/?s={search_term_string}"},"query-input":{"@type":"PropertyValueSpecification","valueRequired":true,"valueName":"search_term_string"}}],"inLanguage":"pt-PT"},{"@type":"Person","@id":"https:\/\/portaltela.pt\/#\/schema\/person\/c4278d4a6028830caff9ee44b42d32ed","name":"Telinha","image":{"@type":"ImageObject","inLanguage":"pt-PT","@id":"https:\/\/portaltela.pt\/s.01k8rhncp4jt1\/2025\/11\/talking-bot-125x125.png","url":"https:\/\/portaltela.pt\/s.01k8rhncp4jt1\/2025\/11\/talking-bot-125x125.png","contentUrl":"https:\/\/portaltela.pt\/s.01k8rhncp4jt1\/2025\/11\/talking-bot-125x125.png","caption":"Telinha"},"sameAs":["https:\/\/portaltela.pt\/"],"url":"https:\/\/portaltela.pt\/por\/367410592786\/"}]}},"_links":{"self":[{"href":"https:\/\/portaltela.pt\/api\/wp\/v2\/posts\/188599","targetHints":{"allow":["GET"]}}],"collection":[{"href":"https:\/\/portaltela.pt\/api\/wp\/v2\/posts"}],"about":[{"href":"https:\/\/portaltela.pt\/api\/wp\/v2\/types\/post"}],"author":[{"embeddable":true,"href":"https:\/\/portaltela.pt\/api\/wp\/v2\/users\/2"}],"replies":[{"embeddable":true,"href":"https:\/\/portaltela.pt\/api\/wp\/v2\/comments?post=188599"}],"version-history":[{"count":0,"href":"https:\/\/portaltela.pt\/api\/wp\/v2\/posts\/188599\/revisions"}],"wp:featuredmedia":[{"embeddable":true,"href":"https:\/\/portaltela.pt\/api\/wp\/v2\/media\/188603"}],"wp:attachment":[{"href":"https:\/\/portaltela.pt\/api\/wp\/v2\/media?parent=188599"}],"wp:term":[{"taxonomy":"category","embeddable":true,"href":"https:\/\/portaltela.pt\/api\/wp\/v2\/categories?post=188599"},{"taxonomy":"post_tag","embeddable":true,"href":"https:\/\/portaltela.pt\/api\/wp\/v2\/tags?post=188599"}],"curies":[{"name":"wp","href":"https:\/\/api.w.org\/{rel}","templated":true}]}}